{"id":10465,"date":"2026-01-16T09:16:01","date_gmt":"2026-01-16T09:16:01","guid":{"rendered":"https:\/\/lavocedelpaese.info\/index.php\/2026\/01\/16\/il-turi-torna-da-corato-a-mani-vuote\/"},"modified":"2026-01-16T09:16:01","modified_gmt":"2026-01-16T09:16:01","slug":"il-turi-torna-da-corato-a-mani-vuote","status":"publish","type":"post","link":"https:\/\/lavocedelpaese.info\/index.php\/2026\/01\/16\/il-turi-torna-da-corato-a-mani-vuote\/","title":{"rendered":"Il Turi torna da Corato a mani vuote\u00a0\u200b"},"content":{"rendered":"<p>\u00a0<\/p>\n<p>\u200b\u00a0<\/p>\n<p>\u200b\u00a0<\/p>\n<div><\/div>\n<p>Comincia senza sorrisi il 2026 della Farmacia Mastrolonardo Turi che resta a bocca asciutta nella trasferta di Corato, buttandosi via nel quarto parziale da un vantaggio di sei lunghezze che poteva allungare la sfida al quinto set e permettere alle ragazze di mister Giuseppe Mangini di portare via qualche punto prezioso per la classifica.\u00a0<\/p>\n<p>Nella dodicesima giornata del torneo Nazionale di serie C femminile, la Polis Volley Corato supera dunque per 3 a 1 (19-25\/25-13\/25-14\/25-22) il Turi che cos\u00ec scivola al nono posto in classifica, quando manca una sola gara al giro di boa.<\/p>\n<p>Il tecnico bianco azzurro conferma in partenza per il Turi il 6+1 con Francesca Pellegrini al palleggio, Eleonora Malerba fuori mano, capitan Alejandra Rodriguez e Giorgia Barbone schiacciatrici, Anna D\u2019Onofrio e Miriana Pernice dal centro e Sofia Coppi nel ruolo di libero.<\/p>\n<figure class=\"wp-block-image size-full\"><img decoding=\"async\" width=\"1365\" height=\"2048\" src=\"https:\/\/turi.lavocedelpaese.info\/wp-content\/uploads\/2026\/01\/Anna-DOnofrio.jpg\" alt=\"\" class=\"wp-image-8193\" \/><figcaption class=\"wp-element-caption\"><strong><em>Anna D\u2019Onofrio<\/em><\/strong><\/figcaption><\/figure>\n<p>Il match si apre all\u2019insegna dell\u2019equilibrio che prosegue fino al 19 pari. L\u2019ingresso al servizio di Samuela Andresini per il Turi porta scompiglio nella ricezione delle nero-verdi di casa che subiscono cos\u00ec gli attacchi di Alejandra Rodriguez e Anna D\u2019Onofrio e chiudono il set sul 19-25.<\/p>\n<p>Cambia la musica nei due set successivi, il Corato trova il proprio gioco ed \u00e8 la squadra turese ad andare in difficolt\u00e0 in tutti i fondamentali e la gara diventa un monologo delle padroni di casa che portano a casa con facilit\u00e0 le due frazioni sul 25-13 e 25-14.<\/p>\n<p>Cala invece il team di casa ad inizio quarto set ed il Turi vede la chance di riaprire le ostilit\u00e0 riuscendo ad allungare prima sul 7-13 e fino al 13-18. Ma da questo punto in poi il Corato torna a fare la voce grossa, limando il numero degli errori gratuiti che invece risalgono vertiginosamente in casa Farmacia Mastrolonardo Turi e cos\u00ec a quota 20 avviene l\u2019aggancio e lo sprint finale \u00e8 per la Polis Volley Corato che chiude sul 25-22 con gli errori di Sofia Coppi in ricezione e ad un attacco out di Giorgia Barbone.\u00a0\u00a0\u00a0<\/p>\n<h4 class=\"wp-block-heading\"><strong>Domenica arriva il Valenzano<\/strong><\/h4>\n<p>Appuntamento alle ore 18 eccezionalmente di domenica pomeriggio al Palazzetto di via Cisterna per l\u2019ultima giornata di andata del Campionato Nazionale di serie C femminile.<\/p>\n<p>Le ragazze della Farmacia Mastrolonardo Turi affronteranno la Rainbow Sport Valenzano allenata da mister Piero Zambetta e che vede nelle sue fila l\u2019ex Paola Schena, protagonista con la maglia del Turi nelle ultime due stagioni.<\/p>\n<p>Si tratta di un vero e proprio scontro permanenza visto che capitan Alejandra Rodriguez e compagne precedono in classifica le ospiti di due lunghezze. Il Valenzano non vive un momento felicissimo essendo reduce da tre sconfitte consecutive e nell\u2019ultimo turno ha ceduto alla capolista Trani.<\/p>\n<h4 class=\"wp-block-heading\"><strong>CLASSIFICA<\/strong><\/h4>\n<p>Trani 30, Amatori Bari 27, Academy Gioia 26, Joy Volley Gioia 23, Corato 19, Barletta 19, Bisceglie 18, Primadonna Bari 16, <strong>Farmacia Mastrolonardo Turi<\/strong> 14,\u00a0 Valenzano 12, Don Milani Bari 8, Molfetta 4, Acquaviva 0.\u00a0<\/p>\n<p><a class=\"a2a_button_facebook\" href=\"https:\/\/www.addtoany.com\/add_to\/facebook?linkurl=https%3A%2F%2Fturi.lavocedelpaese.info%2Fil-turi-torna-da-corato-a-mani-vuote%2F&amp;linkname=Il%20Turi%20torna%20da%20Corato%20a%20mani%20vuote\" title=\"Facebook\" rel=\"nofollow noopener\" target=\"_blank\"><\/a><a class=\"a2a_button_twitter\" href=\"https:\/\/www.addtoany.com\/add_to\/twitter?linkurl=https%3A%2F%2Fturi.lavocedelpaese.info%2Fil-turi-torna-da-corato-a-mani-vuote%2F&amp;linkname=Il%20Turi%20torna%20da%20Corato%20a%20mani%20vuote\" title=\"Twitter\" rel=\"nofollow noopener\" target=\"_blank\"><\/a><a class=\"a2a_button_whatsapp\" href=\"https:\/\/www.addtoany.com\/add_to\/whatsapp?linkurl=https%3A%2F%2Fturi.lavocedelpaese.info%2Fil-turi-torna-da-corato-a-mani-vuote%2F&amp;linkname=Il%20Turi%20torna%20da%20Corato%20a%20mani%20vuote\" title=\"WhatsApp\" rel=\"nofollow noopener\" target=\"_blank\"><\/a><a class=\"a2a_button_telegram\" href=\"https:\/\/www.addtoany.com\/add_to\/telegram?linkurl=https%3A%2F%2Fturi.lavocedelpaese.info%2Fil-turi-torna-da-corato-a-mani-vuote%2F&amp;linkname=Il%20Turi%20torna%20da%20Corato%20a%20mani%20vuote\" title=\"Telegram\" rel=\"nofollow noopener\" target=\"_blank\"><\/a><a class=\"a2a_button_email\" href=\"https:\/\/www.addtoany.com\/add_to\/email?linkurl=https%3A%2F%2Fturi.lavocedelpaese.info%2Fil-turi-torna-da-corato-a-mani-vuote%2F&amp;linkname=Il%20Turi%20torna%20da%20Corato%20a%20mani%20vuote\" title=\"Email\" rel=\"nofollow noopener\" target=\"_blank\"><\/a><\/p>\n<p>L&#8217;articolo <a href=\"https:\/\/turi.lavocedelpaese.info\/il-turi-torna-da-corato-a-mani-vuote\/\">Il Turi torna da Corato a mani vuote<\/a> proviene da <a href=\"https:\/\/turi.lavocedelpaese.info\/\">Turi &#8211; La Voce del Paese<\/a>.<\/p>\n<p>\u00a0<\/p>\n<p>\u00a0<\/p>\n<p>\u200b\u00a0\u00a0\u00a0<\/p>","protected":false},"excerpt":{"rendered":"<p>\u00a0 \u200b\u00a0 \u200b\u00a0 Comincia senza sorrisi il 2026 della Farmacia Mastrolonardo Turi che resta a bocca asciutta nella trasferta di<\/p>\n","protected":false},"author":6,"featured_media":10466,"comment_status":"open","ping_status":"closed","sticky":false,"template":"","format":"standard","meta":{"colormag_page_container_layout":"default_layout","colormag_page_sidebar_layout":"default_layout","footnotes":""},"categories":[33],"tags":[],"class_list":["post-10465","post","type-post","status-publish","format-standard","has-post-thumbnail","hentry","category-network"],"yoast_head":"<!-- This site is optimized with the Yoast SEO plugin v27.5 - https:\/\/yoast.com\/product\/yoast-seo-wordpress\/ -->\n<title>Il Turi torna da Corato a mani vuote\u00a0\u200b - La Voce del Paese<\/title>\n<meta name=\"robots\" content=\"index, follow, max-snippet:-1, max-image-preview:large, max-video-preview:-1\" \/>\n<link rel=\"canonical\" href=\"https:\/\/lavocedelpaese.info\/index.php\/2026\/01\/16\/il-turi-torna-da-corato-a-mani-vuote\/\" \/>\n<meta property=\"og:locale\" content=\"it_IT\" \/>\n<meta property=\"og:type\" content=\"article\" \/>\n<meta property=\"og:title\" content=\"Il Turi torna da Corato a mani vuote\u00a0\u200b - La Voce del Paese\" \/>\n<meta property=\"og:description\" content=\"\u00a0 \u200b\u00a0 \u200b\u00a0 Comincia senza sorrisi il 2026 della Farmacia Mastrolonardo Turi che resta a bocca asciutta nella trasferta di\" \/>\n<meta property=\"og:url\" content=\"https:\/\/lavocedelpaese.info\/index.php\/2026\/01\/16\/il-turi-torna-da-corato-a-mani-vuote\/\" \/>\n<meta property=\"og:site_name\" content=\"La Voce del Paese\" \/>\n<meta property=\"article:publisher\" content=\"https:\/\/www.facebook.com\/lavocedelpaese.info\" \/>\n<meta property=\"article:published_time\" content=\"2026-01-16T09:16:01+00:00\" \/>\n<meta name=\"author\" content=\"admin\" \/>\n<meta name=\"twitter:card\" content=\"summary_large_image\" \/>\n<meta name=\"twitter:label1\" content=\"Scritto da\" \/>\n\t<meta name=\"twitter:data1\" content=\"admin\" \/>\n\t<meta name=\"twitter:label2\" content=\"Tempo di lettura stimato\" \/>\n\t<meta name=\"twitter:data2\" content=\"2 minuti\" \/>\n<script type=\"application\/ld+json\" class=\"yoast-schema-graph\">{\"@context\":\"https:\\\/\\\/schema.org\",\"@graph\":[{\"@type\":\"Article\",\"@id\":\"https:\\\/\\\/lavocedelpaese.info\\\/index.php\\\/2026\\\/01\\\/16\\\/il-turi-torna-da-corato-a-mani-vuote\\\/#article\",\"isPartOf\":{\"@id\":\"https:\\\/\\\/lavocedelpaese.info\\\/index.php\\\/2026\\\/01\\\/16\\\/il-turi-torna-da-corato-a-mani-vuote\\\/\"},\"author\":{\"name\":\"admin\",\"@id\":\"https:\\\/\\\/lavocedelpaese.info\\\/#\\\/schema\\\/person\\\/ec151d321306bd7591f7a061abf72d88\"},\"headline\":\"Il Turi torna da Corato a mani vuote\u00a0\u200b\",\"datePublished\":\"2026-01-16T09:16:01+00:00\",\"mainEntityOfPage\":{\"@id\":\"https:\\\/\\\/lavocedelpaese.info\\\/index.php\\\/2026\\\/01\\\/16\\\/il-turi-torna-da-corato-a-mani-vuote\\\/\"},\"wordCount\":491,\"commentCount\":0,\"publisher\":{\"@id\":\"https:\\\/\\\/lavocedelpaese.info\\\/#organization\"},\"image\":{\"@id\":\"https:\\\/\\\/lavocedelpaese.info\\\/index.php\\\/2026\\\/01\\\/16\\\/il-turi-torna-da-corato-a-mani-vuote\\\/#primaryimage\"},\"thumbnailUrl\":\"https:\\\/\\\/lavocedelpaese.info\\\/wp-content\\\/uploads\\\/2026\\\/01\\\/Anna-DOnofrio-7YAXVC.jpg\",\"articleSection\":[\"network\"],\"inLanguage\":\"it-IT\",\"potentialAction\":[{\"@type\":\"CommentAction\",\"name\":\"Comment\",\"target\":[\"https:\\\/\\\/lavocedelpaese.info\\\/index.php\\\/2026\\\/01\\\/16\\\/il-turi-torna-da-corato-a-mani-vuote\\\/#respond\"]}]},{\"@type\":\"WebPage\",\"@id\":\"https:\\\/\\\/lavocedelpaese.info\\\/index.php\\\/2026\\\/01\\\/16\\\/il-turi-torna-da-corato-a-mani-vuote\\\/\",\"url\":\"https:\\\/\\\/lavocedelpaese.info\\\/index.php\\\/2026\\\/01\\\/16\\\/il-turi-torna-da-corato-a-mani-vuote\\\/\",\"name\":\"Il Turi torna da Corato a mani vuote\u00a0\u200b - La Voce del Paese\",\"isPartOf\":{\"@id\":\"https:\\\/\\\/lavocedelpaese.info\\\/#website\"},\"primaryImageOfPage\":{\"@id\":\"https:\\\/\\\/lavocedelpaese.info\\\/index.php\\\/2026\\\/01\\\/16\\\/il-turi-torna-da-corato-a-mani-vuote\\\/#primaryimage\"},\"image\":{\"@id\":\"https:\\\/\\\/lavocedelpaese.info\\\/index.php\\\/2026\\\/01\\\/16\\\/il-turi-torna-da-corato-a-mani-vuote\\\/#primaryimage\"},\"thumbnailUrl\":\"https:\\\/\\\/lavocedelpaese.info\\\/wp-content\\\/uploads\\\/2026\\\/01\\\/Anna-DOnofrio-7YAXVC.jpg\",\"datePublished\":\"2026-01-16T09:16:01+00:00\",\"breadcrumb\":{\"@id\":\"https:\\\/\\\/lavocedelpaese.info\\\/index.php\\\/2026\\\/01\\\/16\\\/il-turi-torna-da-corato-a-mani-vuote\\\/#breadcrumb\"},\"inLanguage\":\"it-IT\",\"potentialAction\":[{\"@type\":\"ReadAction\",\"target\":[\"https:\\\/\\\/lavocedelpaese.info\\\/index.php\\\/2026\\\/01\\\/16\\\/il-turi-torna-da-corato-a-mani-vuote\\\/\"]}]},{\"@type\":\"ImageObject\",\"inLanguage\":\"it-IT\",\"@id\":\"https:\\\/\\\/lavocedelpaese.info\\\/index.php\\\/2026\\\/01\\\/16\\\/il-turi-torna-da-corato-a-mani-vuote\\\/#primaryimage\",\"url\":\"https:\\\/\\\/lavocedelpaese.info\\\/wp-content\\\/uploads\\\/2026\\\/01\\\/Anna-DOnofrio-7YAXVC.jpg\",\"contentUrl\":\"https:\\\/\\\/lavocedelpaese.info\\\/wp-content\\\/uploads\\\/2026\\\/01\\\/Anna-DOnofrio-7YAXVC.jpg\",\"width\":533,\"height\":800},{\"@type\":\"BreadcrumbList\",\"@id\":\"https:\\\/\\\/lavocedelpaese.info\\\/index.php\\\/2026\\\/01\\\/16\\\/il-turi-torna-da-corato-a-mani-vuote\\\/#breadcrumb\",\"itemListElement\":[{\"@type\":\"ListItem\",\"position\":1,\"name\":\"Home\",\"item\":\"https:\\\/\\\/lavocedelpaese.info\\\/\"},{\"@type\":\"ListItem\",\"position\":2,\"name\":\"Il Turi torna da Corato a mani vuote\u00a0\u200b\"}]},{\"@type\":\"WebSite\",\"@id\":\"https:\\\/\\\/lavocedelpaese.info\\\/#website\",\"url\":\"https:\\\/\\\/lavocedelpaese.info\\\/\",\"name\":\"La Voce del Paese\",\"description\":\"Un network di idee\",\"publisher\":{\"@id\":\"https:\\\/\\\/lavocedelpaese.info\\\/#organization\"},\"potentialAction\":[{\"@type\":\"SearchAction\",\"target\":{\"@type\":\"EntryPoint\",\"urlTemplate\":\"https:\\\/\\\/lavocedelpaese.info\\\/?s={search_term_string}\"},\"query-input\":{\"@type\":\"PropertyValueSpecification\",\"valueRequired\":true,\"valueName\":\"search_term_string\"}}],\"inLanguage\":\"it-IT\"},{\"@type\":\"Organization\",\"@id\":\"https:\\\/\\\/lavocedelpaese.info\\\/#organization\",\"name\":\"La Voce del Paese\",\"url\":\"https:\\\/\\\/lavocedelpaese.info\\\/\",\"logo\":{\"@type\":\"ImageObject\",\"inLanguage\":\"it-IT\",\"@id\":\"https:\\\/\\\/lavocedelpaese.info\\\/#\\\/schema\\\/logo\\\/image\\\/\",\"url\":\"https:\\\/\\\/lavocedelpaese.info\\\/wp-content\\\/uploads\\\/2023\\\/01\\\/cropped-logo-150-127.png\",\"contentUrl\":\"https:\\\/\\\/lavocedelpaese.info\\\/wp-content\\\/uploads\\\/2023\\\/01\\\/cropped-logo-150-127.png\",\"width\":137,\"height\":119,\"caption\":\"La Voce del Paese\"},\"image\":{\"@id\":\"https:\\\/\\\/lavocedelpaese.info\\\/#\\\/schema\\\/logo\\\/image\\\/\"},\"sameAs\":[\"https:\\\/\\\/www.facebook.com\\\/lavocedelpaese.info\"]},{\"@type\":\"Person\",\"@id\":\"https:\\\/\\\/lavocedelpaese.info\\\/#\\\/schema\\\/person\\\/ec151d321306bd7591f7a061abf72d88\",\"name\":\"admin\",\"image\":{\"@type\":\"ImageObject\",\"inLanguage\":\"it-IT\",\"@id\":\"https:\\\/\\\/secure.gravatar.com\\\/avatar\\\/af8f2caf0663124588de48a9380e07cbc95a74ef15b8062d0d39106c32fe3023?s=96&d=mm&r=g\",\"url\":\"https:\\\/\\\/secure.gravatar.com\\\/avatar\\\/af8f2caf0663124588de48a9380e07cbc95a74ef15b8062d0d39106c32fe3023?s=96&d=mm&r=g\",\"contentUrl\":\"https:\\\/\\\/secure.gravatar.com\\\/avatar\\\/af8f2caf0663124588de48a9380e07cbc95a74ef15b8062d0d39106c32fe3023?s=96&d=mm&r=g\",\"caption\":\"admin\"},\"sameAs\":[\"https:\\\/\\\/lavocedelpaese.info\"],\"url\":\"https:\\\/\\\/lavocedelpaese.info\\\/index.php\\\/author\\\/admin\\\/\"}]}<\/script>\n<!-- \/ Yoast SEO plugin. -->","yoast_head_json":{"title":"Il Turi torna da Corato a mani vuote\u00a0\u200b - La Voce del Paese","robots":{"index":"index","follow":"follow","max-snippet":"max-snippet:-1","max-image-preview":"max-image-preview:large","max-video-preview":"max-video-preview:-1"},"canonical":"https:\/\/lavocedelpaese.info\/index.php\/2026\/01\/16\/il-turi-torna-da-corato-a-mani-vuote\/","og_locale":"it_IT","og_type":"article","og_title":"Il Turi torna da Corato a mani vuote\u00a0\u200b - La Voce del Paese","og_description":"\u00a0 \u200b\u00a0 \u200b\u00a0 Comincia senza sorrisi il 2026 della Farmacia Mastrolonardo Turi che resta a bocca asciutta nella trasferta di","og_url":"https:\/\/lavocedelpaese.info\/index.php\/2026\/01\/16\/il-turi-torna-da-corato-a-mani-vuote\/","og_site_name":"La Voce del Paese","article_publisher":"https:\/\/www.facebook.com\/lavocedelpaese.info","article_published_time":"2026-01-16T09:16:01+00:00","author":"admin","twitter_card":"summary_large_image","twitter_misc":{"Scritto da":"admin","Tempo di lettura stimato":"2 minuti"},"schema":{"@context":"https:\/\/schema.org","@graph":[{"@type":"Article","@id":"https:\/\/lavocedelpaese.info\/index.php\/2026\/01\/16\/il-turi-torna-da-corato-a-mani-vuote\/#article","isPartOf":{"@id":"https:\/\/lavocedelpaese.info\/index.php\/2026\/01\/16\/il-turi-torna-da-corato-a-mani-vuote\/"},"author":{"name":"admin","@id":"https:\/\/lavocedelpaese.info\/#\/schema\/person\/ec151d321306bd7591f7a061abf72d88"},"headline":"Il Turi torna da Corato a mani vuote\u00a0\u200b","datePublished":"2026-01-16T09:16:01+00:00","mainEntityOfPage":{"@id":"https:\/\/lavocedelpaese.info\/index.php\/2026\/01\/16\/il-turi-torna-da-corato-a-mani-vuote\/"},"wordCount":491,"commentCount":0,"publisher":{"@id":"https:\/\/lavocedelpaese.info\/#organization"},"image":{"@id":"https:\/\/lavocedelpaese.info\/index.php\/2026\/01\/16\/il-turi-torna-da-corato-a-mani-vuote\/#primaryimage"},"thumbnailUrl":"https:\/\/lavocedelpaese.info\/wp-content\/uploads\/2026\/01\/Anna-DOnofrio-7YAXVC.jpg","articleSection":["network"],"inLanguage":"it-IT","potentialAction":[{"@type":"CommentAction","name":"Comment","target":["https:\/\/lavocedelpaese.info\/index.php\/2026\/01\/16\/il-turi-torna-da-corato-a-mani-vuote\/#respond"]}]},{"@type":"WebPage","@id":"https:\/\/lavocedelpaese.info\/index.php\/2026\/01\/16\/il-turi-torna-da-corato-a-mani-vuote\/","url":"https:\/\/lavocedelpaese.info\/index.php\/2026\/01\/16\/il-turi-torna-da-corato-a-mani-vuote\/","name":"Il Turi torna da Corato a mani vuote\u00a0\u200b - La Voce del Paese","isPartOf":{"@id":"https:\/\/lavocedelpaese.info\/#website"},"primaryImageOfPage":{"@id":"https:\/\/lavocedelpaese.info\/index.php\/2026\/01\/16\/il-turi-torna-da-corato-a-mani-vuote\/#primaryimage"},"image":{"@id":"https:\/\/lavocedelpaese.info\/index.php\/2026\/01\/16\/il-turi-torna-da-corato-a-mani-vuote\/#primaryimage"},"thumbnailUrl":"https:\/\/lavocedelpaese.info\/wp-content\/uploads\/2026\/01\/Anna-DOnofrio-7YAXVC.jpg","datePublished":"2026-01-16T09:16:01+00:00","breadcrumb":{"@id":"https:\/\/lavocedelpaese.info\/index.php\/2026\/01\/16\/il-turi-torna-da-corato-a-mani-vuote\/#breadcrumb"},"inLanguage":"it-IT","potentialAction":[{"@type":"ReadAction","target":["https:\/\/lavocedelpaese.info\/index.php\/2026\/01\/16\/il-turi-torna-da-corato-a-mani-vuote\/"]}]},{"@type":"ImageObject","inLanguage":"it-IT","@id":"https:\/\/lavocedelpaese.info\/index.php\/2026\/01\/16\/il-turi-torna-da-corato-a-mani-vuote\/#primaryimage","url":"https:\/\/lavocedelpaese.info\/wp-content\/uploads\/2026\/01\/Anna-DOnofrio-7YAXVC.jpg","contentUrl":"https:\/\/lavocedelpaese.info\/wp-content\/uploads\/2026\/01\/Anna-DOnofrio-7YAXVC.jpg","width":533,"height":800},{"@type":"BreadcrumbList","@id":"https:\/\/lavocedelpaese.info\/index.php\/2026\/01\/16\/il-turi-torna-da-corato-a-mani-vuote\/#breadcrumb","itemListElement":[{"@type":"ListItem","position":1,"name":"Home","item":"https:\/\/lavocedelpaese.info\/"},{"@type":"ListItem","position":2,"name":"Il Turi torna da Corato a mani vuote\u00a0\u200b"}]},{"@type":"WebSite","@id":"https:\/\/lavocedelpaese.info\/#website","url":"https:\/\/lavocedelpaese.info\/","name":"La Voce del Paese","description":"Un network di idee","publisher":{"@id":"https:\/\/lavocedelpaese.info\/#organization"},"potentialAction":[{"@type":"SearchAction","target":{"@type":"EntryPoint","urlTemplate":"https:\/\/lavocedelpaese.info\/?s={search_term_string}"},"query-input":{"@type":"PropertyValueSpecification","valueRequired":true,"valueName":"search_term_string"}}],"inLanguage":"it-IT"},{"@type":"Organization","@id":"https:\/\/lavocedelpaese.info\/#organization","name":"La Voce del Paese","url":"https:\/\/lavocedelpaese.info\/","logo":{"@type":"ImageObject","inLanguage":"it-IT","@id":"https:\/\/lavocedelpaese.info\/#\/schema\/logo\/image\/","url":"https:\/\/lavocedelpaese.info\/wp-content\/uploads\/2023\/01\/cropped-logo-150-127.png","contentUrl":"https:\/\/lavocedelpaese.info\/wp-content\/uploads\/2023\/01\/cropped-logo-150-127.png","width":137,"height":119,"caption":"La Voce del Paese"},"image":{"@id":"https:\/\/lavocedelpaese.info\/#\/schema\/logo\/image\/"},"sameAs":["https:\/\/www.facebook.com\/lavocedelpaese.info"]},{"@type":"Person","@id":"https:\/\/lavocedelpaese.info\/#\/schema\/person\/ec151d321306bd7591f7a061abf72d88","name":"admin","image":{"@type":"ImageObject","inLanguage":"it-IT","@id":"https:\/\/secure.gravatar.com\/avatar\/af8f2caf0663124588de48a9380e07cbc95a74ef15b8062d0d39106c32fe3023?s=96&d=mm&r=g","url":"https:\/\/secure.gravatar.com\/avatar\/af8f2caf0663124588de48a9380e07cbc95a74ef15b8062d0d39106c32fe3023?s=96&d=mm&r=g","contentUrl":"https:\/\/secure.gravatar.com\/avatar\/af8f2caf0663124588de48a9380e07cbc95a74ef15b8062d0d39106c32fe3023?s=96&d=mm&r=g","caption":"admin"},"sameAs":["https:\/\/lavocedelpaese.info"],"url":"https:\/\/lavocedelpaese.info\/index.php\/author\/admin\/"}]}},"_links":{"self":[{"href":"https:\/\/lavocedelpaese.info\/index.php\/wp-json\/wp\/v2\/posts\/10465","targetHints":{"allow":["GET"]}}],"collection":[{"href":"https:\/\/lavocedelpaese.info\/index.php\/wp-json\/wp\/v2\/posts"}],"about":[{"href":"https:\/\/lavocedelpaese.info\/index.php\/wp-json\/wp\/v2\/types\/post"}],"author":[{"embeddable":true,"href":"https:\/\/lavocedelpaese.info\/index.php\/wp-json\/wp\/v2\/users\/6"}],"replies":[{"embeddable":true,"href":"https:\/\/lavocedelpaese.info\/index.php\/wp-json\/wp\/v2\/comments?post=10465"}],"version-history":[{"count":0,"href":"https:\/\/lavocedelpaese.info\/index.php\/wp-json\/wp\/v2\/posts\/10465\/revisions"}],"wp:featuredmedia":[{"embeddable":true,"href":"https:\/\/lavocedelpaese.info\/index.php\/wp-json\/wp\/v2\/media\/10466"}],"wp:attachment":[{"href":"https:\/\/lavocedelpaese.info\/index.php\/wp-json\/wp\/v2\/media?parent=10465"}],"wp:term":[{"taxonomy":"category","embeddable":true,"href":"https:\/\/lavocedelpaese.info\/index.php\/wp-json\/wp\/v2\/categories?post=10465"},{"taxonomy":"post_tag","embeddable":true,"href":"https:\/\/lavocedelpaese.info\/index.php\/wp-json\/wp\/v2\/tags?post=10465"}],"curies":[{"name":"wp","href":"https:\/\/api.w.org\/{rel}","templated":true}]}}