{"id":10451,"date":"2026-01-11T10:13:42","date_gmt":"2026-01-11T10:13:42","guid":{"rendered":"https:\/\/lavocedelpaese.info\/index.php\/2026\/01\/11\/la-pittura-di-vincenzo-cipriani-come-viaggio-nel-colore-e-nello-sguardo\/"},"modified":"2026-01-11T10:13:42","modified_gmt":"2026-01-11T10:13:42","slug":"la-pittura-di-vincenzo-cipriani-come-viaggio-nel-colore-e-nello-sguardo","status":"publish","type":"post","link":"https:\/\/lavocedelpaese.info\/index.php\/2026\/01\/11\/la-pittura-di-vincenzo-cipriani-come-viaggio-nel-colore-e-nello-sguardo\/","title":{"rendered":"La pittura di Vincenzo Cipriani come viaggio nel colore e nello sguardo\u00a0\u200b"},"content":{"rendered":"<p>\u00a0<\/p>\n<p>\u200b\u00a0<\/p>\n<p>\u200b\u00a0<\/p>\n<div><\/div>\n<h4 class=\"wp-block-heading\"><strong>La mostra dell\u2019artista turese, allestita a Palazzo Cozzolongo, sar\u00e0 visitabile fino al 31 gennaio 2026<\/strong><\/h4>\n<p>Non una semplice esposizione, ma un racconto per immagini che attraversa oltre trent\u2019anni di ricerca artistica. \u00c8 questo il senso profondo della mostra \u201cSotto sopra. Quando tutto trova eco \u2013 Colori in mutamento: l\u2019evoluzione di uno sguardo\u201d di <strong>Vincenzo Cipriani<\/strong>, inaugurata sabato 10 gennaio negli spazi suggestivi di Palazzo Cozzolongo, a Turi.<\/p>\n<p>L\u2019esposizione ripercorre il cammino pittorico dell\u2019artista dal 1989 fino alle opere pi\u00f9 recenti del 2025, offrendo al pubblico una vera e propria antologia visiva: paesaggi, marine, borghi, nature morte e ritratti che diventano frammenti di memoria e di vita quotidiana, restituiti attraverso una pittura intensa, diretta e profondamente emotiva.<\/p>\n<figure class=\"wp-block-image alignleft size-full is-resized\"><img decoding=\"async\" width=\"1536\" height=\"2048\" src=\"https:\/\/turi.lavocedelpaese.info\/wp-content\/uploads\/2026\/01\/cipriani.jpeg\" alt=\"\" class=\"wp-image-8172\" \/><figcaption class=\"wp-element-caption\"><em><strong>Vincenzo Cipriani<\/strong><\/em><\/figcaption><\/figure>\n<p>Artista autodidatta, formatosi negli anni Ottanta nella bottega del maestro <strong>Michele Stramaglia<\/strong>, Cipriani ha costruito nel tempo una cifra stilistica riconoscibile, fondata su una solida padronanza tecnica e su una continua sperimentazione dei materiali. Olio, acrilico, spatola e pennello si alternano sulla tela non come virtuosismi fine a se stessi, ma come strumenti espressivi al servizio di una visione coerente e personale.<\/p>\n<p>Elemento centrale della sua pittura \u00e8 il colore: pieno, deciso, spesso privo di velature, capace di colpire immediatamente l\u2019osservatore e di condurlo, al tempo stesso, verso una lettura pi\u00f9 intima dell\u2019opera. Un colore che, come insegna Kandinskij, parla direttamente all\u2019anima e diventa veicolo di emozioni, ricordi e risonanze interiori.<\/p>\n<p>All\u2019inaugurazione hanno preso parte, tra gli altri, <strong>Mary De Lorenzo<\/strong>, storico e critico d\u2019arte, e <strong>Roberta Di Maurizio<\/strong>, pittrice ritrattista e promotrice di progetti artistici e sociali, che hanno offerto chiavi di lettura approfondite sul percorso dell\u2019artista. A moderare l\u2019incontro Maria Pia Iurlaro, mentre i saluti istituzionali sono stati affidati al presidente onorario dott. <strong>Emanuele Ventura<\/strong>.<\/p>\n<p>Nel corso degli anni Vincenzo Cipriani ha ottenuto numerosi riconoscimenti in concorsi e rassegne nazionali, ma ci\u00f2 che emerge con forza da questa mostra \u00e8 soprattutto la coerenza del suo percorso: un artista che non segue le mode, ma resta fedele alla propria visione, considerando ogni opera come una tappa di passaggio e non come un punto di arrivo.<\/p>\n<p>La mostra rester\u00e0 visitabile fino al 31 gennaio 2026 e rappresenta un\u2019occasione preziosa per immergersi in un universo pittorico capace di ascoltare il reale e restituirlo sotto forma di emozione, colore e silenzio condiviso. Perch\u00e9, come accade con l\u2019arte autentica, ci\u00f2 che conta non \u00e8 solo ci\u00f2 che si vede, ma ci\u00f2 che si sente.<\/p>\n<p><a class=\"a2a_button_facebook\" href=\"https:\/\/www.addtoany.com\/add_to\/facebook?linkurl=https%3A%2F%2Fturi.lavocedelpaese.info%2Fla-pittura-di-vincenzo-cipriani-come-viaggio-nel-colore-e-nello-sguardo%2F&amp;linkname=La%20pittura%20di%20Vincenzo%20Cipriani%20come%20viaggio%20nel%20colore%20e%20nello%20sguardo\" title=\"Facebook\" rel=\"nofollow noopener\" target=\"_blank\"><\/a><a class=\"a2a_button_twitter\" href=\"https:\/\/www.addtoany.com\/add_to\/twitter?linkurl=https%3A%2F%2Fturi.lavocedelpaese.info%2Fla-pittura-di-vincenzo-cipriani-come-viaggio-nel-colore-e-nello-sguardo%2F&amp;linkname=La%20pittura%20di%20Vincenzo%20Cipriani%20come%20viaggio%20nel%20colore%20e%20nello%20sguardo\" title=\"Twitter\" rel=\"nofollow noopener\" target=\"_blank\"><\/a><a class=\"a2a_button_whatsapp\" href=\"https:\/\/www.addtoany.com\/add_to\/whatsapp?linkurl=https%3A%2F%2Fturi.lavocedelpaese.info%2Fla-pittura-di-vincenzo-cipriani-come-viaggio-nel-colore-e-nello-sguardo%2F&amp;linkname=La%20pittura%20di%20Vincenzo%20Cipriani%20come%20viaggio%20nel%20colore%20e%20nello%20sguardo\" title=\"WhatsApp\" rel=\"nofollow noopener\" target=\"_blank\"><\/a><a class=\"a2a_button_telegram\" href=\"https:\/\/www.addtoany.com\/add_to\/telegram?linkurl=https%3A%2F%2Fturi.lavocedelpaese.info%2Fla-pittura-di-vincenzo-cipriani-come-viaggio-nel-colore-e-nello-sguardo%2F&amp;linkname=La%20pittura%20di%20Vincenzo%20Cipriani%20come%20viaggio%20nel%20colore%20e%20nello%20sguardo\" title=\"Telegram\" rel=\"nofollow noopener\" target=\"_blank\"><\/a><a class=\"a2a_button_email\" href=\"https:\/\/www.addtoany.com\/add_to\/email?linkurl=https%3A%2F%2Fturi.lavocedelpaese.info%2Fla-pittura-di-vincenzo-cipriani-come-viaggio-nel-colore-e-nello-sguardo%2F&amp;linkname=La%20pittura%20di%20Vincenzo%20Cipriani%20come%20viaggio%20nel%20colore%20e%20nello%20sguardo\" title=\"Email\" rel=\"nofollow noopener\" target=\"_blank\"><\/a><\/p>\n<p>L&#8217;articolo <a href=\"https:\/\/turi.lavocedelpaese.info\/la-pittura-di-vincenzo-cipriani-come-viaggio-nel-colore-e-nello-sguardo\/\">La pittura di Vincenzo Cipriani come viaggio nel colore e nello sguardo<\/a> proviene da <a href=\"https:\/\/turi.lavocedelpaese.info\/\">Turi &#8211; La Voce del Paese<\/a>.<\/p>\n<p>\u00a0<\/p>\n<p>\u00a0<\/p>\n<p>\u200b\u00a0\u00a0\u00a0<\/p>","protected":false},"excerpt":{"rendered":"<p>\u00a0 \u200b\u00a0 \u200b\u00a0 La mostra dell\u2019artista turese, allestita a Palazzo Cozzolongo, sar\u00e0 visitabile fino al 31 gennaio 2026 Non una<\/p>\n","protected":false},"author":6,"featured_media":10452,"comment_status":"open","ping_status":"closed","sticky":false,"template":"","format":"standard","meta":{"colormag_page_container_layout":"default_layout","colormag_page_sidebar_layout":"default_layout","footnotes":""},"categories":[33],"tags":[],"class_list":["post-10451","post","type-post","status-publish","format-standard","has-post-thumbnail","hentry","category-network"],"yoast_head":"<!-- This site is optimized with the Yoast SEO plugin v27.5 - https:\/\/yoast.com\/product\/yoast-seo-wordpress\/ -->\n<title>La pittura di Vincenzo Cipriani come viaggio nel colore e nello sguardo\u00a0\u200b - La Voce del Paese<\/title>\n<meta name=\"robots\" content=\"index, follow, max-snippet:-1, max-image-preview:large, max-video-preview:-1\" \/>\n<link rel=\"canonical\" href=\"https:\/\/lavocedelpaese.info\/index.php\/2026\/01\/11\/la-pittura-di-vincenzo-cipriani-come-viaggio-nel-colore-e-nello-sguardo\/\" \/>\n<meta property=\"og:locale\" content=\"it_IT\" \/>\n<meta property=\"og:type\" content=\"article\" \/>\n<meta property=\"og:title\" content=\"La pittura di Vincenzo Cipriani come viaggio nel colore e nello sguardo\u00a0\u200b - La Voce del Paese\" \/>\n<meta property=\"og:description\" content=\"\u00a0 \u200b\u00a0 \u200b\u00a0 La mostra dell\u2019artista turese, allestita a Palazzo Cozzolongo, sar\u00e0 visitabile fino al 31 gennaio 2026 Non una\" \/>\n<meta property=\"og:url\" content=\"https:\/\/lavocedelpaese.info\/index.php\/2026\/01\/11\/la-pittura-di-vincenzo-cipriani-come-viaggio-nel-colore-e-nello-sguardo\/\" \/>\n<meta property=\"og:site_name\" content=\"La Voce del Paese\" \/>\n<meta property=\"article:publisher\" content=\"https:\/\/www.facebook.com\/lavocedelpaese.info\" \/>\n<meta property=\"article:published_time\" content=\"2026-01-11T10:13:42+00:00\" \/>\n<meta name=\"author\" content=\"admin\" \/>\n<meta name=\"twitter:card\" content=\"summary_large_image\" \/>\n<meta name=\"twitter:label1\" content=\"Scritto da\" \/>\n\t<meta name=\"twitter:data1\" content=\"admin\" \/>\n\t<meta name=\"twitter:label2\" content=\"Tempo di lettura stimato\" \/>\n\t<meta name=\"twitter:data2\" content=\"2 minuti\" \/>\n<script type=\"application\/ld+json\" class=\"yoast-schema-graph\">{\"@context\":\"https:\\\/\\\/schema.org\",\"@graph\":[{\"@type\":\"Article\",\"@id\":\"https:\\\/\\\/lavocedelpaese.info\\\/index.php\\\/2026\\\/01\\\/11\\\/la-pittura-di-vincenzo-cipriani-come-viaggio-nel-colore-e-nello-sguardo\\\/#article\",\"isPartOf\":{\"@id\":\"https:\\\/\\\/lavocedelpaese.info\\\/index.php\\\/2026\\\/01\\\/11\\\/la-pittura-di-vincenzo-cipriani-come-viaggio-nel-colore-e-nello-sguardo\\\/\"},\"author\":{\"name\":\"admin\",\"@id\":\"https:\\\/\\\/lavocedelpaese.info\\\/#\\\/schema\\\/person\\\/ec151d321306bd7591f7a061abf72d88\"},\"headline\":\"La pittura di Vincenzo Cipriani come viaggio nel colore e nello sguardo\u00a0\u200b\",\"datePublished\":\"2026-01-11T10:13:42+00:00\",\"mainEntityOfPage\":{\"@id\":\"https:\\\/\\\/lavocedelpaese.info\\\/index.php\\\/2026\\\/01\\\/11\\\/la-pittura-di-vincenzo-cipriani-come-viaggio-nel-colore-e-nello-sguardo\\\/\"},\"wordCount\":435,\"commentCount\":0,\"publisher\":{\"@id\":\"https:\\\/\\\/lavocedelpaese.info\\\/#organization\"},\"image\":{\"@id\":\"https:\\\/\\\/lavocedelpaese.info\\\/index.php\\\/2026\\\/01\\\/11\\\/la-pittura-di-vincenzo-cipriani-come-viaggio-nel-colore-e-nello-sguardo\\\/#primaryimage\"},\"thumbnailUrl\":\"https:\\\/\\\/lavocedelpaese.info\\\/wp-content\\\/uploads\\\/2026\\\/01\\\/cipriani-YjbkGc.jpg\",\"articleSection\":[\"network\"],\"inLanguage\":\"it-IT\",\"potentialAction\":[{\"@type\":\"CommentAction\",\"name\":\"Comment\",\"target\":[\"https:\\\/\\\/lavocedelpaese.info\\\/index.php\\\/2026\\\/01\\\/11\\\/la-pittura-di-vincenzo-cipriani-come-viaggio-nel-colore-e-nello-sguardo\\\/#respond\"]}]},{\"@type\":\"WebPage\",\"@id\":\"https:\\\/\\\/lavocedelpaese.info\\\/index.php\\\/2026\\\/01\\\/11\\\/la-pittura-di-vincenzo-cipriani-come-viaggio-nel-colore-e-nello-sguardo\\\/\",\"url\":\"https:\\\/\\\/lavocedelpaese.info\\\/index.php\\\/2026\\\/01\\\/11\\\/la-pittura-di-vincenzo-cipriani-come-viaggio-nel-colore-e-nello-sguardo\\\/\",\"name\":\"La pittura di Vincenzo Cipriani come viaggio nel colore e nello sguardo\u00a0\u200b - La Voce del Paese\",\"isPartOf\":{\"@id\":\"https:\\\/\\\/lavocedelpaese.info\\\/#website\"},\"primaryImageOfPage\":{\"@id\":\"https:\\\/\\\/lavocedelpaese.info\\\/index.php\\\/2026\\\/01\\\/11\\\/la-pittura-di-vincenzo-cipriani-come-viaggio-nel-colore-e-nello-sguardo\\\/#primaryimage\"},\"image\":{\"@id\":\"https:\\\/\\\/lavocedelpaese.info\\\/index.php\\\/2026\\\/01\\\/11\\\/la-pittura-di-vincenzo-cipriani-come-viaggio-nel-colore-e-nello-sguardo\\\/#primaryimage\"},\"thumbnailUrl\":\"https:\\\/\\\/lavocedelpaese.info\\\/wp-content\\\/uploads\\\/2026\\\/01\\\/cipriani-YjbkGc.jpg\",\"datePublished\":\"2026-01-11T10:13:42+00:00\",\"breadcrumb\":{\"@id\":\"https:\\\/\\\/lavocedelpaese.info\\\/index.php\\\/2026\\\/01\\\/11\\\/la-pittura-di-vincenzo-cipriani-come-viaggio-nel-colore-e-nello-sguardo\\\/#breadcrumb\"},\"inLanguage\":\"it-IT\",\"potentialAction\":[{\"@type\":\"ReadAction\",\"target\":[\"https:\\\/\\\/lavocedelpaese.info\\\/index.php\\\/2026\\\/01\\\/11\\\/la-pittura-di-vincenzo-cipriani-come-viaggio-nel-colore-e-nello-sguardo\\\/\"]}]},{\"@type\":\"ImageObject\",\"inLanguage\":\"it-IT\",\"@id\":\"https:\\\/\\\/lavocedelpaese.info\\\/index.php\\\/2026\\\/01\\\/11\\\/la-pittura-di-vincenzo-cipriani-come-viaggio-nel-colore-e-nello-sguardo\\\/#primaryimage\",\"url\":\"https:\\\/\\\/lavocedelpaese.info\\\/wp-content\\\/uploads\\\/2026\\\/01\\\/cipriani-YjbkGc.jpg\",\"contentUrl\":\"https:\\\/\\\/lavocedelpaese.info\\\/wp-content\\\/uploads\\\/2026\\\/01\\\/cipriani-YjbkGc.jpg\",\"width\":600,\"height\":800},{\"@type\":\"BreadcrumbList\",\"@id\":\"https:\\\/\\\/lavocedelpaese.info\\\/index.php\\\/2026\\\/01\\\/11\\\/la-pittura-di-vincenzo-cipriani-come-viaggio-nel-colore-e-nello-sguardo\\\/#breadcrumb\",\"itemListElement\":[{\"@type\":\"ListItem\",\"position\":1,\"name\":\"Home\",\"item\":\"https:\\\/\\\/lavocedelpaese.info\\\/\"},{\"@type\":\"ListItem\",\"position\":2,\"name\":\"La pittura di Vincenzo Cipriani come viaggio nel colore e nello sguardo\u00a0\u200b\"}]},{\"@type\":\"WebSite\",\"@id\":\"https:\\\/\\\/lavocedelpaese.info\\\/#website\",\"url\":\"https:\\\/\\\/lavocedelpaese.info\\\/\",\"name\":\"La Voce del Paese\",\"description\":\"Un network di idee\",\"publisher\":{\"@id\":\"https:\\\/\\\/lavocedelpaese.info\\\/#organization\"},\"potentialAction\":[{\"@type\":\"SearchAction\",\"target\":{\"@type\":\"EntryPoint\",\"urlTemplate\":\"https:\\\/\\\/lavocedelpaese.info\\\/?s={search_term_string}\"},\"query-input\":{\"@type\":\"PropertyValueSpecification\",\"valueRequired\":true,\"valueName\":\"search_term_string\"}}],\"inLanguage\":\"it-IT\"},{\"@type\":\"Organization\",\"@id\":\"https:\\\/\\\/lavocedelpaese.info\\\/#organization\",\"name\":\"La Voce del Paese\",\"url\":\"https:\\\/\\\/lavocedelpaese.info\\\/\",\"logo\":{\"@type\":\"ImageObject\",\"inLanguage\":\"it-IT\",\"@id\":\"https:\\\/\\\/lavocedelpaese.info\\\/#\\\/schema\\\/logo\\\/image\\\/\",\"url\":\"https:\\\/\\\/lavocedelpaese.info\\\/wp-content\\\/uploads\\\/2023\\\/01\\\/cropped-logo-150-127.png\",\"contentUrl\":\"https:\\\/\\\/lavocedelpaese.info\\\/wp-content\\\/uploads\\\/2023\\\/01\\\/cropped-logo-150-127.png\",\"width\":137,\"height\":119,\"caption\":\"La Voce del Paese\"},\"image\":{\"@id\":\"https:\\\/\\\/lavocedelpaese.info\\\/#\\\/schema\\\/logo\\\/image\\\/\"},\"sameAs\":[\"https:\\\/\\\/www.facebook.com\\\/lavocedelpaese.info\"]},{\"@type\":\"Person\",\"@id\":\"https:\\\/\\\/lavocedelpaese.info\\\/#\\\/schema\\\/person\\\/ec151d321306bd7591f7a061abf72d88\",\"name\":\"admin\",\"image\":{\"@type\":\"ImageObject\",\"inLanguage\":\"it-IT\",\"@id\":\"https:\\\/\\\/secure.gravatar.com\\\/avatar\\\/af8f2caf0663124588de48a9380e07cbc95a74ef15b8062d0d39106c32fe3023?s=96&d=mm&r=g\",\"url\":\"https:\\\/\\\/secure.gravatar.com\\\/avatar\\\/af8f2caf0663124588de48a9380e07cbc95a74ef15b8062d0d39106c32fe3023?s=96&d=mm&r=g\",\"contentUrl\":\"https:\\\/\\\/secure.gravatar.com\\\/avatar\\\/af8f2caf0663124588de48a9380e07cbc95a74ef15b8062d0d39106c32fe3023?s=96&d=mm&r=g\",\"caption\":\"admin\"},\"sameAs\":[\"https:\\\/\\\/lavocedelpaese.info\"],\"url\":\"https:\\\/\\\/lavocedelpaese.info\\\/index.php\\\/author\\\/admin\\\/\"}]}<\/script>\n<!-- \/ Yoast SEO plugin. -->","yoast_head_json":{"title":"La pittura di Vincenzo Cipriani come viaggio nel colore e nello sguardo\u00a0\u200b - La Voce del Paese","robots":{"index":"index","follow":"follow","max-snippet":"max-snippet:-1","max-image-preview":"max-image-preview:large","max-video-preview":"max-video-preview:-1"},"canonical":"https:\/\/lavocedelpaese.info\/index.php\/2026\/01\/11\/la-pittura-di-vincenzo-cipriani-come-viaggio-nel-colore-e-nello-sguardo\/","og_locale":"it_IT","og_type":"article","og_title":"La pittura di Vincenzo Cipriani come viaggio nel colore e nello sguardo\u00a0\u200b - La Voce del Paese","og_description":"\u00a0 \u200b\u00a0 \u200b\u00a0 La mostra dell\u2019artista turese, allestita a Palazzo Cozzolongo, sar\u00e0 visitabile fino al 31 gennaio 2026 Non una","og_url":"https:\/\/lavocedelpaese.info\/index.php\/2026\/01\/11\/la-pittura-di-vincenzo-cipriani-come-viaggio-nel-colore-e-nello-sguardo\/","og_site_name":"La Voce del Paese","article_publisher":"https:\/\/www.facebook.com\/lavocedelpaese.info","article_published_time":"2026-01-11T10:13:42+00:00","author":"admin","twitter_card":"summary_large_image","twitter_misc":{"Scritto da":"admin","Tempo di lettura stimato":"2 minuti"},"schema":{"@context":"https:\/\/schema.org","@graph":[{"@type":"Article","@id":"https:\/\/lavocedelpaese.info\/index.php\/2026\/01\/11\/la-pittura-di-vincenzo-cipriani-come-viaggio-nel-colore-e-nello-sguardo\/#article","isPartOf":{"@id":"https:\/\/lavocedelpaese.info\/index.php\/2026\/01\/11\/la-pittura-di-vincenzo-cipriani-come-viaggio-nel-colore-e-nello-sguardo\/"},"author":{"name":"admin","@id":"https:\/\/lavocedelpaese.info\/#\/schema\/person\/ec151d321306bd7591f7a061abf72d88"},"headline":"La pittura di Vincenzo Cipriani come viaggio nel colore e nello sguardo\u00a0\u200b","datePublished":"2026-01-11T10:13:42+00:00","mainEntityOfPage":{"@id":"https:\/\/lavocedelpaese.info\/index.php\/2026\/01\/11\/la-pittura-di-vincenzo-cipriani-come-viaggio-nel-colore-e-nello-sguardo\/"},"wordCount":435,"commentCount":0,"publisher":{"@id":"https:\/\/lavocedelpaese.info\/#organization"},"image":{"@id":"https:\/\/lavocedelpaese.info\/index.php\/2026\/01\/11\/la-pittura-di-vincenzo-cipriani-come-viaggio-nel-colore-e-nello-sguardo\/#primaryimage"},"thumbnailUrl":"https:\/\/lavocedelpaese.info\/wp-content\/uploads\/2026\/01\/cipriani-YjbkGc.jpg","articleSection":["network"],"inLanguage":"it-IT","potentialAction":[{"@type":"CommentAction","name":"Comment","target":["https:\/\/lavocedelpaese.info\/index.php\/2026\/01\/11\/la-pittura-di-vincenzo-cipriani-come-viaggio-nel-colore-e-nello-sguardo\/#respond"]}]},{"@type":"WebPage","@id":"https:\/\/lavocedelpaese.info\/index.php\/2026\/01\/11\/la-pittura-di-vincenzo-cipriani-come-viaggio-nel-colore-e-nello-sguardo\/","url":"https:\/\/lavocedelpaese.info\/index.php\/2026\/01\/11\/la-pittura-di-vincenzo-cipriani-come-viaggio-nel-colore-e-nello-sguardo\/","name":"La pittura di Vincenzo Cipriani come viaggio nel colore e nello sguardo\u00a0\u200b - La Voce del Paese","isPartOf":{"@id":"https:\/\/lavocedelpaese.info\/#website"},"primaryImageOfPage":{"@id":"https:\/\/lavocedelpaese.info\/index.php\/2026\/01\/11\/la-pittura-di-vincenzo-cipriani-come-viaggio-nel-colore-e-nello-sguardo\/#primaryimage"},"image":{"@id":"https:\/\/lavocedelpaese.info\/index.php\/2026\/01\/11\/la-pittura-di-vincenzo-cipriani-come-viaggio-nel-colore-e-nello-sguardo\/#primaryimage"},"thumbnailUrl":"https:\/\/lavocedelpaese.info\/wp-content\/uploads\/2026\/01\/cipriani-YjbkGc.jpg","datePublished":"2026-01-11T10:13:42+00:00","breadcrumb":{"@id":"https:\/\/lavocedelpaese.info\/index.php\/2026\/01\/11\/la-pittura-di-vincenzo-cipriani-come-viaggio-nel-colore-e-nello-sguardo\/#breadcrumb"},"inLanguage":"it-IT","potentialAction":[{"@type":"ReadAction","target":["https:\/\/lavocedelpaese.info\/index.php\/2026\/01\/11\/la-pittura-di-vincenzo-cipriani-come-viaggio-nel-colore-e-nello-sguardo\/"]}]},{"@type":"ImageObject","inLanguage":"it-IT","@id":"https:\/\/lavocedelpaese.info\/index.php\/2026\/01\/11\/la-pittura-di-vincenzo-cipriani-come-viaggio-nel-colore-e-nello-sguardo\/#primaryimage","url":"https:\/\/lavocedelpaese.info\/wp-content\/uploads\/2026\/01\/cipriani-YjbkGc.jpg","contentUrl":"https:\/\/lavocedelpaese.info\/wp-content\/uploads\/2026\/01\/cipriani-YjbkGc.jpg","width":600,"height":800},{"@type":"BreadcrumbList","@id":"https:\/\/lavocedelpaese.info\/index.php\/2026\/01\/11\/la-pittura-di-vincenzo-cipriani-come-viaggio-nel-colore-e-nello-sguardo\/#breadcrumb","itemListElement":[{"@type":"ListItem","position":1,"name":"Home","item":"https:\/\/lavocedelpaese.info\/"},{"@type":"ListItem","position":2,"name":"La pittura di Vincenzo Cipriani come viaggio nel colore e nello sguardo\u00a0\u200b"}]},{"@type":"WebSite","@id":"https:\/\/lavocedelpaese.info\/#website","url":"https:\/\/lavocedelpaese.info\/","name":"La Voce del Paese","description":"Un network di idee","publisher":{"@id":"https:\/\/lavocedelpaese.info\/#organization"},"potentialAction":[{"@type":"SearchAction","target":{"@type":"EntryPoint","urlTemplate":"https:\/\/lavocedelpaese.info\/?s={search_term_string}"},"query-input":{"@type":"PropertyValueSpecification","valueRequired":true,"valueName":"search_term_string"}}],"inLanguage":"it-IT"},{"@type":"Organization","@id":"https:\/\/lavocedelpaese.info\/#organization","name":"La Voce del Paese","url":"https:\/\/lavocedelpaese.info\/","logo":{"@type":"ImageObject","inLanguage":"it-IT","@id":"https:\/\/lavocedelpaese.info\/#\/schema\/logo\/image\/","url":"https:\/\/lavocedelpaese.info\/wp-content\/uploads\/2023\/01\/cropped-logo-150-127.png","contentUrl":"https:\/\/lavocedelpaese.info\/wp-content\/uploads\/2023\/01\/cropped-logo-150-127.png","width":137,"height":119,"caption":"La Voce del Paese"},"image":{"@id":"https:\/\/lavocedelpaese.info\/#\/schema\/logo\/image\/"},"sameAs":["https:\/\/www.facebook.com\/lavocedelpaese.info"]},{"@type":"Person","@id":"https:\/\/lavocedelpaese.info\/#\/schema\/person\/ec151d321306bd7591f7a061abf72d88","name":"admin","image":{"@type":"ImageObject","inLanguage":"it-IT","@id":"https:\/\/secure.gravatar.com\/avatar\/af8f2caf0663124588de48a9380e07cbc95a74ef15b8062d0d39106c32fe3023?s=96&d=mm&r=g","url":"https:\/\/secure.gravatar.com\/avatar\/af8f2caf0663124588de48a9380e07cbc95a74ef15b8062d0d39106c32fe3023?s=96&d=mm&r=g","contentUrl":"https:\/\/secure.gravatar.com\/avatar\/af8f2caf0663124588de48a9380e07cbc95a74ef15b8062d0d39106c32fe3023?s=96&d=mm&r=g","caption":"admin"},"sameAs":["https:\/\/lavocedelpaese.info"],"url":"https:\/\/lavocedelpaese.info\/index.php\/author\/admin\/"}]}},"_links":{"self":[{"href":"https:\/\/lavocedelpaese.info\/index.php\/wp-json\/wp\/v2\/posts\/10451","targetHints":{"allow":["GET"]}}],"collection":[{"href":"https:\/\/lavocedelpaese.info\/index.php\/wp-json\/wp\/v2\/posts"}],"about":[{"href":"https:\/\/lavocedelpaese.info\/index.php\/wp-json\/wp\/v2\/types\/post"}],"author":[{"embeddable":true,"href":"https:\/\/lavocedelpaese.info\/index.php\/wp-json\/wp\/v2\/users\/6"}],"replies":[{"embeddable":true,"href":"https:\/\/lavocedelpaese.info\/index.php\/wp-json\/wp\/v2\/comments?post=10451"}],"version-history":[{"count":0,"href":"https:\/\/lavocedelpaese.info\/index.php\/wp-json\/wp\/v2\/posts\/10451\/revisions"}],"wp:featuredmedia":[{"embeddable":true,"href":"https:\/\/lavocedelpaese.info\/index.php\/wp-json\/wp\/v2\/media\/10452"}],"wp:attachment":[{"href":"https:\/\/lavocedelpaese.info\/index.php\/wp-json\/wp\/v2\/media?parent=10451"}],"wp:term":[{"taxonomy":"category","embeddable":true,"href":"https:\/\/lavocedelpaese.info\/index.php\/wp-json\/wp\/v2\/categories?post=10451"},{"taxonomy":"post_tag","embeddable":true,"href":"https:\/\/lavocedelpaese.info\/index.php\/wp-json\/wp\/v2\/tags?post=10451"}],"curies":[{"name":"wp","href":"https:\/\/api.w.org\/{rel}","templated":true}]}}