{"id":10448,"date":"2026-01-09T07:20:20","date_gmt":"2026-01-09T07:20:20","guid":{"rendered":"https:\/\/lavocedelpaese.info\/index.php\/2026\/01\/09\/per-la-prima-del-2026-il-turi-impegnato-a-valenzano\/"},"modified":"2026-01-09T07:20:20","modified_gmt":"2026-01-09T07:20:20","slug":"per-la-prima-del-2026-il-turi-impegnato-a-valenzano","status":"publish","type":"post","link":"https:\/\/lavocedelpaese.info\/index.php\/2026\/01\/09\/per-la-prima-del-2026-il-turi-impegnato-a-valenzano\/","title":{"rendered":"Per la prima del 2026 il Turi impegnato a Valenzano\u00a0\u200b"},"content":{"rendered":"<p>\u00a0<\/p>\n<p>\u200b\u00a0<\/p>\n<p>\u200b\u00a0<\/p>\n<div><\/div>\n<p>Dopo le due settimane di sosta per le festivit\u00e0 natalizie torna il campionato con la prima giornata del girone di ritorno. I biancoazzurri, che in queste settimane hanno sostenuto sia sedute tecniche che atletiche partecipando anche al Memorial Franco Castiglia disputato lo scorso 28 dicembre, ripartono dall\u2019emozionante successo al tie break nel big match di Bitonto che ha fatto virare Atene e compagni al giro di boa al quarto posto qualificandoli alla Final Eight di Coppa Puglia. Un traguardo importante per un gruppo giovane, entrato con merito nel gruppo delle migliori 8 e che ambisce a confermarsi e a crescere nel 2026.<\/p>\n<p>Inizia una seconda fase che si preannuncia molto equilibrata, combattuta ed imprevedibile ancor di pi\u00f9 di quanto ha mostrato il girone di andata, undici finali da affrontare al meglio perch\u00e8 nel girone di ritorno ciascun avversario da il meglio di s\u00e9 per raggiungere il proprio obiettivo stagionale. Si riparte da una classifica comandata dal Cerignola (29 punti) che precede di due lunghezze il Trivianum, poi c\u2019\u00e8 bagarre in tre punti con la coppia Terlizzi-Turi a 20, Altamura e Bitonto (19), Andria 18 e Gioia a 17 con il Valenzano a chiudere il gruppetto centrale con 14 punti.\u00a0<\/p>\n<p>Si dovr\u00e0 subito spingere sull\u2019acceleratore perch\u00e8 sar\u00e0 un gennaio intenso con tre gare su quattro fuori casa, nell\u2019ordine: Valenzano in trasferta, Terlizzi in casa, a Tricase per i quarti di Coppa per poi andare ad Andria nell\u2019ultimo week end del mese.\u00a0<\/p>\n<p>Il battesimo del 2026 avverr\u00e0 sul campo del Valenzano degli ex Furio, Ventrella, El Moudden attualmente con sei lunghezze in meno dei biancoazzurri ma in risalita ed in continua crescita di gioco e risultati dopo aver trovato gli equilibri giusti anche per via di qualche infortunio. Squadra esperta e combattiva quella di mister Giovanniello che tra le mura amiche ha perso contro Bitonto, Trivianum e Cerignola mentre \u00e8 reduce dal successo per 3-2 sul proprio parquet inflitto alla corazzata Altamura prima della sosta di Natale. All\u2019andata il Turi s\u2019impose per 3-0.<\/p>\n<p>Si gioca alle 18:30 di sabato 10 al Palazzetto dello Sport di Valenzano.<\/p>\n\n<p><a class=\"a2a_button_facebook\" href=\"https:\/\/www.addtoany.com\/add_to\/facebook?linkurl=https%3A%2F%2Fturi.lavocedelpaese.info%2Fper-la-prima-del-2026-il-turi-impegnato-a-valenzano%2F&amp;linkname=Per%20la%20prima%20del%202026%20il%20Turi%20impegnato%20a%20Valenzano\" title=\"Facebook\" rel=\"nofollow noopener\" target=\"_blank\"><\/a><a class=\"a2a_button_twitter\" href=\"https:\/\/www.addtoany.com\/add_to\/twitter?linkurl=https%3A%2F%2Fturi.lavocedelpaese.info%2Fper-la-prima-del-2026-il-turi-impegnato-a-valenzano%2F&amp;linkname=Per%20la%20prima%20del%202026%20il%20Turi%20impegnato%20a%20Valenzano\" title=\"Twitter\" rel=\"nofollow noopener\" target=\"_blank\"><\/a><a class=\"a2a_button_whatsapp\" href=\"https:\/\/www.addtoany.com\/add_to\/whatsapp?linkurl=https%3A%2F%2Fturi.lavocedelpaese.info%2Fper-la-prima-del-2026-il-turi-impegnato-a-valenzano%2F&amp;linkname=Per%20la%20prima%20del%202026%20il%20Turi%20impegnato%20a%20Valenzano\" title=\"WhatsApp\" rel=\"nofollow noopener\" target=\"_blank\"><\/a><a class=\"a2a_button_telegram\" href=\"https:\/\/www.addtoany.com\/add_to\/telegram?linkurl=https%3A%2F%2Fturi.lavocedelpaese.info%2Fper-la-prima-del-2026-il-turi-impegnato-a-valenzano%2F&amp;linkname=Per%20la%20prima%20del%202026%20il%20Turi%20impegnato%20a%20Valenzano\" title=\"Telegram\" rel=\"nofollow noopener\" target=\"_blank\"><\/a><a class=\"a2a_button_email\" href=\"https:\/\/www.addtoany.com\/add_to\/email?linkurl=https%3A%2F%2Fturi.lavocedelpaese.info%2Fper-la-prima-del-2026-il-turi-impegnato-a-valenzano%2F&amp;linkname=Per%20la%20prima%20del%202026%20il%20Turi%20impegnato%20a%20Valenzano\" title=\"Email\" rel=\"nofollow noopener\" target=\"_blank\"><\/a><\/p>\n<p>L&#8217;articolo <a href=\"https:\/\/turi.lavocedelpaese.info\/per-la-prima-del-2026-il-turi-impegnato-a-valenzano\/\">Per la prima del 2026 il Turi impegnato a Valenzano<\/a> proviene da <a href=\"https:\/\/turi.lavocedelpaese.info\/\">Turi &#8211; La Voce del Paese<\/a>.<\/p>\n<p>\u00a0<\/p>\n<p>\u00a0<\/p>\n<p>\u200b\u00a0\u00a0\u00a0<\/p>","protected":false},"excerpt":{"rendered":"<p>\u00a0 \u200b\u00a0 \u200b\u00a0 Dopo le due settimane di sosta per le festivit\u00e0 natalizie torna il campionato con la prima giornata<\/p>\n","protected":false},"author":6,"featured_media":730,"comment_status":"open","ping_status":"closed","sticky":false,"template":"","format":"standard","meta":{"colormag_page_container_layout":"default_layout","colormag_page_sidebar_layout":"default_layout","footnotes":""},"categories":[33],"tags":[],"class_list":["post-10448","post","type-post","status-publish","format-standard","has-post-thumbnail","hentry","category-network"],"yoast_head":"<!-- This site is optimized with the Yoast SEO plugin v27.5 - https:\/\/yoast.com\/product\/yoast-seo-wordpress\/ -->\n<title>Per la prima del 2026 il Turi impegnato a Valenzano\u00a0\u200b - La Voce del Paese<\/title>\n<meta name=\"robots\" content=\"index, follow, max-snippet:-1, max-image-preview:large, max-video-preview:-1\" \/>\n<link rel=\"canonical\" href=\"https:\/\/lavocedelpaese.info\/index.php\/2026\/01\/09\/per-la-prima-del-2026-il-turi-impegnato-a-valenzano\/\" \/>\n<meta property=\"og:locale\" content=\"it_IT\" \/>\n<meta property=\"og:type\" content=\"article\" \/>\n<meta property=\"og:title\" content=\"Per la prima del 2026 il Turi impegnato a Valenzano\u00a0\u200b - La Voce del Paese\" \/>\n<meta property=\"og:description\" content=\"\u00a0 \u200b\u00a0 \u200b\u00a0 Dopo le due settimane di sosta per le festivit\u00e0 natalizie torna il campionato con la prima giornata\" \/>\n<meta property=\"og:url\" content=\"https:\/\/lavocedelpaese.info\/index.php\/2026\/01\/09\/per-la-prima-del-2026-il-turi-impegnato-a-valenzano\/\" \/>\n<meta property=\"og:site_name\" content=\"La Voce del Paese\" \/>\n<meta property=\"article:publisher\" content=\"https:\/\/www.facebook.com\/lavocedelpaese.info\" \/>\n<meta property=\"article:published_time\" content=\"2026-01-09T07:20:20+00:00\" \/>\n<meta name=\"author\" content=\"admin\" \/>\n<meta name=\"twitter:card\" content=\"summary_large_image\" \/>\n<meta name=\"twitter:label1\" content=\"Scritto da\" \/>\n\t<meta name=\"twitter:data1\" content=\"admin\" \/>\n\t<meta name=\"twitter:label2\" content=\"Tempo di lettura stimato\" \/>\n\t<meta name=\"twitter:data2\" content=\"2 minuti\" \/>\n<script type=\"application\/ld+json\" class=\"yoast-schema-graph\">{\"@context\":\"https:\\\/\\\/schema.org\",\"@graph\":[{\"@type\":\"Article\",\"@id\":\"https:\\\/\\\/lavocedelpaese.info\\\/index.php\\\/2026\\\/01\\\/09\\\/per-la-prima-del-2026-il-turi-impegnato-a-valenzano\\\/#article\",\"isPartOf\":{\"@id\":\"https:\\\/\\\/lavocedelpaese.info\\\/index.php\\\/2026\\\/01\\\/09\\\/per-la-prima-del-2026-il-turi-impegnato-a-valenzano\\\/\"},\"author\":{\"name\":\"admin\",\"@id\":\"https:\\\/\\\/lavocedelpaese.info\\\/#\\\/schema\\\/person\\\/ec151d321306bd7591f7a061abf72d88\"},\"headline\":\"Per la prima del 2026 il Turi impegnato a Valenzano\u00a0\u200b\",\"datePublished\":\"2026-01-09T07:20:20+00:00\",\"mainEntityOfPage\":{\"@id\":\"https:\\\/\\\/lavocedelpaese.info\\\/index.php\\\/2026\\\/01\\\/09\\\/per-la-prima-del-2026-il-turi-impegnato-a-valenzano\\\/\"},\"wordCount\":365,\"commentCount\":0,\"publisher\":{\"@id\":\"https:\\\/\\\/lavocedelpaese.info\\\/#organization\"},\"image\":{\"@id\":\"https:\\\/\\\/lavocedelpaese.info\\\/index.php\\\/2026\\\/01\\\/09\\\/per-la-prima-del-2026-il-turi-impegnato-a-valenzano\\\/#primaryimage\"},\"thumbnailUrl\":\"https:\\\/\\\/lavocedelpaese.info\\\/wp-content\\\/uploads\\\/2023\\\/01\\\/logo-150-127.png\",\"articleSection\":[\"network\"],\"inLanguage\":\"it-IT\",\"potentialAction\":[{\"@type\":\"CommentAction\",\"name\":\"Comment\",\"target\":[\"https:\\\/\\\/lavocedelpaese.info\\\/index.php\\\/2026\\\/01\\\/09\\\/per-la-prima-del-2026-il-turi-impegnato-a-valenzano\\\/#respond\"]}]},{\"@type\":\"WebPage\",\"@id\":\"https:\\\/\\\/lavocedelpaese.info\\\/index.php\\\/2026\\\/01\\\/09\\\/per-la-prima-del-2026-il-turi-impegnato-a-valenzano\\\/\",\"url\":\"https:\\\/\\\/lavocedelpaese.info\\\/index.php\\\/2026\\\/01\\\/09\\\/per-la-prima-del-2026-il-turi-impegnato-a-valenzano\\\/\",\"name\":\"Per la prima del 2026 il Turi impegnato a Valenzano\u00a0\u200b - La Voce del Paese\",\"isPartOf\":{\"@id\":\"https:\\\/\\\/lavocedelpaese.info\\\/#website\"},\"primaryImageOfPage\":{\"@id\":\"https:\\\/\\\/lavocedelpaese.info\\\/index.php\\\/2026\\\/01\\\/09\\\/per-la-prima-del-2026-il-turi-impegnato-a-valenzano\\\/#primaryimage\"},\"image\":{\"@id\":\"https:\\\/\\\/lavocedelpaese.info\\\/index.php\\\/2026\\\/01\\\/09\\\/per-la-prima-del-2026-il-turi-impegnato-a-valenzano\\\/#primaryimage\"},\"thumbnailUrl\":\"https:\\\/\\\/lavocedelpaese.info\\\/wp-content\\\/uploads\\\/2023\\\/01\\\/logo-150-127.png\",\"datePublished\":\"2026-01-09T07:20:20+00:00\",\"breadcrumb\":{\"@id\":\"https:\\\/\\\/lavocedelpaese.info\\\/index.php\\\/2026\\\/01\\\/09\\\/per-la-prima-del-2026-il-turi-impegnato-a-valenzano\\\/#breadcrumb\"},\"inLanguage\":\"it-IT\",\"potentialAction\":[{\"@type\":\"ReadAction\",\"target\":[\"https:\\\/\\\/lavocedelpaese.info\\\/index.php\\\/2026\\\/01\\\/09\\\/per-la-prima-del-2026-il-turi-impegnato-a-valenzano\\\/\"]}]},{\"@type\":\"ImageObject\",\"inLanguage\":\"it-IT\",\"@id\":\"https:\\\/\\\/lavocedelpaese.info\\\/index.php\\\/2026\\\/01\\\/09\\\/per-la-prima-del-2026-il-turi-impegnato-a-valenzano\\\/#primaryimage\",\"url\":\"https:\\\/\\\/lavocedelpaese.info\\\/wp-content\\\/uploads\\\/2023\\\/01\\\/logo-150-127.png\",\"contentUrl\":\"https:\\\/\\\/lavocedelpaese.info\\\/wp-content\\\/uploads\\\/2023\\\/01\\\/logo-150-127.png\",\"width\":150,\"height\":127},{\"@type\":\"BreadcrumbList\",\"@id\":\"https:\\\/\\\/lavocedelpaese.info\\\/index.php\\\/2026\\\/01\\\/09\\\/per-la-prima-del-2026-il-turi-impegnato-a-valenzano\\\/#breadcrumb\",\"itemListElement\":[{\"@type\":\"ListItem\",\"position\":1,\"name\":\"Home\",\"item\":\"https:\\\/\\\/lavocedelpaese.info\\\/\"},{\"@type\":\"ListItem\",\"position\":2,\"name\":\"Per la prima del 2026 il Turi impegnato a Valenzano\u00a0\u200b\"}]},{\"@type\":\"WebSite\",\"@id\":\"https:\\\/\\\/lavocedelpaese.info\\\/#website\",\"url\":\"https:\\\/\\\/lavocedelpaese.info\\\/\",\"name\":\"La Voce del Paese\",\"description\":\"Un network di idee\",\"publisher\":{\"@id\":\"https:\\\/\\\/lavocedelpaese.info\\\/#organization\"},\"potentialAction\":[{\"@type\":\"SearchAction\",\"target\":{\"@type\":\"EntryPoint\",\"urlTemplate\":\"https:\\\/\\\/lavocedelpaese.info\\\/?s={search_term_string}\"},\"query-input\":{\"@type\":\"PropertyValueSpecification\",\"valueRequired\":true,\"valueName\":\"search_term_string\"}}],\"inLanguage\":\"it-IT\"},{\"@type\":\"Organization\",\"@id\":\"https:\\\/\\\/lavocedelpaese.info\\\/#organization\",\"name\":\"La Voce del Paese\",\"url\":\"https:\\\/\\\/lavocedelpaese.info\\\/\",\"logo\":{\"@type\":\"ImageObject\",\"inLanguage\":\"it-IT\",\"@id\":\"https:\\\/\\\/lavocedelpaese.info\\\/#\\\/schema\\\/logo\\\/image\\\/\",\"url\":\"https:\\\/\\\/lavocedelpaese.info\\\/wp-content\\\/uploads\\\/2023\\\/01\\\/cropped-logo-150-127.png\",\"contentUrl\":\"https:\\\/\\\/lavocedelpaese.info\\\/wp-content\\\/uploads\\\/2023\\\/01\\\/cropped-logo-150-127.png\",\"width\":137,\"height\":119,\"caption\":\"La Voce del Paese\"},\"image\":{\"@id\":\"https:\\\/\\\/lavocedelpaese.info\\\/#\\\/schema\\\/logo\\\/image\\\/\"},\"sameAs\":[\"https:\\\/\\\/www.facebook.com\\\/lavocedelpaese.info\"]},{\"@type\":\"Person\",\"@id\":\"https:\\\/\\\/lavocedelpaese.info\\\/#\\\/schema\\\/person\\\/ec151d321306bd7591f7a061abf72d88\",\"name\":\"admin\",\"image\":{\"@type\":\"ImageObject\",\"inLanguage\":\"it-IT\",\"@id\":\"https:\\\/\\\/secure.gravatar.com\\\/avatar\\\/af8f2caf0663124588de48a9380e07cbc95a74ef15b8062d0d39106c32fe3023?s=96&d=mm&r=g\",\"url\":\"https:\\\/\\\/secure.gravatar.com\\\/avatar\\\/af8f2caf0663124588de48a9380e07cbc95a74ef15b8062d0d39106c32fe3023?s=96&d=mm&r=g\",\"contentUrl\":\"https:\\\/\\\/secure.gravatar.com\\\/avatar\\\/af8f2caf0663124588de48a9380e07cbc95a74ef15b8062d0d39106c32fe3023?s=96&d=mm&r=g\",\"caption\":\"admin\"},\"sameAs\":[\"https:\\\/\\\/lavocedelpaese.info\"],\"url\":\"https:\\\/\\\/lavocedelpaese.info\\\/index.php\\\/author\\\/admin\\\/\"}]}<\/script>\n<!-- \/ Yoast SEO plugin. -->","yoast_head_json":{"title":"Per la prima del 2026 il Turi impegnato a Valenzano\u00a0\u200b - La Voce del Paese","robots":{"index":"index","follow":"follow","max-snippet":"max-snippet:-1","max-image-preview":"max-image-preview:large","max-video-preview":"max-video-preview:-1"},"canonical":"https:\/\/lavocedelpaese.info\/index.php\/2026\/01\/09\/per-la-prima-del-2026-il-turi-impegnato-a-valenzano\/","og_locale":"it_IT","og_type":"article","og_title":"Per la prima del 2026 il Turi impegnato a Valenzano\u00a0\u200b - La Voce del Paese","og_description":"\u00a0 \u200b\u00a0 \u200b\u00a0 Dopo le due settimane di sosta per le festivit\u00e0 natalizie torna il campionato con la prima giornata","og_url":"https:\/\/lavocedelpaese.info\/index.php\/2026\/01\/09\/per-la-prima-del-2026-il-turi-impegnato-a-valenzano\/","og_site_name":"La Voce del Paese","article_publisher":"https:\/\/www.facebook.com\/lavocedelpaese.info","article_published_time":"2026-01-09T07:20:20+00:00","author":"admin","twitter_card":"summary_large_image","twitter_misc":{"Scritto da":"admin","Tempo di lettura stimato":"2 minuti"},"schema":{"@context":"https:\/\/schema.org","@graph":[{"@type":"Article","@id":"https:\/\/lavocedelpaese.info\/index.php\/2026\/01\/09\/per-la-prima-del-2026-il-turi-impegnato-a-valenzano\/#article","isPartOf":{"@id":"https:\/\/lavocedelpaese.info\/index.php\/2026\/01\/09\/per-la-prima-del-2026-il-turi-impegnato-a-valenzano\/"},"author":{"name":"admin","@id":"https:\/\/lavocedelpaese.info\/#\/schema\/person\/ec151d321306bd7591f7a061abf72d88"},"headline":"Per la prima del 2026 il Turi impegnato a Valenzano\u00a0\u200b","datePublished":"2026-01-09T07:20:20+00:00","mainEntityOfPage":{"@id":"https:\/\/lavocedelpaese.info\/index.php\/2026\/01\/09\/per-la-prima-del-2026-il-turi-impegnato-a-valenzano\/"},"wordCount":365,"commentCount":0,"publisher":{"@id":"https:\/\/lavocedelpaese.info\/#organization"},"image":{"@id":"https:\/\/lavocedelpaese.info\/index.php\/2026\/01\/09\/per-la-prima-del-2026-il-turi-impegnato-a-valenzano\/#primaryimage"},"thumbnailUrl":"https:\/\/lavocedelpaese.info\/wp-content\/uploads\/2023\/01\/logo-150-127.png","articleSection":["network"],"inLanguage":"it-IT","potentialAction":[{"@type":"CommentAction","name":"Comment","target":["https:\/\/lavocedelpaese.info\/index.php\/2026\/01\/09\/per-la-prima-del-2026-il-turi-impegnato-a-valenzano\/#respond"]}]},{"@type":"WebPage","@id":"https:\/\/lavocedelpaese.info\/index.php\/2026\/01\/09\/per-la-prima-del-2026-il-turi-impegnato-a-valenzano\/","url":"https:\/\/lavocedelpaese.info\/index.php\/2026\/01\/09\/per-la-prima-del-2026-il-turi-impegnato-a-valenzano\/","name":"Per la prima del 2026 il Turi impegnato a Valenzano\u00a0\u200b - La Voce del Paese","isPartOf":{"@id":"https:\/\/lavocedelpaese.info\/#website"},"primaryImageOfPage":{"@id":"https:\/\/lavocedelpaese.info\/index.php\/2026\/01\/09\/per-la-prima-del-2026-il-turi-impegnato-a-valenzano\/#primaryimage"},"image":{"@id":"https:\/\/lavocedelpaese.info\/index.php\/2026\/01\/09\/per-la-prima-del-2026-il-turi-impegnato-a-valenzano\/#primaryimage"},"thumbnailUrl":"https:\/\/lavocedelpaese.info\/wp-content\/uploads\/2023\/01\/logo-150-127.png","datePublished":"2026-01-09T07:20:20+00:00","breadcrumb":{"@id":"https:\/\/lavocedelpaese.info\/index.php\/2026\/01\/09\/per-la-prima-del-2026-il-turi-impegnato-a-valenzano\/#breadcrumb"},"inLanguage":"it-IT","potentialAction":[{"@type":"ReadAction","target":["https:\/\/lavocedelpaese.info\/index.php\/2026\/01\/09\/per-la-prima-del-2026-il-turi-impegnato-a-valenzano\/"]}]},{"@type":"ImageObject","inLanguage":"it-IT","@id":"https:\/\/lavocedelpaese.info\/index.php\/2026\/01\/09\/per-la-prima-del-2026-il-turi-impegnato-a-valenzano\/#primaryimage","url":"https:\/\/lavocedelpaese.info\/wp-content\/uploads\/2023\/01\/logo-150-127.png","contentUrl":"https:\/\/lavocedelpaese.info\/wp-content\/uploads\/2023\/01\/logo-150-127.png","width":150,"height":127},{"@type":"BreadcrumbList","@id":"https:\/\/lavocedelpaese.info\/index.php\/2026\/01\/09\/per-la-prima-del-2026-il-turi-impegnato-a-valenzano\/#breadcrumb","itemListElement":[{"@type":"ListItem","position":1,"name":"Home","item":"https:\/\/lavocedelpaese.info\/"},{"@type":"ListItem","position":2,"name":"Per la prima del 2026 il Turi impegnato a Valenzano\u00a0\u200b"}]},{"@type":"WebSite","@id":"https:\/\/lavocedelpaese.info\/#website","url":"https:\/\/lavocedelpaese.info\/","name":"La Voce del Paese","description":"Un network di idee","publisher":{"@id":"https:\/\/lavocedelpaese.info\/#organization"},"potentialAction":[{"@type":"SearchAction","target":{"@type":"EntryPoint","urlTemplate":"https:\/\/lavocedelpaese.info\/?s={search_term_string}"},"query-input":{"@type":"PropertyValueSpecification","valueRequired":true,"valueName":"search_term_string"}}],"inLanguage":"it-IT"},{"@type":"Organization","@id":"https:\/\/lavocedelpaese.info\/#organization","name":"La Voce del Paese","url":"https:\/\/lavocedelpaese.info\/","logo":{"@type":"ImageObject","inLanguage":"it-IT","@id":"https:\/\/lavocedelpaese.info\/#\/schema\/logo\/image\/","url":"https:\/\/lavocedelpaese.info\/wp-content\/uploads\/2023\/01\/cropped-logo-150-127.png","contentUrl":"https:\/\/lavocedelpaese.info\/wp-content\/uploads\/2023\/01\/cropped-logo-150-127.png","width":137,"height":119,"caption":"La Voce del Paese"},"image":{"@id":"https:\/\/lavocedelpaese.info\/#\/schema\/logo\/image\/"},"sameAs":["https:\/\/www.facebook.com\/lavocedelpaese.info"]},{"@type":"Person","@id":"https:\/\/lavocedelpaese.info\/#\/schema\/person\/ec151d321306bd7591f7a061abf72d88","name":"admin","image":{"@type":"ImageObject","inLanguage":"it-IT","@id":"https:\/\/secure.gravatar.com\/avatar\/af8f2caf0663124588de48a9380e07cbc95a74ef15b8062d0d39106c32fe3023?s=96&d=mm&r=g","url":"https:\/\/secure.gravatar.com\/avatar\/af8f2caf0663124588de48a9380e07cbc95a74ef15b8062d0d39106c32fe3023?s=96&d=mm&r=g","contentUrl":"https:\/\/secure.gravatar.com\/avatar\/af8f2caf0663124588de48a9380e07cbc95a74ef15b8062d0d39106c32fe3023?s=96&d=mm&r=g","caption":"admin"},"sameAs":["https:\/\/lavocedelpaese.info"],"url":"https:\/\/lavocedelpaese.info\/index.php\/author\/admin\/"}]}},"_links":{"self":[{"href":"https:\/\/lavocedelpaese.info\/index.php\/wp-json\/wp\/v2\/posts\/10448","targetHints":{"allow":["GET"]}}],"collection":[{"href":"https:\/\/lavocedelpaese.info\/index.php\/wp-json\/wp\/v2\/posts"}],"about":[{"href":"https:\/\/lavocedelpaese.info\/index.php\/wp-json\/wp\/v2\/types\/post"}],"author":[{"embeddable":true,"href":"https:\/\/lavocedelpaese.info\/index.php\/wp-json\/wp\/v2\/users\/6"}],"replies":[{"embeddable":true,"href":"https:\/\/lavocedelpaese.info\/index.php\/wp-json\/wp\/v2\/comments?post=10448"}],"version-history":[{"count":0,"href":"https:\/\/lavocedelpaese.info\/index.php\/wp-json\/wp\/v2\/posts\/10448\/revisions"}],"wp:featuredmedia":[{"embeddable":true,"href":"https:\/\/lavocedelpaese.info\/index.php\/wp-json\/wp\/v2\/media\/730"}],"wp:attachment":[{"href":"https:\/\/lavocedelpaese.info\/index.php\/wp-json\/wp\/v2\/media?parent=10448"}],"wp:term":[{"taxonomy":"category","embeddable":true,"href":"https:\/\/lavocedelpaese.info\/index.php\/wp-json\/wp\/v2\/categories?post=10448"},{"taxonomy":"post_tag","embeddable":true,"href":"https:\/\/lavocedelpaese.info\/index.php\/wp-json\/wp\/v2\/tags?post=10448"}],"curies":[{"name":"wp","href":"https:\/\/api.w.org\/{rel}","templated":true}]}}