{"id":10439,"date":"2026-01-07T09:16:07","date_gmt":"2026-01-07T09:16:07","guid":{"rendered":"https:\/\/lavocedelpaese.info\/index.php\/2026\/01\/07\/laltare-della-ss-ma-trinita-torna-al-suo-antico-splendore-nella-chiesa-madre\/"},"modified":"2026-01-07T09:16:07","modified_gmt":"2026-01-07T09:16:07","slug":"laltare-della-ss-ma-trinita-torna-al-suo-antico-splendore-nella-chiesa-madre","status":"publish","type":"post","link":"https:\/\/lavocedelpaese.info\/index.php\/2026\/01\/07\/laltare-della-ss-ma-trinita-torna-al-suo-antico-splendore-nella-chiesa-madre\/","title":{"rendered":"L\u2019Altare della SS.ma Trinit\u00e0 torna al suo antico splendore nella Chiesa Madre\u00a0\u200b"},"content":{"rendered":"<p>\u00a0<\/p>\n<p>\u200b\u00a0<\/p>\n<p>\u200b\u00a0<\/p>\n<div><\/div>\n<p>Il 5 gennaio 2026, alle ore 19:00, la comunit\u00e0 di Turi ha celebrato un momento di eccezionale valore storico e spirituale: la riconsegna dell\u2019Altare della SS.ma Trinit\u00e0 presso la Chiesa Madre. Dopo un meticoloso intervento di recupero, questo capolavoro torna a risplendere nel suo \u201cscrigno\u201d originale, restituendo alla citt\u00e0 un tassello fondamentale del suo patrimonio artistico.<\/p>\n<figure class=\"wp-block-image size-full\"><img decoding=\"async\" width=\"1068\" height=\"1600\" src=\"https:\/\/turi.lavocedelpaese.info\/wp-content\/uploads\/2026\/01\/WhatsApp-Image-2026-01-06-at-11.12.52.jpeg\" alt=\"\" class=\"wp-image-8156\"\/><\/figure>\n<h4 class=\"wp-block-heading\"><strong>Un restauro tra devozione e maestria<\/strong><\/h4>\n<p>Le operazioni di recupero, descritte come delicate e impegnative, sono state condotte dai restauratori sotto la guida della dott.ssa <strong>Rosanna Virginia Guglielmo<\/strong>. Il progetto \u00e8 stato reso possibile grazie al sostegno dell\u2019<strong>associazione \u201cCultura e Armonia\u201d <\/strong>e di <strong>Willy Green Technology<\/strong>, il cui impegno ha permesso di riportare alla luce le cromie originali dell\u2019opera, considerate un vero vanto per l\u2019intera cittadinanza. Come sottolineato da <strong>Emanuele Ventura<\/strong>, presidente onorario dell\u2019associazione, il restauro non \u00e8 solo un atto tecnico, ma un modo per salvaguardare la storia e l\u2019identit\u00e0 collettiva.<\/p>\n<figure class=\"wp-block-image size-full\"><img decoding=\"async\" width=\"1600\" height=\"1068\" src=\"https:\/\/turi.lavocedelpaese.info\/wp-content\/uploads\/2026\/01\/WhatsApp-Image-2026-01-06-at-11.14.21.jpeg\" alt=\"\" class=\"wp-image-8159\"\/><\/figure>\n<figure class=\"wp-block-image size-full\"><img decoding=\"async\" width=\"1600\" height=\"1068\" src=\"https:\/\/turi.lavocedelpaese.info\/wp-content\/uploads\/2026\/01\/WhatsApp-Image-2026-01-06-at-11.13.28.jpeg\" alt=\"\" class=\"wp-image-8157\"\/><\/figure>\n<h4 class=\"wp-block-heading\"><strong>Il gioiello di Stefano da Putignano<\/strong><\/h4>\n<p>Il cuore dell\u2019altare \u00e8 costituito dal pregevole gruppo scultoreo in pietra policroma realizzato nel 1520 dal celebre artista rinascimentale Stefano da Putignano. L\u2019opera raffigura la Santissima Trinit\u00e0: Dio Padre \u00e8 rappresentato come un vegliardo pensoso che sorregge con entrambe le braccia la Croce a cui \u00e8 inchiodato il Cristo, mentre la colomba dello Spirito Santo \u00e8 posta tra l\u2019Eterno e l\u2019apice del braccio lungo della croce.<\/p>\n<p>Secondo la studiosa <strong>Clara Gelao<\/strong>, l\u2019iconografia richiama modelli di natura veneta e nordica, spiegabili attraverso i fitti scambi commerciali che legavano la Puglia alla \u201cSerenissima\u201d. Intorno a questo nucleo centrale si sviluppa una sontuosa \u201cmacchina\u201d in legno policromo del 1741, commissionata dai fratelli De Pau(lo) per rinnovare il prestigio della loro casata e onorare la devozione ai Santi Martiri Vito e Lucia, le cui effigi in stile bizantino ornano le nicchie laterali.<\/p>\n<figure class=\"wp-block-image size-full\"><img decoding=\"async\" loading=\"lazy\" width=\"1600\" height=\"1068\" src=\"https:\/\/turi.lavocedelpaese.info\/wp-content\/uploads\/2026\/01\/WhatsApp-Image-2026-01-06-at-11.10.38.jpeg\" alt=\"\" class=\"wp-image-8155\"\/><\/figure>\n<h4 class=\"wp-block-heading\"><strong>Un dono per la comunit\u00e0<\/strong><\/h4>\n<p>L\u2019arciprete <strong>don Luciano Rotolo<\/strong> ha evidenziato come il ritorno dell\u2019opera rappresenti una rinascita non solo della materia, ma anche della spiritualit\u00e0 e del senso di appartenenza della comunit\u00e0 turese. L\u2019altare, situato nella cappella edificata originariamente nel 1506 per volere di don Vito De Pau(lo), torna a essere una \u201cstrada privilegiata\u201d per contemplare l\u2019arte e la fede.<\/p>\n<p>Alla cerimonia di inaugurazione sono intervenute le autorit\u00e0 religiose e civili, tra cui il Vescovo della Diocesi di Conversano-Monopoli, S. Ecc.za Rev.ma Mons. <strong>Giuseppe Favale<\/strong> e la dott.ssa <strong>Valentina Gaudio<\/strong> rappresentante della Soprintendenza Citt\u00e0 Metropolitana di Bari.<\/p>\n<p>Il ritorno di quest\u2019opera d\u2019arte alla sua bellezza originaria \u00e8 come il risveglio di una memoria antica che torna a parlare con colori vividi, agendo da ponte tra il talento dei maestri del passato e la devozione del presente.<\/p>\n<figure class=\"wp-block-image size-full\"><img decoding=\"async\" loading=\"lazy\" width=\"1068\" height=\"1600\" src=\"https:\/\/turi.lavocedelpaese.info\/wp-content\/uploads\/2026\/01\/WhatsApp-Image-2026-01-06-at-11.36.29.jpeg\" alt=\"\" class=\"wp-image-8158\"\/><\/figure>\n<figure class=\"wp-block-image size-full\"><img decoding=\"async\" loading=\"lazy\" width=\"1068\" height=\"1600\" src=\"https:\/\/turi.lavocedelpaese.info\/wp-content\/uploads\/2026\/01\/WhatsApp-Image-2026-01-06-at-11.36.57.jpeg\" alt=\"\" class=\"wp-image-8154\"\/><\/figure>\n<figure class=\"wp-block-gallery has-nested-images columns-1 is-cropped wp-block-gallery-1 is-layout-flex wp-block-gallery-is-layout-flex\">\n<figure class=\"wp-block-image size-large\"><img decoding=\"async\" loading=\"lazy\" width=\"1600\" height=\"1068\" data-id=\"8160\" src=\"https:\/\/turi.lavocedelpaese.info\/wp-content\/uploads\/2026\/01\/WhatsApp-Image-2026-01-06-at-11.39.25.jpeg\" alt=\"\" class=\"wp-image-8160\"\/><\/figure>\n<\/figure>\n<p><a class=\"a2a_button_facebook\" href=\"https:\/\/www.addtoany.com\/add_to\/facebook?linkurl=https%3A%2F%2Fturi.lavocedelpaese.info%2Flaltare-della-ss-ma-trinita-torna-al-suo-antico-splendore-nella-chiesa-madre%2F&amp;linkname=L%E2%80%99Altare%20della%20SS.ma%20Trinit%C3%A0%20torna%20al%20suo%20antico%20splendore%20nella%20Chiesa%20Madre\" title=\"Facebook\" rel=\"nofollow noopener\" target=\"_blank\"><\/a><a class=\"a2a_button_twitter\" href=\"https:\/\/www.addtoany.com\/add_to\/twitter?linkurl=https%3A%2F%2Fturi.lavocedelpaese.info%2Flaltare-della-ss-ma-trinita-torna-al-suo-antico-splendore-nella-chiesa-madre%2F&amp;linkname=L%E2%80%99Altare%20della%20SS.ma%20Trinit%C3%A0%20torna%20al%20suo%20antico%20splendore%20nella%20Chiesa%20Madre\" title=\"Twitter\" rel=\"nofollow noopener\" target=\"_blank\"><\/a><a class=\"a2a_button_whatsapp\" href=\"https:\/\/www.addtoany.com\/add_to\/whatsapp?linkurl=https%3A%2F%2Fturi.lavocedelpaese.info%2Flaltare-della-ss-ma-trinita-torna-al-suo-antico-splendore-nella-chiesa-madre%2F&amp;linkname=L%E2%80%99Altare%20della%20SS.ma%20Trinit%C3%A0%20torna%20al%20suo%20antico%20splendore%20nella%20Chiesa%20Madre\" title=\"WhatsApp\" rel=\"nofollow noopener\" target=\"_blank\"><\/a><a class=\"a2a_button_telegram\" href=\"https:\/\/www.addtoany.com\/add_to\/telegram?linkurl=https%3A%2F%2Fturi.lavocedelpaese.info%2Flaltare-della-ss-ma-trinita-torna-al-suo-antico-splendore-nella-chiesa-madre%2F&amp;linkname=L%E2%80%99Altare%20della%20SS.ma%20Trinit%C3%A0%20torna%20al%20suo%20antico%20splendore%20nella%20Chiesa%20Madre\" title=\"Telegram\" rel=\"nofollow noopener\" target=\"_blank\"><\/a><a class=\"a2a_button_email\" href=\"https:\/\/www.addtoany.com\/add_to\/email?linkurl=https%3A%2F%2Fturi.lavocedelpaese.info%2Flaltare-della-ss-ma-trinita-torna-al-suo-antico-splendore-nella-chiesa-madre%2F&amp;linkname=L%E2%80%99Altare%20della%20SS.ma%20Trinit%C3%A0%20torna%20al%20suo%20antico%20splendore%20nella%20Chiesa%20Madre\" title=\"Email\" rel=\"nofollow noopener\" target=\"_blank\"><\/a><\/p>\n<p>L&#8217;articolo <a href=\"https:\/\/turi.lavocedelpaese.info\/laltare-della-ss-ma-trinita-torna-al-suo-antico-splendore-nella-chiesa-madre\/\">L\u2019Altare della SS.ma Trinit\u00e0 torna al suo antico splendore nella Chiesa Madre<\/a> proviene da <a href=\"https:\/\/turi.lavocedelpaese.info\/\">Turi &#8211; La Voce del Paese<\/a>.<\/p>\n<p>\u00a0<\/p>\n<p>\u00a0<\/p>\n<p>\u200b\u00a0\u00a0\u00a0<\/p>","protected":false},"excerpt":{"rendered":"<p>\u00a0 \u200b\u00a0 \u200b\u00a0 Il 5 gennaio 2026, alle ore 19:00, la comunit\u00e0 di Turi ha celebrato un momento di eccezionale<\/p>\n","protected":false},"author":6,"featured_media":10440,"comment_status":"open","ping_status":"closed","sticky":false,"template":"","format":"standard","meta":{"colormag_page_container_layout":"default_layout","colormag_page_sidebar_layout":"default_layout","footnotes":""},"categories":[33],"tags":[],"class_list":["post-10439","post","type-post","status-publish","format-standard","has-post-thumbnail","hentry","category-network"],"yoast_head":"<!-- This site is optimized with the Yoast SEO plugin v27.5 - https:\/\/yoast.com\/product\/yoast-seo-wordpress\/ -->\n<title>L\u2019Altare della SS.ma Trinit\u00e0 torna al suo antico splendore nella Chiesa Madre\u00a0\u200b - La Voce del Paese<\/title>\n<meta name=\"robots\" content=\"index, follow, max-snippet:-1, max-image-preview:large, max-video-preview:-1\" \/>\n<link rel=\"canonical\" href=\"https:\/\/lavocedelpaese.info\/index.php\/2026\/01\/07\/laltare-della-ss-ma-trinita-torna-al-suo-antico-splendore-nella-chiesa-madre\/\" \/>\n<meta property=\"og:locale\" content=\"it_IT\" \/>\n<meta property=\"og:type\" content=\"article\" \/>\n<meta property=\"og:title\" content=\"L\u2019Altare della SS.ma Trinit\u00e0 torna al suo antico splendore nella Chiesa Madre\u00a0\u200b - La Voce del Paese\" \/>\n<meta property=\"og:description\" content=\"\u00a0 \u200b\u00a0 \u200b\u00a0 Il 5 gennaio 2026, alle ore 19:00, la comunit\u00e0 di Turi ha celebrato un momento di eccezionale\" \/>\n<meta property=\"og:url\" content=\"https:\/\/lavocedelpaese.info\/index.php\/2026\/01\/07\/laltare-della-ss-ma-trinita-torna-al-suo-antico-splendore-nella-chiesa-madre\/\" \/>\n<meta property=\"og:site_name\" content=\"La Voce del Paese\" \/>\n<meta property=\"article:publisher\" content=\"https:\/\/www.facebook.com\/lavocedelpaese.info\" \/>\n<meta property=\"article:published_time\" content=\"2026-01-07T09:16:07+00:00\" \/>\n<meta property=\"og:image\" content=\"https:\/\/lavocedelpaese.info\/wp-content\/uploads\/2024\/10\/intercultura-pertini-1-1024x714-RLJViQ.jpeg\" \/>\n\t<meta property=\"og:image:width\" content=\"1000\" \/>\n\t<meta property=\"og:image:height\" content=\"697\" \/>\n\t<meta property=\"og:image:type\" content=\"image\/jpeg\" \/>\n<meta name=\"author\" content=\"admin\" \/>\n<meta name=\"twitter:card\" content=\"summary_large_image\" \/>\n<meta name=\"twitter:label1\" content=\"Scritto da\" \/>\n\t<meta name=\"twitter:data1\" content=\"admin\" \/>\n\t<meta name=\"twitter:label2\" content=\"Tempo di lettura stimato\" \/>\n\t<meta name=\"twitter:data2\" content=\"2 minuti\" \/>\n<script type=\"application\/ld+json\" class=\"yoast-schema-graph\">{\"@context\":\"https:\\\/\\\/schema.org\",\"@graph\":[{\"@type\":\"Article\",\"@id\":\"https:\\\/\\\/lavocedelpaese.info\\\/index.php\\\/2026\\\/01\\\/07\\\/laltare-della-ss-ma-trinita-torna-al-suo-antico-splendore-nella-chiesa-madre\\\/#article\",\"isPartOf\":{\"@id\":\"https:\\\/\\\/lavocedelpaese.info\\\/index.php\\\/2026\\\/01\\\/07\\\/laltare-della-ss-ma-trinita-torna-al-suo-antico-splendore-nella-chiesa-madre\\\/\"},\"author\":{\"name\":\"admin\",\"@id\":\"https:\\\/\\\/lavocedelpaese.info\\\/#\\\/schema\\\/person\\\/ec151d321306bd7591f7a061abf72d88\"},\"headline\":\"L\u2019Altare della SS.ma Trinit\u00e0 torna al suo antico splendore nella Chiesa Madre\u00a0\u200b\",\"datePublished\":\"2026-01-07T09:16:07+00:00\",\"mainEntityOfPage\":{\"@id\":\"https:\\\/\\\/lavocedelpaese.info\\\/index.php\\\/2026\\\/01\\\/07\\\/laltare-della-ss-ma-trinita-torna-al-suo-antico-splendore-nella-chiesa-madre\\\/\"},\"wordCount\":478,\"commentCount\":0,\"publisher\":{\"@id\":\"https:\\\/\\\/lavocedelpaese.info\\\/#organization\"},\"image\":{\"@id\":\"https:\\\/\\\/lavocedelpaese.info\\\/index.php\\\/2026\\\/01\\\/07\\\/laltare-della-ss-ma-trinita-torna-al-suo-antico-splendore-nella-chiesa-madre\\\/#primaryimage\"},\"thumbnailUrl\":\"https:\\\/\\\/lavocedelpaese.info\\\/wp-content\\\/uploads\\\/2026\\\/01\\\/WhatsApp-Image-2026-01-06-at-11.12.52-PLgaoj.jpg\",\"articleSection\":[\"network\"],\"inLanguage\":\"it-IT\",\"potentialAction\":[{\"@type\":\"CommentAction\",\"name\":\"Comment\",\"target\":[\"https:\\\/\\\/lavocedelpaese.info\\\/index.php\\\/2026\\\/01\\\/07\\\/laltare-della-ss-ma-trinita-torna-al-suo-antico-splendore-nella-chiesa-madre\\\/#respond\"]}]},{\"@type\":\"WebPage\",\"@id\":\"https:\\\/\\\/lavocedelpaese.info\\\/index.php\\\/2026\\\/01\\\/07\\\/laltare-della-ss-ma-trinita-torna-al-suo-antico-splendore-nella-chiesa-madre\\\/\",\"url\":\"https:\\\/\\\/lavocedelpaese.info\\\/index.php\\\/2026\\\/01\\\/07\\\/laltare-della-ss-ma-trinita-torna-al-suo-antico-splendore-nella-chiesa-madre\\\/\",\"name\":\"L\u2019Altare della SS.ma Trinit\u00e0 torna al suo antico splendore nella Chiesa Madre\u00a0\u200b - La Voce del Paese\",\"isPartOf\":{\"@id\":\"https:\\\/\\\/lavocedelpaese.info\\\/#website\"},\"primaryImageOfPage\":{\"@id\":\"https:\\\/\\\/lavocedelpaese.info\\\/index.php\\\/2026\\\/01\\\/07\\\/laltare-della-ss-ma-trinita-torna-al-suo-antico-splendore-nella-chiesa-madre\\\/#primaryimage\"},\"image\":{\"@id\":\"https:\\\/\\\/lavocedelpaese.info\\\/index.php\\\/2026\\\/01\\\/07\\\/laltare-della-ss-ma-trinita-torna-al-suo-antico-splendore-nella-chiesa-madre\\\/#primaryimage\"},\"thumbnailUrl\":\"https:\\\/\\\/lavocedelpaese.info\\\/wp-content\\\/uploads\\\/2026\\\/01\\\/WhatsApp-Image-2026-01-06-at-11.12.52-PLgaoj.jpg\",\"datePublished\":\"2026-01-07T09:16:07+00:00\",\"breadcrumb\":{\"@id\":\"https:\\\/\\\/lavocedelpaese.info\\\/index.php\\\/2026\\\/01\\\/07\\\/laltare-della-ss-ma-trinita-torna-al-suo-antico-splendore-nella-chiesa-madre\\\/#breadcrumb\"},\"inLanguage\":\"it-IT\",\"potentialAction\":[{\"@type\":\"ReadAction\",\"target\":[\"https:\\\/\\\/lavocedelpaese.info\\\/index.php\\\/2026\\\/01\\\/07\\\/laltare-della-ss-ma-trinita-torna-al-suo-antico-splendore-nella-chiesa-madre\\\/\"]}]},{\"@type\":\"ImageObject\",\"inLanguage\":\"it-IT\",\"@id\":\"https:\\\/\\\/lavocedelpaese.info\\\/index.php\\\/2026\\\/01\\\/07\\\/laltare-della-ss-ma-trinita-torna-al-suo-antico-splendore-nella-chiesa-madre\\\/#primaryimage\",\"url\":\"https:\\\/\\\/lavocedelpaese.info\\\/wp-content\\\/uploads\\\/2026\\\/01\\\/WhatsApp-Image-2026-01-06-at-11.12.52-PLgaoj.jpg\",\"contentUrl\":\"https:\\\/\\\/lavocedelpaese.info\\\/wp-content\\\/uploads\\\/2026\\\/01\\\/WhatsApp-Image-2026-01-06-at-11.12.52-PLgaoj.jpg\",\"width\":534,\"height\":800},{\"@type\":\"BreadcrumbList\",\"@id\":\"https:\\\/\\\/lavocedelpaese.info\\\/index.php\\\/2026\\\/01\\\/07\\\/laltare-della-ss-ma-trinita-torna-al-suo-antico-splendore-nella-chiesa-madre\\\/#breadcrumb\",\"itemListElement\":[{\"@type\":\"ListItem\",\"position\":1,\"name\":\"Home\",\"item\":\"https:\\\/\\\/lavocedelpaese.info\\\/\"},{\"@type\":\"ListItem\",\"position\":2,\"name\":\"L\u2019Altare della SS.ma Trinit\u00e0 torna al suo antico splendore nella Chiesa Madre\u00a0\u200b\"}]},{\"@type\":\"WebSite\",\"@id\":\"https:\\\/\\\/lavocedelpaese.info\\\/#website\",\"url\":\"https:\\\/\\\/lavocedelpaese.info\\\/\",\"name\":\"La Voce del Paese\",\"description\":\"Un network di idee\",\"publisher\":{\"@id\":\"https:\\\/\\\/lavocedelpaese.info\\\/#organization\"},\"potentialAction\":[{\"@type\":\"SearchAction\",\"target\":{\"@type\":\"EntryPoint\",\"urlTemplate\":\"https:\\\/\\\/lavocedelpaese.info\\\/?s={search_term_string}\"},\"query-input\":{\"@type\":\"PropertyValueSpecification\",\"valueRequired\":true,\"valueName\":\"search_term_string\"}}],\"inLanguage\":\"it-IT\"},{\"@type\":\"Organization\",\"@id\":\"https:\\\/\\\/lavocedelpaese.info\\\/#organization\",\"name\":\"La Voce del Paese\",\"url\":\"https:\\\/\\\/lavocedelpaese.info\\\/\",\"logo\":{\"@type\":\"ImageObject\",\"inLanguage\":\"it-IT\",\"@id\":\"https:\\\/\\\/lavocedelpaese.info\\\/#\\\/schema\\\/logo\\\/image\\\/\",\"url\":\"https:\\\/\\\/lavocedelpaese.info\\\/wp-content\\\/uploads\\\/2023\\\/01\\\/cropped-logo-150-127.png\",\"contentUrl\":\"https:\\\/\\\/lavocedelpaese.info\\\/wp-content\\\/uploads\\\/2023\\\/01\\\/cropped-logo-150-127.png\",\"width\":137,\"height\":119,\"caption\":\"La Voce del Paese\"},\"image\":{\"@id\":\"https:\\\/\\\/lavocedelpaese.info\\\/#\\\/schema\\\/logo\\\/image\\\/\"},\"sameAs\":[\"https:\\\/\\\/www.facebook.com\\\/lavocedelpaese.info\"]},{\"@type\":\"Person\",\"@id\":\"https:\\\/\\\/lavocedelpaese.info\\\/#\\\/schema\\\/person\\\/ec151d321306bd7591f7a061abf72d88\",\"name\":\"admin\",\"image\":{\"@type\":\"ImageObject\",\"inLanguage\":\"it-IT\",\"@id\":\"https:\\\/\\\/secure.gravatar.com\\\/avatar\\\/af8f2caf0663124588de48a9380e07cbc95a74ef15b8062d0d39106c32fe3023?s=96&d=mm&r=g\",\"url\":\"https:\\\/\\\/secure.gravatar.com\\\/avatar\\\/af8f2caf0663124588de48a9380e07cbc95a74ef15b8062d0d39106c32fe3023?s=96&d=mm&r=g\",\"contentUrl\":\"https:\\\/\\\/secure.gravatar.com\\\/avatar\\\/af8f2caf0663124588de48a9380e07cbc95a74ef15b8062d0d39106c32fe3023?s=96&d=mm&r=g\",\"caption\":\"admin\"},\"sameAs\":[\"https:\\\/\\\/lavocedelpaese.info\"],\"url\":\"https:\\\/\\\/lavocedelpaese.info\\\/index.php\\\/author\\\/admin\\\/\"}]}<\/script>\n<!-- \/ Yoast SEO plugin. -->","yoast_head_json":{"title":"L\u2019Altare della SS.ma Trinit\u00e0 torna al suo antico splendore nella Chiesa Madre\u00a0\u200b - La Voce del Paese","robots":{"index":"index","follow":"follow","max-snippet":"max-snippet:-1","max-image-preview":"max-image-preview:large","max-video-preview":"max-video-preview:-1"},"canonical":"https:\/\/lavocedelpaese.info\/index.php\/2026\/01\/07\/laltare-della-ss-ma-trinita-torna-al-suo-antico-splendore-nella-chiesa-madre\/","og_locale":"it_IT","og_type":"article","og_title":"L\u2019Altare della SS.ma Trinit\u00e0 torna al suo antico splendore nella Chiesa Madre\u00a0\u200b - La Voce del Paese","og_description":"\u00a0 \u200b\u00a0 \u200b\u00a0 Il 5 gennaio 2026, alle ore 19:00, la comunit\u00e0 di Turi ha celebrato un momento di eccezionale","og_url":"https:\/\/lavocedelpaese.info\/index.php\/2026\/01\/07\/laltare-della-ss-ma-trinita-torna-al-suo-antico-splendore-nella-chiesa-madre\/","og_site_name":"La Voce del Paese","article_publisher":"https:\/\/www.facebook.com\/lavocedelpaese.info","article_published_time":"2026-01-07T09:16:07+00:00","og_image":[{"width":1000,"height":697,"url":"https:\/\/lavocedelpaese.info\/wp-content\/uploads\/2024\/10\/intercultura-pertini-1-1024x714-RLJViQ.jpeg","type":"image\/jpeg"}],"author":"admin","twitter_card":"summary_large_image","twitter_misc":{"Scritto da":"admin","Tempo di lettura stimato":"2 minuti"},"schema":{"@context":"https:\/\/schema.org","@graph":[{"@type":"Article","@id":"https:\/\/lavocedelpaese.info\/index.php\/2026\/01\/07\/laltare-della-ss-ma-trinita-torna-al-suo-antico-splendore-nella-chiesa-madre\/#article","isPartOf":{"@id":"https:\/\/lavocedelpaese.info\/index.php\/2026\/01\/07\/laltare-della-ss-ma-trinita-torna-al-suo-antico-splendore-nella-chiesa-madre\/"},"author":{"name":"admin","@id":"https:\/\/lavocedelpaese.info\/#\/schema\/person\/ec151d321306bd7591f7a061abf72d88"},"headline":"L\u2019Altare della SS.ma Trinit\u00e0 torna al suo antico splendore nella Chiesa Madre\u00a0\u200b","datePublished":"2026-01-07T09:16:07+00:00","mainEntityOfPage":{"@id":"https:\/\/lavocedelpaese.info\/index.php\/2026\/01\/07\/laltare-della-ss-ma-trinita-torna-al-suo-antico-splendore-nella-chiesa-madre\/"},"wordCount":478,"commentCount":0,"publisher":{"@id":"https:\/\/lavocedelpaese.info\/#organization"},"image":{"@id":"https:\/\/lavocedelpaese.info\/index.php\/2026\/01\/07\/laltare-della-ss-ma-trinita-torna-al-suo-antico-splendore-nella-chiesa-madre\/#primaryimage"},"thumbnailUrl":"https:\/\/lavocedelpaese.info\/wp-content\/uploads\/2026\/01\/WhatsApp-Image-2026-01-06-at-11.12.52-PLgaoj.jpg","articleSection":["network"],"inLanguage":"it-IT","potentialAction":[{"@type":"CommentAction","name":"Comment","target":["https:\/\/lavocedelpaese.info\/index.php\/2026\/01\/07\/laltare-della-ss-ma-trinita-torna-al-suo-antico-splendore-nella-chiesa-madre\/#respond"]}]},{"@type":"WebPage","@id":"https:\/\/lavocedelpaese.info\/index.php\/2026\/01\/07\/laltare-della-ss-ma-trinita-torna-al-suo-antico-splendore-nella-chiesa-madre\/","url":"https:\/\/lavocedelpaese.info\/index.php\/2026\/01\/07\/laltare-della-ss-ma-trinita-torna-al-suo-antico-splendore-nella-chiesa-madre\/","name":"L\u2019Altare della SS.ma Trinit\u00e0 torna al suo antico splendore nella Chiesa Madre\u00a0\u200b - La Voce del Paese","isPartOf":{"@id":"https:\/\/lavocedelpaese.info\/#website"},"primaryImageOfPage":{"@id":"https:\/\/lavocedelpaese.info\/index.php\/2026\/01\/07\/laltare-della-ss-ma-trinita-torna-al-suo-antico-splendore-nella-chiesa-madre\/#primaryimage"},"image":{"@id":"https:\/\/lavocedelpaese.info\/index.php\/2026\/01\/07\/laltare-della-ss-ma-trinita-torna-al-suo-antico-splendore-nella-chiesa-madre\/#primaryimage"},"thumbnailUrl":"https:\/\/lavocedelpaese.info\/wp-content\/uploads\/2026\/01\/WhatsApp-Image-2026-01-06-at-11.12.52-PLgaoj.jpg","datePublished":"2026-01-07T09:16:07+00:00","breadcrumb":{"@id":"https:\/\/lavocedelpaese.info\/index.php\/2026\/01\/07\/laltare-della-ss-ma-trinita-torna-al-suo-antico-splendore-nella-chiesa-madre\/#breadcrumb"},"inLanguage":"it-IT","potentialAction":[{"@type":"ReadAction","target":["https:\/\/lavocedelpaese.info\/index.php\/2026\/01\/07\/laltare-della-ss-ma-trinita-torna-al-suo-antico-splendore-nella-chiesa-madre\/"]}]},{"@type":"ImageObject","inLanguage":"it-IT","@id":"https:\/\/lavocedelpaese.info\/index.php\/2026\/01\/07\/laltare-della-ss-ma-trinita-torna-al-suo-antico-splendore-nella-chiesa-madre\/#primaryimage","url":"https:\/\/lavocedelpaese.info\/wp-content\/uploads\/2026\/01\/WhatsApp-Image-2026-01-06-at-11.12.52-PLgaoj.jpg","contentUrl":"https:\/\/lavocedelpaese.info\/wp-content\/uploads\/2026\/01\/WhatsApp-Image-2026-01-06-at-11.12.52-PLgaoj.jpg","width":534,"height":800},{"@type":"BreadcrumbList","@id":"https:\/\/lavocedelpaese.info\/index.php\/2026\/01\/07\/laltare-della-ss-ma-trinita-torna-al-suo-antico-splendore-nella-chiesa-madre\/#breadcrumb","itemListElement":[{"@type":"ListItem","position":1,"name":"Home","item":"https:\/\/lavocedelpaese.info\/"},{"@type":"ListItem","position":2,"name":"L\u2019Altare della SS.ma Trinit\u00e0 torna al suo antico splendore nella Chiesa Madre\u00a0\u200b"}]},{"@type":"WebSite","@id":"https:\/\/lavocedelpaese.info\/#website","url":"https:\/\/lavocedelpaese.info\/","name":"La Voce del Paese","description":"Un network di idee","publisher":{"@id":"https:\/\/lavocedelpaese.info\/#organization"},"potentialAction":[{"@type":"SearchAction","target":{"@type":"EntryPoint","urlTemplate":"https:\/\/lavocedelpaese.info\/?s={search_term_string}"},"query-input":{"@type":"PropertyValueSpecification","valueRequired":true,"valueName":"search_term_string"}}],"inLanguage":"it-IT"},{"@type":"Organization","@id":"https:\/\/lavocedelpaese.info\/#organization","name":"La Voce del Paese","url":"https:\/\/lavocedelpaese.info\/","logo":{"@type":"ImageObject","inLanguage":"it-IT","@id":"https:\/\/lavocedelpaese.info\/#\/schema\/logo\/image\/","url":"https:\/\/lavocedelpaese.info\/wp-content\/uploads\/2023\/01\/cropped-logo-150-127.png","contentUrl":"https:\/\/lavocedelpaese.info\/wp-content\/uploads\/2023\/01\/cropped-logo-150-127.png","width":137,"height":119,"caption":"La Voce del Paese"},"image":{"@id":"https:\/\/lavocedelpaese.info\/#\/schema\/logo\/image\/"},"sameAs":["https:\/\/www.facebook.com\/lavocedelpaese.info"]},{"@type":"Person","@id":"https:\/\/lavocedelpaese.info\/#\/schema\/person\/ec151d321306bd7591f7a061abf72d88","name":"admin","image":{"@type":"ImageObject","inLanguage":"it-IT","@id":"https:\/\/secure.gravatar.com\/avatar\/af8f2caf0663124588de48a9380e07cbc95a74ef15b8062d0d39106c32fe3023?s=96&d=mm&r=g","url":"https:\/\/secure.gravatar.com\/avatar\/af8f2caf0663124588de48a9380e07cbc95a74ef15b8062d0d39106c32fe3023?s=96&d=mm&r=g","contentUrl":"https:\/\/secure.gravatar.com\/avatar\/af8f2caf0663124588de48a9380e07cbc95a74ef15b8062d0d39106c32fe3023?s=96&d=mm&r=g","caption":"admin"},"sameAs":["https:\/\/lavocedelpaese.info"],"url":"https:\/\/lavocedelpaese.info\/index.php\/author\/admin\/"}]}},"_links":{"self":[{"href":"https:\/\/lavocedelpaese.info\/index.php\/wp-json\/wp\/v2\/posts\/10439","targetHints":{"allow":["GET"]}}],"collection":[{"href":"https:\/\/lavocedelpaese.info\/index.php\/wp-json\/wp\/v2\/posts"}],"about":[{"href":"https:\/\/lavocedelpaese.info\/index.php\/wp-json\/wp\/v2\/types\/post"}],"author":[{"embeddable":true,"href":"https:\/\/lavocedelpaese.info\/index.php\/wp-json\/wp\/v2\/users\/6"}],"replies":[{"embeddable":true,"href":"https:\/\/lavocedelpaese.info\/index.php\/wp-json\/wp\/v2\/comments?post=10439"}],"version-history":[{"count":0,"href":"https:\/\/lavocedelpaese.info\/index.php\/wp-json\/wp\/v2\/posts\/10439\/revisions"}],"wp:featuredmedia":[{"embeddable":true,"href":"https:\/\/lavocedelpaese.info\/index.php\/wp-json\/wp\/v2\/media\/10440"}],"wp:attachment":[{"href":"https:\/\/lavocedelpaese.info\/index.php\/wp-json\/wp\/v2\/media?parent=10439"}],"wp:term":[{"taxonomy":"category","embeddable":true,"href":"https:\/\/lavocedelpaese.info\/index.php\/wp-json\/wp\/v2\/categories?post=10439"},{"taxonomy":"post_tag","embeddable":true,"href":"https:\/\/lavocedelpaese.info\/index.php\/wp-json\/wp\/v2\/tags?post=10439"}],"curies":[{"name":"wp","href":"https:\/\/api.w.org\/{rel}","templated":true}]}}