{"id":10419,"date":"2025-12-30T08:14:06","date_gmt":"2025-12-30T08:14:06","guid":{"rendered":"https:\/\/lavocedelpaese.info\/index.php\/2025\/12\/30\/quando-le-parole-diventano-comunita\/"},"modified":"2025-12-30T08:14:06","modified_gmt":"2025-12-30T08:14:06","slug":"quando-le-parole-diventano-comunita","status":"publish","type":"post","link":"https:\/\/lavocedelpaese.info\/index.php\/2025\/12\/30\/quando-le-parole-diventano-comunita\/","title":{"rendered":"Quando le parole diventano comunit\u00e0\u00a0\u200b"},"content":{"rendered":"<p>\u00a0<\/p>\n<p>\u200b\u00a0<\/p>\n<p>\u200b\u00a0<\/p>\n<div><\/div>\n<h4 class=\"wp-block-heading\"><strong>Successo per l\u2019evento \u201cpensato per i pi\u00f9 piccoli ma capace di parlare anche agli adulti\u201d<\/strong><\/h4>\n<p>Ci sono serate che non hanno bisogno di grandi effetti per lasciare il segno. Serate semplici, autentiche, capaci di parlare al cuore di una comunit\u00e0. <\/p>\n<p>Quella del 29 dicembre, a Turi, \u00e8 stata una di queste: un appuntamento nato con l\u2019idea di mettere al centro le bambine e i bambini, dando loro voce attraverso le letture ad alta voce, e diventato un tempo prezioso di ascolto, emozioni condivise e cura reciproca.<\/p>\n<p>Leggere insieme non significa soltanto raccontare storie. Significa fermarsi, creare uno spazio accogliente in cui le parole diventano casa e ogni persona si sente vista, riconosciuta, parte di qualcosa. \u00c8 in questi momenti che una comunit\u00e0 cresce davvero: quando nessuno resta senza una storia da ascoltare e senza qualcuno disposto ad ascoltarla.<\/p>\n<p>L\u2019iniziativa, pensata per i pi\u00f9 piccoli ma capace di parlare anche agli adulti, ha rappresentato un invito a riscoprire il senso pi\u00f9 profondo delle festivit\u00e0 natalizie: stare insieme, ascoltarsi, prendersi cura gli uni degli altri. Un messaggio semplice e potente, reso ancora pi\u00f9 speciale dallo spettacolo del Mago Felix, che con le sue magie e le sue sorprese ha regalato stupore e sorrisi, rendendo la serata indimenticabile.<br \/>Un ringraziamento sentito va alle volontarie e ai volontari che, con passione e generosit\u00e0, hanno reso possibile questo appuntamento. Il loro impegno, silenzioso e lontano dai riflettori, \u00e8 stato fondamentale per la riuscita della serata.<\/p>\n<p>Un grazie sincero anche al Sindaco e all\u2019Amministrazione Comunale di Turi per il sostegno e per aver messo a disposizione l\u2019Auditorium Comunale, luogo simbolo di cultura e incontro, inserendo l\u2019iniziativa nella programmazione natalizia \u201cMagico Natale 2025\u201d, promossa dall\u2019Associazione capofila Nuova Pro Loco, capace di unire tradizione, partecipazione e spirito comunitario.<\/p>\n<p>Un ringraziamento speciale va a Rossana De Grisantis, che ha condotto la serata con sensibilit\u00e0, eleganza e grande attenzione verso grandi e piccoli, accompagnando il pubblico in un autentico percorso di ascolto condiviso. Grazie anche alle associazioni locali e ai volontari della LUTE, che con discrezione e dedizione hanno curato ogni dettaglio organizzativo.<\/p>\n<p>Fondamentale il contributo degli operatori economici locali, che hanno sostenuto concretamente questa prima edizione della festa di comunit\u00e0, contribuendo all\u2019allestimento dell\u2019Auditorium e donando regali e gadget a tutte le bambine e a tutti i bambini presenti: Farmacia Mastrolonardo, Arr\u00e8 Formaggi, Glamour Party&amp;Events, Il Bazar della Donna, Ciok \u00e8 Bello, Dolce Marli, Fiori Dell\u2019Aera, FG Studio, ADV PLUS, Erboristeria Tateo, Leandro Mazzone e La Cassetta delle Idee. Un gesto concreto di vicinanza e amore verso la comunit\u00e0.<\/p>\n<p>Il ringraziamento pi\u00f9 grande e affettuoso va infine alle bambine e ai bambini e ai loro genitori: a chi ha letto ed \u00e8 stato protagonista e a chi ha ascoltato con attenzione e curiosit\u00e0. Siete la parte pi\u00f9 luminosa di Turi e il suo futuro.<\/p>\n<p>L\u2019augurio \u00e8 che questa prima edizione possa diventare un appuntamento fisso, capace di crescere ogni anno come una vera festa di comunit\u00e0, unendo generazioni, famiglie e storie.<\/p>\n<p>Grazie a tutte e a tutti per aver reso possibile una serata cos\u00ec intensa e autentica.<br \/>Buon cammino, buona comunit\u00e0 e buon anno 2026.<\/p>\n<figure class=\"wp-block-gallery has-nested-images columns-1 is-cropped wp-block-gallery-1 is-layout-flex wp-block-gallery-is-layout-flex\">\n<figure class=\"wp-block-image size-large\"><img decoding=\"async\" width=\"966\" height=\"705\" data-id=\"8121\" src=\"https:\/\/turi.lavocedelpaese.info\/wp-content\/uploads\/2025\/12\/lettura-bimbi-1.jpeg\" alt=\"\" class=\"wp-image-8121\"\/><\/figure>\n<figure class=\"wp-block-image size-large\"><img decoding=\"async\" width=\"1200\" height=\"1600\" data-id=\"8129\" src=\"https:\/\/turi.lavocedelpaese.info\/wp-content\/uploads\/2025\/12\/lettura-bimbi-9.jpeg\" alt=\"\" class=\"wp-image-8129\"\/><\/figure>\n<figure class=\"wp-block-image size-large\"><img decoding=\"async\" width=\"1200\" height=\"1600\" data-id=\"8124\" src=\"https:\/\/turi.lavocedelpaese.info\/wp-content\/uploads\/2025\/12\/lettura-bimbi-4.jpeg\" alt=\"\" class=\"wp-image-8124\"\/><\/figure>\n<figure class=\"wp-block-image size-large\"><img decoding=\"async\" loading=\"lazy\" width=\"1288\" height=\"966\" data-id=\"8122\" src=\"https:\/\/turi.lavocedelpaese.info\/wp-content\/uploads\/2025\/12\/lettura-bimbi-2.jpeg\" alt=\"\" class=\"wp-image-8122\"\/><\/figure>\n<figure class=\"wp-block-image size-large\"><img decoding=\"async\" loading=\"lazy\" width=\"1288\" height=\"966\" data-id=\"8125\" src=\"https:\/\/turi.lavocedelpaese.info\/wp-content\/uploads\/2025\/12\/lettura-bimbi-5.jpeg\" alt=\"\" class=\"wp-image-8125\"\/><\/figure>\n<figure class=\"wp-block-image size-large\"><img decoding=\"async\" loading=\"lazy\" width=\"1288\" height=\"966\" data-id=\"8123\" src=\"https:\/\/turi.lavocedelpaese.info\/wp-content\/uploads\/2025\/12\/lettura-bimbi-3.jpeg\" alt=\"\" class=\"wp-image-8123\"\/><\/figure>\n<figure class=\"wp-block-image size-large\"><img decoding=\"async\" loading=\"lazy\" width=\"1288\" height=\"966\" data-id=\"8126\" src=\"https:\/\/turi.lavocedelpaese.info\/wp-content\/uploads\/2025\/12\/lettura-bimbi-6.jpeg\" alt=\"\" class=\"wp-image-8126\"\/><\/figure>\n<figure class=\"wp-block-image size-large\"><img decoding=\"async\" loading=\"lazy\" width=\"1288\" height=\"966\" data-id=\"8127\" src=\"https:\/\/turi.lavocedelpaese.info\/wp-content\/uploads\/2025\/12\/lettura-bimbi-7.jpeg\" alt=\"\" class=\"wp-image-8127\"\/><\/figure>\n<figure class=\"wp-block-image size-large\"><img decoding=\"async\" loading=\"lazy\" width=\"1288\" height=\"966\" data-id=\"8128\" src=\"https:\/\/turi.lavocedelpaese.info\/wp-content\/uploads\/2025\/12\/lettura-bimbi-8.jpeg\" alt=\"\" class=\"wp-image-8128\"\/><\/figure>\n<\/figure>\n<p><a class=\"a2a_button_facebook\" href=\"https:\/\/www.addtoany.com\/add_to\/facebook?linkurl=https%3A%2F%2Fturi.lavocedelpaese.info%2Fquando-le-parole-diventano-comunita%2F&amp;linkname=Quando%20le%20parole%20diventano%20comunit%C3%A0\" title=\"Facebook\" rel=\"nofollow noopener\" target=\"_blank\"><\/a><a class=\"a2a_button_twitter\" href=\"https:\/\/www.addtoany.com\/add_to\/twitter?linkurl=https%3A%2F%2Fturi.lavocedelpaese.info%2Fquando-le-parole-diventano-comunita%2F&amp;linkname=Quando%20le%20parole%20diventano%20comunit%C3%A0\" title=\"Twitter\" rel=\"nofollow noopener\" target=\"_blank\"><\/a><a class=\"a2a_button_whatsapp\" href=\"https:\/\/www.addtoany.com\/add_to\/whatsapp?linkurl=https%3A%2F%2Fturi.lavocedelpaese.info%2Fquando-le-parole-diventano-comunita%2F&amp;linkname=Quando%20le%20parole%20diventano%20comunit%C3%A0\" title=\"WhatsApp\" rel=\"nofollow noopener\" target=\"_blank\"><\/a><a class=\"a2a_button_telegram\" href=\"https:\/\/www.addtoany.com\/add_to\/telegram?linkurl=https%3A%2F%2Fturi.lavocedelpaese.info%2Fquando-le-parole-diventano-comunita%2F&amp;linkname=Quando%20le%20parole%20diventano%20comunit%C3%A0\" title=\"Telegram\" rel=\"nofollow noopener\" target=\"_blank\"><\/a><a class=\"a2a_button_email\" href=\"https:\/\/www.addtoany.com\/add_to\/email?linkurl=https%3A%2F%2Fturi.lavocedelpaese.info%2Fquando-le-parole-diventano-comunita%2F&amp;linkname=Quando%20le%20parole%20diventano%20comunit%C3%A0\" title=\"Email\" rel=\"nofollow noopener\" target=\"_blank\"><\/a><\/p>\n<p>L&#8217;articolo <a href=\"https:\/\/turi.lavocedelpaese.info\/quando-le-parole-diventano-comunita\/\">Quando le parole diventano comunit\u00e0<\/a> proviene da <a href=\"https:\/\/turi.lavocedelpaese.info\/\">Turi &#8211; La Voce del Paese<\/a>.<\/p>\n<p>\u00a0<\/p>\n<p>\u00a0<\/p>\n<p>\u200b\u00a0\u00a0\u00a0<\/p>","protected":false},"excerpt":{"rendered":"<p>\u00a0 \u200b\u00a0 \u200b\u00a0 Successo per l\u2019evento \u201cpensato per i pi\u00f9 piccoli ma capace di parlare anche agli adulti\u201d Ci sono<\/p>\n","protected":false},"author":6,"featured_media":10420,"comment_status":"open","ping_status":"closed","sticky":false,"template":"","format":"standard","meta":{"colormag_page_container_layout":"default_layout","colormag_page_sidebar_layout":"default_layout","footnotes":""},"categories":[33],"tags":[],"class_list":["post-10419","post","type-post","status-publish","format-standard","has-post-thumbnail","hentry","category-network"],"yoast_head":"<!-- This site is optimized with the Yoast SEO plugin v27.5 - https:\/\/yoast.com\/product\/yoast-seo-wordpress\/ -->\n<title>Quando le parole diventano comunit\u00e0\u00a0\u200b - La Voce del Paese<\/title>\n<meta name=\"robots\" content=\"index, follow, max-snippet:-1, max-image-preview:large, max-video-preview:-1\" \/>\n<link rel=\"canonical\" href=\"https:\/\/lavocedelpaese.info\/index.php\/2025\/12\/30\/quando-le-parole-diventano-comunita\/\" \/>\n<meta property=\"og:locale\" content=\"it_IT\" \/>\n<meta property=\"og:type\" content=\"article\" \/>\n<meta property=\"og:title\" content=\"Quando le parole diventano comunit\u00e0\u00a0\u200b - La Voce del Paese\" \/>\n<meta property=\"og:description\" content=\"\u00a0 \u200b\u00a0 \u200b\u00a0 Successo per l\u2019evento \u201cpensato per i pi\u00f9 piccoli ma capace di parlare anche agli adulti\u201d Ci sono\" \/>\n<meta property=\"og:url\" content=\"https:\/\/lavocedelpaese.info\/index.php\/2025\/12\/30\/quando-le-parole-diventano-comunita\/\" \/>\n<meta property=\"og:site_name\" content=\"La Voce del Paese\" \/>\n<meta property=\"article:publisher\" content=\"https:\/\/www.facebook.com\/lavocedelpaese.info\" \/>\n<meta property=\"article:published_time\" content=\"2025-12-30T08:14:06+00:00\" \/>\n<meta property=\"og:image\" content=\"https:\/\/lavocedelpaese.info\/wp-content\/uploads\/2024\/10\/dono-olio-2-1024x768-4TB8Fd.jpeg\" \/>\n\t<meta property=\"og:image:width\" content=\"1000\" \/>\n\t<meta property=\"og:image:height\" content=\"750\" \/>\n\t<meta property=\"og:image:type\" content=\"image\/jpeg\" \/>\n<meta name=\"author\" content=\"admin\" \/>\n<meta name=\"twitter:card\" content=\"summary_large_image\" \/>\n<meta name=\"twitter:label1\" content=\"Scritto da\" \/>\n\t<meta name=\"twitter:data1\" content=\"admin\" \/>\n\t<meta name=\"twitter:label2\" content=\"Tempo di lettura stimato\" \/>\n\t<meta name=\"twitter:data2\" content=\"3 minuti\" \/>\n<script type=\"application\/ld+json\" class=\"yoast-schema-graph\">{\"@context\":\"https:\\\/\\\/schema.org\",\"@graph\":[{\"@type\":\"Article\",\"@id\":\"https:\\\/\\\/lavocedelpaese.info\\\/index.php\\\/2025\\\/12\\\/30\\\/quando-le-parole-diventano-comunita\\\/#article\",\"isPartOf\":{\"@id\":\"https:\\\/\\\/lavocedelpaese.info\\\/index.php\\\/2025\\\/12\\\/30\\\/quando-le-parole-diventano-comunita\\\/\"},\"author\":{\"name\":\"admin\",\"@id\":\"https:\\\/\\\/lavocedelpaese.info\\\/#\\\/schema\\\/person\\\/ec151d321306bd7591f7a061abf72d88\"},\"headline\":\"Quando le parole diventano comunit\u00e0\u00a0\u200b\",\"datePublished\":\"2025-12-30T08:14:06+00:00\",\"mainEntityOfPage\":{\"@id\":\"https:\\\/\\\/lavocedelpaese.info\\\/index.php\\\/2025\\\/12\\\/30\\\/quando-le-parole-diventano-comunita\\\/\"},\"wordCount\":539,\"commentCount\":0,\"publisher\":{\"@id\":\"https:\\\/\\\/lavocedelpaese.info\\\/#organization\"},\"image\":{\"@id\":\"https:\\\/\\\/lavocedelpaese.info\\\/index.php\\\/2025\\\/12\\\/30\\\/quando-le-parole-diventano-comunita\\\/#primaryimage\"},\"thumbnailUrl\":\"https:\\\/\\\/lavocedelpaese.info\\\/wp-content\\\/uploads\\\/2025\\\/12\\\/lettura-bimbi-1-vACDwo.jpg\",\"articleSection\":[\"network\"],\"inLanguage\":\"it-IT\",\"potentialAction\":[{\"@type\":\"CommentAction\",\"name\":\"Comment\",\"target\":[\"https:\\\/\\\/lavocedelpaese.info\\\/index.php\\\/2025\\\/12\\\/30\\\/quando-le-parole-diventano-comunita\\\/#respond\"]}]},{\"@type\":\"WebPage\",\"@id\":\"https:\\\/\\\/lavocedelpaese.info\\\/index.php\\\/2025\\\/12\\\/30\\\/quando-le-parole-diventano-comunita\\\/\",\"url\":\"https:\\\/\\\/lavocedelpaese.info\\\/index.php\\\/2025\\\/12\\\/30\\\/quando-le-parole-diventano-comunita\\\/\",\"name\":\"Quando le parole diventano comunit\u00e0\u00a0\u200b - La Voce del Paese\",\"isPartOf\":{\"@id\":\"https:\\\/\\\/lavocedelpaese.info\\\/#website\"},\"primaryImageOfPage\":{\"@id\":\"https:\\\/\\\/lavocedelpaese.info\\\/index.php\\\/2025\\\/12\\\/30\\\/quando-le-parole-diventano-comunita\\\/#primaryimage\"},\"image\":{\"@id\":\"https:\\\/\\\/lavocedelpaese.info\\\/index.php\\\/2025\\\/12\\\/30\\\/quando-le-parole-diventano-comunita\\\/#primaryimage\"},\"thumbnailUrl\":\"https:\\\/\\\/lavocedelpaese.info\\\/wp-content\\\/uploads\\\/2025\\\/12\\\/lettura-bimbi-1-vACDwo.jpg\",\"datePublished\":\"2025-12-30T08:14:06+00:00\",\"breadcrumb\":{\"@id\":\"https:\\\/\\\/lavocedelpaese.info\\\/index.php\\\/2025\\\/12\\\/30\\\/quando-le-parole-diventano-comunita\\\/#breadcrumb\"},\"inLanguage\":\"it-IT\",\"potentialAction\":[{\"@type\":\"ReadAction\",\"target\":[\"https:\\\/\\\/lavocedelpaese.info\\\/index.php\\\/2025\\\/12\\\/30\\\/quando-le-parole-diventano-comunita\\\/\"]}]},{\"@type\":\"ImageObject\",\"inLanguage\":\"it-IT\",\"@id\":\"https:\\\/\\\/lavocedelpaese.info\\\/index.php\\\/2025\\\/12\\\/30\\\/quando-le-parole-diventano-comunita\\\/#primaryimage\",\"url\":\"https:\\\/\\\/lavocedelpaese.info\\\/wp-content\\\/uploads\\\/2025\\\/12\\\/lettura-bimbi-1-vACDwo.jpg\",\"contentUrl\":\"https:\\\/\\\/lavocedelpaese.info\\\/wp-content\\\/uploads\\\/2025\\\/12\\\/lettura-bimbi-1-vACDwo.jpg\",\"width\":966,\"height\":705},{\"@type\":\"BreadcrumbList\",\"@id\":\"https:\\\/\\\/lavocedelpaese.info\\\/index.php\\\/2025\\\/12\\\/30\\\/quando-le-parole-diventano-comunita\\\/#breadcrumb\",\"itemListElement\":[{\"@type\":\"ListItem\",\"position\":1,\"name\":\"Home\",\"item\":\"https:\\\/\\\/lavocedelpaese.info\\\/\"},{\"@type\":\"ListItem\",\"position\":2,\"name\":\"Quando le parole diventano comunit\u00e0\u00a0\u200b\"}]},{\"@type\":\"WebSite\",\"@id\":\"https:\\\/\\\/lavocedelpaese.info\\\/#website\",\"url\":\"https:\\\/\\\/lavocedelpaese.info\\\/\",\"name\":\"La Voce del Paese\",\"description\":\"Un network di idee\",\"publisher\":{\"@id\":\"https:\\\/\\\/lavocedelpaese.info\\\/#organization\"},\"potentialAction\":[{\"@type\":\"SearchAction\",\"target\":{\"@type\":\"EntryPoint\",\"urlTemplate\":\"https:\\\/\\\/lavocedelpaese.info\\\/?s={search_term_string}\"},\"query-input\":{\"@type\":\"PropertyValueSpecification\",\"valueRequired\":true,\"valueName\":\"search_term_string\"}}],\"inLanguage\":\"it-IT\"},{\"@type\":\"Organization\",\"@id\":\"https:\\\/\\\/lavocedelpaese.info\\\/#organization\",\"name\":\"La Voce del Paese\",\"url\":\"https:\\\/\\\/lavocedelpaese.info\\\/\",\"logo\":{\"@type\":\"ImageObject\",\"inLanguage\":\"it-IT\",\"@id\":\"https:\\\/\\\/lavocedelpaese.info\\\/#\\\/schema\\\/logo\\\/image\\\/\",\"url\":\"https:\\\/\\\/lavocedelpaese.info\\\/wp-content\\\/uploads\\\/2023\\\/01\\\/cropped-logo-150-127.png\",\"contentUrl\":\"https:\\\/\\\/lavocedelpaese.info\\\/wp-content\\\/uploads\\\/2023\\\/01\\\/cropped-logo-150-127.png\",\"width\":137,\"height\":119,\"caption\":\"La Voce del Paese\"},\"image\":{\"@id\":\"https:\\\/\\\/lavocedelpaese.info\\\/#\\\/schema\\\/logo\\\/image\\\/\"},\"sameAs\":[\"https:\\\/\\\/www.facebook.com\\\/lavocedelpaese.info\"]},{\"@type\":\"Person\",\"@id\":\"https:\\\/\\\/lavocedelpaese.info\\\/#\\\/schema\\\/person\\\/ec151d321306bd7591f7a061abf72d88\",\"name\":\"admin\",\"image\":{\"@type\":\"ImageObject\",\"inLanguage\":\"it-IT\",\"@id\":\"https:\\\/\\\/secure.gravatar.com\\\/avatar\\\/af8f2caf0663124588de48a9380e07cbc95a74ef15b8062d0d39106c32fe3023?s=96&d=mm&r=g\",\"url\":\"https:\\\/\\\/secure.gravatar.com\\\/avatar\\\/af8f2caf0663124588de48a9380e07cbc95a74ef15b8062d0d39106c32fe3023?s=96&d=mm&r=g\",\"contentUrl\":\"https:\\\/\\\/secure.gravatar.com\\\/avatar\\\/af8f2caf0663124588de48a9380e07cbc95a74ef15b8062d0d39106c32fe3023?s=96&d=mm&r=g\",\"caption\":\"admin\"},\"sameAs\":[\"https:\\\/\\\/lavocedelpaese.info\"],\"url\":\"https:\\\/\\\/lavocedelpaese.info\\\/index.php\\\/author\\\/admin\\\/\"}]}<\/script>\n<!-- \/ Yoast SEO plugin. -->","yoast_head_json":{"title":"Quando le parole diventano comunit\u00e0\u00a0\u200b - La Voce del Paese","robots":{"index":"index","follow":"follow","max-snippet":"max-snippet:-1","max-image-preview":"max-image-preview:large","max-video-preview":"max-video-preview:-1"},"canonical":"https:\/\/lavocedelpaese.info\/index.php\/2025\/12\/30\/quando-le-parole-diventano-comunita\/","og_locale":"it_IT","og_type":"article","og_title":"Quando le parole diventano comunit\u00e0\u00a0\u200b - La Voce del Paese","og_description":"\u00a0 \u200b\u00a0 \u200b\u00a0 Successo per l\u2019evento \u201cpensato per i pi\u00f9 piccoli ma capace di parlare anche agli adulti\u201d Ci sono","og_url":"https:\/\/lavocedelpaese.info\/index.php\/2025\/12\/30\/quando-le-parole-diventano-comunita\/","og_site_name":"La Voce del Paese","article_publisher":"https:\/\/www.facebook.com\/lavocedelpaese.info","article_published_time":"2025-12-30T08:14:06+00:00","og_image":[{"width":1000,"height":750,"url":"https:\/\/lavocedelpaese.info\/wp-content\/uploads\/2024\/10\/dono-olio-2-1024x768-4TB8Fd.jpeg","type":"image\/jpeg"}],"author":"admin","twitter_card":"summary_large_image","twitter_misc":{"Scritto da":"admin","Tempo di lettura stimato":"3 minuti"},"schema":{"@context":"https:\/\/schema.org","@graph":[{"@type":"Article","@id":"https:\/\/lavocedelpaese.info\/index.php\/2025\/12\/30\/quando-le-parole-diventano-comunita\/#article","isPartOf":{"@id":"https:\/\/lavocedelpaese.info\/index.php\/2025\/12\/30\/quando-le-parole-diventano-comunita\/"},"author":{"name":"admin","@id":"https:\/\/lavocedelpaese.info\/#\/schema\/person\/ec151d321306bd7591f7a061abf72d88"},"headline":"Quando le parole diventano comunit\u00e0\u00a0\u200b","datePublished":"2025-12-30T08:14:06+00:00","mainEntityOfPage":{"@id":"https:\/\/lavocedelpaese.info\/index.php\/2025\/12\/30\/quando-le-parole-diventano-comunita\/"},"wordCount":539,"commentCount":0,"publisher":{"@id":"https:\/\/lavocedelpaese.info\/#organization"},"image":{"@id":"https:\/\/lavocedelpaese.info\/index.php\/2025\/12\/30\/quando-le-parole-diventano-comunita\/#primaryimage"},"thumbnailUrl":"https:\/\/lavocedelpaese.info\/wp-content\/uploads\/2025\/12\/lettura-bimbi-1-vACDwo.jpg","articleSection":["network"],"inLanguage":"it-IT","potentialAction":[{"@type":"CommentAction","name":"Comment","target":["https:\/\/lavocedelpaese.info\/index.php\/2025\/12\/30\/quando-le-parole-diventano-comunita\/#respond"]}]},{"@type":"WebPage","@id":"https:\/\/lavocedelpaese.info\/index.php\/2025\/12\/30\/quando-le-parole-diventano-comunita\/","url":"https:\/\/lavocedelpaese.info\/index.php\/2025\/12\/30\/quando-le-parole-diventano-comunita\/","name":"Quando le parole diventano comunit\u00e0\u00a0\u200b - La Voce del Paese","isPartOf":{"@id":"https:\/\/lavocedelpaese.info\/#website"},"primaryImageOfPage":{"@id":"https:\/\/lavocedelpaese.info\/index.php\/2025\/12\/30\/quando-le-parole-diventano-comunita\/#primaryimage"},"image":{"@id":"https:\/\/lavocedelpaese.info\/index.php\/2025\/12\/30\/quando-le-parole-diventano-comunita\/#primaryimage"},"thumbnailUrl":"https:\/\/lavocedelpaese.info\/wp-content\/uploads\/2025\/12\/lettura-bimbi-1-vACDwo.jpg","datePublished":"2025-12-30T08:14:06+00:00","breadcrumb":{"@id":"https:\/\/lavocedelpaese.info\/index.php\/2025\/12\/30\/quando-le-parole-diventano-comunita\/#breadcrumb"},"inLanguage":"it-IT","potentialAction":[{"@type":"ReadAction","target":["https:\/\/lavocedelpaese.info\/index.php\/2025\/12\/30\/quando-le-parole-diventano-comunita\/"]}]},{"@type":"ImageObject","inLanguage":"it-IT","@id":"https:\/\/lavocedelpaese.info\/index.php\/2025\/12\/30\/quando-le-parole-diventano-comunita\/#primaryimage","url":"https:\/\/lavocedelpaese.info\/wp-content\/uploads\/2025\/12\/lettura-bimbi-1-vACDwo.jpg","contentUrl":"https:\/\/lavocedelpaese.info\/wp-content\/uploads\/2025\/12\/lettura-bimbi-1-vACDwo.jpg","width":966,"height":705},{"@type":"BreadcrumbList","@id":"https:\/\/lavocedelpaese.info\/index.php\/2025\/12\/30\/quando-le-parole-diventano-comunita\/#breadcrumb","itemListElement":[{"@type":"ListItem","position":1,"name":"Home","item":"https:\/\/lavocedelpaese.info\/"},{"@type":"ListItem","position":2,"name":"Quando le parole diventano comunit\u00e0\u00a0\u200b"}]},{"@type":"WebSite","@id":"https:\/\/lavocedelpaese.info\/#website","url":"https:\/\/lavocedelpaese.info\/","name":"La Voce del Paese","description":"Un network di idee","publisher":{"@id":"https:\/\/lavocedelpaese.info\/#organization"},"potentialAction":[{"@type":"SearchAction","target":{"@type":"EntryPoint","urlTemplate":"https:\/\/lavocedelpaese.info\/?s={search_term_string}"},"query-input":{"@type":"PropertyValueSpecification","valueRequired":true,"valueName":"search_term_string"}}],"inLanguage":"it-IT"},{"@type":"Organization","@id":"https:\/\/lavocedelpaese.info\/#organization","name":"La Voce del Paese","url":"https:\/\/lavocedelpaese.info\/","logo":{"@type":"ImageObject","inLanguage":"it-IT","@id":"https:\/\/lavocedelpaese.info\/#\/schema\/logo\/image\/","url":"https:\/\/lavocedelpaese.info\/wp-content\/uploads\/2023\/01\/cropped-logo-150-127.png","contentUrl":"https:\/\/lavocedelpaese.info\/wp-content\/uploads\/2023\/01\/cropped-logo-150-127.png","width":137,"height":119,"caption":"La Voce del Paese"},"image":{"@id":"https:\/\/lavocedelpaese.info\/#\/schema\/logo\/image\/"},"sameAs":["https:\/\/www.facebook.com\/lavocedelpaese.info"]},{"@type":"Person","@id":"https:\/\/lavocedelpaese.info\/#\/schema\/person\/ec151d321306bd7591f7a061abf72d88","name":"admin","image":{"@type":"ImageObject","inLanguage":"it-IT","@id":"https:\/\/secure.gravatar.com\/avatar\/af8f2caf0663124588de48a9380e07cbc95a74ef15b8062d0d39106c32fe3023?s=96&d=mm&r=g","url":"https:\/\/secure.gravatar.com\/avatar\/af8f2caf0663124588de48a9380e07cbc95a74ef15b8062d0d39106c32fe3023?s=96&d=mm&r=g","contentUrl":"https:\/\/secure.gravatar.com\/avatar\/af8f2caf0663124588de48a9380e07cbc95a74ef15b8062d0d39106c32fe3023?s=96&d=mm&r=g","caption":"admin"},"sameAs":["https:\/\/lavocedelpaese.info"],"url":"https:\/\/lavocedelpaese.info\/index.php\/author\/admin\/"}]}},"_links":{"self":[{"href":"https:\/\/lavocedelpaese.info\/index.php\/wp-json\/wp\/v2\/posts\/10419","targetHints":{"allow":["GET"]}}],"collection":[{"href":"https:\/\/lavocedelpaese.info\/index.php\/wp-json\/wp\/v2\/posts"}],"about":[{"href":"https:\/\/lavocedelpaese.info\/index.php\/wp-json\/wp\/v2\/types\/post"}],"author":[{"embeddable":true,"href":"https:\/\/lavocedelpaese.info\/index.php\/wp-json\/wp\/v2\/users\/6"}],"replies":[{"embeddable":true,"href":"https:\/\/lavocedelpaese.info\/index.php\/wp-json\/wp\/v2\/comments?post=10419"}],"version-history":[{"count":0,"href":"https:\/\/lavocedelpaese.info\/index.php\/wp-json\/wp\/v2\/posts\/10419\/revisions"}],"wp:featuredmedia":[{"embeddable":true,"href":"https:\/\/lavocedelpaese.info\/index.php\/wp-json\/wp\/v2\/media\/10420"}],"wp:attachment":[{"href":"https:\/\/lavocedelpaese.info\/index.php\/wp-json\/wp\/v2\/media?parent=10419"}],"wp:term":[{"taxonomy":"category","embeddable":true,"href":"https:\/\/lavocedelpaese.info\/index.php\/wp-json\/wp\/v2\/categories?post=10419"},{"taxonomy":"post_tag","embeddable":true,"href":"https:\/\/lavocedelpaese.info\/index.php\/wp-json\/wp\/v2\/tags?post=10419"}],"curies":[{"name":"wp","href":"https:\/\/api.w.org\/{rel}","templated":true}]}}