{"id":10413,"date":"2025-12-29T11:14:04","date_gmt":"2025-12-29T11:14:04","guid":{"rendered":"https:\/\/lavocedelpaese.info\/index.php\/2025\/12\/29\/fiamma-olimpica-reso-noto-percorso-ed-orario-nel-comune-di-gioia-del-colle\/"},"modified":"2025-12-29T11:14:04","modified_gmt":"2025-12-29T11:14:04","slug":"fiamma-olimpica-reso-noto-percorso-ed-orario-nel-comune-di-gioia-del-colle","status":"publish","type":"post","link":"https:\/\/lavocedelpaese.info\/index.php\/2025\/12\/29\/fiamma-olimpica-reso-noto-percorso-ed-orario-nel-comune-di-gioia-del-colle\/","title":{"rendered":"Fiamma Olimpica. Reso noto percorso ed orario nel comune di Gioia del Colle\u00a0\u200b"},"content":{"rendered":"<p>\u00a0<\/p>\n<p>\u200b\u00a0<\/p>\n<p>\u200b\u00a0<\/p>\n<p><img decoding=\"async\" class=\"size-full wp-image-7253 alignleft\" src=\"https:\/\/gioia.lavocedelpaese.info\/wp-content\/uploads\/2025\/12\/589463162_18380238895148237_3266092992534050859_n.jpg\" alt=\"\" width=\"300\" height=\"375\"\/>L\u2019itinerario pugliese della fiaccola, simbolo di pace e fratellanza, inizier\u00e0 il 29 dicembre da Altamura, terra del mito Pietro Mennea, per poi toccare <strong>Gioia del Colle<\/strong> nella mattinata dello stesso giorno. Qui, a rappresentare lo spirito sportivo, ci saranno <strong>Rosanna Gaeta<\/strong> e <strong>Michele Raimondi<\/strong>, e <strong>Claudio De Leonardis <\/strong>ad Ostuni il 31, prima che il viaggio prosegua verso Foggia, dove si concluder\u00e0 la tappa regionale il 1\u00b0 gennaio.<\/p>\n<p>A Claudio, Rosanna e Michele va l\u2019augurio di tutta la comunit\u00e0, non solo della redazione, per questa straordinaria esperienza che rester\u00e0 scritta nella storia sportiva della regione.<\/p>\n<p><strong>Il transito con relativo percorso a Gioia del Colle<\/strong><\/p>\n<p><img decoding=\"async\" class=\"size-full wp-image-7254 alignright\" src=\"https:\/\/gioia.lavocedelpaese.info\/wp-content\/uploads\/2025\/12\/Rosanna-Gaeta.jpeg\" alt=\"\" width=\"300\" height=\"403\"\/>Nell\u2019ambito della ventiduesima tappa la fiamma olimpica transiter\u00e0 a Gioia del Colle luned\u00ec 29 dicembre 2025, alle ore 13:00. La staffetta dei dodici tedofori partir\u00e0 da via Federico II di Svevia (intersezione con via Roberto Rossellini). Il percorso si articoler\u00e0 lungo via Giuseppe Di Vittorio, l\u2019ulteriore tratto di via Federico II di Svevia, via Monte Sannace, piazza XX Settembre, via Manin, via Cavour, piazza Cesare Battisti, piazza Plebiscito, via Garibaldi e via Ricciotto Canudo, fino all\u2019arrivo in via san Pio da Pietrelcina previsto per le ore 13:40.<\/p>\n<p>Completato l\u2019itinerario, la fiamma olimpica lascer\u00e0 la citt\u00e0 per dirigersi a Massafra (arrivo previsto alle ore 15:16) e a Crispiano (arrivo previsto alle ore 16:18). Alle ore 17:35, infine, far\u00e0 il suo ingresso a Taranto, dove si concluder\u00e0 la ventiduesima tappa e si svolgeranno le relative celebrazioni.<\/p>\n<p><a class=\"a2a_button_facebook\" href=\"https:\/\/www.addtoany.com\/add_to\/facebook?linkurl=https%3A%2F%2Fgioia.lavocedelpaese.info%2Findex.php%2F2025%2F12%2F29%2Ffiamma-olimpica-reso-noto-percorso-ed-orario-nel-comune-di-gioia-del-colle%2F&amp;linkname=Fiamma%20Olimpica.%20Reso%20noto%20percorso%20ed%20orario%20nel%20comune%20di%20Gioia%20del%20Colle\" title=\"Facebook\" rel=\"nofollow noopener\" target=\"_blank\"><\/a><a class=\"a2a_button_twitter\" href=\"https:\/\/www.addtoany.com\/add_to\/twitter?linkurl=https%3A%2F%2Fgioia.lavocedelpaese.info%2Findex.php%2F2025%2F12%2F29%2Ffiamma-olimpica-reso-noto-percorso-ed-orario-nel-comune-di-gioia-del-colle%2F&amp;linkname=Fiamma%20Olimpica.%20Reso%20noto%20percorso%20ed%20orario%20nel%20comune%20di%20Gioia%20del%20Colle\" title=\"Twitter\" rel=\"nofollow noopener\" target=\"_blank\"><\/a><a class=\"a2a_button_whatsapp\" href=\"https:\/\/www.addtoany.com\/add_to\/whatsapp?linkurl=https%3A%2F%2Fgioia.lavocedelpaese.info%2Findex.php%2F2025%2F12%2F29%2Ffiamma-olimpica-reso-noto-percorso-ed-orario-nel-comune-di-gioia-del-colle%2F&amp;linkname=Fiamma%20Olimpica.%20Reso%20noto%20percorso%20ed%20orario%20nel%20comune%20di%20Gioia%20del%20Colle\" title=\"WhatsApp\" rel=\"nofollow noopener\" target=\"_blank\"><\/a><a class=\"a2a_button_telegram\" href=\"https:\/\/www.addtoany.com\/add_to\/telegram?linkurl=https%3A%2F%2Fgioia.lavocedelpaese.info%2Findex.php%2F2025%2F12%2F29%2Ffiamma-olimpica-reso-noto-percorso-ed-orario-nel-comune-di-gioia-del-colle%2F&amp;linkname=Fiamma%20Olimpica.%20Reso%20noto%20percorso%20ed%20orario%20nel%20comune%20di%20Gioia%20del%20Colle\" title=\"Telegram\" rel=\"nofollow noopener\" target=\"_blank\"><\/a><a class=\"a2a_button_email\" href=\"https:\/\/www.addtoany.com\/add_to\/email?linkurl=https%3A%2F%2Fgioia.lavocedelpaese.info%2Findex.php%2F2025%2F12%2F29%2Ffiamma-olimpica-reso-noto-percorso-ed-orario-nel-comune-di-gioia-del-colle%2F&amp;linkname=Fiamma%20Olimpica.%20Reso%20noto%20percorso%20ed%20orario%20nel%20comune%20di%20Gioia%20del%20Colle\" title=\"Email\" rel=\"nofollow noopener\" target=\"_blank\"><\/a><\/p>\n<p>\u00a0<\/p>\n<p>\u00a0<\/p>\n<p>\u200b\u00a0\u00a0\u00a0<\/p>","protected":false},"excerpt":{"rendered":"<p>\u00a0 \u200b\u00a0 \u200b\u00a0 L\u2019itinerario pugliese della fiaccola, simbolo di pace e fratellanza, inizier\u00e0 il 29 dicembre da Altamura, terra del<\/p>\n","protected":false},"author":6,"featured_media":10414,"comment_status":"open","ping_status":"closed","sticky":false,"template":"","format":"standard","meta":{"colormag_page_container_layout":"default_layout","colormag_page_sidebar_layout":"default_layout","footnotes":""},"categories":[33],"tags":[],"class_list":["post-10413","post","type-post","status-publish","format-standard","has-post-thumbnail","hentry","category-network"],"yoast_head":"<!-- This site is optimized with the Yoast SEO plugin v27.5 - https:\/\/yoast.com\/product\/yoast-seo-wordpress\/ -->\n<title>Fiamma Olimpica. Reso noto percorso ed orario nel comune di Gioia del Colle\u00a0\u200b - La Voce del Paese<\/title>\n<meta name=\"robots\" content=\"index, follow, max-snippet:-1, max-image-preview:large, max-video-preview:-1\" \/>\n<link rel=\"canonical\" href=\"https:\/\/lavocedelpaese.info\/index.php\/2025\/12\/29\/fiamma-olimpica-reso-noto-percorso-ed-orario-nel-comune-di-gioia-del-colle\/\" \/>\n<meta property=\"og:locale\" content=\"it_IT\" \/>\n<meta property=\"og:type\" content=\"article\" \/>\n<meta property=\"og:title\" content=\"Fiamma Olimpica. Reso noto percorso ed orario nel comune di Gioia del Colle\u00a0\u200b - La Voce del Paese\" \/>\n<meta property=\"og:description\" content=\"\u00a0 \u200b\u00a0 \u200b\u00a0 L\u2019itinerario pugliese della fiaccola, simbolo di pace e fratellanza, inizier\u00e0 il 29 dicembre da Altamura, terra del\" \/>\n<meta property=\"og:url\" content=\"https:\/\/lavocedelpaese.info\/index.php\/2025\/12\/29\/fiamma-olimpica-reso-noto-percorso-ed-orario-nel-comune-di-gioia-del-colle\/\" \/>\n<meta property=\"og:site_name\" content=\"La Voce del Paese\" \/>\n<meta property=\"article:publisher\" content=\"https:\/\/www.facebook.com\/lavocedelpaese.info\" \/>\n<meta property=\"article:published_time\" content=\"2025-12-29T11:14:04+00:00\" \/>\n<meta name=\"author\" content=\"admin\" \/>\n<meta name=\"twitter:card\" content=\"summary_large_image\" \/>\n<meta name=\"twitter:label1\" content=\"Scritto da\" \/>\n\t<meta name=\"twitter:data1\" content=\"admin\" \/>\n\t<meta name=\"twitter:label2\" content=\"Tempo di lettura stimato\" \/>\n\t<meta name=\"twitter:data2\" content=\"1 minuto\" \/>\n<script type=\"application\/ld+json\" class=\"yoast-schema-graph\">{\"@context\":\"https:\\\/\\\/schema.org\",\"@graph\":[{\"@type\":\"Article\",\"@id\":\"https:\\\/\\\/lavocedelpaese.info\\\/index.php\\\/2025\\\/12\\\/29\\\/fiamma-olimpica-reso-noto-percorso-ed-orario-nel-comune-di-gioia-del-colle\\\/#article\",\"isPartOf\":{\"@id\":\"https:\\\/\\\/lavocedelpaese.info\\\/index.php\\\/2025\\\/12\\\/29\\\/fiamma-olimpica-reso-noto-percorso-ed-orario-nel-comune-di-gioia-del-colle\\\/\"},\"author\":{\"name\":\"admin\",\"@id\":\"https:\\\/\\\/lavocedelpaese.info\\\/#\\\/schema\\\/person\\\/ec151d321306bd7591f7a061abf72d88\"},\"headline\":\"Fiamma Olimpica. Reso noto percorso ed orario nel comune di Gioia del Colle\u00a0\u200b\",\"datePublished\":\"2025-12-29T11:14:04+00:00\",\"mainEntityOfPage\":{\"@id\":\"https:\\\/\\\/lavocedelpaese.info\\\/index.php\\\/2025\\\/12\\\/29\\\/fiamma-olimpica-reso-noto-percorso-ed-orario-nel-comune-di-gioia-del-colle\\\/\"},\"wordCount\":247,\"commentCount\":0,\"publisher\":{\"@id\":\"https:\\\/\\\/lavocedelpaese.info\\\/#organization\"},\"image\":{\"@id\":\"https:\\\/\\\/lavocedelpaese.info\\\/index.php\\\/2025\\\/12\\\/29\\\/fiamma-olimpica-reso-noto-percorso-ed-orario-nel-comune-di-gioia-del-colle\\\/#primaryimage\"},\"thumbnailUrl\":\"https:\\\/\\\/lavocedelpaese.info\\\/wp-content\\\/uploads\\\/2025\\\/12\\\/589463162_18380238895148237_3266092992534050859_n-ZucKOF.jpg\",\"articleSection\":[\"network\"],\"inLanguage\":\"it-IT\",\"potentialAction\":[{\"@type\":\"CommentAction\",\"name\":\"Comment\",\"target\":[\"https:\\\/\\\/lavocedelpaese.info\\\/index.php\\\/2025\\\/12\\\/29\\\/fiamma-olimpica-reso-noto-percorso-ed-orario-nel-comune-di-gioia-del-colle\\\/#respond\"]}]},{\"@type\":\"WebPage\",\"@id\":\"https:\\\/\\\/lavocedelpaese.info\\\/index.php\\\/2025\\\/12\\\/29\\\/fiamma-olimpica-reso-noto-percorso-ed-orario-nel-comune-di-gioia-del-colle\\\/\",\"url\":\"https:\\\/\\\/lavocedelpaese.info\\\/index.php\\\/2025\\\/12\\\/29\\\/fiamma-olimpica-reso-noto-percorso-ed-orario-nel-comune-di-gioia-del-colle\\\/\",\"name\":\"Fiamma Olimpica. Reso noto percorso ed orario nel comune di Gioia del Colle\u00a0\u200b - La Voce del Paese\",\"isPartOf\":{\"@id\":\"https:\\\/\\\/lavocedelpaese.info\\\/#website\"},\"primaryImageOfPage\":{\"@id\":\"https:\\\/\\\/lavocedelpaese.info\\\/index.php\\\/2025\\\/12\\\/29\\\/fiamma-olimpica-reso-noto-percorso-ed-orario-nel-comune-di-gioia-del-colle\\\/#primaryimage\"},\"image\":{\"@id\":\"https:\\\/\\\/lavocedelpaese.info\\\/index.php\\\/2025\\\/12\\\/29\\\/fiamma-olimpica-reso-noto-percorso-ed-orario-nel-comune-di-gioia-del-colle\\\/#primaryimage\"},\"thumbnailUrl\":\"https:\\\/\\\/lavocedelpaese.info\\\/wp-content\\\/uploads\\\/2025\\\/12\\\/589463162_18380238895148237_3266092992534050859_n-ZucKOF.jpg\",\"datePublished\":\"2025-12-29T11:14:04+00:00\",\"breadcrumb\":{\"@id\":\"https:\\\/\\\/lavocedelpaese.info\\\/index.php\\\/2025\\\/12\\\/29\\\/fiamma-olimpica-reso-noto-percorso-ed-orario-nel-comune-di-gioia-del-colle\\\/#breadcrumb\"},\"inLanguage\":\"it-IT\",\"potentialAction\":[{\"@type\":\"ReadAction\",\"target\":[\"https:\\\/\\\/lavocedelpaese.info\\\/index.php\\\/2025\\\/12\\\/29\\\/fiamma-olimpica-reso-noto-percorso-ed-orario-nel-comune-di-gioia-del-colle\\\/\"]}]},{\"@type\":\"ImageObject\",\"inLanguage\":\"it-IT\",\"@id\":\"https:\\\/\\\/lavocedelpaese.info\\\/index.php\\\/2025\\\/12\\\/29\\\/fiamma-olimpica-reso-noto-percorso-ed-orario-nel-comune-di-gioia-del-colle\\\/#primaryimage\",\"url\":\"https:\\\/\\\/lavocedelpaese.info\\\/wp-content\\\/uploads\\\/2025\\\/12\\\/589463162_18380238895148237_3266092992534050859_n-ZucKOF.jpg\",\"contentUrl\":\"https:\\\/\\\/lavocedelpaese.info\\\/wp-content\\\/uploads\\\/2025\\\/12\\\/589463162_18380238895148237_3266092992534050859_n-ZucKOF.jpg\",\"width\":640,\"height\":800},{\"@type\":\"BreadcrumbList\",\"@id\":\"https:\\\/\\\/lavocedelpaese.info\\\/index.php\\\/2025\\\/12\\\/29\\\/fiamma-olimpica-reso-noto-percorso-ed-orario-nel-comune-di-gioia-del-colle\\\/#breadcrumb\",\"itemListElement\":[{\"@type\":\"ListItem\",\"position\":1,\"name\":\"Home\",\"item\":\"https:\\\/\\\/lavocedelpaese.info\\\/\"},{\"@type\":\"ListItem\",\"position\":2,\"name\":\"Fiamma Olimpica. Reso noto percorso ed orario nel comune di Gioia del Colle\u00a0\u200b\"}]},{\"@type\":\"WebSite\",\"@id\":\"https:\\\/\\\/lavocedelpaese.info\\\/#website\",\"url\":\"https:\\\/\\\/lavocedelpaese.info\\\/\",\"name\":\"La Voce del Paese\",\"description\":\"Un network di idee\",\"publisher\":{\"@id\":\"https:\\\/\\\/lavocedelpaese.info\\\/#organization\"},\"potentialAction\":[{\"@type\":\"SearchAction\",\"target\":{\"@type\":\"EntryPoint\",\"urlTemplate\":\"https:\\\/\\\/lavocedelpaese.info\\\/?s={search_term_string}\"},\"query-input\":{\"@type\":\"PropertyValueSpecification\",\"valueRequired\":true,\"valueName\":\"search_term_string\"}}],\"inLanguage\":\"it-IT\"},{\"@type\":\"Organization\",\"@id\":\"https:\\\/\\\/lavocedelpaese.info\\\/#organization\",\"name\":\"La Voce del Paese\",\"url\":\"https:\\\/\\\/lavocedelpaese.info\\\/\",\"logo\":{\"@type\":\"ImageObject\",\"inLanguage\":\"it-IT\",\"@id\":\"https:\\\/\\\/lavocedelpaese.info\\\/#\\\/schema\\\/logo\\\/image\\\/\",\"url\":\"https:\\\/\\\/lavocedelpaese.info\\\/wp-content\\\/uploads\\\/2023\\\/01\\\/cropped-logo-150-127.png\",\"contentUrl\":\"https:\\\/\\\/lavocedelpaese.info\\\/wp-content\\\/uploads\\\/2023\\\/01\\\/cropped-logo-150-127.png\",\"width\":137,\"height\":119,\"caption\":\"La Voce del Paese\"},\"image\":{\"@id\":\"https:\\\/\\\/lavocedelpaese.info\\\/#\\\/schema\\\/logo\\\/image\\\/\"},\"sameAs\":[\"https:\\\/\\\/www.facebook.com\\\/lavocedelpaese.info\"]},{\"@type\":\"Person\",\"@id\":\"https:\\\/\\\/lavocedelpaese.info\\\/#\\\/schema\\\/person\\\/ec151d321306bd7591f7a061abf72d88\",\"name\":\"admin\",\"image\":{\"@type\":\"ImageObject\",\"inLanguage\":\"it-IT\",\"@id\":\"https:\\\/\\\/secure.gravatar.com\\\/avatar\\\/af8f2caf0663124588de48a9380e07cbc95a74ef15b8062d0d39106c32fe3023?s=96&d=mm&r=g\",\"url\":\"https:\\\/\\\/secure.gravatar.com\\\/avatar\\\/af8f2caf0663124588de48a9380e07cbc95a74ef15b8062d0d39106c32fe3023?s=96&d=mm&r=g\",\"contentUrl\":\"https:\\\/\\\/secure.gravatar.com\\\/avatar\\\/af8f2caf0663124588de48a9380e07cbc95a74ef15b8062d0d39106c32fe3023?s=96&d=mm&r=g\",\"caption\":\"admin\"},\"sameAs\":[\"https:\\\/\\\/lavocedelpaese.info\"],\"url\":\"https:\\\/\\\/lavocedelpaese.info\\\/index.php\\\/author\\\/admin\\\/\"}]}<\/script>\n<!-- \/ Yoast SEO plugin. -->","yoast_head_json":{"title":"Fiamma Olimpica. Reso noto percorso ed orario nel comune di Gioia del Colle\u00a0\u200b - La Voce del Paese","robots":{"index":"index","follow":"follow","max-snippet":"max-snippet:-1","max-image-preview":"max-image-preview:large","max-video-preview":"max-video-preview:-1"},"canonical":"https:\/\/lavocedelpaese.info\/index.php\/2025\/12\/29\/fiamma-olimpica-reso-noto-percorso-ed-orario-nel-comune-di-gioia-del-colle\/","og_locale":"it_IT","og_type":"article","og_title":"Fiamma Olimpica. Reso noto percorso ed orario nel comune di Gioia del Colle\u00a0\u200b - La Voce del Paese","og_description":"\u00a0 \u200b\u00a0 \u200b\u00a0 L\u2019itinerario pugliese della fiaccola, simbolo di pace e fratellanza, inizier\u00e0 il 29 dicembre da Altamura, terra del","og_url":"https:\/\/lavocedelpaese.info\/index.php\/2025\/12\/29\/fiamma-olimpica-reso-noto-percorso-ed-orario-nel-comune-di-gioia-del-colle\/","og_site_name":"La Voce del Paese","article_publisher":"https:\/\/www.facebook.com\/lavocedelpaese.info","article_published_time":"2025-12-29T11:14:04+00:00","author":"admin","twitter_card":"summary_large_image","twitter_misc":{"Scritto da":"admin","Tempo di lettura stimato":"1 minuto"},"schema":{"@context":"https:\/\/schema.org","@graph":[{"@type":"Article","@id":"https:\/\/lavocedelpaese.info\/index.php\/2025\/12\/29\/fiamma-olimpica-reso-noto-percorso-ed-orario-nel-comune-di-gioia-del-colle\/#article","isPartOf":{"@id":"https:\/\/lavocedelpaese.info\/index.php\/2025\/12\/29\/fiamma-olimpica-reso-noto-percorso-ed-orario-nel-comune-di-gioia-del-colle\/"},"author":{"name":"admin","@id":"https:\/\/lavocedelpaese.info\/#\/schema\/person\/ec151d321306bd7591f7a061abf72d88"},"headline":"Fiamma Olimpica. Reso noto percorso ed orario nel comune di Gioia del Colle\u00a0\u200b","datePublished":"2025-12-29T11:14:04+00:00","mainEntityOfPage":{"@id":"https:\/\/lavocedelpaese.info\/index.php\/2025\/12\/29\/fiamma-olimpica-reso-noto-percorso-ed-orario-nel-comune-di-gioia-del-colle\/"},"wordCount":247,"commentCount":0,"publisher":{"@id":"https:\/\/lavocedelpaese.info\/#organization"},"image":{"@id":"https:\/\/lavocedelpaese.info\/index.php\/2025\/12\/29\/fiamma-olimpica-reso-noto-percorso-ed-orario-nel-comune-di-gioia-del-colle\/#primaryimage"},"thumbnailUrl":"https:\/\/lavocedelpaese.info\/wp-content\/uploads\/2025\/12\/589463162_18380238895148237_3266092992534050859_n-ZucKOF.jpg","articleSection":["network"],"inLanguage":"it-IT","potentialAction":[{"@type":"CommentAction","name":"Comment","target":["https:\/\/lavocedelpaese.info\/index.php\/2025\/12\/29\/fiamma-olimpica-reso-noto-percorso-ed-orario-nel-comune-di-gioia-del-colle\/#respond"]}]},{"@type":"WebPage","@id":"https:\/\/lavocedelpaese.info\/index.php\/2025\/12\/29\/fiamma-olimpica-reso-noto-percorso-ed-orario-nel-comune-di-gioia-del-colle\/","url":"https:\/\/lavocedelpaese.info\/index.php\/2025\/12\/29\/fiamma-olimpica-reso-noto-percorso-ed-orario-nel-comune-di-gioia-del-colle\/","name":"Fiamma Olimpica. Reso noto percorso ed orario nel comune di Gioia del Colle\u00a0\u200b - La Voce del Paese","isPartOf":{"@id":"https:\/\/lavocedelpaese.info\/#website"},"primaryImageOfPage":{"@id":"https:\/\/lavocedelpaese.info\/index.php\/2025\/12\/29\/fiamma-olimpica-reso-noto-percorso-ed-orario-nel-comune-di-gioia-del-colle\/#primaryimage"},"image":{"@id":"https:\/\/lavocedelpaese.info\/index.php\/2025\/12\/29\/fiamma-olimpica-reso-noto-percorso-ed-orario-nel-comune-di-gioia-del-colle\/#primaryimage"},"thumbnailUrl":"https:\/\/lavocedelpaese.info\/wp-content\/uploads\/2025\/12\/589463162_18380238895148237_3266092992534050859_n-ZucKOF.jpg","datePublished":"2025-12-29T11:14:04+00:00","breadcrumb":{"@id":"https:\/\/lavocedelpaese.info\/index.php\/2025\/12\/29\/fiamma-olimpica-reso-noto-percorso-ed-orario-nel-comune-di-gioia-del-colle\/#breadcrumb"},"inLanguage":"it-IT","potentialAction":[{"@type":"ReadAction","target":["https:\/\/lavocedelpaese.info\/index.php\/2025\/12\/29\/fiamma-olimpica-reso-noto-percorso-ed-orario-nel-comune-di-gioia-del-colle\/"]}]},{"@type":"ImageObject","inLanguage":"it-IT","@id":"https:\/\/lavocedelpaese.info\/index.php\/2025\/12\/29\/fiamma-olimpica-reso-noto-percorso-ed-orario-nel-comune-di-gioia-del-colle\/#primaryimage","url":"https:\/\/lavocedelpaese.info\/wp-content\/uploads\/2025\/12\/589463162_18380238895148237_3266092992534050859_n-ZucKOF.jpg","contentUrl":"https:\/\/lavocedelpaese.info\/wp-content\/uploads\/2025\/12\/589463162_18380238895148237_3266092992534050859_n-ZucKOF.jpg","width":640,"height":800},{"@type":"BreadcrumbList","@id":"https:\/\/lavocedelpaese.info\/index.php\/2025\/12\/29\/fiamma-olimpica-reso-noto-percorso-ed-orario-nel-comune-di-gioia-del-colle\/#breadcrumb","itemListElement":[{"@type":"ListItem","position":1,"name":"Home","item":"https:\/\/lavocedelpaese.info\/"},{"@type":"ListItem","position":2,"name":"Fiamma Olimpica. Reso noto percorso ed orario nel comune di Gioia del Colle\u00a0\u200b"}]},{"@type":"WebSite","@id":"https:\/\/lavocedelpaese.info\/#website","url":"https:\/\/lavocedelpaese.info\/","name":"La Voce del Paese","description":"Un network di idee","publisher":{"@id":"https:\/\/lavocedelpaese.info\/#organization"},"potentialAction":[{"@type":"SearchAction","target":{"@type":"EntryPoint","urlTemplate":"https:\/\/lavocedelpaese.info\/?s={search_term_string}"},"query-input":{"@type":"PropertyValueSpecification","valueRequired":true,"valueName":"search_term_string"}}],"inLanguage":"it-IT"},{"@type":"Organization","@id":"https:\/\/lavocedelpaese.info\/#organization","name":"La Voce del Paese","url":"https:\/\/lavocedelpaese.info\/","logo":{"@type":"ImageObject","inLanguage":"it-IT","@id":"https:\/\/lavocedelpaese.info\/#\/schema\/logo\/image\/","url":"https:\/\/lavocedelpaese.info\/wp-content\/uploads\/2023\/01\/cropped-logo-150-127.png","contentUrl":"https:\/\/lavocedelpaese.info\/wp-content\/uploads\/2023\/01\/cropped-logo-150-127.png","width":137,"height":119,"caption":"La Voce del Paese"},"image":{"@id":"https:\/\/lavocedelpaese.info\/#\/schema\/logo\/image\/"},"sameAs":["https:\/\/www.facebook.com\/lavocedelpaese.info"]},{"@type":"Person","@id":"https:\/\/lavocedelpaese.info\/#\/schema\/person\/ec151d321306bd7591f7a061abf72d88","name":"admin","image":{"@type":"ImageObject","inLanguage":"it-IT","@id":"https:\/\/secure.gravatar.com\/avatar\/af8f2caf0663124588de48a9380e07cbc95a74ef15b8062d0d39106c32fe3023?s=96&d=mm&r=g","url":"https:\/\/secure.gravatar.com\/avatar\/af8f2caf0663124588de48a9380e07cbc95a74ef15b8062d0d39106c32fe3023?s=96&d=mm&r=g","contentUrl":"https:\/\/secure.gravatar.com\/avatar\/af8f2caf0663124588de48a9380e07cbc95a74ef15b8062d0d39106c32fe3023?s=96&d=mm&r=g","caption":"admin"},"sameAs":["https:\/\/lavocedelpaese.info"],"url":"https:\/\/lavocedelpaese.info\/index.php\/author\/admin\/"}]}},"_links":{"self":[{"href":"https:\/\/lavocedelpaese.info\/index.php\/wp-json\/wp\/v2\/posts\/10413","targetHints":{"allow":["GET"]}}],"collection":[{"href":"https:\/\/lavocedelpaese.info\/index.php\/wp-json\/wp\/v2\/posts"}],"about":[{"href":"https:\/\/lavocedelpaese.info\/index.php\/wp-json\/wp\/v2\/types\/post"}],"author":[{"embeddable":true,"href":"https:\/\/lavocedelpaese.info\/index.php\/wp-json\/wp\/v2\/users\/6"}],"replies":[{"embeddable":true,"href":"https:\/\/lavocedelpaese.info\/index.php\/wp-json\/wp\/v2\/comments?post=10413"}],"version-history":[{"count":0,"href":"https:\/\/lavocedelpaese.info\/index.php\/wp-json\/wp\/v2\/posts\/10413\/revisions"}],"wp:featuredmedia":[{"embeddable":true,"href":"https:\/\/lavocedelpaese.info\/index.php\/wp-json\/wp\/v2\/media\/10414"}],"wp:attachment":[{"href":"https:\/\/lavocedelpaese.info\/index.php\/wp-json\/wp\/v2\/media?parent=10413"}],"wp:term":[{"taxonomy":"category","embeddable":true,"href":"https:\/\/lavocedelpaese.info\/index.php\/wp-json\/wp\/v2\/categories?post=10413"},{"taxonomy":"post_tag","embeddable":true,"href":"https:\/\/lavocedelpaese.info\/index.php\/wp-json\/wp\/v2\/tags?post=10413"}],"curies":[{"name":"wp","href":"https:\/\/api.w.org\/{rel}","templated":true}]}}