{"id":10390,"date":"2025-12-22T15:14:24","date_gmt":"2025-12-22T15:14:24","guid":{"rendered":"https:\/\/lavocedelpaese.info\/index.php\/2025\/12\/22\/turi-musica-e-comunita-il-natale-che-unisce-generazioni-a-palazzo-cozzolongo\/"},"modified":"2025-12-22T15:14:24","modified_gmt":"2025-12-22T15:14:24","slug":"turi-musica-e-comunita-il-natale-che-unisce-generazioni-a-palazzo-cozzolongo","status":"publish","type":"post","link":"https:\/\/lavocedelpaese.info\/index.php\/2025\/12\/22\/turi-musica-e-comunita-il-natale-che-unisce-generazioni-a-palazzo-cozzolongo\/","title":{"rendered":"Turi, musica e comunit\u00e0: il Natale che unisce generazioni a Palazzo Cozzolongo\u00a0\u200b"},"content":{"rendered":"<p>\u00a0<\/p>\n<p>\u200b\u00a0<\/p>\n<p>\u200b\u00a0<\/p>\n<div><\/div>\n<h4 class=\"wp-block-heading\"><strong>Protagonisti i giovani talenti della Scuola di Musica di Turi<\/strong><\/h4>\n<p>Un pomeriggio di musica, sorrisi e condivisione ha animato Palazzo Cozzolongo, trasformandolo in un luogo simbolo di incontro tra tradizione e futuro. L\u2019evento \u201cBabbo Natale e i ragazzi della Scuola di Musica di Turi incontrano i bambini\u201d si \u00e8 rivelato molto pi\u00f9 di un semplice appuntamento natalizio: \u00e8 stato un racconto corale dell\u2019identit\u00e0 culturale di Turi, costruito attraverso la musica, la partecipazione delle famiglie e una collaborazione che negli anni si \u00e8 fatta sempre pi\u00f9 solida.<\/p>\n<p>Protagonista indiscussa \u00e8 stata la <strong>Scuola di Musica di Turi, <\/strong>realt\u00e0 storica del territorio, nata con l\u2019obiettivo di educare alla musica come linguaggio universale e strumento di crescita personale e collettiva. Dalle sue origini a oggi, la scuola ha saputo custodire le tradizioni bandistiche e musicali locali, rinnovandole attraverso il coinvolgimento delle nuove generazioni. Un lavoro paziente e costante che ha permesso a bambini, ragazzi e anche adulti di avvicinarsi alla musica non solo come disciplina, ma come esperienza di appartenenza.<br \/>In questo percorso si inserisce la collaborazione proficua con l\u2019Associazione Cultura e Armonia, che anche in questa occasione ha confermato il proprio ruolo di ponte tra cultura, educazione e comunit\u00e0. Una sinergia che va oltre l\u2019organizzazione di eventi e che punta a valorizzare il patrimonio umano e artistico del territorio, creando occasioni di incontro autentico.<\/p>\n<p>Durante il pomeriggio, le note suonate dai giovani musicisti hanno fatto da cornice a un clima di festa diffusa. Le famiglie hanno partecipato numerose, condividendo momenti di emozione e orgoglio nel vedere i ragazzi protagonisti. I bambini \u2013 ma non solo \u2013 hanno potuto incontrare Babbo Natale, scattare foto ricordo e lasciarsi conquistare da caramelle e sorrisi, in un\u2019atmosfera semplice e genuina.<\/p>\n<p>Il momento conclusivo, con un brindisi collettivo e il tradizionale panettone condiviso, ha suggellato il senso pi\u00f9 profondo dell\u2019iniziativa: la musica come occasione di comunit\u00e0, il Natale come tempo di relazione, la cultura come bene comune da vivere insieme.<\/p>\n<p>Un evento che ha ribadito, ancora una volta, come la Scuola di Musica di Turi non sia soltanto un luogo di formazione, ma un presidio culturale vivo, capace di unire generazioni diverse e di dare voce, attraverso le note, all\u2019anima pi\u00f9 autentica del paese.<\/p>\n<figure class=\"wp-block-gallery has-nested-images columns-2 is-cropped wp-block-gallery-1 is-layout-flex wp-block-gallery-is-layout-flex\">\n<figure class=\"wp-block-image size-large\"><img decoding=\"async\" width=\"1536\" height=\"2048\" data-id=\"8070\" src=\"https:\/\/turi.lavocedelpaese.info\/wp-content\/uploads\/2025\/12\/babbo-natale-a-palazzo-cozzolongo-2.jpeg\" alt=\"\" class=\"wp-image-8070\"\/><\/figure>\n<figure class=\"wp-block-image size-large\"><img decoding=\"async\" width=\"1536\" height=\"2048\" data-id=\"8071\" src=\"https:\/\/turi.lavocedelpaese.info\/wp-content\/uploads\/2025\/12\/babbo-natale-a-palazzo-cozzolongo-4.jpeg\" alt=\"\" class=\"wp-image-8071\"\/><\/figure>\n<figure class=\"wp-block-image size-large\"><img decoding=\"async\" width=\"1200\" height=\"1600\" data-id=\"8072\" src=\"https:\/\/turi.lavocedelpaese.info\/wp-content\/uploads\/2025\/12\/babbo-natale-a-palazzo-cozzolongo-5.jpeg\" alt=\"\" class=\"wp-image-8072\"\/><\/figure>\n<figure class=\"wp-block-image size-large\"><img decoding=\"async\" loading=\"lazy\" width=\"1200\" height=\"1600\" data-id=\"8073\" src=\"https:\/\/turi.lavocedelpaese.info\/wp-content\/uploads\/2025\/12\/babbo-natale-a-palazzo-cozzolongo-6.jpeg\" alt=\"\" class=\"wp-image-8073\"\/><\/figure>\n<figure class=\"wp-block-image size-large\"><img decoding=\"async\" loading=\"lazy\" width=\"1221\" height=\"1600\" data-id=\"8069\" src=\"https:\/\/turi.lavocedelpaese.info\/wp-content\/uploads\/2025\/12\/babbo-natale-a-palazzo-cozzolongo-1.jpeg\" alt=\"\" class=\"wp-image-8069\"\/><\/figure>\n<\/figure>\n<p><a class=\"a2a_button_facebook\" href=\"https:\/\/www.addtoany.com\/add_to\/facebook?linkurl=https%3A%2F%2Fturi.lavocedelpaese.info%2Fturi-musica-e-comunita-il-natale-che-unisce-generazioni-a-palazzo-cozzolongo%2F&amp;linkname=Turi%2C%20musica%20e%20comunit%C3%A0%3A%20il%20Natale%20che%20unisce%20generazioni%20a%20Palazzo%20Cozzolongo\" title=\"Facebook\" rel=\"nofollow noopener\" target=\"_blank\"><\/a><a class=\"a2a_button_twitter\" href=\"https:\/\/www.addtoany.com\/add_to\/twitter?linkurl=https%3A%2F%2Fturi.lavocedelpaese.info%2Fturi-musica-e-comunita-il-natale-che-unisce-generazioni-a-palazzo-cozzolongo%2F&amp;linkname=Turi%2C%20musica%20e%20comunit%C3%A0%3A%20il%20Natale%20che%20unisce%20generazioni%20a%20Palazzo%20Cozzolongo\" title=\"Twitter\" rel=\"nofollow noopener\" target=\"_blank\"><\/a><a class=\"a2a_button_whatsapp\" href=\"https:\/\/www.addtoany.com\/add_to\/whatsapp?linkurl=https%3A%2F%2Fturi.lavocedelpaese.info%2Fturi-musica-e-comunita-il-natale-che-unisce-generazioni-a-palazzo-cozzolongo%2F&amp;linkname=Turi%2C%20musica%20e%20comunit%C3%A0%3A%20il%20Natale%20che%20unisce%20generazioni%20a%20Palazzo%20Cozzolongo\" title=\"WhatsApp\" rel=\"nofollow noopener\" target=\"_blank\"><\/a><a class=\"a2a_button_telegram\" href=\"https:\/\/www.addtoany.com\/add_to\/telegram?linkurl=https%3A%2F%2Fturi.lavocedelpaese.info%2Fturi-musica-e-comunita-il-natale-che-unisce-generazioni-a-palazzo-cozzolongo%2F&amp;linkname=Turi%2C%20musica%20e%20comunit%C3%A0%3A%20il%20Natale%20che%20unisce%20generazioni%20a%20Palazzo%20Cozzolongo\" title=\"Telegram\" rel=\"nofollow noopener\" target=\"_blank\"><\/a><a class=\"a2a_button_email\" href=\"https:\/\/www.addtoany.com\/add_to\/email?linkurl=https%3A%2F%2Fturi.lavocedelpaese.info%2Fturi-musica-e-comunita-il-natale-che-unisce-generazioni-a-palazzo-cozzolongo%2F&amp;linkname=Turi%2C%20musica%20e%20comunit%C3%A0%3A%20il%20Natale%20che%20unisce%20generazioni%20a%20Palazzo%20Cozzolongo\" title=\"Email\" rel=\"nofollow noopener\" target=\"_blank\"><\/a><\/p>\n<p>L&#8217;articolo <a href=\"https:\/\/turi.lavocedelpaese.info\/turi-musica-e-comunita-il-natale-che-unisce-generazioni-a-palazzo-cozzolongo\/\">Turi, musica e comunit\u00e0: il Natale che unisce generazioni a Palazzo Cozzolongo<\/a> proviene da <a href=\"https:\/\/turi.lavocedelpaese.info\/\">Turi &#8211; La Voce del Paese<\/a>.<\/p>\n<p>\u00a0<\/p>\n<p>\u00a0<\/p>\n<p>\u200b\u00a0\u00a0\u00a0<\/p>","protected":false},"excerpt":{"rendered":"<p>\u00a0 \u200b\u00a0 \u200b\u00a0 Protagonisti i giovani talenti della Scuola di Musica di Turi Un pomeriggio di musica, sorrisi e condivisione<\/p>\n","protected":false},"author":6,"featured_media":10391,"comment_status":"open","ping_status":"closed","sticky":false,"template":"","format":"standard","meta":{"colormag_page_container_layout":"default_layout","colormag_page_sidebar_layout":"default_layout","footnotes":""},"categories":[33],"tags":[],"class_list":["post-10390","post","type-post","status-publish","format-standard","has-post-thumbnail","hentry","category-network"],"yoast_head":"<!-- This site is optimized with the Yoast SEO plugin v27.5 - https:\/\/yoast.com\/product\/yoast-seo-wordpress\/ -->\n<title>Turi, musica e comunit\u00e0: il Natale che unisce generazioni a Palazzo Cozzolongo\u00a0\u200b - La Voce del Paese<\/title>\n<meta name=\"robots\" content=\"index, follow, max-snippet:-1, max-image-preview:large, max-video-preview:-1\" \/>\n<link rel=\"canonical\" href=\"https:\/\/lavocedelpaese.info\/index.php\/2025\/12\/22\/turi-musica-e-comunita-il-natale-che-unisce-generazioni-a-palazzo-cozzolongo\/\" \/>\n<meta property=\"og:locale\" content=\"it_IT\" \/>\n<meta property=\"og:type\" content=\"article\" \/>\n<meta property=\"og:title\" content=\"Turi, musica e comunit\u00e0: il Natale che unisce generazioni a Palazzo Cozzolongo\u00a0\u200b - La Voce del Paese\" \/>\n<meta property=\"og:description\" content=\"\u00a0 \u200b\u00a0 \u200b\u00a0 Protagonisti i giovani talenti della Scuola di Musica di Turi Un pomeriggio di musica, sorrisi e condivisione\" \/>\n<meta property=\"og:url\" content=\"https:\/\/lavocedelpaese.info\/index.php\/2025\/12\/22\/turi-musica-e-comunita-il-natale-che-unisce-generazioni-a-palazzo-cozzolongo\/\" \/>\n<meta property=\"og:site_name\" content=\"La Voce del Paese\" \/>\n<meta property=\"article:publisher\" content=\"https:\/\/www.facebook.com\/lavocedelpaese.info\" \/>\n<meta property=\"article:published_time\" content=\"2025-12-22T15:14:24+00:00\" \/>\n<meta property=\"og:image\" content=\"https:\/\/lavocedelpaese.info\/wp-content\/uploads\/2024\/10\/462365467_412217288592361_3888050588454903196_n-J0bZiA.jpeg\" \/>\n\t<meta property=\"og:image:width\" content=\"566\" \/>\n\t<meta property=\"og:image:height\" content=\"800\" \/>\n\t<meta property=\"og:image:type\" content=\"image\/jpeg\" \/>\n<meta name=\"author\" content=\"admin\" \/>\n<meta name=\"twitter:card\" content=\"summary_large_image\" \/>\n<meta name=\"twitter:label1\" content=\"Scritto da\" \/>\n\t<meta name=\"twitter:data1\" content=\"admin\" \/>\n\t<meta name=\"twitter:label2\" content=\"Tempo di lettura stimato\" \/>\n\t<meta name=\"twitter:data2\" content=\"2 minuti\" \/>\n<script type=\"application\/ld+json\" class=\"yoast-schema-graph\">{\"@context\":\"https:\\\/\\\/schema.org\",\"@graph\":[{\"@type\":\"Article\",\"@id\":\"https:\\\/\\\/lavocedelpaese.info\\\/index.php\\\/2025\\\/12\\\/22\\\/turi-musica-e-comunita-il-natale-che-unisce-generazioni-a-palazzo-cozzolongo\\\/#article\",\"isPartOf\":{\"@id\":\"https:\\\/\\\/lavocedelpaese.info\\\/index.php\\\/2025\\\/12\\\/22\\\/turi-musica-e-comunita-il-natale-che-unisce-generazioni-a-palazzo-cozzolongo\\\/\"},\"author\":{\"name\":\"admin\",\"@id\":\"https:\\\/\\\/lavocedelpaese.info\\\/#\\\/schema\\\/person\\\/ec151d321306bd7591f7a061abf72d88\"},\"headline\":\"Turi, musica e comunit\u00e0: il Natale che unisce generazioni a Palazzo Cozzolongo\u00a0\u200b\",\"datePublished\":\"2025-12-22T15:14:24+00:00\",\"mainEntityOfPage\":{\"@id\":\"https:\\\/\\\/lavocedelpaese.info\\\/index.php\\\/2025\\\/12\\\/22\\\/turi-musica-e-comunita-il-natale-che-unisce-generazioni-a-palazzo-cozzolongo\\\/\"},\"wordCount\":403,\"commentCount\":0,\"publisher\":{\"@id\":\"https:\\\/\\\/lavocedelpaese.info\\\/#organization\"},\"image\":{\"@id\":\"https:\\\/\\\/lavocedelpaese.info\\\/index.php\\\/2025\\\/12\\\/22\\\/turi-musica-e-comunita-il-natale-che-unisce-generazioni-a-palazzo-cozzolongo\\\/#primaryimage\"},\"thumbnailUrl\":\"https:\\\/\\\/lavocedelpaese.info\\\/wp-content\\\/uploads\\\/2025\\\/12\\\/babbo-natale-a-palazzo-cozzolongo-2-s3MHfK.jpg\",\"articleSection\":[\"network\"],\"inLanguage\":\"it-IT\",\"potentialAction\":[{\"@type\":\"CommentAction\",\"name\":\"Comment\",\"target\":[\"https:\\\/\\\/lavocedelpaese.info\\\/index.php\\\/2025\\\/12\\\/22\\\/turi-musica-e-comunita-il-natale-che-unisce-generazioni-a-palazzo-cozzolongo\\\/#respond\"]}]},{\"@type\":\"WebPage\",\"@id\":\"https:\\\/\\\/lavocedelpaese.info\\\/index.php\\\/2025\\\/12\\\/22\\\/turi-musica-e-comunita-il-natale-che-unisce-generazioni-a-palazzo-cozzolongo\\\/\",\"url\":\"https:\\\/\\\/lavocedelpaese.info\\\/index.php\\\/2025\\\/12\\\/22\\\/turi-musica-e-comunita-il-natale-che-unisce-generazioni-a-palazzo-cozzolongo\\\/\",\"name\":\"Turi, musica e comunit\u00e0: il Natale che unisce generazioni a Palazzo Cozzolongo\u00a0\u200b - La Voce del Paese\",\"isPartOf\":{\"@id\":\"https:\\\/\\\/lavocedelpaese.info\\\/#website\"},\"primaryImageOfPage\":{\"@id\":\"https:\\\/\\\/lavocedelpaese.info\\\/index.php\\\/2025\\\/12\\\/22\\\/turi-musica-e-comunita-il-natale-che-unisce-generazioni-a-palazzo-cozzolongo\\\/#primaryimage\"},\"image\":{\"@id\":\"https:\\\/\\\/lavocedelpaese.info\\\/index.php\\\/2025\\\/12\\\/22\\\/turi-musica-e-comunita-il-natale-che-unisce-generazioni-a-palazzo-cozzolongo\\\/#primaryimage\"},\"thumbnailUrl\":\"https:\\\/\\\/lavocedelpaese.info\\\/wp-content\\\/uploads\\\/2025\\\/12\\\/babbo-natale-a-palazzo-cozzolongo-2-s3MHfK.jpg\",\"datePublished\":\"2025-12-22T15:14:24+00:00\",\"breadcrumb\":{\"@id\":\"https:\\\/\\\/lavocedelpaese.info\\\/index.php\\\/2025\\\/12\\\/22\\\/turi-musica-e-comunita-il-natale-che-unisce-generazioni-a-palazzo-cozzolongo\\\/#breadcrumb\"},\"inLanguage\":\"it-IT\",\"potentialAction\":[{\"@type\":\"ReadAction\",\"target\":[\"https:\\\/\\\/lavocedelpaese.info\\\/index.php\\\/2025\\\/12\\\/22\\\/turi-musica-e-comunita-il-natale-che-unisce-generazioni-a-palazzo-cozzolongo\\\/\"]}]},{\"@type\":\"ImageObject\",\"inLanguage\":\"it-IT\",\"@id\":\"https:\\\/\\\/lavocedelpaese.info\\\/index.php\\\/2025\\\/12\\\/22\\\/turi-musica-e-comunita-il-natale-che-unisce-generazioni-a-palazzo-cozzolongo\\\/#primaryimage\",\"url\":\"https:\\\/\\\/lavocedelpaese.info\\\/wp-content\\\/uploads\\\/2025\\\/12\\\/babbo-natale-a-palazzo-cozzolongo-2-s3MHfK.jpg\",\"contentUrl\":\"https:\\\/\\\/lavocedelpaese.info\\\/wp-content\\\/uploads\\\/2025\\\/12\\\/babbo-natale-a-palazzo-cozzolongo-2-s3MHfK.jpg\",\"width\":600,\"height\":800},{\"@type\":\"BreadcrumbList\",\"@id\":\"https:\\\/\\\/lavocedelpaese.info\\\/index.php\\\/2025\\\/12\\\/22\\\/turi-musica-e-comunita-il-natale-che-unisce-generazioni-a-palazzo-cozzolongo\\\/#breadcrumb\",\"itemListElement\":[{\"@type\":\"ListItem\",\"position\":1,\"name\":\"Home\",\"item\":\"https:\\\/\\\/lavocedelpaese.info\\\/\"},{\"@type\":\"ListItem\",\"position\":2,\"name\":\"Turi, musica e comunit\u00e0: il Natale che unisce generazioni a Palazzo Cozzolongo\u00a0\u200b\"}]},{\"@type\":\"WebSite\",\"@id\":\"https:\\\/\\\/lavocedelpaese.info\\\/#website\",\"url\":\"https:\\\/\\\/lavocedelpaese.info\\\/\",\"name\":\"La Voce del Paese\",\"description\":\"Un network di idee\",\"publisher\":{\"@id\":\"https:\\\/\\\/lavocedelpaese.info\\\/#organization\"},\"potentialAction\":[{\"@type\":\"SearchAction\",\"target\":{\"@type\":\"EntryPoint\",\"urlTemplate\":\"https:\\\/\\\/lavocedelpaese.info\\\/?s={search_term_string}\"},\"query-input\":{\"@type\":\"PropertyValueSpecification\",\"valueRequired\":true,\"valueName\":\"search_term_string\"}}],\"inLanguage\":\"it-IT\"},{\"@type\":\"Organization\",\"@id\":\"https:\\\/\\\/lavocedelpaese.info\\\/#organization\",\"name\":\"La Voce del Paese\",\"url\":\"https:\\\/\\\/lavocedelpaese.info\\\/\",\"logo\":{\"@type\":\"ImageObject\",\"inLanguage\":\"it-IT\",\"@id\":\"https:\\\/\\\/lavocedelpaese.info\\\/#\\\/schema\\\/logo\\\/image\\\/\",\"url\":\"https:\\\/\\\/lavocedelpaese.info\\\/wp-content\\\/uploads\\\/2023\\\/01\\\/cropped-logo-150-127.png\",\"contentUrl\":\"https:\\\/\\\/lavocedelpaese.info\\\/wp-content\\\/uploads\\\/2023\\\/01\\\/cropped-logo-150-127.png\",\"width\":137,\"height\":119,\"caption\":\"La Voce del Paese\"},\"image\":{\"@id\":\"https:\\\/\\\/lavocedelpaese.info\\\/#\\\/schema\\\/logo\\\/image\\\/\"},\"sameAs\":[\"https:\\\/\\\/www.facebook.com\\\/lavocedelpaese.info\"]},{\"@type\":\"Person\",\"@id\":\"https:\\\/\\\/lavocedelpaese.info\\\/#\\\/schema\\\/person\\\/ec151d321306bd7591f7a061abf72d88\",\"name\":\"admin\",\"image\":{\"@type\":\"ImageObject\",\"inLanguage\":\"it-IT\",\"@id\":\"https:\\\/\\\/secure.gravatar.com\\\/avatar\\\/af8f2caf0663124588de48a9380e07cbc95a74ef15b8062d0d39106c32fe3023?s=96&d=mm&r=g\",\"url\":\"https:\\\/\\\/secure.gravatar.com\\\/avatar\\\/af8f2caf0663124588de48a9380e07cbc95a74ef15b8062d0d39106c32fe3023?s=96&d=mm&r=g\",\"contentUrl\":\"https:\\\/\\\/secure.gravatar.com\\\/avatar\\\/af8f2caf0663124588de48a9380e07cbc95a74ef15b8062d0d39106c32fe3023?s=96&d=mm&r=g\",\"caption\":\"admin\"},\"sameAs\":[\"https:\\\/\\\/lavocedelpaese.info\"],\"url\":\"https:\\\/\\\/lavocedelpaese.info\\\/index.php\\\/author\\\/admin\\\/\"}]}<\/script>\n<!-- \/ Yoast SEO plugin. -->","yoast_head_json":{"title":"Turi, musica e comunit\u00e0: il Natale che unisce generazioni a Palazzo Cozzolongo\u00a0\u200b - La Voce del Paese","robots":{"index":"index","follow":"follow","max-snippet":"max-snippet:-1","max-image-preview":"max-image-preview:large","max-video-preview":"max-video-preview:-1"},"canonical":"https:\/\/lavocedelpaese.info\/index.php\/2025\/12\/22\/turi-musica-e-comunita-il-natale-che-unisce-generazioni-a-palazzo-cozzolongo\/","og_locale":"it_IT","og_type":"article","og_title":"Turi, musica e comunit\u00e0: il Natale che unisce generazioni a Palazzo Cozzolongo\u00a0\u200b - La Voce del Paese","og_description":"\u00a0 \u200b\u00a0 \u200b\u00a0 Protagonisti i giovani talenti della Scuola di Musica di Turi Un pomeriggio di musica, sorrisi e condivisione","og_url":"https:\/\/lavocedelpaese.info\/index.php\/2025\/12\/22\/turi-musica-e-comunita-il-natale-che-unisce-generazioni-a-palazzo-cozzolongo\/","og_site_name":"La Voce del Paese","article_publisher":"https:\/\/www.facebook.com\/lavocedelpaese.info","article_published_time":"2025-12-22T15:14:24+00:00","og_image":[{"width":566,"height":800,"url":"https:\/\/lavocedelpaese.info\/wp-content\/uploads\/2024\/10\/462365467_412217288592361_3888050588454903196_n-J0bZiA.jpeg","type":"image\/jpeg"}],"author":"admin","twitter_card":"summary_large_image","twitter_misc":{"Scritto da":"admin","Tempo di lettura stimato":"2 minuti"},"schema":{"@context":"https:\/\/schema.org","@graph":[{"@type":"Article","@id":"https:\/\/lavocedelpaese.info\/index.php\/2025\/12\/22\/turi-musica-e-comunita-il-natale-che-unisce-generazioni-a-palazzo-cozzolongo\/#article","isPartOf":{"@id":"https:\/\/lavocedelpaese.info\/index.php\/2025\/12\/22\/turi-musica-e-comunita-il-natale-che-unisce-generazioni-a-palazzo-cozzolongo\/"},"author":{"name":"admin","@id":"https:\/\/lavocedelpaese.info\/#\/schema\/person\/ec151d321306bd7591f7a061abf72d88"},"headline":"Turi, musica e comunit\u00e0: il Natale che unisce generazioni a Palazzo Cozzolongo\u00a0\u200b","datePublished":"2025-12-22T15:14:24+00:00","mainEntityOfPage":{"@id":"https:\/\/lavocedelpaese.info\/index.php\/2025\/12\/22\/turi-musica-e-comunita-il-natale-che-unisce-generazioni-a-palazzo-cozzolongo\/"},"wordCount":403,"commentCount":0,"publisher":{"@id":"https:\/\/lavocedelpaese.info\/#organization"},"image":{"@id":"https:\/\/lavocedelpaese.info\/index.php\/2025\/12\/22\/turi-musica-e-comunita-il-natale-che-unisce-generazioni-a-palazzo-cozzolongo\/#primaryimage"},"thumbnailUrl":"https:\/\/lavocedelpaese.info\/wp-content\/uploads\/2025\/12\/babbo-natale-a-palazzo-cozzolongo-2-s3MHfK.jpg","articleSection":["network"],"inLanguage":"it-IT","potentialAction":[{"@type":"CommentAction","name":"Comment","target":["https:\/\/lavocedelpaese.info\/index.php\/2025\/12\/22\/turi-musica-e-comunita-il-natale-che-unisce-generazioni-a-palazzo-cozzolongo\/#respond"]}]},{"@type":"WebPage","@id":"https:\/\/lavocedelpaese.info\/index.php\/2025\/12\/22\/turi-musica-e-comunita-il-natale-che-unisce-generazioni-a-palazzo-cozzolongo\/","url":"https:\/\/lavocedelpaese.info\/index.php\/2025\/12\/22\/turi-musica-e-comunita-il-natale-che-unisce-generazioni-a-palazzo-cozzolongo\/","name":"Turi, musica e comunit\u00e0: il Natale che unisce generazioni a Palazzo Cozzolongo\u00a0\u200b - La Voce del Paese","isPartOf":{"@id":"https:\/\/lavocedelpaese.info\/#website"},"primaryImageOfPage":{"@id":"https:\/\/lavocedelpaese.info\/index.php\/2025\/12\/22\/turi-musica-e-comunita-il-natale-che-unisce-generazioni-a-palazzo-cozzolongo\/#primaryimage"},"image":{"@id":"https:\/\/lavocedelpaese.info\/index.php\/2025\/12\/22\/turi-musica-e-comunita-il-natale-che-unisce-generazioni-a-palazzo-cozzolongo\/#primaryimage"},"thumbnailUrl":"https:\/\/lavocedelpaese.info\/wp-content\/uploads\/2025\/12\/babbo-natale-a-palazzo-cozzolongo-2-s3MHfK.jpg","datePublished":"2025-12-22T15:14:24+00:00","breadcrumb":{"@id":"https:\/\/lavocedelpaese.info\/index.php\/2025\/12\/22\/turi-musica-e-comunita-il-natale-che-unisce-generazioni-a-palazzo-cozzolongo\/#breadcrumb"},"inLanguage":"it-IT","potentialAction":[{"@type":"ReadAction","target":["https:\/\/lavocedelpaese.info\/index.php\/2025\/12\/22\/turi-musica-e-comunita-il-natale-che-unisce-generazioni-a-palazzo-cozzolongo\/"]}]},{"@type":"ImageObject","inLanguage":"it-IT","@id":"https:\/\/lavocedelpaese.info\/index.php\/2025\/12\/22\/turi-musica-e-comunita-il-natale-che-unisce-generazioni-a-palazzo-cozzolongo\/#primaryimage","url":"https:\/\/lavocedelpaese.info\/wp-content\/uploads\/2025\/12\/babbo-natale-a-palazzo-cozzolongo-2-s3MHfK.jpg","contentUrl":"https:\/\/lavocedelpaese.info\/wp-content\/uploads\/2025\/12\/babbo-natale-a-palazzo-cozzolongo-2-s3MHfK.jpg","width":600,"height":800},{"@type":"BreadcrumbList","@id":"https:\/\/lavocedelpaese.info\/index.php\/2025\/12\/22\/turi-musica-e-comunita-il-natale-che-unisce-generazioni-a-palazzo-cozzolongo\/#breadcrumb","itemListElement":[{"@type":"ListItem","position":1,"name":"Home","item":"https:\/\/lavocedelpaese.info\/"},{"@type":"ListItem","position":2,"name":"Turi, musica e comunit\u00e0: il Natale che unisce generazioni a Palazzo Cozzolongo\u00a0\u200b"}]},{"@type":"WebSite","@id":"https:\/\/lavocedelpaese.info\/#website","url":"https:\/\/lavocedelpaese.info\/","name":"La Voce del Paese","description":"Un network di idee","publisher":{"@id":"https:\/\/lavocedelpaese.info\/#organization"},"potentialAction":[{"@type":"SearchAction","target":{"@type":"EntryPoint","urlTemplate":"https:\/\/lavocedelpaese.info\/?s={search_term_string}"},"query-input":{"@type":"PropertyValueSpecification","valueRequired":true,"valueName":"search_term_string"}}],"inLanguage":"it-IT"},{"@type":"Organization","@id":"https:\/\/lavocedelpaese.info\/#organization","name":"La Voce del Paese","url":"https:\/\/lavocedelpaese.info\/","logo":{"@type":"ImageObject","inLanguage":"it-IT","@id":"https:\/\/lavocedelpaese.info\/#\/schema\/logo\/image\/","url":"https:\/\/lavocedelpaese.info\/wp-content\/uploads\/2023\/01\/cropped-logo-150-127.png","contentUrl":"https:\/\/lavocedelpaese.info\/wp-content\/uploads\/2023\/01\/cropped-logo-150-127.png","width":137,"height":119,"caption":"La Voce del Paese"},"image":{"@id":"https:\/\/lavocedelpaese.info\/#\/schema\/logo\/image\/"},"sameAs":["https:\/\/www.facebook.com\/lavocedelpaese.info"]},{"@type":"Person","@id":"https:\/\/lavocedelpaese.info\/#\/schema\/person\/ec151d321306bd7591f7a061abf72d88","name":"admin","image":{"@type":"ImageObject","inLanguage":"it-IT","@id":"https:\/\/secure.gravatar.com\/avatar\/af8f2caf0663124588de48a9380e07cbc95a74ef15b8062d0d39106c32fe3023?s=96&d=mm&r=g","url":"https:\/\/secure.gravatar.com\/avatar\/af8f2caf0663124588de48a9380e07cbc95a74ef15b8062d0d39106c32fe3023?s=96&d=mm&r=g","contentUrl":"https:\/\/secure.gravatar.com\/avatar\/af8f2caf0663124588de48a9380e07cbc95a74ef15b8062d0d39106c32fe3023?s=96&d=mm&r=g","caption":"admin"},"sameAs":["https:\/\/lavocedelpaese.info"],"url":"https:\/\/lavocedelpaese.info\/index.php\/author\/admin\/"}]}},"_links":{"self":[{"href":"https:\/\/lavocedelpaese.info\/index.php\/wp-json\/wp\/v2\/posts\/10390","targetHints":{"allow":["GET"]}}],"collection":[{"href":"https:\/\/lavocedelpaese.info\/index.php\/wp-json\/wp\/v2\/posts"}],"about":[{"href":"https:\/\/lavocedelpaese.info\/index.php\/wp-json\/wp\/v2\/types\/post"}],"author":[{"embeddable":true,"href":"https:\/\/lavocedelpaese.info\/index.php\/wp-json\/wp\/v2\/users\/6"}],"replies":[{"embeddable":true,"href":"https:\/\/lavocedelpaese.info\/index.php\/wp-json\/wp\/v2\/comments?post=10390"}],"version-history":[{"count":0,"href":"https:\/\/lavocedelpaese.info\/index.php\/wp-json\/wp\/v2\/posts\/10390\/revisions"}],"wp:featuredmedia":[{"embeddable":true,"href":"https:\/\/lavocedelpaese.info\/index.php\/wp-json\/wp\/v2\/media\/10391"}],"wp:attachment":[{"href":"https:\/\/lavocedelpaese.info\/index.php\/wp-json\/wp\/v2\/media?parent=10390"}],"wp:term":[{"taxonomy":"category","embeddable":true,"href":"https:\/\/lavocedelpaese.info\/index.php\/wp-json\/wp\/v2\/categories?post=10390"},{"taxonomy":"post_tag","embeddable":true,"href":"https:\/\/lavocedelpaese.info\/index.php\/wp-json\/wp\/v2\/tags?post=10390"}],"curies":[{"name":"wp","href":"https:\/\/api.w.org\/{rel}","templated":true}]}}