{"id":10376,"date":"2025-12-18T20:13:36","date_gmt":"2025-12-18T20:13:36","guid":{"rendered":"https:\/\/lavocedelpaese.info\/index.php\/2025\/12\/18\/la-fiamma-olimpica-di-milano-cortina-parla-un-pocassanese\/"},"modified":"2025-12-18T20:13:36","modified_gmt":"2025-12-18T20:13:36","slug":"la-fiamma-olimpica-di-milano-cortina-parla-un-pocassanese","status":"publish","type":"post","link":"https:\/\/lavocedelpaese.info\/index.php\/2025\/12\/18\/la-fiamma-olimpica-di-milano-cortina-parla-un-pocassanese\/","title":{"rendered":"La fiamma olimpica di Milano-Cortina parla un p\u00f2\u2026cassanese!\u00a0\u200b"},"content":{"rendered":"<p>\u00a0<\/p>\n<p>\u200b\u00a0<\/p>\n<p>\u200b\u00a0<\/p>\n<p>Ci sar\u00e0 anche un piccolo accento cassanese nella lunga marcia della fiamma dei Giochi olimpici e paralimpici Invernali 2026 Milano-Cortina.<\/p>\n<p>Accesa ad Olimpia (Grecia) lo scorso 26 novembre, la torcia \u2013 grazie ad oltre 10mila tedofori \u2013 percorrer\u00e0 tutto lo stivale italiano per giungere alla cerimonia di apertura prevista a Milano il 5 febbraio del prossimo anno ed accendere la fiamma olimpica che brucer\u00e0 fino al termine della manifestazione sportiva (15 marzo 2026).<\/p>\n<p>Attualmente la fiamma \u00e8 in Sicilia, precisamente a Catania per la 13\u00b0 tappa ma gi\u00e0 il 19 dicembre si sposter\u00e0 in Calabria per cominciare il viaggio in continente: sar\u00e0 <strong>a Gioia del Colle luned\u00ec 29 dicembre 2025<\/strong> ed una delle tedofore \u00e8 una cassanese d\u2019affezione, la coach della squadra di nuoto della \u201cRanidae\u201d <strong>Rosanna Gaeta<\/strong> <em>(nella foto). <\/em><\/p>\n<p>La Gaeta, Tecnico della Federazione Italiana Nuoto porter\u00e0 la fiaccola nella sua citt\u00e0, nei pressi del Palazzo Comunale intorno a mezzogiorno e siamo certi che nel percorso carico di onore ed emozioni un pensiero andr\u00e0 alla sua squadra \u201cspeciale\u201d ed anche alla nostra Cassano!<\/p>\n<p>Per seguire il cammino della fiamma olimpica <strong><a href=\"https:\/\/www.olympics.com\/it\/milano-cortina-2026\/viaggio-della-fiamma-olimpica\">clicca qui. <\/a><\/strong><\/p>\n<figure class=\"wp-block-image size-large\"><img decoding=\"async\" width=\"819\" height=\"1024\" src=\"https:\/\/cassano.lavocedelpaese.info\/wp-content\/uploads\/2025\/12\/Rosanna-Gaeta-819x1024.jpg\" alt=\"\" class=\"wp-image-7834\"\/><\/figure>\n\n<p><a class=\"a2a_button_facebook\" href=\"https:\/\/www.addtoany.com\/add_to\/facebook?linkurl=https%3A%2F%2Fcassano.lavocedelpaese.info%2Fla-fiamma-olimpica-di-milano-cortina-parla-un-po-cassanese%2F&amp;linkname=La%20fiamma%20olimpica%20di%20Milano-Cortina%20parla%20un%20p%C3%B2%E2%80%A6cassanese%21\" title=\"Facebook\" rel=\"nofollow noopener\" target=\"_blank\"><\/a><a class=\"a2a_button_twitter\" href=\"https:\/\/www.addtoany.com\/add_to\/twitter?linkurl=https%3A%2F%2Fcassano.lavocedelpaese.info%2Fla-fiamma-olimpica-di-milano-cortina-parla-un-po-cassanese%2F&amp;linkname=La%20fiamma%20olimpica%20di%20Milano-Cortina%20parla%20un%20p%C3%B2%E2%80%A6cassanese%21\" title=\"Twitter\" rel=\"nofollow noopener\" target=\"_blank\"><\/a><a class=\"a2a_button_whatsapp\" href=\"https:\/\/www.addtoany.com\/add_to\/whatsapp?linkurl=https%3A%2F%2Fcassano.lavocedelpaese.info%2Fla-fiamma-olimpica-di-milano-cortina-parla-un-po-cassanese%2F&amp;linkname=La%20fiamma%20olimpica%20di%20Milano-Cortina%20parla%20un%20p%C3%B2%E2%80%A6cassanese%21\" title=\"WhatsApp\" rel=\"nofollow noopener\" target=\"_blank\"><\/a><a class=\"a2a_button_telegram\" href=\"https:\/\/www.addtoany.com\/add_to\/telegram?linkurl=https%3A%2F%2Fcassano.lavocedelpaese.info%2Fla-fiamma-olimpica-di-milano-cortina-parla-un-po-cassanese%2F&amp;linkname=La%20fiamma%20olimpica%20di%20Milano-Cortina%20parla%20un%20p%C3%B2%E2%80%A6cassanese%21\" title=\"Telegram\" rel=\"nofollow noopener\" target=\"_blank\"><\/a><a class=\"a2a_button_email\" href=\"https:\/\/www.addtoany.com\/add_to\/email?linkurl=https%3A%2F%2Fcassano.lavocedelpaese.info%2Fla-fiamma-olimpica-di-milano-cortina-parla-un-po-cassanese%2F&amp;linkname=La%20fiamma%20olimpica%20di%20Milano-Cortina%20parla%20un%20p%C3%B2%E2%80%A6cassanese%21\" title=\"Email\" rel=\"nofollow noopener\" target=\"_blank\"><\/a><\/p>\n<p>\u00a0<\/p>\n<p>\u00a0<\/p>\n<p>\u200b\u00a0\u00a0\u00a0<\/p>","protected":false},"excerpt":{"rendered":"<p>\u00a0 \u200b\u00a0 \u200b\u00a0 Ci sar\u00e0 anche un piccolo accento cassanese nella lunga marcia della fiamma dei Giochi olimpici e paralimpici<\/p>\n","protected":false},"author":6,"featured_media":10377,"comment_status":"open","ping_status":"closed","sticky":false,"template":"","format":"standard","meta":{"colormag_page_container_layout":"default_layout","colormag_page_sidebar_layout":"default_layout","footnotes":""},"categories":[33],"tags":[],"class_list":["post-10376","post","type-post","status-publish","format-standard","has-post-thumbnail","hentry","category-network"],"yoast_head":"<!-- This site is optimized with the Yoast SEO plugin v27.5 - https:\/\/yoast.com\/product\/yoast-seo-wordpress\/ -->\n<title>La fiamma olimpica di Milano-Cortina parla un p\u00f2\u2026cassanese!\u00a0\u200b - La Voce del Paese<\/title>\n<meta name=\"robots\" content=\"index, follow, max-snippet:-1, max-image-preview:large, max-video-preview:-1\" \/>\n<link rel=\"canonical\" href=\"https:\/\/lavocedelpaese.info\/index.php\/2025\/12\/18\/la-fiamma-olimpica-di-milano-cortina-parla-un-pocassanese\/\" \/>\n<meta property=\"og:locale\" content=\"it_IT\" \/>\n<meta property=\"og:type\" content=\"article\" \/>\n<meta property=\"og:title\" content=\"La fiamma olimpica di Milano-Cortina parla un p\u00f2\u2026cassanese!\u00a0\u200b - La Voce del Paese\" \/>\n<meta property=\"og:description\" content=\"\u00a0 \u200b\u00a0 \u200b\u00a0 Ci sar\u00e0 anche un piccolo accento cassanese nella lunga marcia della fiamma dei Giochi olimpici e paralimpici\" \/>\n<meta property=\"og:url\" content=\"https:\/\/lavocedelpaese.info\/index.php\/2025\/12\/18\/la-fiamma-olimpica-di-milano-cortina-parla-un-pocassanese\/\" \/>\n<meta property=\"og:site_name\" content=\"La Voce del Paese\" \/>\n<meta property=\"article:publisher\" content=\"https:\/\/www.facebook.com\/lavocedelpaese.info\" \/>\n<meta property=\"article:published_time\" content=\"2025-12-18T20:13:36+00:00\" \/>\n<meta name=\"author\" content=\"admin\" \/>\n<meta name=\"twitter:card\" content=\"summary_large_image\" \/>\n<meta name=\"twitter:label1\" content=\"Scritto da\" \/>\n\t<meta name=\"twitter:data1\" content=\"admin\" \/>\n\t<meta name=\"twitter:label2\" content=\"Tempo di lettura stimato\" \/>\n\t<meta name=\"twitter:data2\" content=\"1 minuto\" \/>\n<script type=\"application\/ld+json\" class=\"yoast-schema-graph\">{\"@context\":\"https:\\\/\\\/schema.org\",\"@graph\":[{\"@type\":\"Article\",\"@id\":\"https:\\\/\\\/lavocedelpaese.info\\\/index.php\\\/2025\\\/12\\\/18\\\/la-fiamma-olimpica-di-milano-cortina-parla-un-pocassanese\\\/#article\",\"isPartOf\":{\"@id\":\"https:\\\/\\\/lavocedelpaese.info\\\/index.php\\\/2025\\\/12\\\/18\\\/la-fiamma-olimpica-di-milano-cortina-parla-un-pocassanese\\\/\"},\"author\":{\"name\":\"admin\",\"@id\":\"https:\\\/\\\/lavocedelpaese.info\\\/#\\\/schema\\\/person\\\/ec151d321306bd7591f7a061abf72d88\"},\"headline\":\"La fiamma olimpica di Milano-Cortina parla un p\u00f2\u2026cassanese!\u00a0\u200b\",\"datePublished\":\"2025-12-18T20:13:36+00:00\",\"mainEntityOfPage\":{\"@id\":\"https:\\\/\\\/lavocedelpaese.info\\\/index.php\\\/2025\\\/12\\\/18\\\/la-fiamma-olimpica-di-milano-cortina-parla-un-pocassanese\\\/\"},\"wordCount\":180,\"commentCount\":0,\"publisher\":{\"@id\":\"https:\\\/\\\/lavocedelpaese.info\\\/#organization\"},\"image\":{\"@id\":\"https:\\\/\\\/lavocedelpaese.info\\\/index.php\\\/2025\\\/12\\\/18\\\/la-fiamma-olimpica-di-milano-cortina-parla-un-pocassanese\\\/#primaryimage\"},\"thumbnailUrl\":\"https:\\\/\\\/lavocedelpaese.info\\\/wp-content\\\/uploads\\\/2025\\\/12\\\/Rosanna-Gaeta-819x1024-PyAX1M.jpg\",\"articleSection\":[\"network\"],\"inLanguage\":\"it-IT\",\"potentialAction\":[{\"@type\":\"CommentAction\",\"name\":\"Comment\",\"target\":[\"https:\\\/\\\/lavocedelpaese.info\\\/index.php\\\/2025\\\/12\\\/18\\\/la-fiamma-olimpica-di-milano-cortina-parla-un-pocassanese\\\/#respond\"]}]},{\"@type\":\"WebPage\",\"@id\":\"https:\\\/\\\/lavocedelpaese.info\\\/index.php\\\/2025\\\/12\\\/18\\\/la-fiamma-olimpica-di-milano-cortina-parla-un-pocassanese\\\/\",\"url\":\"https:\\\/\\\/lavocedelpaese.info\\\/index.php\\\/2025\\\/12\\\/18\\\/la-fiamma-olimpica-di-milano-cortina-parla-un-pocassanese\\\/\",\"name\":\"La fiamma olimpica di Milano-Cortina parla un p\u00f2\u2026cassanese!\u00a0\u200b - La Voce del Paese\",\"isPartOf\":{\"@id\":\"https:\\\/\\\/lavocedelpaese.info\\\/#website\"},\"primaryImageOfPage\":{\"@id\":\"https:\\\/\\\/lavocedelpaese.info\\\/index.php\\\/2025\\\/12\\\/18\\\/la-fiamma-olimpica-di-milano-cortina-parla-un-pocassanese\\\/#primaryimage\"},\"image\":{\"@id\":\"https:\\\/\\\/lavocedelpaese.info\\\/index.php\\\/2025\\\/12\\\/18\\\/la-fiamma-olimpica-di-milano-cortina-parla-un-pocassanese\\\/#primaryimage\"},\"thumbnailUrl\":\"https:\\\/\\\/lavocedelpaese.info\\\/wp-content\\\/uploads\\\/2025\\\/12\\\/Rosanna-Gaeta-819x1024-PyAX1M.jpg\",\"datePublished\":\"2025-12-18T20:13:36+00:00\",\"breadcrumb\":{\"@id\":\"https:\\\/\\\/lavocedelpaese.info\\\/index.php\\\/2025\\\/12\\\/18\\\/la-fiamma-olimpica-di-milano-cortina-parla-un-pocassanese\\\/#breadcrumb\"},\"inLanguage\":\"it-IT\",\"potentialAction\":[{\"@type\":\"ReadAction\",\"target\":[\"https:\\\/\\\/lavocedelpaese.info\\\/index.php\\\/2025\\\/12\\\/18\\\/la-fiamma-olimpica-di-milano-cortina-parla-un-pocassanese\\\/\"]}]},{\"@type\":\"ImageObject\",\"inLanguage\":\"it-IT\",\"@id\":\"https:\\\/\\\/lavocedelpaese.info\\\/index.php\\\/2025\\\/12\\\/18\\\/la-fiamma-olimpica-di-milano-cortina-parla-un-pocassanese\\\/#primaryimage\",\"url\":\"https:\\\/\\\/lavocedelpaese.info\\\/wp-content\\\/uploads\\\/2025\\\/12\\\/Rosanna-Gaeta-819x1024-PyAX1M.jpg\",\"contentUrl\":\"https:\\\/\\\/lavocedelpaese.info\\\/wp-content\\\/uploads\\\/2025\\\/12\\\/Rosanna-Gaeta-819x1024-PyAX1M.jpg\",\"width\":640,\"height\":800},{\"@type\":\"BreadcrumbList\",\"@id\":\"https:\\\/\\\/lavocedelpaese.info\\\/index.php\\\/2025\\\/12\\\/18\\\/la-fiamma-olimpica-di-milano-cortina-parla-un-pocassanese\\\/#breadcrumb\",\"itemListElement\":[{\"@type\":\"ListItem\",\"position\":1,\"name\":\"Home\",\"item\":\"https:\\\/\\\/lavocedelpaese.info\\\/\"},{\"@type\":\"ListItem\",\"position\":2,\"name\":\"La fiamma olimpica di Milano-Cortina parla un p\u00f2\u2026cassanese!\u00a0\u200b\"}]},{\"@type\":\"WebSite\",\"@id\":\"https:\\\/\\\/lavocedelpaese.info\\\/#website\",\"url\":\"https:\\\/\\\/lavocedelpaese.info\\\/\",\"name\":\"La Voce del Paese\",\"description\":\"Un network di idee\",\"publisher\":{\"@id\":\"https:\\\/\\\/lavocedelpaese.info\\\/#organization\"},\"potentialAction\":[{\"@type\":\"SearchAction\",\"target\":{\"@type\":\"EntryPoint\",\"urlTemplate\":\"https:\\\/\\\/lavocedelpaese.info\\\/?s={search_term_string}\"},\"query-input\":{\"@type\":\"PropertyValueSpecification\",\"valueRequired\":true,\"valueName\":\"search_term_string\"}}],\"inLanguage\":\"it-IT\"},{\"@type\":\"Organization\",\"@id\":\"https:\\\/\\\/lavocedelpaese.info\\\/#organization\",\"name\":\"La Voce del Paese\",\"url\":\"https:\\\/\\\/lavocedelpaese.info\\\/\",\"logo\":{\"@type\":\"ImageObject\",\"inLanguage\":\"it-IT\",\"@id\":\"https:\\\/\\\/lavocedelpaese.info\\\/#\\\/schema\\\/logo\\\/image\\\/\",\"url\":\"https:\\\/\\\/lavocedelpaese.info\\\/wp-content\\\/uploads\\\/2023\\\/01\\\/cropped-logo-150-127.png\",\"contentUrl\":\"https:\\\/\\\/lavocedelpaese.info\\\/wp-content\\\/uploads\\\/2023\\\/01\\\/cropped-logo-150-127.png\",\"width\":137,\"height\":119,\"caption\":\"La Voce del Paese\"},\"image\":{\"@id\":\"https:\\\/\\\/lavocedelpaese.info\\\/#\\\/schema\\\/logo\\\/image\\\/\"},\"sameAs\":[\"https:\\\/\\\/www.facebook.com\\\/lavocedelpaese.info\"]},{\"@type\":\"Person\",\"@id\":\"https:\\\/\\\/lavocedelpaese.info\\\/#\\\/schema\\\/person\\\/ec151d321306bd7591f7a061abf72d88\",\"name\":\"admin\",\"image\":{\"@type\":\"ImageObject\",\"inLanguage\":\"it-IT\",\"@id\":\"https:\\\/\\\/secure.gravatar.com\\\/avatar\\\/af8f2caf0663124588de48a9380e07cbc95a74ef15b8062d0d39106c32fe3023?s=96&d=mm&r=g\",\"url\":\"https:\\\/\\\/secure.gravatar.com\\\/avatar\\\/af8f2caf0663124588de48a9380e07cbc95a74ef15b8062d0d39106c32fe3023?s=96&d=mm&r=g\",\"contentUrl\":\"https:\\\/\\\/secure.gravatar.com\\\/avatar\\\/af8f2caf0663124588de48a9380e07cbc95a74ef15b8062d0d39106c32fe3023?s=96&d=mm&r=g\",\"caption\":\"admin\"},\"sameAs\":[\"https:\\\/\\\/lavocedelpaese.info\"],\"url\":\"https:\\\/\\\/lavocedelpaese.info\\\/index.php\\\/author\\\/admin\\\/\"}]}<\/script>\n<!-- \/ Yoast SEO plugin. -->","yoast_head_json":{"title":"La fiamma olimpica di Milano-Cortina parla un p\u00f2\u2026cassanese!\u00a0\u200b - La Voce del Paese","robots":{"index":"index","follow":"follow","max-snippet":"max-snippet:-1","max-image-preview":"max-image-preview:large","max-video-preview":"max-video-preview:-1"},"canonical":"https:\/\/lavocedelpaese.info\/index.php\/2025\/12\/18\/la-fiamma-olimpica-di-milano-cortina-parla-un-pocassanese\/","og_locale":"it_IT","og_type":"article","og_title":"La fiamma olimpica di Milano-Cortina parla un p\u00f2\u2026cassanese!\u00a0\u200b - La Voce del Paese","og_description":"\u00a0 \u200b\u00a0 \u200b\u00a0 Ci sar\u00e0 anche un piccolo accento cassanese nella lunga marcia della fiamma dei Giochi olimpici e paralimpici","og_url":"https:\/\/lavocedelpaese.info\/index.php\/2025\/12\/18\/la-fiamma-olimpica-di-milano-cortina-parla-un-pocassanese\/","og_site_name":"La Voce del Paese","article_publisher":"https:\/\/www.facebook.com\/lavocedelpaese.info","article_published_time":"2025-12-18T20:13:36+00:00","author":"admin","twitter_card":"summary_large_image","twitter_misc":{"Scritto da":"admin","Tempo di lettura stimato":"1 minuto"},"schema":{"@context":"https:\/\/schema.org","@graph":[{"@type":"Article","@id":"https:\/\/lavocedelpaese.info\/index.php\/2025\/12\/18\/la-fiamma-olimpica-di-milano-cortina-parla-un-pocassanese\/#article","isPartOf":{"@id":"https:\/\/lavocedelpaese.info\/index.php\/2025\/12\/18\/la-fiamma-olimpica-di-milano-cortina-parla-un-pocassanese\/"},"author":{"name":"admin","@id":"https:\/\/lavocedelpaese.info\/#\/schema\/person\/ec151d321306bd7591f7a061abf72d88"},"headline":"La fiamma olimpica di Milano-Cortina parla un p\u00f2\u2026cassanese!\u00a0\u200b","datePublished":"2025-12-18T20:13:36+00:00","mainEntityOfPage":{"@id":"https:\/\/lavocedelpaese.info\/index.php\/2025\/12\/18\/la-fiamma-olimpica-di-milano-cortina-parla-un-pocassanese\/"},"wordCount":180,"commentCount":0,"publisher":{"@id":"https:\/\/lavocedelpaese.info\/#organization"},"image":{"@id":"https:\/\/lavocedelpaese.info\/index.php\/2025\/12\/18\/la-fiamma-olimpica-di-milano-cortina-parla-un-pocassanese\/#primaryimage"},"thumbnailUrl":"https:\/\/lavocedelpaese.info\/wp-content\/uploads\/2025\/12\/Rosanna-Gaeta-819x1024-PyAX1M.jpg","articleSection":["network"],"inLanguage":"it-IT","potentialAction":[{"@type":"CommentAction","name":"Comment","target":["https:\/\/lavocedelpaese.info\/index.php\/2025\/12\/18\/la-fiamma-olimpica-di-milano-cortina-parla-un-pocassanese\/#respond"]}]},{"@type":"WebPage","@id":"https:\/\/lavocedelpaese.info\/index.php\/2025\/12\/18\/la-fiamma-olimpica-di-milano-cortina-parla-un-pocassanese\/","url":"https:\/\/lavocedelpaese.info\/index.php\/2025\/12\/18\/la-fiamma-olimpica-di-milano-cortina-parla-un-pocassanese\/","name":"La fiamma olimpica di Milano-Cortina parla un p\u00f2\u2026cassanese!\u00a0\u200b - La Voce del Paese","isPartOf":{"@id":"https:\/\/lavocedelpaese.info\/#website"},"primaryImageOfPage":{"@id":"https:\/\/lavocedelpaese.info\/index.php\/2025\/12\/18\/la-fiamma-olimpica-di-milano-cortina-parla-un-pocassanese\/#primaryimage"},"image":{"@id":"https:\/\/lavocedelpaese.info\/index.php\/2025\/12\/18\/la-fiamma-olimpica-di-milano-cortina-parla-un-pocassanese\/#primaryimage"},"thumbnailUrl":"https:\/\/lavocedelpaese.info\/wp-content\/uploads\/2025\/12\/Rosanna-Gaeta-819x1024-PyAX1M.jpg","datePublished":"2025-12-18T20:13:36+00:00","breadcrumb":{"@id":"https:\/\/lavocedelpaese.info\/index.php\/2025\/12\/18\/la-fiamma-olimpica-di-milano-cortina-parla-un-pocassanese\/#breadcrumb"},"inLanguage":"it-IT","potentialAction":[{"@type":"ReadAction","target":["https:\/\/lavocedelpaese.info\/index.php\/2025\/12\/18\/la-fiamma-olimpica-di-milano-cortina-parla-un-pocassanese\/"]}]},{"@type":"ImageObject","inLanguage":"it-IT","@id":"https:\/\/lavocedelpaese.info\/index.php\/2025\/12\/18\/la-fiamma-olimpica-di-milano-cortina-parla-un-pocassanese\/#primaryimage","url":"https:\/\/lavocedelpaese.info\/wp-content\/uploads\/2025\/12\/Rosanna-Gaeta-819x1024-PyAX1M.jpg","contentUrl":"https:\/\/lavocedelpaese.info\/wp-content\/uploads\/2025\/12\/Rosanna-Gaeta-819x1024-PyAX1M.jpg","width":640,"height":800},{"@type":"BreadcrumbList","@id":"https:\/\/lavocedelpaese.info\/index.php\/2025\/12\/18\/la-fiamma-olimpica-di-milano-cortina-parla-un-pocassanese\/#breadcrumb","itemListElement":[{"@type":"ListItem","position":1,"name":"Home","item":"https:\/\/lavocedelpaese.info\/"},{"@type":"ListItem","position":2,"name":"La fiamma olimpica di Milano-Cortina parla un p\u00f2\u2026cassanese!\u00a0\u200b"}]},{"@type":"WebSite","@id":"https:\/\/lavocedelpaese.info\/#website","url":"https:\/\/lavocedelpaese.info\/","name":"La Voce del Paese","description":"Un network di idee","publisher":{"@id":"https:\/\/lavocedelpaese.info\/#organization"},"potentialAction":[{"@type":"SearchAction","target":{"@type":"EntryPoint","urlTemplate":"https:\/\/lavocedelpaese.info\/?s={search_term_string}"},"query-input":{"@type":"PropertyValueSpecification","valueRequired":true,"valueName":"search_term_string"}}],"inLanguage":"it-IT"},{"@type":"Organization","@id":"https:\/\/lavocedelpaese.info\/#organization","name":"La Voce del Paese","url":"https:\/\/lavocedelpaese.info\/","logo":{"@type":"ImageObject","inLanguage":"it-IT","@id":"https:\/\/lavocedelpaese.info\/#\/schema\/logo\/image\/","url":"https:\/\/lavocedelpaese.info\/wp-content\/uploads\/2023\/01\/cropped-logo-150-127.png","contentUrl":"https:\/\/lavocedelpaese.info\/wp-content\/uploads\/2023\/01\/cropped-logo-150-127.png","width":137,"height":119,"caption":"La Voce del Paese"},"image":{"@id":"https:\/\/lavocedelpaese.info\/#\/schema\/logo\/image\/"},"sameAs":["https:\/\/www.facebook.com\/lavocedelpaese.info"]},{"@type":"Person","@id":"https:\/\/lavocedelpaese.info\/#\/schema\/person\/ec151d321306bd7591f7a061abf72d88","name":"admin","image":{"@type":"ImageObject","inLanguage":"it-IT","@id":"https:\/\/secure.gravatar.com\/avatar\/af8f2caf0663124588de48a9380e07cbc95a74ef15b8062d0d39106c32fe3023?s=96&d=mm&r=g","url":"https:\/\/secure.gravatar.com\/avatar\/af8f2caf0663124588de48a9380e07cbc95a74ef15b8062d0d39106c32fe3023?s=96&d=mm&r=g","contentUrl":"https:\/\/secure.gravatar.com\/avatar\/af8f2caf0663124588de48a9380e07cbc95a74ef15b8062d0d39106c32fe3023?s=96&d=mm&r=g","caption":"admin"},"sameAs":["https:\/\/lavocedelpaese.info"],"url":"https:\/\/lavocedelpaese.info\/index.php\/author\/admin\/"}]}},"_links":{"self":[{"href":"https:\/\/lavocedelpaese.info\/index.php\/wp-json\/wp\/v2\/posts\/10376","targetHints":{"allow":["GET"]}}],"collection":[{"href":"https:\/\/lavocedelpaese.info\/index.php\/wp-json\/wp\/v2\/posts"}],"about":[{"href":"https:\/\/lavocedelpaese.info\/index.php\/wp-json\/wp\/v2\/types\/post"}],"author":[{"embeddable":true,"href":"https:\/\/lavocedelpaese.info\/index.php\/wp-json\/wp\/v2\/users\/6"}],"replies":[{"embeddable":true,"href":"https:\/\/lavocedelpaese.info\/index.php\/wp-json\/wp\/v2\/comments?post=10376"}],"version-history":[{"count":0,"href":"https:\/\/lavocedelpaese.info\/index.php\/wp-json\/wp\/v2\/posts\/10376\/revisions"}],"wp:featuredmedia":[{"embeddable":true,"href":"https:\/\/lavocedelpaese.info\/index.php\/wp-json\/wp\/v2\/media\/10377"}],"wp:attachment":[{"href":"https:\/\/lavocedelpaese.info\/index.php\/wp-json\/wp\/v2\/media?parent=10376"}],"wp:term":[{"taxonomy":"category","embeddable":true,"href":"https:\/\/lavocedelpaese.info\/index.php\/wp-json\/wp\/v2\/categories?post=10376"},{"taxonomy":"post_tag","embeddable":true,"href":"https:\/\/lavocedelpaese.info\/index.php\/wp-json\/wp\/v2\/tags?post=10376"}],"curies":[{"name":"wp","href":"https:\/\/api.w.org\/{rel}","templated":true}]}}