{"id":10370,"date":"2025-12-18T06:14:39","date_gmt":"2025-12-18T06:14:39","guid":{"rendered":"https:\/\/lavocedelpaese.info\/index.php\/2025\/12\/18\/alla-willy-green-technology-turi-il-derby-con-la-mater\/"},"modified":"2025-12-18T06:14:39","modified_gmt":"2025-12-18T06:14:39","slug":"alla-willy-green-technology-turi-il-derby-con-la-mater","status":"publish","type":"post","link":"https:\/\/lavocedelpaese.info\/index.php\/2025\/12\/18\/alla-willy-green-technology-turi-il-derby-con-la-mater\/","title":{"rendered":"Alla Willy Green Technology Turi il derby con la Mater\u00a0\u200b"},"content":{"rendered":"<p>\u00a0<\/p>\n<p>\u200b\u00a0<\/p>\n<p>\u200b\u00a0<\/p>\n<div><\/div>\n<p>L\u2019ultima apparizione casalinga del 2025 dei biancozzurri regala il netto successo sulla Materdomini. Una vittoria da tre punti che rimette in moto il cammino dei ragazzi di mister Difino reduci da due tie break persi nelle due precedenti giornate.<\/p>\n<p>Capitan Atene e soci interpretano la gara nel migliore dei modi, senza sbavature e riuscendo ad imporsi in tutti i fondamentali, facendo prevalere la maggiore esperienza e tecnica su un gruppo giovane e promettente che mostra solo in pochi frangenti il proprio potenziale, positivo per il futuro ma non sufficiente per impensierire i padroni di casa.<\/p>\n<p>Il Turi con questo successo si mantiene nel gruppetto con Altamura, Andria e Bitonto a quota 18 punti e nell\u2019ultimo turno di andata della prossima giornata si contender\u00e0 con loro gli ultimi due posti validi per la griglia della Coppa Puglia che vede le due battistrada Cerignola e Trivianum gi\u00e0 qualificate.<\/p>\n<p>Coach Difino recupera gli infortunati delle ultime settimane e si affida al \u201c6+1\u201d collaudato formato da Bonfrate al palleggio e Fuentes opposto, capitan Atene e N. Galluzzi laterali, G. Mancino e Cupertino centrali con M. Campana libero. Mister Farella risponde con Di Coste-Guerrieri a comporre la diagonale maggiore, Giannasi e Arizzi in banda, Notarnicola e Caruso al centro, Netti e Rivizzigno sono i liberi.\u00a0<\/p>\n<p>Fasi di break e controbreak caratterizzano l\u2019inizio del set, poi ci pensa Fuentes a far saltare tutto siglando il 16-12 ed indirizzando il parziale per i locali che chiudono subito sul 25-18 (out attacco Giannasi).<\/p>\n<p>I biancoazzurri rompono gli indugi sin da subito con Atene (8-5) e Fuentes (9-5) indirizzando il set sul binario giusto. Preso il largo con Galluzzi sul 17-7\u00a0 la reazione ospite \u00e8 spesso fallosa e trova sovente la strada chiusa a muro terminando sul 25-13 (out attacco Notarnicola).<\/p>\n<p>Turi subito avanti 9-6 e giallobl\u00f9 costretti ad inseguire. La parit\u00e0 momentanea per\u00f2 arriva al punto numero 19 prima che Galluzzi riallunghi i suoi con il pallonetto del 21-19. Poi solo monologo dei locali terminato direttamente dai nove metri con l\u2019ace del 25-19 firmato da Bonfrate.<\/p>\n<figure class=\"wp-block-gallery has-nested-images columns-default is-cropped wp-block-gallery-1 is-layout-flex wp-block-gallery-is-layout-flex\">\n<figure class=\"wp-block-image size-large\"><img decoding=\"async\" width=\"1440\" height=\"1800\" data-id=\"8041\" src=\"https:\/\/turi.lavocedelpaese.info\/wp-content\/uploads\/2025\/12\/image0.jpeg\" alt=\"\" class=\"wp-image-8041\"\/><\/figure>\n<figure class=\"wp-block-image size-large\"><img decoding=\"async\" width=\"1440\" height=\"1800\" data-id=\"8040\" src=\"https:\/\/turi.lavocedelpaese.info\/wp-content\/uploads\/2025\/12\/image3.jpeg\" alt=\"\" class=\"wp-image-8040\"\/><\/figure>\n<\/figure>\n<div aria-hidden=\"true\" class=\"wp-block-spacer\"><\/div>\n<h4 class=\"wp-block-heading\"><strong>In palio il pass per la Coppa Puglia nella sfida di Bitonto<\/strong><\/h4>\n<p>Con l\u2019ultimo impegno del 2025 del week end del 20\/21 dicembre cala il sipario sul girone di andata del campionato in un girone A che sino ad ora ha mostrato molto equilibrio ed imprevedibilit\u00e0. La classifica al giro di boa permette alle prime quattro l\u2019accesso ai quarti di coppa Puglia con abbinamento incrociato con le prime quattro dell\u2019altro girone.<\/p>\n<p>Nel girone A con Cerignola (26) e Trivianum (24) si giocano il terzo e quarto posto Altamura, Andria, Bitonto e Turi tutte a quota 18, pi\u00f9 difficili le chances per Gioia e Terlizzi con 17 punti.\u00a0<\/p>\n<p>Il calendario dell\u2019ultima giornata propone lo scontro diretto tra il Volley Bitonto e la Willy Green Technology che scenderanno in campo conoscendo il risultato delle altre dirette interessate che giocheranno sabato.<\/p>\n<p>Per i biancoazzurri servir\u00e0 una vittoria per poter entrare tra le otto che si contenderanno il trofeo ma c\u2019\u00e8 anche la possibilit\u00e0 che possa essere insufficiente, infatti in base al numero di gare vinte se Altamura e Andria portassero a casa gli stessi punti nei loro impegni sarebbero loro a staccare il pass qualificazione. Fuentes e compagni quindi sono chiamati ad una prestazione importante in trasferta dove sino ad ora hanno raccolto cinque punti con l\u2019unico successo conquistato nel derby di Gioia del Colle.<\/p>\n<p>Dall\u2019altra parte della rete ad attendere la Willy Green ci saranno i neroverdi di mister Fiore, un team ben amalgamato negli anni che pu\u00f2 contare sull\u2019individualit\u00e0 ed esperienza di Illuzzi, ex palleggiatore di categorie superiori da quest\u2019anno per\u00f2 nel ruolo di opposto.\u00a0<\/p>\n<p>Squadra combattiva che fa del proprio parquet di gioco un fortino ostico anche per le condizioni ambientali, dove quest\u2019anno nelle quattro gare disputate solo il Trivianum \u00e8 riuscito ad imporsi. In trasferta per\u00f2 \u00e8 arrivata la vittoria prestigiosa di Cerignola con il Volley Bitonto in grado di infliggere il primo ko alla lanciata capolista addirittura a domicilio.<\/p>\n<p>Si gioca domenica 21 nella Palestra della \u201cScuola Media Rutigliano\u201d di Bitonto con fischio d\u2019inizio alle 18:30.\u00a0<\/p>\n<h4 class=\"wp-block-heading\"><strong>CLASSIFICA<\/strong><\/h4>\n<p>Cerignola <strong>26 punti<\/strong>; Trivianum <strong>24<\/strong>; Bitonto, Altamura, Andriae <strong>TURI 18<\/strong>; Gioia e Terlizzi <strong>17<\/strong>;Valenzano <strong>12<\/strong>;Carbonara <strong>7<\/strong>;\u00a0Palo del Colle <strong>4<\/strong>; Materdomini <strong>1<\/strong>.<\/p>\n<p><a class=\"a2a_button_facebook\" href=\"https:\/\/www.addtoany.com\/add_to\/facebook?linkurl=https%3A%2F%2Fturi.lavocedelpaese.info%2Falla-willy-green-technology-turi-il-derby-con-la-mater%2F&amp;linkname=Alla%20Willy%20Green%20Technology%20Turi%20il%20derby%20con%20la%20Mater\" title=\"Facebook\" rel=\"nofollow noopener\" target=\"_blank\"><\/a><a class=\"a2a_button_twitter\" href=\"https:\/\/www.addtoany.com\/add_to\/twitter?linkurl=https%3A%2F%2Fturi.lavocedelpaese.info%2Falla-willy-green-technology-turi-il-derby-con-la-mater%2F&amp;linkname=Alla%20Willy%20Green%20Technology%20Turi%20il%20derby%20con%20la%20Mater\" title=\"Twitter\" rel=\"nofollow noopener\" target=\"_blank\"><\/a><a class=\"a2a_button_whatsapp\" href=\"https:\/\/www.addtoany.com\/add_to\/whatsapp?linkurl=https%3A%2F%2Fturi.lavocedelpaese.info%2Falla-willy-green-technology-turi-il-derby-con-la-mater%2F&amp;linkname=Alla%20Willy%20Green%20Technology%20Turi%20il%20derby%20con%20la%20Mater\" title=\"WhatsApp\" rel=\"nofollow noopener\" target=\"_blank\"><\/a><a class=\"a2a_button_telegram\" href=\"https:\/\/www.addtoany.com\/add_to\/telegram?linkurl=https%3A%2F%2Fturi.lavocedelpaese.info%2Falla-willy-green-technology-turi-il-derby-con-la-mater%2F&amp;linkname=Alla%20Willy%20Green%20Technology%20Turi%20il%20derby%20con%20la%20Mater\" title=\"Telegram\" rel=\"nofollow noopener\" target=\"_blank\"><\/a><a class=\"a2a_button_email\" href=\"https:\/\/www.addtoany.com\/add_to\/email?linkurl=https%3A%2F%2Fturi.lavocedelpaese.info%2Falla-willy-green-technology-turi-il-derby-con-la-mater%2F&amp;linkname=Alla%20Willy%20Green%20Technology%20Turi%20il%20derby%20con%20la%20Mater\" title=\"Email\" rel=\"nofollow noopener\" target=\"_blank\"><\/a><\/p>\n<p>L&#8217;articolo <a href=\"https:\/\/turi.lavocedelpaese.info\/alla-willy-green-technology-turi-il-derby-con-la-mater\/\">Alla Willy Green Technology Turi il derby con la Mater<\/a> proviene da <a href=\"https:\/\/turi.lavocedelpaese.info\/\">Turi &#8211; La Voce del Paese<\/a>.<\/p>\n<p>\u00a0<\/p>\n<p>\u00a0<\/p>\n<p>\u200b\u00a0\u00a0\u00a0<\/p>","protected":false},"excerpt":{"rendered":"<p>\u00a0 \u200b\u00a0 \u200b\u00a0 L\u2019ultima apparizione casalinga del 2025 dei biancozzurri regala il netto successo sulla Materdomini. Una vittoria da tre<\/p>\n","protected":false},"author":6,"featured_media":10371,"comment_status":"open","ping_status":"closed","sticky":false,"template":"","format":"standard","meta":{"colormag_page_container_layout":"default_layout","colormag_page_sidebar_layout":"default_layout","footnotes":""},"categories":[33],"tags":[],"class_list":["post-10370","post","type-post","status-publish","format-standard","has-post-thumbnail","hentry","category-network"],"yoast_head":"<!-- This site is optimized with the Yoast SEO plugin v27.5 - https:\/\/yoast.com\/product\/yoast-seo-wordpress\/ -->\n<title>Alla Willy Green Technology Turi il derby con la Mater\u00a0\u200b - La Voce del Paese<\/title>\n<meta name=\"robots\" content=\"index, follow, max-snippet:-1, max-image-preview:large, max-video-preview:-1\" \/>\n<link rel=\"canonical\" href=\"https:\/\/lavocedelpaese.info\/index.php\/2025\/12\/18\/alla-willy-green-technology-turi-il-derby-con-la-mater\/\" \/>\n<meta property=\"og:locale\" content=\"it_IT\" \/>\n<meta property=\"og:type\" content=\"article\" \/>\n<meta property=\"og:title\" content=\"Alla Willy Green Technology Turi il derby con la Mater\u00a0\u200b - La Voce del Paese\" \/>\n<meta property=\"og:description\" content=\"\u00a0 \u200b\u00a0 \u200b\u00a0 L\u2019ultima apparizione casalinga del 2025 dei biancozzurri regala il netto successo sulla Materdomini. Una vittoria da tre\" \/>\n<meta property=\"og:url\" content=\"https:\/\/lavocedelpaese.info\/index.php\/2025\/12\/18\/alla-willy-green-technology-turi-il-derby-con-la-mater\/\" \/>\n<meta property=\"og:site_name\" content=\"La Voce del Paese\" \/>\n<meta property=\"article:publisher\" content=\"https:\/\/www.facebook.com\/lavocedelpaese.info\" \/>\n<meta property=\"article:published_time\" content=\"2025-12-18T06:14:39+00:00\" \/>\n<meta name=\"author\" content=\"admin\" \/>\n<meta name=\"twitter:card\" content=\"summary_large_image\" \/>\n<meta name=\"twitter:label1\" content=\"Scritto da\" \/>\n\t<meta name=\"twitter:data1\" content=\"admin\" \/>\n\t<meta name=\"twitter:label2\" content=\"Tempo di lettura stimato\" \/>\n\t<meta name=\"twitter:data2\" content=\"4 minuti\" \/>\n<script type=\"application\/ld+json\" class=\"yoast-schema-graph\">{\"@context\":\"https:\\\/\\\/schema.org\",\"@graph\":[{\"@type\":\"Article\",\"@id\":\"https:\\\/\\\/lavocedelpaese.info\\\/index.php\\\/2025\\\/12\\\/18\\\/alla-willy-green-technology-turi-il-derby-con-la-mater\\\/#article\",\"isPartOf\":{\"@id\":\"https:\\\/\\\/lavocedelpaese.info\\\/index.php\\\/2025\\\/12\\\/18\\\/alla-willy-green-technology-turi-il-derby-con-la-mater\\\/\"},\"author\":{\"name\":\"admin\",\"@id\":\"https:\\\/\\\/lavocedelpaese.info\\\/#\\\/schema\\\/person\\\/ec151d321306bd7591f7a061abf72d88\"},\"headline\":\"Alla Willy Green Technology Turi il derby con la Mater\u00a0\u200b\",\"datePublished\":\"2025-12-18T06:14:39+00:00\",\"mainEntityOfPage\":{\"@id\":\"https:\\\/\\\/lavocedelpaese.info\\\/index.php\\\/2025\\\/12\\\/18\\\/alla-willy-green-technology-turi-il-derby-con-la-mater\\\/\"},\"wordCount\":722,\"commentCount\":0,\"publisher\":{\"@id\":\"https:\\\/\\\/lavocedelpaese.info\\\/#organization\"},\"image\":{\"@id\":\"https:\\\/\\\/lavocedelpaese.info\\\/index.php\\\/2025\\\/12\\\/18\\\/alla-willy-green-technology-turi-il-derby-con-la-mater\\\/#primaryimage\"},\"thumbnailUrl\":\"https:\\\/\\\/lavocedelpaese.info\\\/wp-content\\\/uploads\\\/2025\\\/12\\\/image0-b6vE4o.jpg\",\"articleSection\":[\"network\"],\"inLanguage\":\"it-IT\",\"potentialAction\":[{\"@type\":\"CommentAction\",\"name\":\"Comment\",\"target\":[\"https:\\\/\\\/lavocedelpaese.info\\\/index.php\\\/2025\\\/12\\\/18\\\/alla-willy-green-technology-turi-il-derby-con-la-mater\\\/#respond\"]}]},{\"@type\":\"WebPage\",\"@id\":\"https:\\\/\\\/lavocedelpaese.info\\\/index.php\\\/2025\\\/12\\\/18\\\/alla-willy-green-technology-turi-il-derby-con-la-mater\\\/\",\"url\":\"https:\\\/\\\/lavocedelpaese.info\\\/index.php\\\/2025\\\/12\\\/18\\\/alla-willy-green-technology-turi-il-derby-con-la-mater\\\/\",\"name\":\"Alla Willy Green Technology Turi il derby con la Mater\u00a0\u200b - La Voce del Paese\",\"isPartOf\":{\"@id\":\"https:\\\/\\\/lavocedelpaese.info\\\/#website\"},\"primaryImageOfPage\":{\"@id\":\"https:\\\/\\\/lavocedelpaese.info\\\/index.php\\\/2025\\\/12\\\/18\\\/alla-willy-green-technology-turi-il-derby-con-la-mater\\\/#primaryimage\"},\"image\":{\"@id\":\"https:\\\/\\\/lavocedelpaese.info\\\/index.php\\\/2025\\\/12\\\/18\\\/alla-willy-green-technology-turi-il-derby-con-la-mater\\\/#primaryimage\"},\"thumbnailUrl\":\"https:\\\/\\\/lavocedelpaese.info\\\/wp-content\\\/uploads\\\/2025\\\/12\\\/image0-b6vE4o.jpg\",\"datePublished\":\"2025-12-18T06:14:39+00:00\",\"breadcrumb\":{\"@id\":\"https:\\\/\\\/lavocedelpaese.info\\\/index.php\\\/2025\\\/12\\\/18\\\/alla-willy-green-technology-turi-il-derby-con-la-mater\\\/#breadcrumb\"},\"inLanguage\":\"it-IT\",\"potentialAction\":[{\"@type\":\"ReadAction\",\"target\":[\"https:\\\/\\\/lavocedelpaese.info\\\/index.php\\\/2025\\\/12\\\/18\\\/alla-willy-green-technology-turi-il-derby-con-la-mater\\\/\"]}]},{\"@type\":\"ImageObject\",\"inLanguage\":\"it-IT\",\"@id\":\"https:\\\/\\\/lavocedelpaese.info\\\/index.php\\\/2025\\\/12\\\/18\\\/alla-willy-green-technology-turi-il-derby-con-la-mater\\\/#primaryimage\",\"url\":\"https:\\\/\\\/lavocedelpaese.info\\\/wp-content\\\/uploads\\\/2025\\\/12\\\/image0-b6vE4o.jpg\",\"contentUrl\":\"https:\\\/\\\/lavocedelpaese.info\\\/wp-content\\\/uploads\\\/2025\\\/12\\\/image0-b6vE4o.jpg\",\"width\":640,\"height\":800},{\"@type\":\"BreadcrumbList\",\"@id\":\"https:\\\/\\\/lavocedelpaese.info\\\/index.php\\\/2025\\\/12\\\/18\\\/alla-willy-green-technology-turi-il-derby-con-la-mater\\\/#breadcrumb\",\"itemListElement\":[{\"@type\":\"ListItem\",\"position\":1,\"name\":\"Home\",\"item\":\"https:\\\/\\\/lavocedelpaese.info\\\/\"},{\"@type\":\"ListItem\",\"position\":2,\"name\":\"Alla Willy Green Technology Turi il derby con la Mater\u00a0\u200b\"}]},{\"@type\":\"WebSite\",\"@id\":\"https:\\\/\\\/lavocedelpaese.info\\\/#website\",\"url\":\"https:\\\/\\\/lavocedelpaese.info\\\/\",\"name\":\"La Voce del Paese\",\"description\":\"Un network di idee\",\"publisher\":{\"@id\":\"https:\\\/\\\/lavocedelpaese.info\\\/#organization\"},\"potentialAction\":[{\"@type\":\"SearchAction\",\"target\":{\"@type\":\"EntryPoint\",\"urlTemplate\":\"https:\\\/\\\/lavocedelpaese.info\\\/?s={search_term_string}\"},\"query-input\":{\"@type\":\"PropertyValueSpecification\",\"valueRequired\":true,\"valueName\":\"search_term_string\"}}],\"inLanguage\":\"it-IT\"},{\"@type\":\"Organization\",\"@id\":\"https:\\\/\\\/lavocedelpaese.info\\\/#organization\",\"name\":\"La Voce del Paese\",\"url\":\"https:\\\/\\\/lavocedelpaese.info\\\/\",\"logo\":{\"@type\":\"ImageObject\",\"inLanguage\":\"it-IT\",\"@id\":\"https:\\\/\\\/lavocedelpaese.info\\\/#\\\/schema\\\/logo\\\/image\\\/\",\"url\":\"https:\\\/\\\/lavocedelpaese.info\\\/wp-content\\\/uploads\\\/2023\\\/01\\\/cropped-logo-150-127.png\",\"contentUrl\":\"https:\\\/\\\/lavocedelpaese.info\\\/wp-content\\\/uploads\\\/2023\\\/01\\\/cropped-logo-150-127.png\",\"width\":137,\"height\":119,\"caption\":\"La Voce del Paese\"},\"image\":{\"@id\":\"https:\\\/\\\/lavocedelpaese.info\\\/#\\\/schema\\\/logo\\\/image\\\/\"},\"sameAs\":[\"https:\\\/\\\/www.facebook.com\\\/lavocedelpaese.info\"]},{\"@type\":\"Person\",\"@id\":\"https:\\\/\\\/lavocedelpaese.info\\\/#\\\/schema\\\/person\\\/ec151d321306bd7591f7a061abf72d88\",\"name\":\"admin\",\"image\":{\"@type\":\"ImageObject\",\"inLanguage\":\"it-IT\",\"@id\":\"https:\\\/\\\/secure.gravatar.com\\\/avatar\\\/af8f2caf0663124588de48a9380e07cbc95a74ef15b8062d0d39106c32fe3023?s=96&d=mm&r=g\",\"url\":\"https:\\\/\\\/secure.gravatar.com\\\/avatar\\\/af8f2caf0663124588de48a9380e07cbc95a74ef15b8062d0d39106c32fe3023?s=96&d=mm&r=g\",\"contentUrl\":\"https:\\\/\\\/secure.gravatar.com\\\/avatar\\\/af8f2caf0663124588de48a9380e07cbc95a74ef15b8062d0d39106c32fe3023?s=96&d=mm&r=g\",\"caption\":\"admin\"},\"sameAs\":[\"https:\\\/\\\/lavocedelpaese.info\"],\"url\":\"https:\\\/\\\/lavocedelpaese.info\\\/index.php\\\/author\\\/admin\\\/\"}]}<\/script>\n<!-- \/ Yoast SEO plugin. -->","yoast_head_json":{"title":"Alla Willy Green Technology Turi il derby con la Mater\u00a0\u200b - La Voce del Paese","robots":{"index":"index","follow":"follow","max-snippet":"max-snippet:-1","max-image-preview":"max-image-preview:large","max-video-preview":"max-video-preview:-1"},"canonical":"https:\/\/lavocedelpaese.info\/index.php\/2025\/12\/18\/alla-willy-green-technology-turi-il-derby-con-la-mater\/","og_locale":"it_IT","og_type":"article","og_title":"Alla Willy Green Technology Turi il derby con la Mater\u00a0\u200b - La Voce del Paese","og_description":"\u00a0 \u200b\u00a0 \u200b\u00a0 L\u2019ultima apparizione casalinga del 2025 dei biancozzurri regala il netto successo sulla Materdomini. Una vittoria da tre","og_url":"https:\/\/lavocedelpaese.info\/index.php\/2025\/12\/18\/alla-willy-green-technology-turi-il-derby-con-la-mater\/","og_site_name":"La Voce del Paese","article_publisher":"https:\/\/www.facebook.com\/lavocedelpaese.info","article_published_time":"2025-12-18T06:14:39+00:00","author":"admin","twitter_card":"summary_large_image","twitter_misc":{"Scritto da":"admin","Tempo di lettura stimato":"4 minuti"},"schema":{"@context":"https:\/\/schema.org","@graph":[{"@type":"Article","@id":"https:\/\/lavocedelpaese.info\/index.php\/2025\/12\/18\/alla-willy-green-technology-turi-il-derby-con-la-mater\/#article","isPartOf":{"@id":"https:\/\/lavocedelpaese.info\/index.php\/2025\/12\/18\/alla-willy-green-technology-turi-il-derby-con-la-mater\/"},"author":{"name":"admin","@id":"https:\/\/lavocedelpaese.info\/#\/schema\/person\/ec151d321306bd7591f7a061abf72d88"},"headline":"Alla Willy Green Technology Turi il derby con la Mater\u00a0\u200b","datePublished":"2025-12-18T06:14:39+00:00","mainEntityOfPage":{"@id":"https:\/\/lavocedelpaese.info\/index.php\/2025\/12\/18\/alla-willy-green-technology-turi-il-derby-con-la-mater\/"},"wordCount":722,"commentCount":0,"publisher":{"@id":"https:\/\/lavocedelpaese.info\/#organization"},"image":{"@id":"https:\/\/lavocedelpaese.info\/index.php\/2025\/12\/18\/alla-willy-green-technology-turi-il-derby-con-la-mater\/#primaryimage"},"thumbnailUrl":"https:\/\/lavocedelpaese.info\/wp-content\/uploads\/2025\/12\/image0-b6vE4o.jpg","articleSection":["network"],"inLanguage":"it-IT","potentialAction":[{"@type":"CommentAction","name":"Comment","target":["https:\/\/lavocedelpaese.info\/index.php\/2025\/12\/18\/alla-willy-green-technology-turi-il-derby-con-la-mater\/#respond"]}]},{"@type":"WebPage","@id":"https:\/\/lavocedelpaese.info\/index.php\/2025\/12\/18\/alla-willy-green-technology-turi-il-derby-con-la-mater\/","url":"https:\/\/lavocedelpaese.info\/index.php\/2025\/12\/18\/alla-willy-green-technology-turi-il-derby-con-la-mater\/","name":"Alla Willy Green Technology Turi il derby con la Mater\u00a0\u200b - La Voce del Paese","isPartOf":{"@id":"https:\/\/lavocedelpaese.info\/#website"},"primaryImageOfPage":{"@id":"https:\/\/lavocedelpaese.info\/index.php\/2025\/12\/18\/alla-willy-green-technology-turi-il-derby-con-la-mater\/#primaryimage"},"image":{"@id":"https:\/\/lavocedelpaese.info\/index.php\/2025\/12\/18\/alla-willy-green-technology-turi-il-derby-con-la-mater\/#primaryimage"},"thumbnailUrl":"https:\/\/lavocedelpaese.info\/wp-content\/uploads\/2025\/12\/image0-b6vE4o.jpg","datePublished":"2025-12-18T06:14:39+00:00","breadcrumb":{"@id":"https:\/\/lavocedelpaese.info\/index.php\/2025\/12\/18\/alla-willy-green-technology-turi-il-derby-con-la-mater\/#breadcrumb"},"inLanguage":"it-IT","potentialAction":[{"@type":"ReadAction","target":["https:\/\/lavocedelpaese.info\/index.php\/2025\/12\/18\/alla-willy-green-technology-turi-il-derby-con-la-mater\/"]}]},{"@type":"ImageObject","inLanguage":"it-IT","@id":"https:\/\/lavocedelpaese.info\/index.php\/2025\/12\/18\/alla-willy-green-technology-turi-il-derby-con-la-mater\/#primaryimage","url":"https:\/\/lavocedelpaese.info\/wp-content\/uploads\/2025\/12\/image0-b6vE4o.jpg","contentUrl":"https:\/\/lavocedelpaese.info\/wp-content\/uploads\/2025\/12\/image0-b6vE4o.jpg","width":640,"height":800},{"@type":"BreadcrumbList","@id":"https:\/\/lavocedelpaese.info\/index.php\/2025\/12\/18\/alla-willy-green-technology-turi-il-derby-con-la-mater\/#breadcrumb","itemListElement":[{"@type":"ListItem","position":1,"name":"Home","item":"https:\/\/lavocedelpaese.info\/"},{"@type":"ListItem","position":2,"name":"Alla Willy Green Technology Turi il derby con la Mater\u00a0\u200b"}]},{"@type":"WebSite","@id":"https:\/\/lavocedelpaese.info\/#website","url":"https:\/\/lavocedelpaese.info\/","name":"La Voce del Paese","description":"Un network di idee","publisher":{"@id":"https:\/\/lavocedelpaese.info\/#organization"},"potentialAction":[{"@type":"SearchAction","target":{"@type":"EntryPoint","urlTemplate":"https:\/\/lavocedelpaese.info\/?s={search_term_string}"},"query-input":{"@type":"PropertyValueSpecification","valueRequired":true,"valueName":"search_term_string"}}],"inLanguage":"it-IT"},{"@type":"Organization","@id":"https:\/\/lavocedelpaese.info\/#organization","name":"La Voce del Paese","url":"https:\/\/lavocedelpaese.info\/","logo":{"@type":"ImageObject","inLanguage":"it-IT","@id":"https:\/\/lavocedelpaese.info\/#\/schema\/logo\/image\/","url":"https:\/\/lavocedelpaese.info\/wp-content\/uploads\/2023\/01\/cropped-logo-150-127.png","contentUrl":"https:\/\/lavocedelpaese.info\/wp-content\/uploads\/2023\/01\/cropped-logo-150-127.png","width":137,"height":119,"caption":"La Voce del Paese"},"image":{"@id":"https:\/\/lavocedelpaese.info\/#\/schema\/logo\/image\/"},"sameAs":["https:\/\/www.facebook.com\/lavocedelpaese.info"]},{"@type":"Person","@id":"https:\/\/lavocedelpaese.info\/#\/schema\/person\/ec151d321306bd7591f7a061abf72d88","name":"admin","image":{"@type":"ImageObject","inLanguage":"it-IT","@id":"https:\/\/secure.gravatar.com\/avatar\/af8f2caf0663124588de48a9380e07cbc95a74ef15b8062d0d39106c32fe3023?s=96&d=mm&r=g","url":"https:\/\/secure.gravatar.com\/avatar\/af8f2caf0663124588de48a9380e07cbc95a74ef15b8062d0d39106c32fe3023?s=96&d=mm&r=g","contentUrl":"https:\/\/secure.gravatar.com\/avatar\/af8f2caf0663124588de48a9380e07cbc95a74ef15b8062d0d39106c32fe3023?s=96&d=mm&r=g","caption":"admin"},"sameAs":["https:\/\/lavocedelpaese.info"],"url":"https:\/\/lavocedelpaese.info\/index.php\/author\/admin\/"}]}},"_links":{"self":[{"href":"https:\/\/lavocedelpaese.info\/index.php\/wp-json\/wp\/v2\/posts\/10370","targetHints":{"allow":["GET"]}}],"collection":[{"href":"https:\/\/lavocedelpaese.info\/index.php\/wp-json\/wp\/v2\/posts"}],"about":[{"href":"https:\/\/lavocedelpaese.info\/index.php\/wp-json\/wp\/v2\/types\/post"}],"author":[{"embeddable":true,"href":"https:\/\/lavocedelpaese.info\/index.php\/wp-json\/wp\/v2\/users\/6"}],"replies":[{"embeddable":true,"href":"https:\/\/lavocedelpaese.info\/index.php\/wp-json\/wp\/v2\/comments?post=10370"}],"version-history":[{"count":0,"href":"https:\/\/lavocedelpaese.info\/index.php\/wp-json\/wp\/v2\/posts\/10370\/revisions"}],"wp:featuredmedia":[{"embeddable":true,"href":"https:\/\/lavocedelpaese.info\/index.php\/wp-json\/wp\/v2\/media\/10371"}],"wp:attachment":[{"href":"https:\/\/lavocedelpaese.info\/index.php\/wp-json\/wp\/v2\/media?parent=10370"}],"wp:term":[{"taxonomy":"category","embeddable":true,"href":"https:\/\/lavocedelpaese.info\/index.php\/wp-json\/wp\/v2\/categories?post=10370"},{"taxonomy":"post_tag","embeddable":true,"href":"https:\/\/lavocedelpaese.info\/index.php\/wp-json\/wp\/v2\/tags?post=10370"}],"curies":[{"name":"wp","href":"https:\/\/api.w.org\/{rel}","templated":true}]}}