{"id":10333,"date":"2025-12-06T19:14:39","date_gmt":"2025-12-06T19:14:39","guid":{"rendered":"https:\/\/lavocedelpaese.info\/index.php\/2025\/12\/06\/con-laccensione-dellalbero-comincia-il-natale-cassanese-2025\/"},"modified":"2025-12-06T19:14:39","modified_gmt":"2025-12-06T19:14:39","slug":"con-laccensione-dellalbero-comincia-il-natale-cassanese-2025","status":"publish","type":"post","link":"https:\/\/lavocedelpaese.info\/index.php\/2025\/12\/06\/con-laccensione-dellalbero-comincia-il-natale-cassanese-2025\/","title":{"rendered":"Con l\u2019accensione dell\u2019albero comincia il Natale Cassanese 2025\u00a0\u200b"},"content":{"rendered":"<p>\u00a0<\/p>\n<p>\u200b\u00a0<\/p>\n<p>\u200b\u00a0<\/p>\n<p>Con l\u2019<strong>accensione dell\u2019Albero di Natale<\/strong>, domenica 7 dicembre in piazza Aldo Moro alle ore 19.00 prende il via il \u201cNatale Cassanese\u201d 2025 con un programma messo a punto dall\u2019Amministrazione Comunale in collaborazione con  alcune associazioni cassanesi e coordinato dall\u2019Associazione \u201cAltreMenti\u201d di Acquaviva delle Fonti, con una spesa complessiva di 25mila euro, luminarie escluse.<\/p>\n<p>\u201c<em>Quest\u2019anno \u2013<\/em>\u00a0afferma il Sindaco\u00a0<strong>Davide Del Re<\/strong> in una nota del Comune\u00a0<em>\u2013 abbiamo immaginato un programma che appartenesse davvero a tutti: ai bambini, ai giovani, alle famiglie, agli anziani. Un calendario diffuso, che accende ogni angolo del paese, dal centro storico alle piazze, con musica, tradizioni, spettacoli, cinema, solidariet\u00e0. Cassano vivr\u00e0 un mese di emozioni: dall\u2019accensione dell\u2019Albero di Natale alla grande festa\u00a0<\/em>\u201c<em>Anche a te e famiglia\u201d<\/em>,<em>\u00a0dai concerti lirici alle sonorit\u00e0 jazz, dalle atmosfere cantautorali alle voci del gospel, dal Presepe Vivente fino all\u2019arrivo della Befana che scender\u00e0 dalla Torre Civica. Un Natale che \u00e8 luce, cultura, partecipazione: un Natale che parla la lingua della nostra comunit\u00e0.\u00bb<\/em><\/p>\n<p><em>\u00abDesidero rivolgere un ringraziamento sincero a\u00a0<strong>Gaetano Partipilo<\/strong>, artista cassanese di straordinario valore \u2013\u00a0<\/em>aggiunge il\u00a0<strong>Sindaco Davide Del Re<\/strong><em>\u00a0\u2013 che ancora una volta ha messo a disposizione della nostra comunit\u00e0 la sua competenza, la sua esperienza e la sua sensibilit\u00e0 musicale, contribuendo alla qualit\u00e0 e alla cura di alcuni appuntamenti del nostro calendario natalizio.\u00a0\u00a0\u00a0<br \/>Un ringraziamento altrettanto sentito va alla\u00a0<strong>Presidente del Consiglio Comunale, Stefania Simonetti<\/strong>, per l\u2019attenzione, la disponibilit\u00e0 e il supporto istituzionale dimostrati in questo percorso condiviso.\u00a0\u00a0<br \/>Il Natale di Cassano \u00e8 frutto di una comunit\u00e0 che partecipa, collabora e mette entusiasmo in ci\u00f2 che fa: a tutti coloro che hanno offerto tempo, idee ed energie va la mia pi\u00f9 profonda gratitudine\u00bb.<\/em><\/p>\n<p>Questo il programma delle iniziative: abbiamo inserito  quelle escluse dal programma ufficiale natalizio comunale, per completezza di informazione.<\/p>\n<h1 class=\"wp-block-heading\"><strong>7 DICEMBRE 2025 \u2013 ORE 19.00<\/strong><\/h1>\n<p><strong>Accensione Albero di Natale\u00a0<\/strong><strong>\u2013<\/strong><strong>\u00a0Cerimonia di apertura<\/strong><br \/>\u2022 Mercatini specialit\u00e0 natalizie<\/p>\n<p> Mercatino equo e solidale a cura della Scuola per l\u2019Infanzia \u201cInsieme\u201d<\/p>\n<p>\u2022 Mercatini dell\u2019artigianato <em>a cura dell\u2019Associazione Primule Rosse<\/em><\/p>\n<p>\u2022 Concerto musicale \u2013 The Joyful Chorus<\/p>\n<p>\u2022 Spettacolo di danza <em>a cura delle scuole Top Talent e Ars Nova<\/em><\/p>\n<p>\u2022 Canti natalizi del coro dei bambini <em>a cura della Scuola dell\u2019Infanzia Paritaria \u201cLa Casa del Fanciullo\u201d<\/em><\/p>\n<p><em>Piazza Moro<\/em><\/p>\n<h3 class=\"wp-block-heading\"><strong>8 DICEMBRE 2025 \u2013 ORE 19.30<\/strong><\/h3>\n<p><strong>Festa dell\u2019Immacolata \u2013 XXVI Sagra del Baccal\u00e0<\/strong><br \/>Frittura di baccal\u00e0, pettole, scagliozze<br \/><em>Largo Immacolata \/ Via Gentile \u2013 a cura dell\u2019Associazione Amici di Tutti<\/em><\/p>\n\n<p><strong>10 DICEMBRE 2025 \u2013 ORE 18.30<\/strong><\/p>\n<p>L\u2019associazione di promozione sociale \u201cCassianum\u201d presenta \u201cC\u2019era una volta\u2026racconti di Natale\u201d\u00a0presso la Biblioteca Civica in via Miani, presso il Palazzo \u201cMiani-Perotti\u201d. Aperto ai bambini dai 6 anni in su. Ingresso libero. <\/p>\n<h3 class=\"wp-block-heading\"><strong>13 DICEMBRE 2025  <\/strong><\/h3>\n<p><strong>ORE 19.00<\/strong><\/p>\n<p>Inaugurazione del Presepe di \u201cMagna Inventio\u201d a cura dell\u2019Associazione \u201cCassianum\u201d, in piazza Aldo Moro con la partecipazione del coro dei bambini della Scuola per l\u2019Infanzia \u201cInsieme\u201d.<\/p>\n<p>A seguire, in Chiesa Madre, Concerto di Natale diretto dal Maestro Giuseppe Campanale con le voci di Giovanna Vasco e Milad Fatouleh e il  coro dei bambini della Scuola per l\u2019Infanzia \u201cInsieme\u201d.<\/p>\n<p><strong>ORE 19.30<\/strong><\/p>\n<p><strong>Donne all\u2019Opera \u2013 Concerto lirico<\/strong><br \/>a cura di Maria Grazia Pani<\/p>\n<p>Paola Leoci \u2013 soprano<br \/>Yi Fan Li \u2013 soprano<br \/>Claudia Urru \u2013 soprano<br \/>Angela Zaccaria \u2013 pianoforte<br \/><em>Oratorio Madonna delle Grazie<\/em><\/p>\n<h3 class=\"wp-block-heading\"><strong>14 DICEMBRE 2025 \u2013 ORE 15.30<\/strong><\/h3>\n<p><strong>Il Grinch \u2013 proiezione film per bambini<\/strong><br \/><em>Cineteatro Apulia<\/em><\/p>\n<h3 class=\"wp-block-heading\"><strong>14 DICEMBRE 2025 \u2013 ORE 20.00<\/strong><\/h3>\n<p><strong>Christmas in Jazz \u2013 Patty Lomuscio<\/strong><br \/>Patty Lomuscio \u2013 voce<br \/>Vito Di Modugno \u2013 organo Hammond<br \/>Pino Mazzarano \u2013 chitarra elettrica<br \/>Mimmo Campanale \u2013 batteria<br \/><em>Piazza Rossani<\/em><\/p>\n<p><strong><\/strong><strong>1<\/strong><strong>7 DICEMBRE 2025 \u2013 <\/strong> ORE 18.30<\/p>\n<p>L\u2019associazione di promozione sociale \u201cCassianum\u201d presenta \u201cC\u2019era una volta\u2026racconti di Natale\u201d\u00a0presso la Biblioteca Civica in via Miani, presso il Palazzo \u201cMiani-Perotti\u201d. Aperto ai bambini dai 6 anni in su. Ingresso libero.<\/p>\n<h3 class=\"wp-block-heading\"><strong>19 DICEMBRE 2025 \u2013 ORE 20.00<\/strong><\/h3>\n<p><strong>Un grande sogno \u2013 Viaggio musicale\/emozionale<\/strong><br \/>Loredana Lentini \u2013 pianoforte<br \/>Doralisa Campanella \u2013 voce<br \/><em>Palazzo Miani-Perotti<\/em><\/p>\n<h3 class=\"wp-block-heading\"><strong>20-21 DICEMBRE 2025 \u2013 ORE 10.00<\/strong><\/h3>\n<p><strong>Saggio canoro di musica natalizia<\/strong><br \/><em>A cura dell\u2019Associazione Al Bosco Sonoro<\/em><\/p>\n<p><em>Sala Consiliare<\/em><\/p>\n<h3 class=\"wp-block-heading\"><strong>21 DICEMBRE 2025 \u2013 ORE 15.30<\/strong><\/h3>\n<p><strong>Klaus: i segreti del Natale \u2013 proiezione film<\/strong><br \/><em>Cineteatro Apulia<\/em><\/p>\n<h3 class=\"wp-block-heading\"><strong>21 DICEMBRE 2025 \u2013 ORE 19.30<\/strong><\/h3>\n<p><strong>Anche a te e famiglia \u2013 Festa di piazza<\/strong><br \/>Musica, dolci, vin brul\u00e9, bancarelle<br \/>Musica dal vivo con i\u00a0<strong>Colfischiosenz<\/strong>a<br \/><em>Piazza Moro<\/em><\/p>\n<h3 class=\"wp-block-heading\"><strong>22 DICEMBRE 2025 \u2013 ORE 20.30<\/strong><\/h3>\n<p><strong>Io che amo solo te \u2013 Le voci di Genova<\/strong><br \/>Serena Spedicato \u2013 voce<br \/>Vince Abbracciante \u2013 fisarmonica<br \/>Nando Di Modugno \u2013 chitarra classica<br \/>Giorgio Vendola \u2013 contrabbasso<br \/><em>Oratorio Madonna delle Grazie<\/em><\/p>\n<h3 class=\"wp-block-heading\"><strong>23 DICEMBRE 2025 \u2013 ORE 19.00<\/strong><\/h3>\n<p><strong>Indovina chi viene a cena \u2013 Cena solidale<\/strong><br \/><em>CRAP San Francesco<\/em><\/p>\n<h3 class=\"wp-block-heading\"><strong>23 DICEMBRE 2025 \u2013 ORE 21.00<\/strong><\/h3>\n<p><strong>DJ-Set \u2013 Cloud Danko &amp; Vito Santamato<\/strong><br \/><em>Piazza Moro<\/em><\/p>\n<h3 class=\"wp-block-heading\"><strong>26 DICEMBRE 2025 \u2013 ORE 18.30<\/strong><\/h3>\n<p><strong>Swing Street Carolers \u2013 Natale incontra lo swing<\/strong><\/p>\n<p><em>Borgo Antico \/ Uscita Presepe<\/em><\/p>\n<h3 class=\"wp-block-heading\"><strong>27 DICEMBRE 2025 \u2013 ORE 19.00<\/strong><\/h3>\n<p><strong>Tea for 3 Trio \u2013 Concerto chitarristico<\/strong><br \/><em>Palazzo Miani-Perotti<\/em><\/p>\n<h3 class=\"wp-block-heading\"><strong>28 DICEMBRE 2025 \u2013 ORE 15.30<\/strong><\/h3>\n<p><strong>Elf \u2013 Un elfo di nome Buddy \u2013 proiezione film<\/strong><br \/><em>Cineteatro Apulia<\/em><\/p>\n<h3 class=\"wp-block-heading\"><strong>28 DICEMBRE 2025 \u2013 ORE 20.30<\/strong><\/h3>\n<p><strong>Bruxelles Crossing Reunion \u2013 Concerto jazz d\u2019autore<\/strong><br \/>Gaetano Partipilo \u2013 sax alto<br \/>Nicola Andrioli \u2013 piano, Fender Rhodes<br \/>Federico Pecoraro \u2013 basso elettrico<br \/>Dario Congedo \u2013 batteria<br \/><em>Sala Conferenze BCC<\/em><\/p>\n<h3 class=\"wp-block-heading\"><strong>29 DICEMBRE 2025 \u2013 ORE 20.00<\/strong><\/h3>\n<p><strong>La pensione d\u2019accompagnamento<\/strong><br \/><em>A cura di Viviteatro Acquaviva \u2013 Oratorio Madonna delle Grazie<\/em><\/p>\n<h3 class=\"wp-block-heading\"><strong>30 DICEMBRE 2025 \u2013 ORE 21.00<\/strong><\/h3>\n<p><strong>DJ-Set con Tuppy B<\/strong><br \/><em>Piazza Moro<\/em><\/p>\n<h3 class=\"wp-block-heading\"><strong>3 GENNAIO 2026 \u2013 ORE 19.00<\/strong><\/h3>\n<p><strong>Concerto di musica sacra \u2013 Coro Polifonico Accordium<\/strong><br \/>Direttore: Maestro\u00a0<strong>Francesco Tritto<\/strong><br \/><em>Convento Santa Maria degli Angeli<\/em><\/p>\n<h3 class=\"wp-block-heading\"><strong>4 GENNAIO 2026 \u2013 ORE 10.00<\/strong><\/h3>\n<p><strong>Attivit\u00e0 ludiche per bambini e genitori \u2013 Progetto PIPPI<\/strong><br \/><em>Piazza Rossani<\/em><\/p>\n<h3 class=\"wp-block-heading\"><strong>4 GENNAIO 2026 \u2013 ORE 15.30<\/strong><\/h3>\n<p><strong>Un ragazzo di nome Natale \u2013 proiezione film<\/strong><br \/><em>Cineteatro Apulia<\/em><\/p>\n<h3 class=\"wp-block-heading\"><strong>6 GENNAIO 2026 \u2013 ORE 18.00<\/strong><\/h3>\n<p><strong>Festa dell\u2019Epifania<\/strong><br \/>Discesa della Befana dalla Torre Civica<br \/>Artisti di strada e street band<br \/><em>Piazza Moro<\/em><\/p>\n<h3 class=\"wp-block-heading\"><strong>PRESEPE VIVENTE \u2013 BORGO ANTICO<\/strong><\/h3>\n<p>A cura dell\u2019Associazione Fratres<br \/><strong>26 e 28 dicembre 2025 \u2013 4 e 6 gennaio 2026, ore 18.00<\/strong><\/p>\n<p>\u2014\u00a0<\/p>\n<p><a class=\"a2a_button_facebook\" href=\"https:\/\/www.addtoany.com\/add_to\/facebook?linkurl=https%3A%2F%2Fcassano.lavocedelpaese.info%2Fcon-laccensione-dellalbero-comincia-il-natale-cassanese-2025%2F&amp;linkname=Con%20l%E2%80%99accensione%20dell%E2%80%99albero%20comincia%20il%20Natale%20Cassanese%202025\" title=\"Facebook\" rel=\"nofollow noopener\" target=\"_blank\"><\/a><a class=\"a2a_button_twitter\" href=\"https:\/\/www.addtoany.com\/add_to\/twitter?linkurl=https%3A%2F%2Fcassano.lavocedelpaese.info%2Fcon-laccensione-dellalbero-comincia-il-natale-cassanese-2025%2F&amp;linkname=Con%20l%E2%80%99accensione%20dell%E2%80%99albero%20comincia%20il%20Natale%20Cassanese%202025\" title=\"Twitter\" rel=\"nofollow noopener\" target=\"_blank\"><\/a><a class=\"a2a_button_whatsapp\" href=\"https:\/\/www.addtoany.com\/add_to\/whatsapp?linkurl=https%3A%2F%2Fcassano.lavocedelpaese.info%2Fcon-laccensione-dellalbero-comincia-il-natale-cassanese-2025%2F&amp;linkname=Con%20l%E2%80%99accensione%20dell%E2%80%99albero%20comincia%20il%20Natale%20Cassanese%202025\" title=\"WhatsApp\" rel=\"nofollow noopener\" target=\"_blank\"><\/a><a class=\"a2a_button_telegram\" href=\"https:\/\/www.addtoany.com\/add_to\/telegram?linkurl=https%3A%2F%2Fcassano.lavocedelpaese.info%2Fcon-laccensione-dellalbero-comincia-il-natale-cassanese-2025%2F&amp;linkname=Con%20l%E2%80%99accensione%20dell%E2%80%99albero%20comincia%20il%20Natale%20Cassanese%202025\" title=\"Telegram\" rel=\"nofollow noopener\" target=\"_blank\"><\/a><a class=\"a2a_button_email\" href=\"https:\/\/www.addtoany.com\/add_to\/email?linkurl=https%3A%2F%2Fcassano.lavocedelpaese.info%2Fcon-laccensione-dellalbero-comincia-il-natale-cassanese-2025%2F&amp;linkname=Con%20l%E2%80%99accensione%20dell%E2%80%99albero%20comincia%20il%20Natale%20Cassanese%202025\" title=\"Email\" rel=\"nofollow noopener\" target=\"_blank\"><\/a><\/p>\n<p>\u00a0<\/p>\n<p>\u00a0<\/p>\n<p>\u200b\u00a0\u00a0\u00a0<\/p>","protected":false},"excerpt":{"rendered":"<p>\u00a0 \u200b\u00a0 \u200b\u00a0 Con l\u2019accensione dell\u2019Albero di Natale, domenica 7 dicembre in piazza Aldo Moro alle ore 19.00 prende il<\/p>\n","protected":false},"author":6,"featured_media":730,"comment_status":"open","ping_status":"closed","sticky":false,"template":"","format":"standard","meta":{"colormag_page_container_layout":"default_layout","colormag_page_sidebar_layout":"default_layout","footnotes":""},"categories":[33],"tags":[],"class_list":["post-10333","post","type-post","status-publish","format-standard","has-post-thumbnail","hentry","category-network"],"yoast_head":"<!-- This site is optimized with the Yoast SEO plugin v27.5 - https:\/\/yoast.com\/product\/yoast-seo-wordpress\/ -->\n<title>Con l\u2019accensione dell\u2019albero comincia il Natale Cassanese 2025\u00a0\u200b - La Voce del Paese<\/title>\n<meta name=\"robots\" content=\"index, follow, max-snippet:-1, max-image-preview:large, max-video-preview:-1\" \/>\n<link rel=\"canonical\" href=\"https:\/\/lavocedelpaese.info\/index.php\/2025\/12\/06\/con-laccensione-dellalbero-comincia-il-natale-cassanese-2025\/\" \/>\n<meta property=\"og:locale\" content=\"it_IT\" \/>\n<meta property=\"og:type\" content=\"article\" \/>\n<meta property=\"og:title\" content=\"Con l\u2019accensione dell\u2019albero comincia il Natale Cassanese 2025\u00a0\u200b - La Voce del Paese\" \/>\n<meta property=\"og:description\" content=\"\u00a0 \u200b\u00a0 \u200b\u00a0 Con l\u2019accensione dell\u2019Albero di Natale, domenica 7 dicembre in piazza Aldo Moro alle ore 19.00 prende il\" \/>\n<meta property=\"og:url\" content=\"https:\/\/lavocedelpaese.info\/index.php\/2025\/12\/06\/con-laccensione-dellalbero-comincia-il-natale-cassanese-2025\/\" \/>\n<meta property=\"og:site_name\" content=\"La Voce del Paese\" \/>\n<meta property=\"article:publisher\" content=\"https:\/\/www.facebook.com\/lavocedelpaese.info\" \/>\n<meta property=\"article:published_time\" content=\"2025-12-06T19:14:39+00:00\" \/>\n<meta name=\"author\" content=\"admin\" \/>\n<meta name=\"twitter:card\" content=\"summary_large_image\" \/>\n<meta name=\"twitter:label1\" content=\"Scritto da\" \/>\n\t<meta name=\"twitter:data1\" content=\"admin\" \/>\n\t<meta name=\"twitter:label2\" content=\"Tempo di lettura stimato\" \/>\n\t<meta name=\"twitter:data2\" content=\"4 minuti\" \/>\n<script type=\"application\/ld+json\" class=\"yoast-schema-graph\">{\"@context\":\"https:\\\/\\\/schema.org\",\"@graph\":[{\"@type\":\"Article\",\"@id\":\"https:\\\/\\\/lavocedelpaese.info\\\/index.php\\\/2025\\\/12\\\/06\\\/con-laccensione-dellalbero-comincia-il-natale-cassanese-2025\\\/#article\",\"isPartOf\":{\"@id\":\"https:\\\/\\\/lavocedelpaese.info\\\/index.php\\\/2025\\\/12\\\/06\\\/con-laccensione-dellalbero-comincia-il-natale-cassanese-2025\\\/\"},\"author\":{\"name\":\"admin\",\"@id\":\"https:\\\/\\\/lavocedelpaese.info\\\/#\\\/schema\\\/person\\\/ec151d321306bd7591f7a061abf72d88\"},\"headline\":\"Con l\u2019accensione dell\u2019albero comincia il Natale Cassanese 2025\u00a0\u200b\",\"datePublished\":\"2025-12-06T19:14:39+00:00\",\"mainEntityOfPage\":{\"@id\":\"https:\\\/\\\/lavocedelpaese.info\\\/index.php\\\/2025\\\/12\\\/06\\\/con-laccensione-dellalbero-comincia-il-natale-cassanese-2025\\\/\"},\"wordCount\":860,\"commentCount\":0,\"publisher\":{\"@id\":\"https:\\\/\\\/lavocedelpaese.info\\\/#organization\"},\"image\":{\"@id\":\"https:\\\/\\\/lavocedelpaese.info\\\/index.php\\\/2025\\\/12\\\/06\\\/con-laccensione-dellalbero-comincia-il-natale-cassanese-2025\\\/#primaryimage\"},\"thumbnailUrl\":\"https:\\\/\\\/lavocedelpaese.info\\\/wp-content\\\/uploads\\\/2023\\\/01\\\/logo-150-127.png\",\"articleSection\":[\"network\"],\"inLanguage\":\"it-IT\",\"potentialAction\":[{\"@type\":\"CommentAction\",\"name\":\"Comment\",\"target\":[\"https:\\\/\\\/lavocedelpaese.info\\\/index.php\\\/2025\\\/12\\\/06\\\/con-laccensione-dellalbero-comincia-il-natale-cassanese-2025\\\/#respond\"]}]},{\"@type\":\"WebPage\",\"@id\":\"https:\\\/\\\/lavocedelpaese.info\\\/index.php\\\/2025\\\/12\\\/06\\\/con-laccensione-dellalbero-comincia-il-natale-cassanese-2025\\\/\",\"url\":\"https:\\\/\\\/lavocedelpaese.info\\\/index.php\\\/2025\\\/12\\\/06\\\/con-laccensione-dellalbero-comincia-il-natale-cassanese-2025\\\/\",\"name\":\"Con l\u2019accensione dell\u2019albero comincia il Natale Cassanese 2025\u00a0\u200b - La Voce del Paese\",\"isPartOf\":{\"@id\":\"https:\\\/\\\/lavocedelpaese.info\\\/#website\"},\"primaryImageOfPage\":{\"@id\":\"https:\\\/\\\/lavocedelpaese.info\\\/index.php\\\/2025\\\/12\\\/06\\\/con-laccensione-dellalbero-comincia-il-natale-cassanese-2025\\\/#primaryimage\"},\"image\":{\"@id\":\"https:\\\/\\\/lavocedelpaese.info\\\/index.php\\\/2025\\\/12\\\/06\\\/con-laccensione-dellalbero-comincia-il-natale-cassanese-2025\\\/#primaryimage\"},\"thumbnailUrl\":\"https:\\\/\\\/lavocedelpaese.info\\\/wp-content\\\/uploads\\\/2023\\\/01\\\/logo-150-127.png\",\"datePublished\":\"2025-12-06T19:14:39+00:00\",\"breadcrumb\":{\"@id\":\"https:\\\/\\\/lavocedelpaese.info\\\/index.php\\\/2025\\\/12\\\/06\\\/con-laccensione-dellalbero-comincia-il-natale-cassanese-2025\\\/#breadcrumb\"},\"inLanguage\":\"it-IT\",\"potentialAction\":[{\"@type\":\"ReadAction\",\"target\":[\"https:\\\/\\\/lavocedelpaese.info\\\/index.php\\\/2025\\\/12\\\/06\\\/con-laccensione-dellalbero-comincia-il-natale-cassanese-2025\\\/\"]}]},{\"@type\":\"ImageObject\",\"inLanguage\":\"it-IT\",\"@id\":\"https:\\\/\\\/lavocedelpaese.info\\\/index.php\\\/2025\\\/12\\\/06\\\/con-laccensione-dellalbero-comincia-il-natale-cassanese-2025\\\/#primaryimage\",\"url\":\"https:\\\/\\\/lavocedelpaese.info\\\/wp-content\\\/uploads\\\/2023\\\/01\\\/logo-150-127.png\",\"contentUrl\":\"https:\\\/\\\/lavocedelpaese.info\\\/wp-content\\\/uploads\\\/2023\\\/01\\\/logo-150-127.png\",\"width\":150,\"height\":127},{\"@type\":\"BreadcrumbList\",\"@id\":\"https:\\\/\\\/lavocedelpaese.info\\\/index.php\\\/2025\\\/12\\\/06\\\/con-laccensione-dellalbero-comincia-il-natale-cassanese-2025\\\/#breadcrumb\",\"itemListElement\":[{\"@type\":\"ListItem\",\"position\":1,\"name\":\"Home\",\"item\":\"https:\\\/\\\/lavocedelpaese.info\\\/\"},{\"@type\":\"ListItem\",\"position\":2,\"name\":\"Con l\u2019accensione dell\u2019albero comincia il Natale Cassanese 2025\u00a0\u200b\"}]},{\"@type\":\"WebSite\",\"@id\":\"https:\\\/\\\/lavocedelpaese.info\\\/#website\",\"url\":\"https:\\\/\\\/lavocedelpaese.info\\\/\",\"name\":\"La Voce del Paese\",\"description\":\"Un network di idee\",\"publisher\":{\"@id\":\"https:\\\/\\\/lavocedelpaese.info\\\/#organization\"},\"potentialAction\":[{\"@type\":\"SearchAction\",\"target\":{\"@type\":\"EntryPoint\",\"urlTemplate\":\"https:\\\/\\\/lavocedelpaese.info\\\/?s={search_term_string}\"},\"query-input\":{\"@type\":\"PropertyValueSpecification\",\"valueRequired\":true,\"valueName\":\"search_term_string\"}}],\"inLanguage\":\"it-IT\"},{\"@type\":\"Organization\",\"@id\":\"https:\\\/\\\/lavocedelpaese.info\\\/#organization\",\"name\":\"La Voce del Paese\",\"url\":\"https:\\\/\\\/lavocedelpaese.info\\\/\",\"logo\":{\"@type\":\"ImageObject\",\"inLanguage\":\"it-IT\",\"@id\":\"https:\\\/\\\/lavocedelpaese.info\\\/#\\\/schema\\\/logo\\\/image\\\/\",\"url\":\"https:\\\/\\\/lavocedelpaese.info\\\/wp-content\\\/uploads\\\/2023\\\/01\\\/cropped-logo-150-127.png\",\"contentUrl\":\"https:\\\/\\\/lavocedelpaese.info\\\/wp-content\\\/uploads\\\/2023\\\/01\\\/cropped-logo-150-127.png\",\"width\":137,\"height\":119,\"caption\":\"La Voce del Paese\"},\"image\":{\"@id\":\"https:\\\/\\\/lavocedelpaese.info\\\/#\\\/schema\\\/logo\\\/image\\\/\"},\"sameAs\":[\"https:\\\/\\\/www.facebook.com\\\/lavocedelpaese.info\"]},{\"@type\":\"Person\",\"@id\":\"https:\\\/\\\/lavocedelpaese.info\\\/#\\\/schema\\\/person\\\/ec151d321306bd7591f7a061abf72d88\",\"name\":\"admin\",\"image\":{\"@type\":\"ImageObject\",\"inLanguage\":\"it-IT\",\"@id\":\"https:\\\/\\\/secure.gravatar.com\\\/avatar\\\/af8f2caf0663124588de48a9380e07cbc95a74ef15b8062d0d39106c32fe3023?s=96&d=mm&r=g\",\"url\":\"https:\\\/\\\/secure.gravatar.com\\\/avatar\\\/af8f2caf0663124588de48a9380e07cbc95a74ef15b8062d0d39106c32fe3023?s=96&d=mm&r=g\",\"contentUrl\":\"https:\\\/\\\/secure.gravatar.com\\\/avatar\\\/af8f2caf0663124588de48a9380e07cbc95a74ef15b8062d0d39106c32fe3023?s=96&d=mm&r=g\",\"caption\":\"admin\"},\"sameAs\":[\"https:\\\/\\\/lavocedelpaese.info\"],\"url\":\"https:\\\/\\\/lavocedelpaese.info\\\/index.php\\\/author\\\/admin\\\/\"}]}<\/script>\n<!-- \/ Yoast SEO plugin. -->","yoast_head_json":{"title":"Con l\u2019accensione dell\u2019albero comincia il Natale Cassanese 2025\u00a0\u200b - La Voce del Paese","robots":{"index":"index","follow":"follow","max-snippet":"max-snippet:-1","max-image-preview":"max-image-preview:large","max-video-preview":"max-video-preview:-1"},"canonical":"https:\/\/lavocedelpaese.info\/index.php\/2025\/12\/06\/con-laccensione-dellalbero-comincia-il-natale-cassanese-2025\/","og_locale":"it_IT","og_type":"article","og_title":"Con l\u2019accensione dell\u2019albero comincia il Natale Cassanese 2025\u00a0\u200b - La Voce del Paese","og_description":"\u00a0 \u200b\u00a0 \u200b\u00a0 Con l\u2019accensione dell\u2019Albero di Natale, domenica 7 dicembre in piazza Aldo Moro alle ore 19.00 prende il","og_url":"https:\/\/lavocedelpaese.info\/index.php\/2025\/12\/06\/con-laccensione-dellalbero-comincia-il-natale-cassanese-2025\/","og_site_name":"La Voce del Paese","article_publisher":"https:\/\/www.facebook.com\/lavocedelpaese.info","article_published_time":"2025-12-06T19:14:39+00:00","author":"admin","twitter_card":"summary_large_image","twitter_misc":{"Scritto da":"admin","Tempo di lettura stimato":"4 minuti"},"schema":{"@context":"https:\/\/schema.org","@graph":[{"@type":"Article","@id":"https:\/\/lavocedelpaese.info\/index.php\/2025\/12\/06\/con-laccensione-dellalbero-comincia-il-natale-cassanese-2025\/#article","isPartOf":{"@id":"https:\/\/lavocedelpaese.info\/index.php\/2025\/12\/06\/con-laccensione-dellalbero-comincia-il-natale-cassanese-2025\/"},"author":{"name":"admin","@id":"https:\/\/lavocedelpaese.info\/#\/schema\/person\/ec151d321306bd7591f7a061abf72d88"},"headline":"Con l\u2019accensione dell\u2019albero comincia il Natale Cassanese 2025\u00a0\u200b","datePublished":"2025-12-06T19:14:39+00:00","mainEntityOfPage":{"@id":"https:\/\/lavocedelpaese.info\/index.php\/2025\/12\/06\/con-laccensione-dellalbero-comincia-il-natale-cassanese-2025\/"},"wordCount":860,"commentCount":0,"publisher":{"@id":"https:\/\/lavocedelpaese.info\/#organization"},"image":{"@id":"https:\/\/lavocedelpaese.info\/index.php\/2025\/12\/06\/con-laccensione-dellalbero-comincia-il-natale-cassanese-2025\/#primaryimage"},"thumbnailUrl":"https:\/\/lavocedelpaese.info\/wp-content\/uploads\/2023\/01\/logo-150-127.png","articleSection":["network"],"inLanguage":"it-IT","potentialAction":[{"@type":"CommentAction","name":"Comment","target":["https:\/\/lavocedelpaese.info\/index.php\/2025\/12\/06\/con-laccensione-dellalbero-comincia-il-natale-cassanese-2025\/#respond"]}]},{"@type":"WebPage","@id":"https:\/\/lavocedelpaese.info\/index.php\/2025\/12\/06\/con-laccensione-dellalbero-comincia-il-natale-cassanese-2025\/","url":"https:\/\/lavocedelpaese.info\/index.php\/2025\/12\/06\/con-laccensione-dellalbero-comincia-il-natale-cassanese-2025\/","name":"Con l\u2019accensione dell\u2019albero comincia il Natale Cassanese 2025\u00a0\u200b - La Voce del Paese","isPartOf":{"@id":"https:\/\/lavocedelpaese.info\/#website"},"primaryImageOfPage":{"@id":"https:\/\/lavocedelpaese.info\/index.php\/2025\/12\/06\/con-laccensione-dellalbero-comincia-il-natale-cassanese-2025\/#primaryimage"},"image":{"@id":"https:\/\/lavocedelpaese.info\/index.php\/2025\/12\/06\/con-laccensione-dellalbero-comincia-il-natale-cassanese-2025\/#primaryimage"},"thumbnailUrl":"https:\/\/lavocedelpaese.info\/wp-content\/uploads\/2023\/01\/logo-150-127.png","datePublished":"2025-12-06T19:14:39+00:00","breadcrumb":{"@id":"https:\/\/lavocedelpaese.info\/index.php\/2025\/12\/06\/con-laccensione-dellalbero-comincia-il-natale-cassanese-2025\/#breadcrumb"},"inLanguage":"it-IT","potentialAction":[{"@type":"ReadAction","target":["https:\/\/lavocedelpaese.info\/index.php\/2025\/12\/06\/con-laccensione-dellalbero-comincia-il-natale-cassanese-2025\/"]}]},{"@type":"ImageObject","inLanguage":"it-IT","@id":"https:\/\/lavocedelpaese.info\/index.php\/2025\/12\/06\/con-laccensione-dellalbero-comincia-il-natale-cassanese-2025\/#primaryimage","url":"https:\/\/lavocedelpaese.info\/wp-content\/uploads\/2023\/01\/logo-150-127.png","contentUrl":"https:\/\/lavocedelpaese.info\/wp-content\/uploads\/2023\/01\/logo-150-127.png","width":150,"height":127},{"@type":"BreadcrumbList","@id":"https:\/\/lavocedelpaese.info\/index.php\/2025\/12\/06\/con-laccensione-dellalbero-comincia-il-natale-cassanese-2025\/#breadcrumb","itemListElement":[{"@type":"ListItem","position":1,"name":"Home","item":"https:\/\/lavocedelpaese.info\/"},{"@type":"ListItem","position":2,"name":"Con l\u2019accensione dell\u2019albero comincia il Natale Cassanese 2025\u00a0\u200b"}]},{"@type":"WebSite","@id":"https:\/\/lavocedelpaese.info\/#website","url":"https:\/\/lavocedelpaese.info\/","name":"La Voce del Paese","description":"Un network di idee","publisher":{"@id":"https:\/\/lavocedelpaese.info\/#organization"},"potentialAction":[{"@type":"SearchAction","target":{"@type":"EntryPoint","urlTemplate":"https:\/\/lavocedelpaese.info\/?s={search_term_string}"},"query-input":{"@type":"PropertyValueSpecification","valueRequired":true,"valueName":"search_term_string"}}],"inLanguage":"it-IT"},{"@type":"Organization","@id":"https:\/\/lavocedelpaese.info\/#organization","name":"La Voce del Paese","url":"https:\/\/lavocedelpaese.info\/","logo":{"@type":"ImageObject","inLanguage":"it-IT","@id":"https:\/\/lavocedelpaese.info\/#\/schema\/logo\/image\/","url":"https:\/\/lavocedelpaese.info\/wp-content\/uploads\/2023\/01\/cropped-logo-150-127.png","contentUrl":"https:\/\/lavocedelpaese.info\/wp-content\/uploads\/2023\/01\/cropped-logo-150-127.png","width":137,"height":119,"caption":"La Voce del Paese"},"image":{"@id":"https:\/\/lavocedelpaese.info\/#\/schema\/logo\/image\/"},"sameAs":["https:\/\/www.facebook.com\/lavocedelpaese.info"]},{"@type":"Person","@id":"https:\/\/lavocedelpaese.info\/#\/schema\/person\/ec151d321306bd7591f7a061abf72d88","name":"admin","image":{"@type":"ImageObject","inLanguage":"it-IT","@id":"https:\/\/secure.gravatar.com\/avatar\/af8f2caf0663124588de48a9380e07cbc95a74ef15b8062d0d39106c32fe3023?s=96&d=mm&r=g","url":"https:\/\/secure.gravatar.com\/avatar\/af8f2caf0663124588de48a9380e07cbc95a74ef15b8062d0d39106c32fe3023?s=96&d=mm&r=g","contentUrl":"https:\/\/secure.gravatar.com\/avatar\/af8f2caf0663124588de48a9380e07cbc95a74ef15b8062d0d39106c32fe3023?s=96&d=mm&r=g","caption":"admin"},"sameAs":["https:\/\/lavocedelpaese.info"],"url":"https:\/\/lavocedelpaese.info\/index.php\/author\/admin\/"}]}},"_links":{"self":[{"href":"https:\/\/lavocedelpaese.info\/index.php\/wp-json\/wp\/v2\/posts\/10333","targetHints":{"allow":["GET"]}}],"collection":[{"href":"https:\/\/lavocedelpaese.info\/index.php\/wp-json\/wp\/v2\/posts"}],"about":[{"href":"https:\/\/lavocedelpaese.info\/index.php\/wp-json\/wp\/v2\/types\/post"}],"author":[{"embeddable":true,"href":"https:\/\/lavocedelpaese.info\/index.php\/wp-json\/wp\/v2\/users\/6"}],"replies":[{"embeddable":true,"href":"https:\/\/lavocedelpaese.info\/index.php\/wp-json\/wp\/v2\/comments?post=10333"}],"version-history":[{"count":0,"href":"https:\/\/lavocedelpaese.info\/index.php\/wp-json\/wp\/v2\/posts\/10333\/revisions"}],"wp:featuredmedia":[{"embeddable":true,"href":"https:\/\/lavocedelpaese.info\/index.php\/wp-json\/wp\/v2\/media\/730"}],"wp:attachment":[{"href":"https:\/\/lavocedelpaese.info\/index.php\/wp-json\/wp\/v2\/media?parent=10333"}],"wp:term":[{"taxonomy":"category","embeddable":true,"href":"https:\/\/lavocedelpaese.info\/index.php\/wp-json\/wp\/v2\/categories?post=10333"},{"taxonomy":"post_tag","embeddable":true,"href":"https:\/\/lavocedelpaese.info\/index.php\/wp-json\/wp\/v2\/tags?post=10333"}],"curies":[{"name":"wp","href":"https:\/\/api.w.org\/{rel}","templated":true}]}}