{"id":10311,"date":"2025-12-04T08:17:07","date_gmt":"2025-12-04T08:17:07","guid":{"rendered":"https:\/\/lavocedelpaese.info\/index.php\/2025\/12\/04\/a-fradiavolo-tre-giorni-di-esercitazione-regionale-dei-vigili-del-fuoco\/"},"modified":"2025-12-04T08:17:07","modified_gmt":"2025-12-04T08:17:07","slug":"a-fradiavolo-tre-giorni-di-esercitazione-regionale-dei-vigili-del-fuoco","status":"publish","type":"post","link":"https:\/\/lavocedelpaese.info\/index.php\/2025\/12\/04\/a-fradiavolo-tre-giorni-di-esercitazione-regionale-dei-vigili-del-fuoco\/","title":{"rendered":"A \u201cFradiavolo\u201d tre giorni di esercitazione regionale dei Vigili del Fuoco\u00a0\u200b"},"content":{"rendered":"<p>\u00a0<\/p>\n<p>\u200b\u00a0<\/p>\n<p>\u200b\u00a0<\/p>\n<p>esercitazione regionale dei Vigili del Fuoco in programma nel territorio comunale dal\u00a0<strong>9 al 12 dicembre 2025<\/strong>, tutti i giorni dalle\u00a0<strong>8:00 alle 18:00<\/strong>, in\u00a0<strong>Contrada Fra\u2019 Diavolo<\/strong>\u00a0e con attivit\u00e0 operative concentrate principalmente nell\u2019area della\u00a0<strong>Foresta Mercadante<\/strong>. L\u2019iniziativa coinvolger\u00e0 numerose squadre del\u00a0<strong>Comando Provinciale di Bari<\/strong>\u00a0e avr\u00e0 finalit\u00e0 esclusivamente addestrative.<\/p>\n<p>Non ci sar\u00e0\u00a0<strong>accensione di fuochi<\/strong>, n\u00e9 modifiche o alterazioni dell\u2019ambiente naturale. Le esercitazioni consisteranno principalmente in\u00a0<strong>movimentazione di mezzi, uso di attrezzature, applicativi informatici e dispositivi di protezione<\/strong>. Le attivit\u00e0 non provocheranno\u00a0<strong>intralcio alla circolazione<\/strong>\u00a0n\u00e9 disturbi alla comunit\u00e0. Il personale sar\u00e0 sempre\u00a0<strong>chiaramente identificabile<\/strong>.<\/p>\n<p>L\u2019esercitazione prevede la simulazione di due principali scenari emergenziali:<\/p>\n<h4 class=\"wp-block-heading\"><strong>\u00a0Incendio boschivo con coinvolgimento di aree antropizzate (incendio di interfaccia)<\/strong><\/h4>\n<ul class=\"wp-block-list\">\n<li>Impegno di circa\u00a0<strong>16 unit\u00e0 al giorno<\/strong>\u00a0con mezzi operativi.<\/li>\n<li>Le operazioni interesseranno le zone boscate della\u00a0<strong>Foresta Mercadante<\/strong>, area strategica sotto il profilo della prevenzione incendi.<\/li>\n<\/ul>\n<h4 class=\"wp-block-heading\"><strong>Incendio rifiuti<\/strong><\/h4>\n<ul class=\"wp-block-list\">\n<li>Impiego di\u00a0<strong>circa 20 unit\u00e0 al giorno<\/strong>.<\/li>\n<li>La simulazione comprender\u00e0 attivit\u00e0 di\u00a0<strong>prima risposta<\/strong>,\u00a0<strong>messa in sicurezza dell\u2019area<\/strong>, procedure di\u00a0<strong>decontaminazione dei DPI<\/strong>\u00a0e utilizzo delle tecnologie operative in dotazione al Corpo.<\/li>\n<\/ul>\n<p><a class=\"a2a_button_facebook\" href=\"https:\/\/www.addtoany.com\/add_to\/facebook?linkurl=https%3A%2F%2Fcassano.lavocedelpaese.info%2Fa-fradiavolo-tre-giorni-di-esercitazione-regionale-dei-vigili-del-fuoco%2F&amp;linkname=A%20%E2%80%9CFradiavolo%E2%80%9D%20tre%20giorni%20di%20esercitazione%20regionale%20dei%20Vigili%20del%20Fuoco\" title=\"Facebook\" rel=\"nofollow noopener\" target=\"_blank\"><\/a><a class=\"a2a_button_twitter\" href=\"https:\/\/www.addtoany.com\/add_to\/twitter?linkurl=https%3A%2F%2Fcassano.lavocedelpaese.info%2Fa-fradiavolo-tre-giorni-di-esercitazione-regionale-dei-vigili-del-fuoco%2F&amp;linkname=A%20%E2%80%9CFradiavolo%E2%80%9D%20tre%20giorni%20di%20esercitazione%20regionale%20dei%20Vigili%20del%20Fuoco\" title=\"Twitter\" rel=\"nofollow noopener\" target=\"_blank\"><\/a><a class=\"a2a_button_whatsapp\" href=\"https:\/\/www.addtoany.com\/add_to\/whatsapp?linkurl=https%3A%2F%2Fcassano.lavocedelpaese.info%2Fa-fradiavolo-tre-giorni-di-esercitazione-regionale-dei-vigili-del-fuoco%2F&amp;linkname=A%20%E2%80%9CFradiavolo%E2%80%9D%20tre%20giorni%20di%20esercitazione%20regionale%20dei%20Vigili%20del%20Fuoco\" title=\"WhatsApp\" rel=\"nofollow noopener\" target=\"_blank\"><\/a><a class=\"a2a_button_telegram\" href=\"https:\/\/www.addtoany.com\/add_to\/telegram?linkurl=https%3A%2F%2Fcassano.lavocedelpaese.info%2Fa-fradiavolo-tre-giorni-di-esercitazione-regionale-dei-vigili-del-fuoco%2F&amp;linkname=A%20%E2%80%9CFradiavolo%E2%80%9D%20tre%20giorni%20di%20esercitazione%20regionale%20dei%20Vigili%20del%20Fuoco\" title=\"Telegram\" rel=\"nofollow noopener\" target=\"_blank\"><\/a><a class=\"a2a_button_email\" href=\"https:\/\/www.addtoany.com\/add_to\/email?linkurl=https%3A%2F%2Fcassano.lavocedelpaese.info%2Fa-fradiavolo-tre-giorni-di-esercitazione-regionale-dei-vigili-del-fuoco%2F&amp;linkname=A%20%E2%80%9CFradiavolo%E2%80%9D%20tre%20giorni%20di%20esercitazione%20regionale%20dei%20Vigili%20del%20Fuoco\" title=\"Email\" rel=\"nofollow noopener\" target=\"_blank\"><\/a><\/p>\n<p>\u00a0<\/p>\n<p>\u00a0<\/p>\n<p>\u200b\u00a0\u00a0\u00a0<\/p>","protected":false},"excerpt":{"rendered":"<p>\u00a0 \u200b\u00a0 \u200b\u00a0 esercitazione regionale dei Vigili del Fuoco in programma nel territorio comunale dal\u00a09 al 12 dicembre 2025, tutti<\/p>\n","protected":false},"author":6,"featured_media":730,"comment_status":"open","ping_status":"closed","sticky":false,"template":"","format":"standard","meta":{"colormag_page_container_layout":"default_layout","colormag_page_sidebar_layout":"default_layout","footnotes":""},"categories":[33],"tags":[],"class_list":["post-10311","post","type-post","status-publish","format-standard","has-post-thumbnail","hentry","category-network"],"yoast_head":"<!-- This site is optimized with the Yoast SEO plugin v27.5 - https:\/\/yoast.com\/product\/yoast-seo-wordpress\/ -->\n<title>A \u201cFradiavolo\u201d tre giorni di esercitazione regionale dei Vigili del Fuoco\u00a0\u200b - La Voce del Paese<\/title>\n<meta name=\"robots\" content=\"index, follow, max-snippet:-1, max-image-preview:large, max-video-preview:-1\" \/>\n<link rel=\"canonical\" href=\"https:\/\/lavocedelpaese.info\/index.php\/2025\/12\/04\/a-fradiavolo-tre-giorni-di-esercitazione-regionale-dei-vigili-del-fuoco\/\" \/>\n<meta property=\"og:locale\" content=\"it_IT\" \/>\n<meta property=\"og:type\" content=\"article\" \/>\n<meta property=\"og:title\" content=\"A \u201cFradiavolo\u201d tre giorni di esercitazione regionale dei Vigili del Fuoco\u00a0\u200b - La Voce del Paese\" \/>\n<meta property=\"og:description\" content=\"\u00a0 \u200b\u00a0 \u200b\u00a0 esercitazione regionale dei Vigili del Fuoco in programma nel territorio comunale dal\u00a09 al 12 dicembre 2025, tutti\" \/>\n<meta property=\"og:url\" content=\"https:\/\/lavocedelpaese.info\/index.php\/2025\/12\/04\/a-fradiavolo-tre-giorni-di-esercitazione-regionale-dei-vigili-del-fuoco\/\" \/>\n<meta property=\"og:site_name\" content=\"La Voce del Paese\" \/>\n<meta property=\"article:publisher\" content=\"https:\/\/www.facebook.com\/lavocedelpaese.info\" \/>\n<meta property=\"article:published_time\" content=\"2025-12-04T08:17:07+00:00\" \/>\n<meta name=\"author\" content=\"admin\" \/>\n<meta name=\"twitter:card\" content=\"summary_large_image\" \/>\n<meta name=\"twitter:label1\" content=\"Scritto da\" \/>\n\t<meta name=\"twitter:data1\" content=\"admin\" \/>\n\t<meta name=\"twitter:label2\" content=\"Tempo di lettura stimato\" \/>\n\t<meta name=\"twitter:data2\" content=\"1 minuto\" \/>\n<script type=\"application\/ld+json\" class=\"yoast-schema-graph\">{\"@context\":\"https:\\\/\\\/schema.org\",\"@graph\":[{\"@type\":\"Article\",\"@id\":\"https:\\\/\\\/lavocedelpaese.info\\\/index.php\\\/2025\\\/12\\\/04\\\/a-fradiavolo-tre-giorni-di-esercitazione-regionale-dei-vigili-del-fuoco\\\/#article\",\"isPartOf\":{\"@id\":\"https:\\\/\\\/lavocedelpaese.info\\\/index.php\\\/2025\\\/12\\\/04\\\/a-fradiavolo-tre-giorni-di-esercitazione-regionale-dei-vigili-del-fuoco\\\/\"},\"author\":{\"name\":\"admin\",\"@id\":\"https:\\\/\\\/lavocedelpaese.info\\\/#\\\/schema\\\/person\\\/ec151d321306bd7591f7a061abf72d88\"},\"headline\":\"A \u201cFradiavolo\u201d tre giorni di esercitazione regionale dei Vigili del Fuoco\u00a0\u200b\",\"datePublished\":\"2025-12-04T08:17:07+00:00\",\"mainEntityOfPage\":{\"@id\":\"https:\\\/\\\/lavocedelpaese.info\\\/index.php\\\/2025\\\/12\\\/04\\\/a-fradiavolo-tre-giorni-di-esercitazione-regionale-dei-vigili-del-fuoco\\\/\"},\"wordCount\":187,\"commentCount\":0,\"publisher\":{\"@id\":\"https:\\\/\\\/lavocedelpaese.info\\\/#organization\"},\"image\":{\"@id\":\"https:\\\/\\\/lavocedelpaese.info\\\/index.php\\\/2025\\\/12\\\/04\\\/a-fradiavolo-tre-giorni-di-esercitazione-regionale-dei-vigili-del-fuoco\\\/#primaryimage\"},\"thumbnailUrl\":\"https:\\\/\\\/lavocedelpaese.info\\\/wp-content\\\/uploads\\\/2023\\\/01\\\/logo-150-127.png\",\"articleSection\":[\"network\"],\"inLanguage\":\"it-IT\",\"potentialAction\":[{\"@type\":\"CommentAction\",\"name\":\"Comment\",\"target\":[\"https:\\\/\\\/lavocedelpaese.info\\\/index.php\\\/2025\\\/12\\\/04\\\/a-fradiavolo-tre-giorni-di-esercitazione-regionale-dei-vigili-del-fuoco\\\/#respond\"]}]},{\"@type\":\"WebPage\",\"@id\":\"https:\\\/\\\/lavocedelpaese.info\\\/index.php\\\/2025\\\/12\\\/04\\\/a-fradiavolo-tre-giorni-di-esercitazione-regionale-dei-vigili-del-fuoco\\\/\",\"url\":\"https:\\\/\\\/lavocedelpaese.info\\\/index.php\\\/2025\\\/12\\\/04\\\/a-fradiavolo-tre-giorni-di-esercitazione-regionale-dei-vigili-del-fuoco\\\/\",\"name\":\"A \u201cFradiavolo\u201d tre giorni di esercitazione regionale dei Vigili del Fuoco\u00a0\u200b - La Voce del Paese\",\"isPartOf\":{\"@id\":\"https:\\\/\\\/lavocedelpaese.info\\\/#website\"},\"primaryImageOfPage\":{\"@id\":\"https:\\\/\\\/lavocedelpaese.info\\\/index.php\\\/2025\\\/12\\\/04\\\/a-fradiavolo-tre-giorni-di-esercitazione-regionale-dei-vigili-del-fuoco\\\/#primaryimage\"},\"image\":{\"@id\":\"https:\\\/\\\/lavocedelpaese.info\\\/index.php\\\/2025\\\/12\\\/04\\\/a-fradiavolo-tre-giorni-di-esercitazione-regionale-dei-vigili-del-fuoco\\\/#primaryimage\"},\"thumbnailUrl\":\"https:\\\/\\\/lavocedelpaese.info\\\/wp-content\\\/uploads\\\/2023\\\/01\\\/logo-150-127.png\",\"datePublished\":\"2025-12-04T08:17:07+00:00\",\"breadcrumb\":{\"@id\":\"https:\\\/\\\/lavocedelpaese.info\\\/index.php\\\/2025\\\/12\\\/04\\\/a-fradiavolo-tre-giorni-di-esercitazione-regionale-dei-vigili-del-fuoco\\\/#breadcrumb\"},\"inLanguage\":\"it-IT\",\"potentialAction\":[{\"@type\":\"ReadAction\",\"target\":[\"https:\\\/\\\/lavocedelpaese.info\\\/index.php\\\/2025\\\/12\\\/04\\\/a-fradiavolo-tre-giorni-di-esercitazione-regionale-dei-vigili-del-fuoco\\\/\"]}]},{\"@type\":\"ImageObject\",\"inLanguage\":\"it-IT\",\"@id\":\"https:\\\/\\\/lavocedelpaese.info\\\/index.php\\\/2025\\\/12\\\/04\\\/a-fradiavolo-tre-giorni-di-esercitazione-regionale-dei-vigili-del-fuoco\\\/#primaryimage\",\"url\":\"https:\\\/\\\/lavocedelpaese.info\\\/wp-content\\\/uploads\\\/2023\\\/01\\\/logo-150-127.png\",\"contentUrl\":\"https:\\\/\\\/lavocedelpaese.info\\\/wp-content\\\/uploads\\\/2023\\\/01\\\/logo-150-127.png\",\"width\":150,\"height\":127},{\"@type\":\"BreadcrumbList\",\"@id\":\"https:\\\/\\\/lavocedelpaese.info\\\/index.php\\\/2025\\\/12\\\/04\\\/a-fradiavolo-tre-giorni-di-esercitazione-regionale-dei-vigili-del-fuoco\\\/#breadcrumb\",\"itemListElement\":[{\"@type\":\"ListItem\",\"position\":1,\"name\":\"Home\",\"item\":\"https:\\\/\\\/lavocedelpaese.info\\\/\"},{\"@type\":\"ListItem\",\"position\":2,\"name\":\"A \u201cFradiavolo\u201d tre giorni di esercitazione regionale dei Vigili del Fuoco\u00a0\u200b\"}]},{\"@type\":\"WebSite\",\"@id\":\"https:\\\/\\\/lavocedelpaese.info\\\/#website\",\"url\":\"https:\\\/\\\/lavocedelpaese.info\\\/\",\"name\":\"La Voce del Paese\",\"description\":\"Un network di idee\",\"publisher\":{\"@id\":\"https:\\\/\\\/lavocedelpaese.info\\\/#organization\"},\"potentialAction\":[{\"@type\":\"SearchAction\",\"target\":{\"@type\":\"EntryPoint\",\"urlTemplate\":\"https:\\\/\\\/lavocedelpaese.info\\\/?s={search_term_string}\"},\"query-input\":{\"@type\":\"PropertyValueSpecification\",\"valueRequired\":true,\"valueName\":\"search_term_string\"}}],\"inLanguage\":\"it-IT\"},{\"@type\":\"Organization\",\"@id\":\"https:\\\/\\\/lavocedelpaese.info\\\/#organization\",\"name\":\"La Voce del Paese\",\"url\":\"https:\\\/\\\/lavocedelpaese.info\\\/\",\"logo\":{\"@type\":\"ImageObject\",\"inLanguage\":\"it-IT\",\"@id\":\"https:\\\/\\\/lavocedelpaese.info\\\/#\\\/schema\\\/logo\\\/image\\\/\",\"url\":\"https:\\\/\\\/lavocedelpaese.info\\\/wp-content\\\/uploads\\\/2023\\\/01\\\/cropped-logo-150-127.png\",\"contentUrl\":\"https:\\\/\\\/lavocedelpaese.info\\\/wp-content\\\/uploads\\\/2023\\\/01\\\/cropped-logo-150-127.png\",\"width\":137,\"height\":119,\"caption\":\"La Voce del Paese\"},\"image\":{\"@id\":\"https:\\\/\\\/lavocedelpaese.info\\\/#\\\/schema\\\/logo\\\/image\\\/\"},\"sameAs\":[\"https:\\\/\\\/www.facebook.com\\\/lavocedelpaese.info\"]},{\"@type\":\"Person\",\"@id\":\"https:\\\/\\\/lavocedelpaese.info\\\/#\\\/schema\\\/person\\\/ec151d321306bd7591f7a061abf72d88\",\"name\":\"admin\",\"image\":{\"@type\":\"ImageObject\",\"inLanguage\":\"it-IT\",\"@id\":\"https:\\\/\\\/secure.gravatar.com\\\/avatar\\\/af8f2caf0663124588de48a9380e07cbc95a74ef15b8062d0d39106c32fe3023?s=96&d=mm&r=g\",\"url\":\"https:\\\/\\\/secure.gravatar.com\\\/avatar\\\/af8f2caf0663124588de48a9380e07cbc95a74ef15b8062d0d39106c32fe3023?s=96&d=mm&r=g\",\"contentUrl\":\"https:\\\/\\\/secure.gravatar.com\\\/avatar\\\/af8f2caf0663124588de48a9380e07cbc95a74ef15b8062d0d39106c32fe3023?s=96&d=mm&r=g\",\"caption\":\"admin\"},\"sameAs\":[\"https:\\\/\\\/lavocedelpaese.info\"],\"url\":\"https:\\\/\\\/lavocedelpaese.info\\\/index.php\\\/author\\\/admin\\\/\"}]}<\/script>\n<!-- \/ Yoast SEO plugin. -->","yoast_head_json":{"title":"A \u201cFradiavolo\u201d tre giorni di esercitazione regionale dei Vigili del Fuoco\u00a0\u200b - La Voce del Paese","robots":{"index":"index","follow":"follow","max-snippet":"max-snippet:-1","max-image-preview":"max-image-preview:large","max-video-preview":"max-video-preview:-1"},"canonical":"https:\/\/lavocedelpaese.info\/index.php\/2025\/12\/04\/a-fradiavolo-tre-giorni-di-esercitazione-regionale-dei-vigili-del-fuoco\/","og_locale":"it_IT","og_type":"article","og_title":"A \u201cFradiavolo\u201d tre giorni di esercitazione regionale dei Vigili del Fuoco\u00a0\u200b - La Voce del Paese","og_description":"\u00a0 \u200b\u00a0 \u200b\u00a0 esercitazione regionale dei Vigili del Fuoco in programma nel territorio comunale dal\u00a09 al 12 dicembre 2025, tutti","og_url":"https:\/\/lavocedelpaese.info\/index.php\/2025\/12\/04\/a-fradiavolo-tre-giorni-di-esercitazione-regionale-dei-vigili-del-fuoco\/","og_site_name":"La Voce del Paese","article_publisher":"https:\/\/www.facebook.com\/lavocedelpaese.info","article_published_time":"2025-12-04T08:17:07+00:00","author":"admin","twitter_card":"summary_large_image","twitter_misc":{"Scritto da":"admin","Tempo di lettura stimato":"1 minuto"},"schema":{"@context":"https:\/\/schema.org","@graph":[{"@type":"Article","@id":"https:\/\/lavocedelpaese.info\/index.php\/2025\/12\/04\/a-fradiavolo-tre-giorni-di-esercitazione-regionale-dei-vigili-del-fuoco\/#article","isPartOf":{"@id":"https:\/\/lavocedelpaese.info\/index.php\/2025\/12\/04\/a-fradiavolo-tre-giorni-di-esercitazione-regionale-dei-vigili-del-fuoco\/"},"author":{"name":"admin","@id":"https:\/\/lavocedelpaese.info\/#\/schema\/person\/ec151d321306bd7591f7a061abf72d88"},"headline":"A \u201cFradiavolo\u201d tre giorni di esercitazione regionale dei Vigili del Fuoco\u00a0\u200b","datePublished":"2025-12-04T08:17:07+00:00","mainEntityOfPage":{"@id":"https:\/\/lavocedelpaese.info\/index.php\/2025\/12\/04\/a-fradiavolo-tre-giorni-di-esercitazione-regionale-dei-vigili-del-fuoco\/"},"wordCount":187,"commentCount":0,"publisher":{"@id":"https:\/\/lavocedelpaese.info\/#organization"},"image":{"@id":"https:\/\/lavocedelpaese.info\/index.php\/2025\/12\/04\/a-fradiavolo-tre-giorni-di-esercitazione-regionale-dei-vigili-del-fuoco\/#primaryimage"},"thumbnailUrl":"https:\/\/lavocedelpaese.info\/wp-content\/uploads\/2023\/01\/logo-150-127.png","articleSection":["network"],"inLanguage":"it-IT","potentialAction":[{"@type":"CommentAction","name":"Comment","target":["https:\/\/lavocedelpaese.info\/index.php\/2025\/12\/04\/a-fradiavolo-tre-giorni-di-esercitazione-regionale-dei-vigili-del-fuoco\/#respond"]}]},{"@type":"WebPage","@id":"https:\/\/lavocedelpaese.info\/index.php\/2025\/12\/04\/a-fradiavolo-tre-giorni-di-esercitazione-regionale-dei-vigili-del-fuoco\/","url":"https:\/\/lavocedelpaese.info\/index.php\/2025\/12\/04\/a-fradiavolo-tre-giorni-di-esercitazione-regionale-dei-vigili-del-fuoco\/","name":"A \u201cFradiavolo\u201d tre giorni di esercitazione regionale dei Vigili del Fuoco\u00a0\u200b - La Voce del Paese","isPartOf":{"@id":"https:\/\/lavocedelpaese.info\/#website"},"primaryImageOfPage":{"@id":"https:\/\/lavocedelpaese.info\/index.php\/2025\/12\/04\/a-fradiavolo-tre-giorni-di-esercitazione-regionale-dei-vigili-del-fuoco\/#primaryimage"},"image":{"@id":"https:\/\/lavocedelpaese.info\/index.php\/2025\/12\/04\/a-fradiavolo-tre-giorni-di-esercitazione-regionale-dei-vigili-del-fuoco\/#primaryimage"},"thumbnailUrl":"https:\/\/lavocedelpaese.info\/wp-content\/uploads\/2023\/01\/logo-150-127.png","datePublished":"2025-12-04T08:17:07+00:00","breadcrumb":{"@id":"https:\/\/lavocedelpaese.info\/index.php\/2025\/12\/04\/a-fradiavolo-tre-giorni-di-esercitazione-regionale-dei-vigili-del-fuoco\/#breadcrumb"},"inLanguage":"it-IT","potentialAction":[{"@type":"ReadAction","target":["https:\/\/lavocedelpaese.info\/index.php\/2025\/12\/04\/a-fradiavolo-tre-giorni-di-esercitazione-regionale-dei-vigili-del-fuoco\/"]}]},{"@type":"ImageObject","inLanguage":"it-IT","@id":"https:\/\/lavocedelpaese.info\/index.php\/2025\/12\/04\/a-fradiavolo-tre-giorni-di-esercitazione-regionale-dei-vigili-del-fuoco\/#primaryimage","url":"https:\/\/lavocedelpaese.info\/wp-content\/uploads\/2023\/01\/logo-150-127.png","contentUrl":"https:\/\/lavocedelpaese.info\/wp-content\/uploads\/2023\/01\/logo-150-127.png","width":150,"height":127},{"@type":"BreadcrumbList","@id":"https:\/\/lavocedelpaese.info\/index.php\/2025\/12\/04\/a-fradiavolo-tre-giorni-di-esercitazione-regionale-dei-vigili-del-fuoco\/#breadcrumb","itemListElement":[{"@type":"ListItem","position":1,"name":"Home","item":"https:\/\/lavocedelpaese.info\/"},{"@type":"ListItem","position":2,"name":"A \u201cFradiavolo\u201d tre giorni di esercitazione regionale dei Vigili del Fuoco\u00a0\u200b"}]},{"@type":"WebSite","@id":"https:\/\/lavocedelpaese.info\/#website","url":"https:\/\/lavocedelpaese.info\/","name":"La Voce del Paese","description":"Un network di idee","publisher":{"@id":"https:\/\/lavocedelpaese.info\/#organization"},"potentialAction":[{"@type":"SearchAction","target":{"@type":"EntryPoint","urlTemplate":"https:\/\/lavocedelpaese.info\/?s={search_term_string}"},"query-input":{"@type":"PropertyValueSpecification","valueRequired":true,"valueName":"search_term_string"}}],"inLanguage":"it-IT"},{"@type":"Organization","@id":"https:\/\/lavocedelpaese.info\/#organization","name":"La Voce del Paese","url":"https:\/\/lavocedelpaese.info\/","logo":{"@type":"ImageObject","inLanguage":"it-IT","@id":"https:\/\/lavocedelpaese.info\/#\/schema\/logo\/image\/","url":"https:\/\/lavocedelpaese.info\/wp-content\/uploads\/2023\/01\/cropped-logo-150-127.png","contentUrl":"https:\/\/lavocedelpaese.info\/wp-content\/uploads\/2023\/01\/cropped-logo-150-127.png","width":137,"height":119,"caption":"La Voce del Paese"},"image":{"@id":"https:\/\/lavocedelpaese.info\/#\/schema\/logo\/image\/"},"sameAs":["https:\/\/www.facebook.com\/lavocedelpaese.info"]},{"@type":"Person","@id":"https:\/\/lavocedelpaese.info\/#\/schema\/person\/ec151d321306bd7591f7a061abf72d88","name":"admin","image":{"@type":"ImageObject","inLanguage":"it-IT","@id":"https:\/\/secure.gravatar.com\/avatar\/af8f2caf0663124588de48a9380e07cbc95a74ef15b8062d0d39106c32fe3023?s=96&d=mm&r=g","url":"https:\/\/secure.gravatar.com\/avatar\/af8f2caf0663124588de48a9380e07cbc95a74ef15b8062d0d39106c32fe3023?s=96&d=mm&r=g","contentUrl":"https:\/\/secure.gravatar.com\/avatar\/af8f2caf0663124588de48a9380e07cbc95a74ef15b8062d0d39106c32fe3023?s=96&d=mm&r=g","caption":"admin"},"sameAs":["https:\/\/lavocedelpaese.info"],"url":"https:\/\/lavocedelpaese.info\/index.php\/author\/admin\/"}]}},"_links":{"self":[{"href":"https:\/\/lavocedelpaese.info\/index.php\/wp-json\/wp\/v2\/posts\/10311","targetHints":{"allow":["GET"]}}],"collection":[{"href":"https:\/\/lavocedelpaese.info\/index.php\/wp-json\/wp\/v2\/posts"}],"about":[{"href":"https:\/\/lavocedelpaese.info\/index.php\/wp-json\/wp\/v2\/types\/post"}],"author":[{"embeddable":true,"href":"https:\/\/lavocedelpaese.info\/index.php\/wp-json\/wp\/v2\/users\/6"}],"replies":[{"embeddable":true,"href":"https:\/\/lavocedelpaese.info\/index.php\/wp-json\/wp\/v2\/comments?post=10311"}],"version-history":[{"count":0,"href":"https:\/\/lavocedelpaese.info\/index.php\/wp-json\/wp\/v2\/posts\/10311\/revisions"}],"wp:featuredmedia":[{"embeddable":true,"href":"https:\/\/lavocedelpaese.info\/index.php\/wp-json\/wp\/v2\/media\/730"}],"wp:attachment":[{"href":"https:\/\/lavocedelpaese.info\/index.php\/wp-json\/wp\/v2\/media?parent=10311"}],"wp:term":[{"taxonomy":"category","embeddable":true,"href":"https:\/\/lavocedelpaese.info\/index.php\/wp-json\/wp\/v2\/categories?post=10311"},{"taxonomy":"post_tag","embeddable":true,"href":"https:\/\/lavocedelpaese.info\/index.php\/wp-json\/wp\/v2\/tags?post=10311"}],"curies":[{"name":"wp","href":"https:\/\/api.w.org\/{rel}","templated":true}]}}