{"id":10278,"date":"2025-11-28T07:28:08","date_gmt":"2025-11-28T07:28:08","guid":{"rendered":"https:\/\/lavocedelpaese.info\/index.php\/2025\/11\/28\/centro-raccolta-rifiuti-a-singhiozzo-dopo-lintervento-dellispettorato-del-lavoro\/"},"modified":"2025-11-28T07:28:08","modified_gmt":"2025-11-28T07:28:08","slug":"centro-raccolta-rifiuti-a-singhiozzo-dopo-lintervento-dellispettorato-del-lavoro","status":"publish","type":"post","link":"https:\/\/lavocedelpaese.info\/index.php\/2025\/11\/28\/centro-raccolta-rifiuti-a-singhiozzo-dopo-lintervento-dellispettorato-del-lavoro\/","title":{"rendered":"Centro Raccolta Rifiuti a singhiozzo dopo l\u2019intervento dell\u2019Ispettorato del Lavoro\u00a0\u200b"},"content":{"rendered":"<p>\u00a0<\/p>\n<p>\u200b\u00a0<\/p>\n<p>\u200b\u00a0<\/p>\n<p>Grosse difficolt\u00e0 presso il Centro Comunale di Raccolta di via Mellitto per i cittadini cassanesi che vogliono conferire i rifiuti differenziati a causa di alcune prescrizioni da parte dell\u2019Ispettorato del Lavoro alla piattaforma.<\/p>\n<p>A segnalarlo il Consigliere di minoranza Angelo Giustino che assieme ai suoi colleghi Annamaria Caprio e Maria Pia D\u2019Ambrosio ha effettuato ieri un accesso al sito, dopo la segnalazione di alcuni utenti.<\/p>\n<p>Di fatto \u00e8 stata inibito l\u2019accesso alla parte superiore della piattaforma che da accesso ai cassoni scarrabili; pare che secondo gli Ispettori vi sia un rischio di caduta proprio nei cassoni da parte di chi effettua lo sversamento dei rifiuti per cui \u00e8 stata ordinata una barriera, in ferro, che impedisca agli operatori e ovviamente anche all\u2019utenza di sporgersi ed evitare pericoli.<\/p>\n<p>Diverse tipologie di rifiuti possono, dunque, essere posizionati nei cassoni dal basso mentre per altri \u2013 inerti, lastre di vetro \u2013 non pu\u00f2 essere conferito e dunque chi si reca presso la piattaforma viene respinto per l\u2019impossibilit\u00e0 di conferire quella tipologia di rifiuti.<\/p>\n<p>Nel video girato dal Consigliere Giustino e diffuso sui social, inoltre, vengono fatte notare altre anomalie presso la piattaforma di via Mellitto ovvero l\u2019allocamento di quelli che sembrano gli uffici locali della Teknoservice, l\u2019azienda che si occupa della gestione dei rifiuti, in locali attigui al Centro di riuso \u2013 non ancora attivo n\u00e9 funzionante \u2013 ed a quanto pare senza un atto amministrativo valido visto che trattasi di azienda privata che occupa uno spazio pubblico.<\/p>\n<p>Si vedono, poi, quintali di carta: documenti, faldoni, materiale elettorale non si sa bene proveniente da dove nonch\u00e9 alcune bici elettriche in dotazione alla stazione mobile di piazza Merloni, montate ed usate anche se non si sa n\u00e9 da chi n\u00e9 perch\u00e9.<\/p>\n<p>Eppure qualche giorno fa in Consiglio Comunale si parlava proprio di rifiuti, tari e d dintorni nonch\u00e9 di \u201ccharging station\u201d ancora al palo: bici mai utilizzate \u2013 e anche qui si parla, nella video-denuncia \u2013 di un presunto furto di 4 bici, denunciato alle forze dell\u2019ordine \u2013 assieme alle segway.<\/p>\n<p><a class=\"a2a_button_facebook\" href=\"https:\/\/www.addtoany.com\/add_to\/facebook?linkurl=https%3A%2F%2Fcassano.lavocedelpaese.info%2Fcentro-raccolta-rifiuti-a-singhiozzo-dopo-lintervento-dellispettorato-del-lavoro%2F&amp;linkname=Centro%20Raccolta%20Rifiuti%20a%20singhiozzo%20dopo%20l%E2%80%99intervento%20dell%E2%80%99Ispettorato%20del%20Lavoro\" title=\"Facebook\" rel=\"nofollow noopener\" target=\"_blank\"><\/a><a class=\"a2a_button_twitter\" href=\"https:\/\/www.addtoany.com\/add_to\/twitter?linkurl=https%3A%2F%2Fcassano.lavocedelpaese.info%2Fcentro-raccolta-rifiuti-a-singhiozzo-dopo-lintervento-dellispettorato-del-lavoro%2F&amp;linkname=Centro%20Raccolta%20Rifiuti%20a%20singhiozzo%20dopo%20l%E2%80%99intervento%20dell%E2%80%99Ispettorato%20del%20Lavoro\" title=\"Twitter\" rel=\"nofollow noopener\" target=\"_blank\"><\/a><a class=\"a2a_button_whatsapp\" href=\"https:\/\/www.addtoany.com\/add_to\/whatsapp?linkurl=https%3A%2F%2Fcassano.lavocedelpaese.info%2Fcentro-raccolta-rifiuti-a-singhiozzo-dopo-lintervento-dellispettorato-del-lavoro%2F&amp;linkname=Centro%20Raccolta%20Rifiuti%20a%20singhiozzo%20dopo%20l%E2%80%99intervento%20dell%E2%80%99Ispettorato%20del%20Lavoro\" title=\"WhatsApp\" rel=\"nofollow noopener\" target=\"_blank\"><\/a><a class=\"a2a_button_telegram\" href=\"https:\/\/www.addtoany.com\/add_to\/telegram?linkurl=https%3A%2F%2Fcassano.lavocedelpaese.info%2Fcentro-raccolta-rifiuti-a-singhiozzo-dopo-lintervento-dellispettorato-del-lavoro%2F&amp;linkname=Centro%20Raccolta%20Rifiuti%20a%20singhiozzo%20dopo%20l%E2%80%99intervento%20dell%E2%80%99Ispettorato%20del%20Lavoro\" title=\"Telegram\" rel=\"nofollow noopener\" target=\"_blank\"><\/a><a class=\"a2a_button_email\" href=\"https:\/\/www.addtoany.com\/add_to\/email?linkurl=https%3A%2F%2Fcassano.lavocedelpaese.info%2Fcentro-raccolta-rifiuti-a-singhiozzo-dopo-lintervento-dellispettorato-del-lavoro%2F&amp;linkname=Centro%20Raccolta%20Rifiuti%20a%20singhiozzo%20dopo%20l%E2%80%99intervento%20dell%E2%80%99Ispettorato%20del%20Lavoro\" title=\"Email\" rel=\"nofollow noopener\" target=\"_blank\"><\/a><\/p>\n<p>\u00a0<\/p>\n<p>\u00a0<\/p>\n<p>\u200b\u00a0\u00a0\u00a0<\/p>","protected":false},"excerpt":{"rendered":"<p>\u00a0 \u200b\u00a0 \u200b\u00a0 Grosse difficolt\u00e0 presso il Centro Comunale di Raccolta di via Mellitto per i cittadini cassanesi che vogliono<\/p>\n","protected":false},"author":6,"featured_media":730,"comment_status":"open","ping_status":"closed","sticky":false,"template":"","format":"standard","meta":{"colormag_page_container_layout":"default_layout","colormag_page_sidebar_layout":"default_layout","footnotes":""},"categories":[33],"tags":[],"class_list":["post-10278","post","type-post","status-publish","format-standard","has-post-thumbnail","hentry","category-network"],"yoast_head":"<!-- This site is optimized with the Yoast SEO plugin v27.5 - https:\/\/yoast.com\/product\/yoast-seo-wordpress\/ -->\n<title>Centro Raccolta Rifiuti a singhiozzo dopo l\u2019intervento dell\u2019Ispettorato del Lavoro\u00a0\u200b - La Voce del Paese<\/title>\n<meta name=\"robots\" content=\"index, follow, max-snippet:-1, max-image-preview:large, max-video-preview:-1\" \/>\n<link rel=\"canonical\" href=\"https:\/\/lavocedelpaese.info\/index.php\/2025\/11\/28\/centro-raccolta-rifiuti-a-singhiozzo-dopo-lintervento-dellispettorato-del-lavoro\/\" \/>\n<meta property=\"og:locale\" content=\"it_IT\" \/>\n<meta property=\"og:type\" content=\"article\" \/>\n<meta property=\"og:title\" content=\"Centro Raccolta Rifiuti a singhiozzo dopo l\u2019intervento dell\u2019Ispettorato del Lavoro\u00a0\u200b - La Voce del Paese\" \/>\n<meta property=\"og:description\" content=\"\u00a0 \u200b\u00a0 \u200b\u00a0 Grosse difficolt\u00e0 presso il Centro Comunale di Raccolta di via Mellitto per i cittadini cassanesi che vogliono\" \/>\n<meta property=\"og:url\" content=\"https:\/\/lavocedelpaese.info\/index.php\/2025\/11\/28\/centro-raccolta-rifiuti-a-singhiozzo-dopo-lintervento-dellispettorato-del-lavoro\/\" \/>\n<meta property=\"og:site_name\" content=\"La Voce del Paese\" \/>\n<meta property=\"article:publisher\" content=\"https:\/\/www.facebook.com\/lavocedelpaese.info\" \/>\n<meta property=\"article:published_time\" content=\"2025-11-28T07:28:08+00:00\" \/>\n<meta name=\"author\" content=\"admin\" \/>\n<meta name=\"twitter:card\" content=\"summary_large_image\" \/>\n<meta name=\"twitter:label1\" content=\"Scritto da\" \/>\n\t<meta name=\"twitter:data1\" content=\"admin\" \/>\n\t<meta name=\"twitter:label2\" content=\"Tempo di lettura stimato\" \/>\n\t<meta name=\"twitter:data2\" content=\"2 minuti\" \/>\n<script type=\"application\/ld+json\" class=\"yoast-schema-graph\">{\"@context\":\"https:\\\/\\\/schema.org\",\"@graph\":[{\"@type\":\"Article\",\"@id\":\"https:\\\/\\\/lavocedelpaese.info\\\/index.php\\\/2025\\\/11\\\/28\\\/centro-raccolta-rifiuti-a-singhiozzo-dopo-lintervento-dellispettorato-del-lavoro\\\/#article\",\"isPartOf\":{\"@id\":\"https:\\\/\\\/lavocedelpaese.info\\\/index.php\\\/2025\\\/11\\\/28\\\/centro-raccolta-rifiuti-a-singhiozzo-dopo-lintervento-dellispettorato-del-lavoro\\\/\"},\"author\":{\"name\":\"admin\",\"@id\":\"https:\\\/\\\/lavocedelpaese.info\\\/#\\\/schema\\\/person\\\/ec151d321306bd7591f7a061abf72d88\"},\"headline\":\"Centro Raccolta Rifiuti a singhiozzo dopo l\u2019intervento dell\u2019Ispettorato del Lavoro\u00a0\u200b\",\"datePublished\":\"2025-11-28T07:28:08+00:00\",\"mainEntityOfPage\":{\"@id\":\"https:\\\/\\\/lavocedelpaese.info\\\/index.php\\\/2025\\\/11\\\/28\\\/centro-raccolta-rifiuti-a-singhiozzo-dopo-lintervento-dellispettorato-del-lavoro\\\/\"},\"wordCount\":347,\"commentCount\":0,\"publisher\":{\"@id\":\"https:\\\/\\\/lavocedelpaese.info\\\/#organization\"},\"image\":{\"@id\":\"https:\\\/\\\/lavocedelpaese.info\\\/index.php\\\/2025\\\/11\\\/28\\\/centro-raccolta-rifiuti-a-singhiozzo-dopo-lintervento-dellispettorato-del-lavoro\\\/#primaryimage\"},\"thumbnailUrl\":\"https:\\\/\\\/lavocedelpaese.info\\\/wp-content\\\/uploads\\\/2023\\\/01\\\/logo-150-127.png\",\"articleSection\":[\"network\"],\"inLanguage\":\"it-IT\",\"potentialAction\":[{\"@type\":\"CommentAction\",\"name\":\"Comment\",\"target\":[\"https:\\\/\\\/lavocedelpaese.info\\\/index.php\\\/2025\\\/11\\\/28\\\/centro-raccolta-rifiuti-a-singhiozzo-dopo-lintervento-dellispettorato-del-lavoro\\\/#respond\"]}]},{\"@type\":\"WebPage\",\"@id\":\"https:\\\/\\\/lavocedelpaese.info\\\/index.php\\\/2025\\\/11\\\/28\\\/centro-raccolta-rifiuti-a-singhiozzo-dopo-lintervento-dellispettorato-del-lavoro\\\/\",\"url\":\"https:\\\/\\\/lavocedelpaese.info\\\/index.php\\\/2025\\\/11\\\/28\\\/centro-raccolta-rifiuti-a-singhiozzo-dopo-lintervento-dellispettorato-del-lavoro\\\/\",\"name\":\"Centro Raccolta Rifiuti a singhiozzo dopo l\u2019intervento dell\u2019Ispettorato del Lavoro\u00a0\u200b - La Voce del Paese\",\"isPartOf\":{\"@id\":\"https:\\\/\\\/lavocedelpaese.info\\\/#website\"},\"primaryImageOfPage\":{\"@id\":\"https:\\\/\\\/lavocedelpaese.info\\\/index.php\\\/2025\\\/11\\\/28\\\/centro-raccolta-rifiuti-a-singhiozzo-dopo-lintervento-dellispettorato-del-lavoro\\\/#primaryimage\"},\"image\":{\"@id\":\"https:\\\/\\\/lavocedelpaese.info\\\/index.php\\\/2025\\\/11\\\/28\\\/centro-raccolta-rifiuti-a-singhiozzo-dopo-lintervento-dellispettorato-del-lavoro\\\/#primaryimage\"},\"thumbnailUrl\":\"https:\\\/\\\/lavocedelpaese.info\\\/wp-content\\\/uploads\\\/2023\\\/01\\\/logo-150-127.png\",\"datePublished\":\"2025-11-28T07:28:08+00:00\",\"breadcrumb\":{\"@id\":\"https:\\\/\\\/lavocedelpaese.info\\\/index.php\\\/2025\\\/11\\\/28\\\/centro-raccolta-rifiuti-a-singhiozzo-dopo-lintervento-dellispettorato-del-lavoro\\\/#breadcrumb\"},\"inLanguage\":\"it-IT\",\"potentialAction\":[{\"@type\":\"ReadAction\",\"target\":[\"https:\\\/\\\/lavocedelpaese.info\\\/index.php\\\/2025\\\/11\\\/28\\\/centro-raccolta-rifiuti-a-singhiozzo-dopo-lintervento-dellispettorato-del-lavoro\\\/\"]}]},{\"@type\":\"ImageObject\",\"inLanguage\":\"it-IT\",\"@id\":\"https:\\\/\\\/lavocedelpaese.info\\\/index.php\\\/2025\\\/11\\\/28\\\/centro-raccolta-rifiuti-a-singhiozzo-dopo-lintervento-dellispettorato-del-lavoro\\\/#primaryimage\",\"url\":\"https:\\\/\\\/lavocedelpaese.info\\\/wp-content\\\/uploads\\\/2023\\\/01\\\/logo-150-127.png\",\"contentUrl\":\"https:\\\/\\\/lavocedelpaese.info\\\/wp-content\\\/uploads\\\/2023\\\/01\\\/logo-150-127.png\",\"width\":150,\"height\":127},{\"@type\":\"BreadcrumbList\",\"@id\":\"https:\\\/\\\/lavocedelpaese.info\\\/index.php\\\/2025\\\/11\\\/28\\\/centro-raccolta-rifiuti-a-singhiozzo-dopo-lintervento-dellispettorato-del-lavoro\\\/#breadcrumb\",\"itemListElement\":[{\"@type\":\"ListItem\",\"position\":1,\"name\":\"Home\",\"item\":\"https:\\\/\\\/lavocedelpaese.info\\\/\"},{\"@type\":\"ListItem\",\"position\":2,\"name\":\"Centro Raccolta Rifiuti a singhiozzo dopo l\u2019intervento dell\u2019Ispettorato del Lavoro\u00a0\u200b\"}]},{\"@type\":\"WebSite\",\"@id\":\"https:\\\/\\\/lavocedelpaese.info\\\/#website\",\"url\":\"https:\\\/\\\/lavocedelpaese.info\\\/\",\"name\":\"La Voce del Paese\",\"description\":\"Un network di idee\",\"publisher\":{\"@id\":\"https:\\\/\\\/lavocedelpaese.info\\\/#organization\"},\"potentialAction\":[{\"@type\":\"SearchAction\",\"target\":{\"@type\":\"EntryPoint\",\"urlTemplate\":\"https:\\\/\\\/lavocedelpaese.info\\\/?s={search_term_string}\"},\"query-input\":{\"@type\":\"PropertyValueSpecification\",\"valueRequired\":true,\"valueName\":\"search_term_string\"}}],\"inLanguage\":\"it-IT\"},{\"@type\":\"Organization\",\"@id\":\"https:\\\/\\\/lavocedelpaese.info\\\/#organization\",\"name\":\"La Voce del Paese\",\"url\":\"https:\\\/\\\/lavocedelpaese.info\\\/\",\"logo\":{\"@type\":\"ImageObject\",\"inLanguage\":\"it-IT\",\"@id\":\"https:\\\/\\\/lavocedelpaese.info\\\/#\\\/schema\\\/logo\\\/image\\\/\",\"url\":\"https:\\\/\\\/lavocedelpaese.info\\\/wp-content\\\/uploads\\\/2023\\\/01\\\/cropped-logo-150-127.png\",\"contentUrl\":\"https:\\\/\\\/lavocedelpaese.info\\\/wp-content\\\/uploads\\\/2023\\\/01\\\/cropped-logo-150-127.png\",\"width\":137,\"height\":119,\"caption\":\"La Voce del Paese\"},\"image\":{\"@id\":\"https:\\\/\\\/lavocedelpaese.info\\\/#\\\/schema\\\/logo\\\/image\\\/\"},\"sameAs\":[\"https:\\\/\\\/www.facebook.com\\\/lavocedelpaese.info\"]},{\"@type\":\"Person\",\"@id\":\"https:\\\/\\\/lavocedelpaese.info\\\/#\\\/schema\\\/person\\\/ec151d321306bd7591f7a061abf72d88\",\"name\":\"admin\",\"image\":{\"@type\":\"ImageObject\",\"inLanguage\":\"it-IT\",\"@id\":\"https:\\\/\\\/secure.gravatar.com\\\/avatar\\\/af8f2caf0663124588de48a9380e07cbc95a74ef15b8062d0d39106c32fe3023?s=96&d=mm&r=g\",\"url\":\"https:\\\/\\\/secure.gravatar.com\\\/avatar\\\/af8f2caf0663124588de48a9380e07cbc95a74ef15b8062d0d39106c32fe3023?s=96&d=mm&r=g\",\"contentUrl\":\"https:\\\/\\\/secure.gravatar.com\\\/avatar\\\/af8f2caf0663124588de48a9380e07cbc95a74ef15b8062d0d39106c32fe3023?s=96&d=mm&r=g\",\"caption\":\"admin\"},\"sameAs\":[\"https:\\\/\\\/lavocedelpaese.info\"],\"url\":\"https:\\\/\\\/lavocedelpaese.info\\\/index.php\\\/author\\\/admin\\\/\"}]}<\/script>\n<!-- \/ Yoast SEO plugin. -->","yoast_head_json":{"title":"Centro Raccolta Rifiuti a singhiozzo dopo l\u2019intervento dell\u2019Ispettorato del Lavoro\u00a0\u200b - La Voce del Paese","robots":{"index":"index","follow":"follow","max-snippet":"max-snippet:-1","max-image-preview":"max-image-preview:large","max-video-preview":"max-video-preview:-1"},"canonical":"https:\/\/lavocedelpaese.info\/index.php\/2025\/11\/28\/centro-raccolta-rifiuti-a-singhiozzo-dopo-lintervento-dellispettorato-del-lavoro\/","og_locale":"it_IT","og_type":"article","og_title":"Centro Raccolta Rifiuti a singhiozzo dopo l\u2019intervento dell\u2019Ispettorato del Lavoro\u00a0\u200b - La Voce del Paese","og_description":"\u00a0 \u200b\u00a0 \u200b\u00a0 Grosse difficolt\u00e0 presso il Centro Comunale di Raccolta di via Mellitto per i cittadini cassanesi che vogliono","og_url":"https:\/\/lavocedelpaese.info\/index.php\/2025\/11\/28\/centro-raccolta-rifiuti-a-singhiozzo-dopo-lintervento-dellispettorato-del-lavoro\/","og_site_name":"La Voce del Paese","article_publisher":"https:\/\/www.facebook.com\/lavocedelpaese.info","article_published_time":"2025-11-28T07:28:08+00:00","author":"admin","twitter_card":"summary_large_image","twitter_misc":{"Scritto da":"admin","Tempo di lettura stimato":"2 minuti"},"schema":{"@context":"https:\/\/schema.org","@graph":[{"@type":"Article","@id":"https:\/\/lavocedelpaese.info\/index.php\/2025\/11\/28\/centro-raccolta-rifiuti-a-singhiozzo-dopo-lintervento-dellispettorato-del-lavoro\/#article","isPartOf":{"@id":"https:\/\/lavocedelpaese.info\/index.php\/2025\/11\/28\/centro-raccolta-rifiuti-a-singhiozzo-dopo-lintervento-dellispettorato-del-lavoro\/"},"author":{"name":"admin","@id":"https:\/\/lavocedelpaese.info\/#\/schema\/person\/ec151d321306bd7591f7a061abf72d88"},"headline":"Centro Raccolta Rifiuti a singhiozzo dopo l\u2019intervento dell\u2019Ispettorato del Lavoro\u00a0\u200b","datePublished":"2025-11-28T07:28:08+00:00","mainEntityOfPage":{"@id":"https:\/\/lavocedelpaese.info\/index.php\/2025\/11\/28\/centro-raccolta-rifiuti-a-singhiozzo-dopo-lintervento-dellispettorato-del-lavoro\/"},"wordCount":347,"commentCount":0,"publisher":{"@id":"https:\/\/lavocedelpaese.info\/#organization"},"image":{"@id":"https:\/\/lavocedelpaese.info\/index.php\/2025\/11\/28\/centro-raccolta-rifiuti-a-singhiozzo-dopo-lintervento-dellispettorato-del-lavoro\/#primaryimage"},"thumbnailUrl":"https:\/\/lavocedelpaese.info\/wp-content\/uploads\/2023\/01\/logo-150-127.png","articleSection":["network"],"inLanguage":"it-IT","potentialAction":[{"@type":"CommentAction","name":"Comment","target":["https:\/\/lavocedelpaese.info\/index.php\/2025\/11\/28\/centro-raccolta-rifiuti-a-singhiozzo-dopo-lintervento-dellispettorato-del-lavoro\/#respond"]}]},{"@type":"WebPage","@id":"https:\/\/lavocedelpaese.info\/index.php\/2025\/11\/28\/centro-raccolta-rifiuti-a-singhiozzo-dopo-lintervento-dellispettorato-del-lavoro\/","url":"https:\/\/lavocedelpaese.info\/index.php\/2025\/11\/28\/centro-raccolta-rifiuti-a-singhiozzo-dopo-lintervento-dellispettorato-del-lavoro\/","name":"Centro Raccolta Rifiuti a singhiozzo dopo l\u2019intervento dell\u2019Ispettorato del Lavoro\u00a0\u200b - La Voce del Paese","isPartOf":{"@id":"https:\/\/lavocedelpaese.info\/#website"},"primaryImageOfPage":{"@id":"https:\/\/lavocedelpaese.info\/index.php\/2025\/11\/28\/centro-raccolta-rifiuti-a-singhiozzo-dopo-lintervento-dellispettorato-del-lavoro\/#primaryimage"},"image":{"@id":"https:\/\/lavocedelpaese.info\/index.php\/2025\/11\/28\/centro-raccolta-rifiuti-a-singhiozzo-dopo-lintervento-dellispettorato-del-lavoro\/#primaryimage"},"thumbnailUrl":"https:\/\/lavocedelpaese.info\/wp-content\/uploads\/2023\/01\/logo-150-127.png","datePublished":"2025-11-28T07:28:08+00:00","breadcrumb":{"@id":"https:\/\/lavocedelpaese.info\/index.php\/2025\/11\/28\/centro-raccolta-rifiuti-a-singhiozzo-dopo-lintervento-dellispettorato-del-lavoro\/#breadcrumb"},"inLanguage":"it-IT","potentialAction":[{"@type":"ReadAction","target":["https:\/\/lavocedelpaese.info\/index.php\/2025\/11\/28\/centro-raccolta-rifiuti-a-singhiozzo-dopo-lintervento-dellispettorato-del-lavoro\/"]}]},{"@type":"ImageObject","inLanguage":"it-IT","@id":"https:\/\/lavocedelpaese.info\/index.php\/2025\/11\/28\/centro-raccolta-rifiuti-a-singhiozzo-dopo-lintervento-dellispettorato-del-lavoro\/#primaryimage","url":"https:\/\/lavocedelpaese.info\/wp-content\/uploads\/2023\/01\/logo-150-127.png","contentUrl":"https:\/\/lavocedelpaese.info\/wp-content\/uploads\/2023\/01\/logo-150-127.png","width":150,"height":127},{"@type":"BreadcrumbList","@id":"https:\/\/lavocedelpaese.info\/index.php\/2025\/11\/28\/centro-raccolta-rifiuti-a-singhiozzo-dopo-lintervento-dellispettorato-del-lavoro\/#breadcrumb","itemListElement":[{"@type":"ListItem","position":1,"name":"Home","item":"https:\/\/lavocedelpaese.info\/"},{"@type":"ListItem","position":2,"name":"Centro Raccolta Rifiuti a singhiozzo dopo l\u2019intervento dell\u2019Ispettorato del Lavoro\u00a0\u200b"}]},{"@type":"WebSite","@id":"https:\/\/lavocedelpaese.info\/#website","url":"https:\/\/lavocedelpaese.info\/","name":"La Voce del Paese","description":"Un network di idee","publisher":{"@id":"https:\/\/lavocedelpaese.info\/#organization"},"potentialAction":[{"@type":"SearchAction","target":{"@type":"EntryPoint","urlTemplate":"https:\/\/lavocedelpaese.info\/?s={search_term_string}"},"query-input":{"@type":"PropertyValueSpecification","valueRequired":true,"valueName":"search_term_string"}}],"inLanguage":"it-IT"},{"@type":"Organization","@id":"https:\/\/lavocedelpaese.info\/#organization","name":"La Voce del Paese","url":"https:\/\/lavocedelpaese.info\/","logo":{"@type":"ImageObject","inLanguage":"it-IT","@id":"https:\/\/lavocedelpaese.info\/#\/schema\/logo\/image\/","url":"https:\/\/lavocedelpaese.info\/wp-content\/uploads\/2023\/01\/cropped-logo-150-127.png","contentUrl":"https:\/\/lavocedelpaese.info\/wp-content\/uploads\/2023\/01\/cropped-logo-150-127.png","width":137,"height":119,"caption":"La Voce del Paese"},"image":{"@id":"https:\/\/lavocedelpaese.info\/#\/schema\/logo\/image\/"},"sameAs":["https:\/\/www.facebook.com\/lavocedelpaese.info"]},{"@type":"Person","@id":"https:\/\/lavocedelpaese.info\/#\/schema\/person\/ec151d321306bd7591f7a061abf72d88","name":"admin","image":{"@type":"ImageObject","inLanguage":"it-IT","@id":"https:\/\/secure.gravatar.com\/avatar\/af8f2caf0663124588de48a9380e07cbc95a74ef15b8062d0d39106c32fe3023?s=96&d=mm&r=g","url":"https:\/\/secure.gravatar.com\/avatar\/af8f2caf0663124588de48a9380e07cbc95a74ef15b8062d0d39106c32fe3023?s=96&d=mm&r=g","contentUrl":"https:\/\/secure.gravatar.com\/avatar\/af8f2caf0663124588de48a9380e07cbc95a74ef15b8062d0d39106c32fe3023?s=96&d=mm&r=g","caption":"admin"},"sameAs":["https:\/\/lavocedelpaese.info"],"url":"https:\/\/lavocedelpaese.info\/index.php\/author\/admin\/"}]}},"_links":{"self":[{"href":"https:\/\/lavocedelpaese.info\/index.php\/wp-json\/wp\/v2\/posts\/10278","targetHints":{"allow":["GET"]}}],"collection":[{"href":"https:\/\/lavocedelpaese.info\/index.php\/wp-json\/wp\/v2\/posts"}],"about":[{"href":"https:\/\/lavocedelpaese.info\/index.php\/wp-json\/wp\/v2\/types\/post"}],"author":[{"embeddable":true,"href":"https:\/\/lavocedelpaese.info\/index.php\/wp-json\/wp\/v2\/users\/6"}],"replies":[{"embeddable":true,"href":"https:\/\/lavocedelpaese.info\/index.php\/wp-json\/wp\/v2\/comments?post=10278"}],"version-history":[{"count":0,"href":"https:\/\/lavocedelpaese.info\/index.php\/wp-json\/wp\/v2\/posts\/10278\/revisions"}],"wp:featuredmedia":[{"embeddable":true,"href":"https:\/\/lavocedelpaese.info\/index.php\/wp-json\/wp\/v2\/media\/730"}],"wp:attachment":[{"href":"https:\/\/lavocedelpaese.info\/index.php\/wp-json\/wp\/v2\/media?parent=10278"}],"wp:term":[{"taxonomy":"category","embeddable":true,"href":"https:\/\/lavocedelpaese.info\/index.php\/wp-json\/wp\/v2\/categories?post=10278"},{"taxonomy":"post_tag","embeddable":true,"href":"https:\/\/lavocedelpaese.info\/index.php\/wp-json\/wp\/v2\/tags?post=10278"}],"curies":[{"name":"wp","href":"https:\/\/api.w.org\/{rel}","templated":true}]}}