{"id":10256,"date":"2025-11-25T14:16:58","date_gmt":"2025-11-25T14:16:58","guid":{"rendered":"https:\/\/lavocedelpaese.info\/index.php\/2025\/11\/25\/gramsci-e-pertini-una-storia-di-resistenza\/"},"modified":"2025-11-25T14:16:58","modified_gmt":"2025-11-25T14:16:58","slug":"gramsci-e-pertini-una-storia-di-resistenza","status":"publish","type":"post","link":"https:\/\/lavocedelpaese.info\/index.php\/2025\/11\/25\/gramsci-e-pertini-una-storia-di-resistenza\/","title":{"rendered":"Gramsci e Pertini, una Storia di Resistenza\u00a0\u200b"},"content":{"rendered":"<p>\u00a0<\/p>\n<p>\u200b\u00a0<\/p>\n<p>\u200b\u00a0<\/p>\n<div><\/div>\n<h4 class=\"wp-block-heading\"><strong>Il 26 novembre Cosimo Damiano Damato a Turi per il \u201cLibro Possibile Winter\u201d<\/strong><\/h4>\n<p>Il Libro Possibile Winter ospita a Turi Cosimo Damiano Damato, autore del romanzo \u201cNessuna grazia\u201d. Sottotitolo: Gramsci e Pertini, una storia di prigionia e resistenza (Rai Libri). \u00c8 un tuffo nella storia del secolo scorso: al centro dell\u2019attenzione c\u2019\u00e8 infatti il carcere di Turi, dove il regime fascista fece rinchiudere due protagonisti assoluti della Resistenza.<\/p>\n<p>L\u2019appuntamento \u00e8 in programma mercoled\u00ec 26 novembre 2025, alle ore 18.30, nell\u2019Auditorium comunale di Turi. Introduce l\u2019evento Rosella Santoro, direttrice artistica del Libro Possibile. Modera Giuseppe De Tomaso, sindaco di Turi e giornalista.<\/p>\n<p>Non casuale la scelta di presentare il volume a pochi passi dalle celle in cui furono a lungo detenuti l\u2019intellettuale e il politico: l\u2019incontro culturale si fa storia viva e assume un significato particolare, mettendo in relazione diretta le pagine del romanzo con i luoghi del racconto. Il romanzo si apre con un dialogo nel carcere, dove si incontrano l\u2019anarchico Luponio, l\u2019avvocato socialista Sandro Pertini \u2013 futuro combattente della Resistenza e Presidente della Repubblica \u2013 e l\u2019onorevole Antonio Gramsci, fondatore del PCI e perseguitato dal regime fascista. Intorno a loro emergono figure come Carlo Levi e Camilla Ravera, insieme alle molte voci dei detenuti politici che animavano quel luogo. Damato racconta la durezza della prigionia e la violenza del regime, ma anche i legami, il coraggio e la solidariet\u00e0 che nacquero tra quei freddi muri. \u00c8 la storia di una generazione che ha lottato per la libert\u00e0 sacrificando gli anni migliori. Un romanzo che, nell\u2019anno dell\u2019ottantesimo anniversario della Liberazione, restituisce il valore civile e umano di quella testimonianza.<\/p>\n<p>Cosimo Damiano Damato \u00e8 poeta, scrittore, drammaturgo e regista. Ha firmato numerosi film presentati nei principali festival internazionali, tra cui Una donna sul palcoscenico con Alda Merini e Mariangela Melato (Mostra del Cinema di Venezia), La luna nel deserto scritto con Raffaele Nigro (Giffoni Film Festival), Prima che il Gallo canti con Don Andrea Gallo, Vasco Rossi, Francesco Guccini, Roberto Vecchioni e Dario Fo (Taormina Film Festival). \u00c8 autore, inoltre, di Tu non c\u2019eri, scritto con Erri De Luca (Festa del Cinema di Roma), e di libri come L\u2019Ora X, realizzato insieme allo stesso De Luca. A teatro ha collaborato con figure di riferimento quali Arnoldo Fo\u00e0, Luis Bacalov e Lucio Dalla.<\/p>\n<p>Appuntamento, dunque, mercoled\u00ec 26 novembre 2025, alle ore 18.30, nell\u2019Auditorium comunale di Turi. Nella stessa giornata l\u2019autore far\u00e0 tappa anche nel carcere di Turi, mentre il giorno successivo incontrer\u00e0 gli studenti del liceo \u201cRicciotto \u2013 Canudo\u201d di Gioia del Colle.<\/p>\n<figure class=\"wp-block-image size-full\"><img decoding=\"async\" width=\"1080\" height=\"1650\" src=\"https:\/\/turi.lavocedelpaese.info\/wp-content\/uploads\/2025\/11\/WhatsApp-Image-2025-11-24-at-14.24.09.jpeg\" alt=\"\" class=\"wp-image-7920\"\/><\/figure>\n<p><a class=\"a2a_button_facebook\" href=\"https:\/\/www.addtoany.com\/add_to\/facebook?linkurl=https%3A%2F%2Fturi.lavocedelpaese.info%2Fgramsci-e-pertini-una-storia-di-resistenza%2F&amp;linkname=Gramsci%20e%20Pertini%2C%20una%20Storia%20di%20Resistenza\" title=\"Facebook\" rel=\"nofollow noopener\" target=\"_blank\"><\/a><a class=\"a2a_button_twitter\" href=\"https:\/\/www.addtoany.com\/add_to\/twitter?linkurl=https%3A%2F%2Fturi.lavocedelpaese.info%2Fgramsci-e-pertini-una-storia-di-resistenza%2F&amp;linkname=Gramsci%20e%20Pertini%2C%20una%20Storia%20di%20Resistenza\" title=\"Twitter\" rel=\"nofollow noopener\" target=\"_blank\"><\/a><a class=\"a2a_button_whatsapp\" href=\"https:\/\/www.addtoany.com\/add_to\/whatsapp?linkurl=https%3A%2F%2Fturi.lavocedelpaese.info%2Fgramsci-e-pertini-una-storia-di-resistenza%2F&amp;linkname=Gramsci%20e%20Pertini%2C%20una%20Storia%20di%20Resistenza\" title=\"WhatsApp\" rel=\"nofollow noopener\" target=\"_blank\"><\/a><a class=\"a2a_button_telegram\" href=\"https:\/\/www.addtoany.com\/add_to\/telegram?linkurl=https%3A%2F%2Fturi.lavocedelpaese.info%2Fgramsci-e-pertini-una-storia-di-resistenza%2F&amp;linkname=Gramsci%20e%20Pertini%2C%20una%20Storia%20di%20Resistenza\" title=\"Telegram\" rel=\"nofollow noopener\" target=\"_blank\"><\/a><a class=\"a2a_button_email\" href=\"https:\/\/www.addtoany.com\/add_to\/email?linkurl=https%3A%2F%2Fturi.lavocedelpaese.info%2Fgramsci-e-pertini-una-storia-di-resistenza%2F&amp;linkname=Gramsci%20e%20Pertini%2C%20una%20Storia%20di%20Resistenza\" title=\"Email\" rel=\"nofollow noopener\" target=\"_blank\"><\/a><\/p>\n<p>L&#8217;articolo <a href=\"https:\/\/turi.lavocedelpaese.info\/gramsci-e-pertini-una-storia-di-resistenza\/\">Gramsci e Pertini, una Storia di Resistenza<\/a> proviene da <a href=\"https:\/\/turi.lavocedelpaese.info\/\">Turi &#8211; La Voce del Paese<\/a>.<\/p>\n<p>\u00a0<\/p>\n<p>\u00a0<\/p>\n<p>\u200b\u00a0\u00a0\u00a0<\/p>","protected":false},"excerpt":{"rendered":"<p>\u00a0 \u200b\u00a0 \u200b\u00a0 Il 26 novembre Cosimo Damiano Damato a Turi per il \u201cLibro Possibile Winter\u201d Il Libro Possibile Winter<\/p>\n","protected":false},"author":6,"featured_media":10257,"comment_status":"open","ping_status":"closed","sticky":false,"template":"","format":"standard","meta":{"colormag_page_container_layout":"default_layout","colormag_page_sidebar_layout":"default_layout","footnotes":""},"categories":[33],"tags":[],"class_list":["post-10256","post","type-post","status-publish","format-standard","has-post-thumbnail","hentry","category-network"],"yoast_head":"<!-- This site is optimized with the Yoast SEO plugin v27.5 - https:\/\/yoast.com\/product\/yoast-seo-wordpress\/ -->\n<title>Gramsci e Pertini, una Storia di Resistenza\u00a0\u200b - La Voce del Paese<\/title>\n<meta name=\"robots\" content=\"index, follow, max-snippet:-1, max-image-preview:large, max-video-preview:-1\" \/>\n<link rel=\"canonical\" href=\"https:\/\/lavocedelpaese.info\/index.php\/2025\/11\/25\/gramsci-e-pertini-una-storia-di-resistenza\/\" \/>\n<meta property=\"og:locale\" content=\"it_IT\" \/>\n<meta property=\"og:type\" content=\"article\" \/>\n<meta property=\"og:title\" content=\"Gramsci e Pertini, una Storia di Resistenza\u00a0\u200b - La Voce del Paese\" \/>\n<meta property=\"og:description\" content=\"\u00a0 \u200b\u00a0 \u200b\u00a0 Il 26 novembre Cosimo Damiano Damato a Turi per il \u201cLibro Possibile Winter\u201d Il Libro Possibile Winter\" \/>\n<meta property=\"og:url\" content=\"https:\/\/lavocedelpaese.info\/index.php\/2025\/11\/25\/gramsci-e-pertini-una-storia-di-resistenza\/\" \/>\n<meta property=\"og:site_name\" content=\"La Voce del Paese\" \/>\n<meta property=\"article:publisher\" content=\"https:\/\/www.facebook.com\/lavocedelpaese.info\" \/>\n<meta property=\"article:published_time\" content=\"2025-11-25T14:16:58+00:00\" \/>\n<meta name=\"author\" content=\"admin\" \/>\n<meta name=\"twitter:card\" content=\"summary_large_image\" \/>\n<meta name=\"twitter:label1\" content=\"Scritto da\" \/>\n\t<meta name=\"twitter:data1\" content=\"admin\" \/>\n\t<meta name=\"twitter:label2\" content=\"Tempo di lettura stimato\" \/>\n\t<meta name=\"twitter:data2\" content=\"2 minuti\" \/>\n<script type=\"application\/ld+json\" class=\"yoast-schema-graph\">{\"@context\":\"https:\\\/\\\/schema.org\",\"@graph\":[{\"@type\":\"Article\",\"@id\":\"https:\\\/\\\/lavocedelpaese.info\\\/index.php\\\/2025\\\/11\\\/25\\\/gramsci-e-pertini-una-storia-di-resistenza\\\/#article\",\"isPartOf\":{\"@id\":\"https:\\\/\\\/lavocedelpaese.info\\\/index.php\\\/2025\\\/11\\\/25\\\/gramsci-e-pertini-una-storia-di-resistenza\\\/\"},\"author\":{\"name\":\"admin\",\"@id\":\"https:\\\/\\\/lavocedelpaese.info\\\/#\\\/schema\\\/person\\\/ec151d321306bd7591f7a061abf72d88\"},\"headline\":\"Gramsci e Pertini, una Storia di Resistenza\u00a0\u200b\",\"datePublished\":\"2025-11-25T14:16:58+00:00\",\"mainEntityOfPage\":{\"@id\":\"https:\\\/\\\/lavocedelpaese.info\\\/index.php\\\/2025\\\/11\\\/25\\\/gramsci-e-pertini-una-storia-di-resistenza\\\/\"},\"wordCount\":445,\"commentCount\":0,\"publisher\":{\"@id\":\"https:\\\/\\\/lavocedelpaese.info\\\/#organization\"},\"image\":{\"@id\":\"https:\\\/\\\/lavocedelpaese.info\\\/index.php\\\/2025\\\/11\\\/25\\\/gramsci-e-pertini-una-storia-di-resistenza\\\/#primaryimage\"},\"thumbnailUrl\":\"https:\\\/\\\/lavocedelpaese.info\\\/wp-content\\\/uploads\\\/2025\\\/11\\\/WhatsApp-Image-2025-11-24-at-14.24.09-zgz4s3.jpg\",\"articleSection\":[\"network\"],\"inLanguage\":\"it-IT\",\"potentialAction\":[{\"@type\":\"CommentAction\",\"name\":\"Comment\",\"target\":[\"https:\\\/\\\/lavocedelpaese.info\\\/index.php\\\/2025\\\/11\\\/25\\\/gramsci-e-pertini-una-storia-di-resistenza\\\/#respond\"]}]},{\"@type\":\"WebPage\",\"@id\":\"https:\\\/\\\/lavocedelpaese.info\\\/index.php\\\/2025\\\/11\\\/25\\\/gramsci-e-pertini-una-storia-di-resistenza\\\/\",\"url\":\"https:\\\/\\\/lavocedelpaese.info\\\/index.php\\\/2025\\\/11\\\/25\\\/gramsci-e-pertini-una-storia-di-resistenza\\\/\",\"name\":\"Gramsci e Pertini, una Storia di Resistenza\u00a0\u200b - La Voce del Paese\",\"isPartOf\":{\"@id\":\"https:\\\/\\\/lavocedelpaese.info\\\/#website\"},\"primaryImageOfPage\":{\"@id\":\"https:\\\/\\\/lavocedelpaese.info\\\/index.php\\\/2025\\\/11\\\/25\\\/gramsci-e-pertini-una-storia-di-resistenza\\\/#primaryimage\"},\"image\":{\"@id\":\"https:\\\/\\\/lavocedelpaese.info\\\/index.php\\\/2025\\\/11\\\/25\\\/gramsci-e-pertini-una-storia-di-resistenza\\\/#primaryimage\"},\"thumbnailUrl\":\"https:\\\/\\\/lavocedelpaese.info\\\/wp-content\\\/uploads\\\/2025\\\/11\\\/WhatsApp-Image-2025-11-24-at-14.24.09-zgz4s3.jpg\",\"datePublished\":\"2025-11-25T14:16:58+00:00\",\"breadcrumb\":{\"@id\":\"https:\\\/\\\/lavocedelpaese.info\\\/index.php\\\/2025\\\/11\\\/25\\\/gramsci-e-pertini-una-storia-di-resistenza\\\/#breadcrumb\"},\"inLanguage\":\"it-IT\",\"potentialAction\":[{\"@type\":\"ReadAction\",\"target\":[\"https:\\\/\\\/lavocedelpaese.info\\\/index.php\\\/2025\\\/11\\\/25\\\/gramsci-e-pertini-una-storia-di-resistenza\\\/\"]}]},{\"@type\":\"ImageObject\",\"inLanguage\":\"it-IT\",\"@id\":\"https:\\\/\\\/lavocedelpaese.info\\\/index.php\\\/2025\\\/11\\\/25\\\/gramsci-e-pertini-una-storia-di-resistenza\\\/#primaryimage\",\"url\":\"https:\\\/\\\/lavocedelpaese.info\\\/wp-content\\\/uploads\\\/2025\\\/11\\\/WhatsApp-Image-2025-11-24-at-14.24.09-zgz4s3.jpg\",\"contentUrl\":\"https:\\\/\\\/lavocedelpaese.info\\\/wp-content\\\/uploads\\\/2025\\\/11\\\/WhatsApp-Image-2025-11-24-at-14.24.09-zgz4s3.jpg\",\"width\":524,\"height\":800},{\"@type\":\"BreadcrumbList\",\"@id\":\"https:\\\/\\\/lavocedelpaese.info\\\/index.php\\\/2025\\\/11\\\/25\\\/gramsci-e-pertini-una-storia-di-resistenza\\\/#breadcrumb\",\"itemListElement\":[{\"@type\":\"ListItem\",\"position\":1,\"name\":\"Home\",\"item\":\"https:\\\/\\\/lavocedelpaese.info\\\/\"},{\"@type\":\"ListItem\",\"position\":2,\"name\":\"Gramsci e Pertini, una Storia di Resistenza\u00a0\u200b\"}]},{\"@type\":\"WebSite\",\"@id\":\"https:\\\/\\\/lavocedelpaese.info\\\/#website\",\"url\":\"https:\\\/\\\/lavocedelpaese.info\\\/\",\"name\":\"La Voce del Paese\",\"description\":\"Un network di idee\",\"publisher\":{\"@id\":\"https:\\\/\\\/lavocedelpaese.info\\\/#organization\"},\"potentialAction\":[{\"@type\":\"SearchAction\",\"target\":{\"@type\":\"EntryPoint\",\"urlTemplate\":\"https:\\\/\\\/lavocedelpaese.info\\\/?s={search_term_string}\"},\"query-input\":{\"@type\":\"PropertyValueSpecification\",\"valueRequired\":true,\"valueName\":\"search_term_string\"}}],\"inLanguage\":\"it-IT\"},{\"@type\":\"Organization\",\"@id\":\"https:\\\/\\\/lavocedelpaese.info\\\/#organization\",\"name\":\"La Voce del Paese\",\"url\":\"https:\\\/\\\/lavocedelpaese.info\\\/\",\"logo\":{\"@type\":\"ImageObject\",\"inLanguage\":\"it-IT\",\"@id\":\"https:\\\/\\\/lavocedelpaese.info\\\/#\\\/schema\\\/logo\\\/image\\\/\",\"url\":\"https:\\\/\\\/lavocedelpaese.info\\\/wp-content\\\/uploads\\\/2023\\\/01\\\/cropped-logo-150-127.png\",\"contentUrl\":\"https:\\\/\\\/lavocedelpaese.info\\\/wp-content\\\/uploads\\\/2023\\\/01\\\/cropped-logo-150-127.png\",\"width\":137,\"height\":119,\"caption\":\"La Voce del Paese\"},\"image\":{\"@id\":\"https:\\\/\\\/lavocedelpaese.info\\\/#\\\/schema\\\/logo\\\/image\\\/\"},\"sameAs\":[\"https:\\\/\\\/www.facebook.com\\\/lavocedelpaese.info\"]},{\"@type\":\"Person\",\"@id\":\"https:\\\/\\\/lavocedelpaese.info\\\/#\\\/schema\\\/person\\\/ec151d321306bd7591f7a061abf72d88\",\"name\":\"admin\",\"image\":{\"@type\":\"ImageObject\",\"inLanguage\":\"it-IT\",\"@id\":\"https:\\\/\\\/secure.gravatar.com\\\/avatar\\\/af8f2caf0663124588de48a9380e07cbc95a74ef15b8062d0d39106c32fe3023?s=96&d=mm&r=g\",\"url\":\"https:\\\/\\\/secure.gravatar.com\\\/avatar\\\/af8f2caf0663124588de48a9380e07cbc95a74ef15b8062d0d39106c32fe3023?s=96&d=mm&r=g\",\"contentUrl\":\"https:\\\/\\\/secure.gravatar.com\\\/avatar\\\/af8f2caf0663124588de48a9380e07cbc95a74ef15b8062d0d39106c32fe3023?s=96&d=mm&r=g\",\"caption\":\"admin\"},\"sameAs\":[\"https:\\\/\\\/lavocedelpaese.info\"],\"url\":\"https:\\\/\\\/lavocedelpaese.info\\\/index.php\\\/author\\\/admin\\\/\"}]}<\/script>\n<!-- \/ Yoast SEO plugin. -->","yoast_head_json":{"title":"Gramsci e Pertini, una Storia di Resistenza\u00a0\u200b - La Voce del Paese","robots":{"index":"index","follow":"follow","max-snippet":"max-snippet:-1","max-image-preview":"max-image-preview:large","max-video-preview":"max-video-preview:-1"},"canonical":"https:\/\/lavocedelpaese.info\/index.php\/2025\/11\/25\/gramsci-e-pertini-una-storia-di-resistenza\/","og_locale":"it_IT","og_type":"article","og_title":"Gramsci e Pertini, una Storia di Resistenza\u00a0\u200b - La Voce del Paese","og_description":"\u00a0 \u200b\u00a0 \u200b\u00a0 Il 26 novembre Cosimo Damiano Damato a Turi per il \u201cLibro Possibile Winter\u201d Il Libro Possibile Winter","og_url":"https:\/\/lavocedelpaese.info\/index.php\/2025\/11\/25\/gramsci-e-pertini-una-storia-di-resistenza\/","og_site_name":"La Voce del Paese","article_publisher":"https:\/\/www.facebook.com\/lavocedelpaese.info","article_published_time":"2025-11-25T14:16:58+00:00","author":"admin","twitter_card":"summary_large_image","twitter_misc":{"Scritto da":"admin","Tempo di lettura stimato":"2 minuti"},"schema":{"@context":"https:\/\/schema.org","@graph":[{"@type":"Article","@id":"https:\/\/lavocedelpaese.info\/index.php\/2025\/11\/25\/gramsci-e-pertini-una-storia-di-resistenza\/#article","isPartOf":{"@id":"https:\/\/lavocedelpaese.info\/index.php\/2025\/11\/25\/gramsci-e-pertini-una-storia-di-resistenza\/"},"author":{"name":"admin","@id":"https:\/\/lavocedelpaese.info\/#\/schema\/person\/ec151d321306bd7591f7a061abf72d88"},"headline":"Gramsci e Pertini, una Storia di Resistenza\u00a0\u200b","datePublished":"2025-11-25T14:16:58+00:00","mainEntityOfPage":{"@id":"https:\/\/lavocedelpaese.info\/index.php\/2025\/11\/25\/gramsci-e-pertini-una-storia-di-resistenza\/"},"wordCount":445,"commentCount":0,"publisher":{"@id":"https:\/\/lavocedelpaese.info\/#organization"},"image":{"@id":"https:\/\/lavocedelpaese.info\/index.php\/2025\/11\/25\/gramsci-e-pertini-una-storia-di-resistenza\/#primaryimage"},"thumbnailUrl":"https:\/\/lavocedelpaese.info\/wp-content\/uploads\/2025\/11\/WhatsApp-Image-2025-11-24-at-14.24.09-zgz4s3.jpg","articleSection":["network"],"inLanguage":"it-IT","potentialAction":[{"@type":"CommentAction","name":"Comment","target":["https:\/\/lavocedelpaese.info\/index.php\/2025\/11\/25\/gramsci-e-pertini-una-storia-di-resistenza\/#respond"]}]},{"@type":"WebPage","@id":"https:\/\/lavocedelpaese.info\/index.php\/2025\/11\/25\/gramsci-e-pertini-una-storia-di-resistenza\/","url":"https:\/\/lavocedelpaese.info\/index.php\/2025\/11\/25\/gramsci-e-pertini-una-storia-di-resistenza\/","name":"Gramsci e Pertini, una Storia di Resistenza\u00a0\u200b - La Voce del Paese","isPartOf":{"@id":"https:\/\/lavocedelpaese.info\/#website"},"primaryImageOfPage":{"@id":"https:\/\/lavocedelpaese.info\/index.php\/2025\/11\/25\/gramsci-e-pertini-una-storia-di-resistenza\/#primaryimage"},"image":{"@id":"https:\/\/lavocedelpaese.info\/index.php\/2025\/11\/25\/gramsci-e-pertini-una-storia-di-resistenza\/#primaryimage"},"thumbnailUrl":"https:\/\/lavocedelpaese.info\/wp-content\/uploads\/2025\/11\/WhatsApp-Image-2025-11-24-at-14.24.09-zgz4s3.jpg","datePublished":"2025-11-25T14:16:58+00:00","breadcrumb":{"@id":"https:\/\/lavocedelpaese.info\/index.php\/2025\/11\/25\/gramsci-e-pertini-una-storia-di-resistenza\/#breadcrumb"},"inLanguage":"it-IT","potentialAction":[{"@type":"ReadAction","target":["https:\/\/lavocedelpaese.info\/index.php\/2025\/11\/25\/gramsci-e-pertini-una-storia-di-resistenza\/"]}]},{"@type":"ImageObject","inLanguage":"it-IT","@id":"https:\/\/lavocedelpaese.info\/index.php\/2025\/11\/25\/gramsci-e-pertini-una-storia-di-resistenza\/#primaryimage","url":"https:\/\/lavocedelpaese.info\/wp-content\/uploads\/2025\/11\/WhatsApp-Image-2025-11-24-at-14.24.09-zgz4s3.jpg","contentUrl":"https:\/\/lavocedelpaese.info\/wp-content\/uploads\/2025\/11\/WhatsApp-Image-2025-11-24-at-14.24.09-zgz4s3.jpg","width":524,"height":800},{"@type":"BreadcrumbList","@id":"https:\/\/lavocedelpaese.info\/index.php\/2025\/11\/25\/gramsci-e-pertini-una-storia-di-resistenza\/#breadcrumb","itemListElement":[{"@type":"ListItem","position":1,"name":"Home","item":"https:\/\/lavocedelpaese.info\/"},{"@type":"ListItem","position":2,"name":"Gramsci e Pertini, una Storia di Resistenza\u00a0\u200b"}]},{"@type":"WebSite","@id":"https:\/\/lavocedelpaese.info\/#website","url":"https:\/\/lavocedelpaese.info\/","name":"La Voce del Paese","description":"Un network di idee","publisher":{"@id":"https:\/\/lavocedelpaese.info\/#organization"},"potentialAction":[{"@type":"SearchAction","target":{"@type":"EntryPoint","urlTemplate":"https:\/\/lavocedelpaese.info\/?s={search_term_string}"},"query-input":{"@type":"PropertyValueSpecification","valueRequired":true,"valueName":"search_term_string"}}],"inLanguage":"it-IT"},{"@type":"Organization","@id":"https:\/\/lavocedelpaese.info\/#organization","name":"La Voce del Paese","url":"https:\/\/lavocedelpaese.info\/","logo":{"@type":"ImageObject","inLanguage":"it-IT","@id":"https:\/\/lavocedelpaese.info\/#\/schema\/logo\/image\/","url":"https:\/\/lavocedelpaese.info\/wp-content\/uploads\/2023\/01\/cropped-logo-150-127.png","contentUrl":"https:\/\/lavocedelpaese.info\/wp-content\/uploads\/2023\/01\/cropped-logo-150-127.png","width":137,"height":119,"caption":"La Voce del Paese"},"image":{"@id":"https:\/\/lavocedelpaese.info\/#\/schema\/logo\/image\/"},"sameAs":["https:\/\/www.facebook.com\/lavocedelpaese.info"]},{"@type":"Person","@id":"https:\/\/lavocedelpaese.info\/#\/schema\/person\/ec151d321306bd7591f7a061abf72d88","name":"admin","image":{"@type":"ImageObject","inLanguage":"it-IT","@id":"https:\/\/secure.gravatar.com\/avatar\/af8f2caf0663124588de48a9380e07cbc95a74ef15b8062d0d39106c32fe3023?s=96&d=mm&r=g","url":"https:\/\/secure.gravatar.com\/avatar\/af8f2caf0663124588de48a9380e07cbc95a74ef15b8062d0d39106c32fe3023?s=96&d=mm&r=g","contentUrl":"https:\/\/secure.gravatar.com\/avatar\/af8f2caf0663124588de48a9380e07cbc95a74ef15b8062d0d39106c32fe3023?s=96&d=mm&r=g","caption":"admin"},"sameAs":["https:\/\/lavocedelpaese.info"],"url":"https:\/\/lavocedelpaese.info\/index.php\/author\/admin\/"}]}},"_links":{"self":[{"href":"https:\/\/lavocedelpaese.info\/index.php\/wp-json\/wp\/v2\/posts\/10256","targetHints":{"allow":["GET"]}}],"collection":[{"href":"https:\/\/lavocedelpaese.info\/index.php\/wp-json\/wp\/v2\/posts"}],"about":[{"href":"https:\/\/lavocedelpaese.info\/index.php\/wp-json\/wp\/v2\/types\/post"}],"author":[{"embeddable":true,"href":"https:\/\/lavocedelpaese.info\/index.php\/wp-json\/wp\/v2\/users\/6"}],"replies":[{"embeddable":true,"href":"https:\/\/lavocedelpaese.info\/index.php\/wp-json\/wp\/v2\/comments?post=10256"}],"version-history":[{"count":0,"href":"https:\/\/lavocedelpaese.info\/index.php\/wp-json\/wp\/v2\/posts\/10256\/revisions"}],"wp:featuredmedia":[{"embeddable":true,"href":"https:\/\/lavocedelpaese.info\/index.php\/wp-json\/wp\/v2\/media\/10257"}],"wp:attachment":[{"href":"https:\/\/lavocedelpaese.info\/index.php\/wp-json\/wp\/v2\/media?parent=10256"}],"wp:term":[{"taxonomy":"category","embeddable":true,"href":"https:\/\/lavocedelpaese.info\/index.php\/wp-json\/wp\/v2\/categories?post=10256"},{"taxonomy":"post_tag","embeddable":true,"href":"https:\/\/lavocedelpaese.info\/index.php\/wp-json\/wp\/v2\/tags?post=10256"}],"curies":[{"name":"wp","href":"https:\/\/api.w.org\/{rel}","templated":true}]}}