{"id":10248,"date":"2025-11-23T08:19:29","date_gmt":"2025-11-23T08:19:29","guid":{"rendered":"https:\/\/lavocedelpaese.info\/index.php\/2025\/11\/23\/elezioni-regionali-urne-aperte-a-cassano\/"},"modified":"2025-11-23T08:19:29","modified_gmt":"2025-11-23T08:19:29","slug":"elezioni-regionali-urne-aperte-a-cassano","status":"publish","type":"post","link":"https:\/\/lavocedelpaese.info\/index.php\/2025\/11\/23\/elezioni-regionali-urne-aperte-a-cassano\/","title":{"rendered":"Elezioni Regionali: urne aperte a Cassano\u00a0\u200b"},"content":{"rendered":"<p>\u00a0<\/p>\n<p>\u200b\u00a0<\/p>\n<p>\u200b\u00a0<\/p>\n<p>Aperte dalle ore 7.00 e fino alle ore 23.00 di oggi le urne nelle 14 sezioni elettorali di Cassano delle Murge; luned\u00ec 24, invece, si potr\u00e0 votare dalle 7.00 alle 15.00 per il rinnovo del Consiglio Regionale della Puglia e per il Presidente della Giunta Regionale.<\/p>\n<p>Per votare \u00e8 necessario presentare un documento di identit\u00e0 valido e la tessera elettorale: per chi l\u2019avesse smarrita o gli spazi dovessero risultare esauriti, \u00e8 possibile chiederla gratuitamente presso l\u2019Ufficio Elettorale in piazza Mario Rossani, aperto negli orari delle votazioni. <\/p>\n<p><strong>I candidati alla Presidenza e le liste.<\/strong><\/p>\n<p>Quattro i Candidati alla Presidenza della Giunta<em>: <\/em>il parlamentare europeo\u00a0Antonio Decaro\u00a0in corsa per il centrosinistra,\u00a0Luigi Lobuono\u00a0per il centrodestra,\u00a0Sabino Mangano\u00a0(gi\u00e0 del M5S) con \u201cAlleanza civica per la Puglia\u201d e\u00a0Ada Donno\u00a0per \u201cPuglia Pacifista e Popolare\u201d.<\/p>\n<p>Decaro \u00e8 sostenuto da sei liste:\u00a0Pd, la civica \u201cDecaro Presidente\u201d, il Movimento 5 stelle, Avs, la civica \u201cPer la Puglia\u201d e \u201cPopolari per Decaro\u201d, Casa Riformista\u00a0(che unisce\u00a0Italia Viva,\u00a0Psi\u00a0e\u00a0Popolari), Democrazia Solidale e +Europa.<\/p>\n<p>Il contendente Luigi Lobuono ha invece dalla sua quattro liste:\u00a0Forza Italia, Fratelli d\u2019Italia, Lega con Udc e Socialisti, Noi Moderati.<\/p>\n<p><strong>Come si vota<\/strong><\/p>\n<p>\u00c8 eletto Presidente il candidato che ha conseguito il maggior numero di voti validi in ambito regionale. Il Presidente \u00e8 altres\u00ec membro di diritto del Consiglio regionale, al pari del secondo candidato Presidente che ha raccolto pi\u00f9 voti.<\/p>\n<p>I 50 seggi sono assegnati in due differenti modalit\u00e0: 23 sono eletti sulla base di liste circoscrizionali concorrenti su base provinciale e 27 sono eletti in un listino unico regionale.<\/p>\n<p>Alla coalizione collegata al Presidente eletto \u00e8 garantita la stabilit\u00e0 tramite un\u00a0<strong>premio di maggioranza variabile<\/strong>: se la somma dei voti validi supera il 40%, gli sono assegnati 29 seggi. Nel caso in cui sia compresa tra il 35 e il 40%, i seggi ottenuti sono 28. Infine, se il Presidente viene eletto con meno del 35% dei voti validi, alla coalizione che lo sostiene sono assegnati 27 seggi su 50.<\/p>\n<p><strong>\u00c8 consentito il voto disgiunto<\/strong>.<\/p>\n<p>La\u00a0<strong>soglia di sbarramento<\/strong>\u00a0\u00e8 fissata all\u20198% per le coalizioni e al 4% per le liste.<\/p>\n<p>Le operazioni di voto si svolgeranno\u00a0domenica dalle 7:00 alle 23:00\u00a0e\u00a0luned\u00ec dalle 7:00 alle 15:00.<\/p>\n<p><strong>Come si vota<\/strong><\/p>\n<p>Per quanto attiene alla\u00a0modalit\u00e0 di voto, ciascun elettore\/elettrice pu\u00f2:<\/p>\n<ul class=\"wp-block-list\">\n<li>votare a favore solo di una lista tracciando un segno sul contrassegno; in tal caso il voto si intende espresso anche a favore del\/la candidato\/a candidata presidente della Giunta regionale a essa collegato\/a;\u00a0<\/li>\n<li>votare solo per un\/a candidato\/a alla carica di presidente della Giunta regionale, tracciando un segno sul relativo rettangolo;<\/li>\n<li>votare per un\/a candidato\/a alla carica di presidente della Giunta regionale, tracciando un segno sul relativo rettangolo, e per una delle liste a esso collegate, tracciando un segno sul contrassegno di una di tali liste;\u00a0<\/li>\n<li>votare disgiuntamente per un\/a candidato\/a alla carica di presidente della Giunta regionale, tracciando un segno sul relativo rettangolo, e per una delle altre liste a esso non collegate, tracciando un segno sul contrassegno di una di tali liste.\u00a0<\/li>\n<\/ul>\n<p>Si pu\u00f2 esprimere, nelle apposite righe della scheda, uno o due voti di preferenza (doppia preferenza di genere) per i\/le candidati\/e a consigliere regionale, scrivendo il cognome (o il cognome e nome) del\/la candidato\/a o dei due candidati compresi nella stessa lista.<\/p>\n<p><a class=\"a2a_button_facebook\" href=\"https:\/\/www.addtoany.com\/add_to\/facebook?linkurl=https%3A%2F%2Fcassano.lavocedelpaese.info%2Felezioni-regionali-urne-aperte-a-cassano%2F&amp;linkname=Elezioni%20Regionali%3A%20urne%20aperte%20a%20Cassano\" title=\"Facebook\" rel=\"nofollow noopener\" target=\"_blank\"><\/a><a class=\"a2a_button_twitter\" href=\"https:\/\/www.addtoany.com\/add_to\/twitter?linkurl=https%3A%2F%2Fcassano.lavocedelpaese.info%2Felezioni-regionali-urne-aperte-a-cassano%2F&amp;linkname=Elezioni%20Regionali%3A%20urne%20aperte%20a%20Cassano\" title=\"Twitter\" rel=\"nofollow noopener\" target=\"_blank\"><\/a><a class=\"a2a_button_whatsapp\" href=\"https:\/\/www.addtoany.com\/add_to\/whatsapp?linkurl=https%3A%2F%2Fcassano.lavocedelpaese.info%2Felezioni-regionali-urne-aperte-a-cassano%2F&amp;linkname=Elezioni%20Regionali%3A%20urne%20aperte%20a%20Cassano\" title=\"WhatsApp\" rel=\"nofollow noopener\" target=\"_blank\"><\/a><a class=\"a2a_button_telegram\" href=\"https:\/\/www.addtoany.com\/add_to\/telegram?linkurl=https%3A%2F%2Fcassano.lavocedelpaese.info%2Felezioni-regionali-urne-aperte-a-cassano%2F&amp;linkname=Elezioni%20Regionali%3A%20urne%20aperte%20a%20Cassano\" title=\"Telegram\" rel=\"nofollow noopener\" target=\"_blank\"><\/a><a class=\"a2a_button_email\" href=\"https:\/\/www.addtoany.com\/add_to\/email?linkurl=https%3A%2F%2Fcassano.lavocedelpaese.info%2Felezioni-regionali-urne-aperte-a-cassano%2F&amp;linkname=Elezioni%20Regionali%3A%20urne%20aperte%20a%20Cassano\" title=\"Email\" rel=\"nofollow noopener\" target=\"_blank\"><\/a><\/p>\n<p>\u00a0<\/p>\n<p>\u00a0<\/p>\n<p>\u200b\u00a0\u00a0\u00a0<\/p>","protected":false},"excerpt":{"rendered":"<p>\u00a0 \u200b\u00a0 \u200b\u00a0 Aperte dalle ore 7.00 e fino alle ore 23.00 di oggi le urne nelle 14 sezioni elettorali<\/p>\n","protected":false},"author":6,"featured_media":730,"comment_status":"open","ping_status":"closed","sticky":false,"template":"","format":"standard","meta":{"colormag_page_container_layout":"default_layout","colormag_page_sidebar_layout":"default_layout","footnotes":""},"categories":[33],"tags":[],"class_list":["post-10248","post","type-post","status-publish","format-standard","has-post-thumbnail","hentry","category-network"],"yoast_head":"<!-- This site is optimized with the Yoast SEO plugin v27.5 - https:\/\/yoast.com\/product\/yoast-seo-wordpress\/ -->\n<title>Elezioni Regionali: urne aperte a Cassano\u00a0\u200b - La Voce del Paese<\/title>\n<meta name=\"robots\" content=\"index, follow, max-snippet:-1, max-image-preview:large, max-video-preview:-1\" \/>\n<link rel=\"canonical\" href=\"https:\/\/lavocedelpaese.info\/index.php\/2025\/11\/23\/elezioni-regionali-urne-aperte-a-cassano\/\" \/>\n<meta property=\"og:locale\" content=\"it_IT\" \/>\n<meta property=\"og:type\" content=\"article\" \/>\n<meta property=\"og:title\" content=\"Elezioni Regionali: urne aperte a Cassano\u00a0\u200b - La Voce del Paese\" \/>\n<meta property=\"og:description\" content=\"\u00a0 \u200b\u00a0 \u200b\u00a0 Aperte dalle ore 7.00 e fino alle ore 23.00 di oggi le urne nelle 14 sezioni elettorali\" \/>\n<meta property=\"og:url\" content=\"https:\/\/lavocedelpaese.info\/index.php\/2025\/11\/23\/elezioni-regionali-urne-aperte-a-cassano\/\" \/>\n<meta property=\"og:site_name\" content=\"La Voce del Paese\" \/>\n<meta property=\"article:publisher\" content=\"https:\/\/www.facebook.com\/lavocedelpaese.info\" \/>\n<meta property=\"article:published_time\" content=\"2025-11-23T08:19:29+00:00\" \/>\n<meta name=\"author\" content=\"admin\" \/>\n<meta name=\"twitter:card\" content=\"summary_large_image\" \/>\n<meta name=\"twitter:label1\" content=\"Scritto da\" \/>\n\t<meta name=\"twitter:data1\" content=\"admin\" \/>\n\t<meta name=\"twitter:label2\" content=\"Tempo di lettura stimato\" \/>\n\t<meta name=\"twitter:data2\" content=\"3 minuti\" \/>\n<script type=\"application\/ld+json\" class=\"yoast-schema-graph\">{\"@context\":\"https:\\\/\\\/schema.org\",\"@graph\":[{\"@type\":\"Article\",\"@id\":\"https:\\\/\\\/lavocedelpaese.info\\\/index.php\\\/2025\\\/11\\\/23\\\/elezioni-regionali-urne-aperte-a-cassano\\\/#article\",\"isPartOf\":{\"@id\":\"https:\\\/\\\/lavocedelpaese.info\\\/index.php\\\/2025\\\/11\\\/23\\\/elezioni-regionali-urne-aperte-a-cassano\\\/\"},\"author\":{\"name\":\"admin\",\"@id\":\"https:\\\/\\\/lavocedelpaese.info\\\/#\\\/schema\\\/person\\\/ec151d321306bd7591f7a061abf72d88\"},\"headline\":\"Elezioni Regionali: urne aperte a Cassano\u00a0\u200b\",\"datePublished\":\"2025-11-23T08:19:29+00:00\",\"mainEntityOfPage\":{\"@id\":\"https:\\\/\\\/lavocedelpaese.info\\\/index.php\\\/2025\\\/11\\\/23\\\/elezioni-regionali-urne-aperte-a-cassano\\\/\"},\"wordCount\":545,\"commentCount\":0,\"publisher\":{\"@id\":\"https:\\\/\\\/lavocedelpaese.info\\\/#organization\"},\"image\":{\"@id\":\"https:\\\/\\\/lavocedelpaese.info\\\/index.php\\\/2025\\\/11\\\/23\\\/elezioni-regionali-urne-aperte-a-cassano\\\/#primaryimage\"},\"thumbnailUrl\":\"https:\\\/\\\/lavocedelpaese.info\\\/wp-content\\\/uploads\\\/2023\\\/01\\\/logo-150-127.png\",\"articleSection\":[\"network\"],\"inLanguage\":\"it-IT\",\"potentialAction\":[{\"@type\":\"CommentAction\",\"name\":\"Comment\",\"target\":[\"https:\\\/\\\/lavocedelpaese.info\\\/index.php\\\/2025\\\/11\\\/23\\\/elezioni-regionali-urne-aperte-a-cassano\\\/#respond\"]}]},{\"@type\":\"WebPage\",\"@id\":\"https:\\\/\\\/lavocedelpaese.info\\\/index.php\\\/2025\\\/11\\\/23\\\/elezioni-regionali-urne-aperte-a-cassano\\\/\",\"url\":\"https:\\\/\\\/lavocedelpaese.info\\\/index.php\\\/2025\\\/11\\\/23\\\/elezioni-regionali-urne-aperte-a-cassano\\\/\",\"name\":\"Elezioni Regionali: urne aperte a Cassano\u00a0\u200b - La Voce del Paese\",\"isPartOf\":{\"@id\":\"https:\\\/\\\/lavocedelpaese.info\\\/#website\"},\"primaryImageOfPage\":{\"@id\":\"https:\\\/\\\/lavocedelpaese.info\\\/index.php\\\/2025\\\/11\\\/23\\\/elezioni-regionali-urne-aperte-a-cassano\\\/#primaryimage\"},\"image\":{\"@id\":\"https:\\\/\\\/lavocedelpaese.info\\\/index.php\\\/2025\\\/11\\\/23\\\/elezioni-regionali-urne-aperte-a-cassano\\\/#primaryimage\"},\"thumbnailUrl\":\"https:\\\/\\\/lavocedelpaese.info\\\/wp-content\\\/uploads\\\/2023\\\/01\\\/logo-150-127.png\",\"datePublished\":\"2025-11-23T08:19:29+00:00\",\"breadcrumb\":{\"@id\":\"https:\\\/\\\/lavocedelpaese.info\\\/index.php\\\/2025\\\/11\\\/23\\\/elezioni-regionali-urne-aperte-a-cassano\\\/#breadcrumb\"},\"inLanguage\":\"it-IT\",\"potentialAction\":[{\"@type\":\"ReadAction\",\"target\":[\"https:\\\/\\\/lavocedelpaese.info\\\/index.php\\\/2025\\\/11\\\/23\\\/elezioni-regionali-urne-aperte-a-cassano\\\/\"]}]},{\"@type\":\"ImageObject\",\"inLanguage\":\"it-IT\",\"@id\":\"https:\\\/\\\/lavocedelpaese.info\\\/index.php\\\/2025\\\/11\\\/23\\\/elezioni-regionali-urne-aperte-a-cassano\\\/#primaryimage\",\"url\":\"https:\\\/\\\/lavocedelpaese.info\\\/wp-content\\\/uploads\\\/2023\\\/01\\\/logo-150-127.png\",\"contentUrl\":\"https:\\\/\\\/lavocedelpaese.info\\\/wp-content\\\/uploads\\\/2023\\\/01\\\/logo-150-127.png\",\"width\":150,\"height\":127},{\"@type\":\"BreadcrumbList\",\"@id\":\"https:\\\/\\\/lavocedelpaese.info\\\/index.php\\\/2025\\\/11\\\/23\\\/elezioni-regionali-urne-aperte-a-cassano\\\/#breadcrumb\",\"itemListElement\":[{\"@type\":\"ListItem\",\"position\":1,\"name\":\"Home\",\"item\":\"https:\\\/\\\/lavocedelpaese.info\\\/\"},{\"@type\":\"ListItem\",\"position\":2,\"name\":\"Elezioni Regionali: urne aperte a Cassano\u00a0\u200b\"}]},{\"@type\":\"WebSite\",\"@id\":\"https:\\\/\\\/lavocedelpaese.info\\\/#website\",\"url\":\"https:\\\/\\\/lavocedelpaese.info\\\/\",\"name\":\"La Voce del Paese\",\"description\":\"Un network di idee\",\"publisher\":{\"@id\":\"https:\\\/\\\/lavocedelpaese.info\\\/#organization\"},\"potentialAction\":[{\"@type\":\"SearchAction\",\"target\":{\"@type\":\"EntryPoint\",\"urlTemplate\":\"https:\\\/\\\/lavocedelpaese.info\\\/?s={search_term_string}\"},\"query-input\":{\"@type\":\"PropertyValueSpecification\",\"valueRequired\":true,\"valueName\":\"search_term_string\"}}],\"inLanguage\":\"it-IT\"},{\"@type\":\"Organization\",\"@id\":\"https:\\\/\\\/lavocedelpaese.info\\\/#organization\",\"name\":\"La Voce del Paese\",\"url\":\"https:\\\/\\\/lavocedelpaese.info\\\/\",\"logo\":{\"@type\":\"ImageObject\",\"inLanguage\":\"it-IT\",\"@id\":\"https:\\\/\\\/lavocedelpaese.info\\\/#\\\/schema\\\/logo\\\/image\\\/\",\"url\":\"https:\\\/\\\/lavocedelpaese.info\\\/wp-content\\\/uploads\\\/2023\\\/01\\\/cropped-logo-150-127.png\",\"contentUrl\":\"https:\\\/\\\/lavocedelpaese.info\\\/wp-content\\\/uploads\\\/2023\\\/01\\\/cropped-logo-150-127.png\",\"width\":137,\"height\":119,\"caption\":\"La Voce del Paese\"},\"image\":{\"@id\":\"https:\\\/\\\/lavocedelpaese.info\\\/#\\\/schema\\\/logo\\\/image\\\/\"},\"sameAs\":[\"https:\\\/\\\/www.facebook.com\\\/lavocedelpaese.info\"]},{\"@type\":\"Person\",\"@id\":\"https:\\\/\\\/lavocedelpaese.info\\\/#\\\/schema\\\/person\\\/ec151d321306bd7591f7a061abf72d88\",\"name\":\"admin\",\"image\":{\"@type\":\"ImageObject\",\"inLanguage\":\"it-IT\",\"@id\":\"https:\\\/\\\/secure.gravatar.com\\\/avatar\\\/af8f2caf0663124588de48a9380e07cbc95a74ef15b8062d0d39106c32fe3023?s=96&d=mm&r=g\",\"url\":\"https:\\\/\\\/secure.gravatar.com\\\/avatar\\\/af8f2caf0663124588de48a9380e07cbc95a74ef15b8062d0d39106c32fe3023?s=96&d=mm&r=g\",\"contentUrl\":\"https:\\\/\\\/secure.gravatar.com\\\/avatar\\\/af8f2caf0663124588de48a9380e07cbc95a74ef15b8062d0d39106c32fe3023?s=96&d=mm&r=g\",\"caption\":\"admin\"},\"sameAs\":[\"https:\\\/\\\/lavocedelpaese.info\"],\"url\":\"https:\\\/\\\/lavocedelpaese.info\\\/index.php\\\/author\\\/admin\\\/\"}]}<\/script>\n<!-- \/ Yoast SEO plugin. -->","yoast_head_json":{"title":"Elezioni Regionali: urne aperte a Cassano\u00a0\u200b - La Voce del Paese","robots":{"index":"index","follow":"follow","max-snippet":"max-snippet:-1","max-image-preview":"max-image-preview:large","max-video-preview":"max-video-preview:-1"},"canonical":"https:\/\/lavocedelpaese.info\/index.php\/2025\/11\/23\/elezioni-regionali-urne-aperte-a-cassano\/","og_locale":"it_IT","og_type":"article","og_title":"Elezioni Regionali: urne aperte a Cassano\u00a0\u200b - La Voce del Paese","og_description":"\u00a0 \u200b\u00a0 \u200b\u00a0 Aperte dalle ore 7.00 e fino alle ore 23.00 di oggi le urne nelle 14 sezioni elettorali","og_url":"https:\/\/lavocedelpaese.info\/index.php\/2025\/11\/23\/elezioni-regionali-urne-aperte-a-cassano\/","og_site_name":"La Voce del Paese","article_publisher":"https:\/\/www.facebook.com\/lavocedelpaese.info","article_published_time":"2025-11-23T08:19:29+00:00","author":"admin","twitter_card":"summary_large_image","twitter_misc":{"Scritto da":"admin","Tempo di lettura stimato":"3 minuti"},"schema":{"@context":"https:\/\/schema.org","@graph":[{"@type":"Article","@id":"https:\/\/lavocedelpaese.info\/index.php\/2025\/11\/23\/elezioni-regionali-urne-aperte-a-cassano\/#article","isPartOf":{"@id":"https:\/\/lavocedelpaese.info\/index.php\/2025\/11\/23\/elezioni-regionali-urne-aperte-a-cassano\/"},"author":{"name":"admin","@id":"https:\/\/lavocedelpaese.info\/#\/schema\/person\/ec151d321306bd7591f7a061abf72d88"},"headline":"Elezioni Regionali: urne aperte a Cassano\u00a0\u200b","datePublished":"2025-11-23T08:19:29+00:00","mainEntityOfPage":{"@id":"https:\/\/lavocedelpaese.info\/index.php\/2025\/11\/23\/elezioni-regionali-urne-aperte-a-cassano\/"},"wordCount":545,"commentCount":0,"publisher":{"@id":"https:\/\/lavocedelpaese.info\/#organization"},"image":{"@id":"https:\/\/lavocedelpaese.info\/index.php\/2025\/11\/23\/elezioni-regionali-urne-aperte-a-cassano\/#primaryimage"},"thumbnailUrl":"https:\/\/lavocedelpaese.info\/wp-content\/uploads\/2023\/01\/logo-150-127.png","articleSection":["network"],"inLanguage":"it-IT","potentialAction":[{"@type":"CommentAction","name":"Comment","target":["https:\/\/lavocedelpaese.info\/index.php\/2025\/11\/23\/elezioni-regionali-urne-aperte-a-cassano\/#respond"]}]},{"@type":"WebPage","@id":"https:\/\/lavocedelpaese.info\/index.php\/2025\/11\/23\/elezioni-regionali-urne-aperte-a-cassano\/","url":"https:\/\/lavocedelpaese.info\/index.php\/2025\/11\/23\/elezioni-regionali-urne-aperte-a-cassano\/","name":"Elezioni Regionali: urne aperte a Cassano\u00a0\u200b - La Voce del Paese","isPartOf":{"@id":"https:\/\/lavocedelpaese.info\/#website"},"primaryImageOfPage":{"@id":"https:\/\/lavocedelpaese.info\/index.php\/2025\/11\/23\/elezioni-regionali-urne-aperte-a-cassano\/#primaryimage"},"image":{"@id":"https:\/\/lavocedelpaese.info\/index.php\/2025\/11\/23\/elezioni-regionali-urne-aperte-a-cassano\/#primaryimage"},"thumbnailUrl":"https:\/\/lavocedelpaese.info\/wp-content\/uploads\/2023\/01\/logo-150-127.png","datePublished":"2025-11-23T08:19:29+00:00","breadcrumb":{"@id":"https:\/\/lavocedelpaese.info\/index.php\/2025\/11\/23\/elezioni-regionali-urne-aperte-a-cassano\/#breadcrumb"},"inLanguage":"it-IT","potentialAction":[{"@type":"ReadAction","target":["https:\/\/lavocedelpaese.info\/index.php\/2025\/11\/23\/elezioni-regionali-urne-aperte-a-cassano\/"]}]},{"@type":"ImageObject","inLanguage":"it-IT","@id":"https:\/\/lavocedelpaese.info\/index.php\/2025\/11\/23\/elezioni-regionali-urne-aperte-a-cassano\/#primaryimage","url":"https:\/\/lavocedelpaese.info\/wp-content\/uploads\/2023\/01\/logo-150-127.png","contentUrl":"https:\/\/lavocedelpaese.info\/wp-content\/uploads\/2023\/01\/logo-150-127.png","width":150,"height":127},{"@type":"BreadcrumbList","@id":"https:\/\/lavocedelpaese.info\/index.php\/2025\/11\/23\/elezioni-regionali-urne-aperte-a-cassano\/#breadcrumb","itemListElement":[{"@type":"ListItem","position":1,"name":"Home","item":"https:\/\/lavocedelpaese.info\/"},{"@type":"ListItem","position":2,"name":"Elezioni Regionali: urne aperte a Cassano\u00a0\u200b"}]},{"@type":"WebSite","@id":"https:\/\/lavocedelpaese.info\/#website","url":"https:\/\/lavocedelpaese.info\/","name":"La Voce del Paese","description":"Un network di idee","publisher":{"@id":"https:\/\/lavocedelpaese.info\/#organization"},"potentialAction":[{"@type":"SearchAction","target":{"@type":"EntryPoint","urlTemplate":"https:\/\/lavocedelpaese.info\/?s={search_term_string}"},"query-input":{"@type":"PropertyValueSpecification","valueRequired":true,"valueName":"search_term_string"}}],"inLanguage":"it-IT"},{"@type":"Organization","@id":"https:\/\/lavocedelpaese.info\/#organization","name":"La Voce del Paese","url":"https:\/\/lavocedelpaese.info\/","logo":{"@type":"ImageObject","inLanguage":"it-IT","@id":"https:\/\/lavocedelpaese.info\/#\/schema\/logo\/image\/","url":"https:\/\/lavocedelpaese.info\/wp-content\/uploads\/2023\/01\/cropped-logo-150-127.png","contentUrl":"https:\/\/lavocedelpaese.info\/wp-content\/uploads\/2023\/01\/cropped-logo-150-127.png","width":137,"height":119,"caption":"La Voce del Paese"},"image":{"@id":"https:\/\/lavocedelpaese.info\/#\/schema\/logo\/image\/"},"sameAs":["https:\/\/www.facebook.com\/lavocedelpaese.info"]},{"@type":"Person","@id":"https:\/\/lavocedelpaese.info\/#\/schema\/person\/ec151d321306bd7591f7a061abf72d88","name":"admin","image":{"@type":"ImageObject","inLanguage":"it-IT","@id":"https:\/\/secure.gravatar.com\/avatar\/af8f2caf0663124588de48a9380e07cbc95a74ef15b8062d0d39106c32fe3023?s=96&d=mm&r=g","url":"https:\/\/secure.gravatar.com\/avatar\/af8f2caf0663124588de48a9380e07cbc95a74ef15b8062d0d39106c32fe3023?s=96&d=mm&r=g","contentUrl":"https:\/\/secure.gravatar.com\/avatar\/af8f2caf0663124588de48a9380e07cbc95a74ef15b8062d0d39106c32fe3023?s=96&d=mm&r=g","caption":"admin"},"sameAs":["https:\/\/lavocedelpaese.info"],"url":"https:\/\/lavocedelpaese.info\/index.php\/author\/admin\/"}]}},"_links":{"self":[{"href":"https:\/\/lavocedelpaese.info\/index.php\/wp-json\/wp\/v2\/posts\/10248","targetHints":{"allow":["GET"]}}],"collection":[{"href":"https:\/\/lavocedelpaese.info\/index.php\/wp-json\/wp\/v2\/posts"}],"about":[{"href":"https:\/\/lavocedelpaese.info\/index.php\/wp-json\/wp\/v2\/types\/post"}],"author":[{"embeddable":true,"href":"https:\/\/lavocedelpaese.info\/index.php\/wp-json\/wp\/v2\/users\/6"}],"replies":[{"embeddable":true,"href":"https:\/\/lavocedelpaese.info\/index.php\/wp-json\/wp\/v2\/comments?post=10248"}],"version-history":[{"count":0,"href":"https:\/\/lavocedelpaese.info\/index.php\/wp-json\/wp\/v2\/posts\/10248\/revisions"}],"wp:featuredmedia":[{"embeddable":true,"href":"https:\/\/lavocedelpaese.info\/index.php\/wp-json\/wp\/v2\/media\/730"}],"wp:attachment":[{"href":"https:\/\/lavocedelpaese.info\/index.php\/wp-json\/wp\/v2\/media?parent=10248"}],"wp:term":[{"taxonomy":"category","embeddable":true,"href":"https:\/\/lavocedelpaese.info\/index.php\/wp-json\/wp\/v2\/categories?post=10248"},{"taxonomy":"post_tag","embeddable":true,"href":"https:\/\/lavocedelpaese.info\/index.php\/wp-json\/wp\/v2\/tags?post=10248"}],"curies":[{"name":"wp","href":"https:\/\/api.w.org\/{rel}","templated":true}]}}