{"id":10246,"date":"2025-11-22T20:14:20","date_gmt":"2025-11-22T20:14:20","guid":{"rendered":"https:\/\/lavocedelpaese.info\/index.php\/2025\/11\/22\/a3-joy-volley-fa-visita-al-neopromosso-galatone\/"},"modified":"2025-11-22T20:14:20","modified_gmt":"2025-11-22T20:14:20","slug":"a3-joy-volley-fa-visita-al-neopromosso-galatone","status":"publish","type":"post","link":"https:\/\/lavocedelpaese.info\/index.php\/2025\/11\/22\/a3-joy-volley-fa-visita-al-neopromosso-galatone\/","title":{"rendered":"A3. Joy Volley fa visita al neopromosso Galatone\u00a0\u200b"},"content":{"rendered":"<p>\u00a0<\/p>\n<p>\u200b\u00a0<\/p>\n<p>\u200b\u00a0<\/p>\n<p><img decoding=\"async\" class=\"size-full wp-image-7121 alignleft\" src=\"https:\/\/gioia.lavocedelpaese.info\/wp-content\/uploads\/2025\/11\/Timeout-Racaniello-JV.jpeg\" alt=\"\" width=\"400\" height=\"267\"\/>Un derby per ritrovare slancio e fiducia. La Joy Volley Gioia del Colle sar\u00e0 impegnata domani, alle ore 20.30, nella seconda trasferta salentina della stagione sul campo del Green Volley Galatone, al PalaSport di Galatone, neopromossa in Serie A3 Credem Banca, nella gara valida per la 5\u00aa giornata di campionato.<\/p>\n<p>I biancorossi di coach Francesco Racaniello arrivano all\u2019appuntamento consapevoli di dover dare una svolta al proprio cammino. Nell\u2019ultimo turno al PalaCapurso, contro Sabaudia, capitan Mariano e compagni hanno mostrato una reazione d\u2019orgoglio, cedendo solo al termine di un lunghissimo e combattuto tie-break. Il punto conquistato ha rappresentato un primo segnale di risveglio, ma in casa Joy Volley tutti sanno che non basta: serviranno maggiore continuit\u00e0, lucidit\u00e0 nei momenti chiave e quella dose di cinismo indispensabile per trasformare le buone prestazioni in vittorie.<\/p>\n<p>In terra leccese l\u2019obiettivo \u00e8 chiaro: centrare quel successo tanto atteso che possa rappresentare la scintilla per uscire dal tunnel e rilanciare la corsa in classifica. La squadra \u00e8 chiamata a compiere un ulteriore passo in avanti in termini di consapevolezza nei propri mezzi e solidit\u00e0 mentale, capitalizzando quanto di positivo si \u00e8 intravisto nelle ultime uscite.<\/p>\n<p>Di fronte ci sar\u00e0 una Green Volley Galatone all\u2019esordio assoluto in Serie A3 Credem Banca. Sulle ali dell\u2019entusiasmo per una stagione esaltante che lo scorso anno ha fruttato promozione e Coppa Italia, il club salentino affronta un torneo impegnativo con un obiettivo dichiarato: la salvezza. La formazione guidata da coach Fabrizio Licchelli, tecnico di grande esperienza ed ex Casarano, pu\u00f2 contare su un organico di valore per la categoria. In cabina di regia si alterneranno i palleggiatori Kindgard e De Giorgi, mentre in posto due spicca l\u2019opposto cubano Padura Diaz, volto noto del volley pugliese e profondo conoscitore della Serie A, avendo gi\u00e0 vestito in passato le maglie della Prisma Taranto e della Just British Bari.<\/p>\n<p>Un avversario motivato e determinato, dunque, che rende il derby ancora pi\u00f9 insidioso e al tempo stesso stimolante per la Joy Volley. Anche a Galatone, per\u00f2, non mancher\u00e0 il supporto della Gradinata 3M: il gruppo organizzato del tifo biancorosso \u00e8 pronto a seguire la squadra in trasferta e a far sentire la propria voce nei momenti pi\u00f9 delicati del match, confermandosi una risorsa preziosa sul piano emotivo ed ambientale.<\/p>\n<p>A fare il punto sul momento della squadra \u00e8 il centrale biancorosso Sandi Persoglia: \u00abNon stiamo attraversando un periodo felice e ne siamo pienamente consapevoli. Non cerchiamo alibi, dobbiamo dare tutti qualcosa di pi\u00f9. Abbiamo conquistato un punto importante contro Sabaudia, che ci ha dato un po\u2019 di morale rispetto alle precedenti sfide, ma ora l\u2019obiettivo \u00e8 uno solo: tornare a vincere\u00bb. Parole che fotografano con lucidit\u00e0 lo stato d\u2019animo del gruppo e la determinazione con cui la Joy Volley si prepara al derby.<\/p>\n<p>In un clima da derby e con in palio punti pesantissimi per la classifica, la Joy Volley \u00e8 chiamata a trasformare la reazione mostrata contro Sabaudia in un risultato concreto, per dare finalmente alla propria stagione la svolta tanto attesa.<\/p>\n<p><strong>Christian Cesario<\/strong><\/p>\n<p><strong>Ufficio Stampa Joy Volley Gioia<\/strong><\/p>\n<p><a class=\"a2a_button_facebook\" href=\"https:\/\/www.addtoany.com\/add_to\/facebook?linkurl=https%3A%2F%2Fgioia.lavocedelpaese.info%2Findex.php%2F2025%2F11%2F22%2Fa3-joy-volley-fa-visita-al-neopromosso-galatone%2F&amp;linkname=A3.%20Joy%20Volley%20fa%20visita%20al%20neopromosso%20Galatone\" title=\"Facebook\" rel=\"nofollow noopener\" target=\"_blank\"><\/a><a class=\"a2a_button_twitter\" href=\"https:\/\/www.addtoany.com\/add_to\/twitter?linkurl=https%3A%2F%2Fgioia.lavocedelpaese.info%2Findex.php%2F2025%2F11%2F22%2Fa3-joy-volley-fa-visita-al-neopromosso-galatone%2F&amp;linkname=A3.%20Joy%20Volley%20fa%20visita%20al%20neopromosso%20Galatone\" title=\"Twitter\" rel=\"nofollow noopener\" target=\"_blank\"><\/a><a class=\"a2a_button_whatsapp\" href=\"https:\/\/www.addtoany.com\/add_to\/whatsapp?linkurl=https%3A%2F%2Fgioia.lavocedelpaese.info%2Findex.php%2F2025%2F11%2F22%2Fa3-joy-volley-fa-visita-al-neopromosso-galatone%2F&amp;linkname=A3.%20Joy%20Volley%20fa%20visita%20al%20neopromosso%20Galatone\" title=\"WhatsApp\" rel=\"nofollow noopener\" target=\"_blank\"><\/a><a class=\"a2a_button_telegram\" href=\"https:\/\/www.addtoany.com\/add_to\/telegram?linkurl=https%3A%2F%2Fgioia.lavocedelpaese.info%2Findex.php%2F2025%2F11%2F22%2Fa3-joy-volley-fa-visita-al-neopromosso-galatone%2F&amp;linkname=A3.%20Joy%20Volley%20fa%20visita%20al%20neopromosso%20Galatone\" title=\"Telegram\" rel=\"nofollow noopener\" target=\"_blank\"><\/a><a class=\"a2a_button_email\" href=\"https:\/\/www.addtoany.com\/add_to\/email?linkurl=https%3A%2F%2Fgioia.lavocedelpaese.info%2Findex.php%2F2025%2F11%2F22%2Fa3-joy-volley-fa-visita-al-neopromosso-galatone%2F&amp;linkname=A3.%20Joy%20Volley%20fa%20visita%20al%20neopromosso%20Galatone\" title=\"Email\" rel=\"nofollow noopener\" target=\"_blank\"><\/a><\/p>\n<p>\u00a0<\/p>\n<p>\u00a0<\/p>\n<p>\u200b\u00a0\u00a0\u00a0<\/p>","protected":false},"excerpt":{"rendered":"<p>\u00a0 \u200b\u00a0 \u200b\u00a0 Un derby per ritrovare slancio e fiducia. La Joy Volley Gioia del Colle sar\u00e0 impegnata domani, alle<\/p>\n","protected":false},"author":6,"featured_media":10247,"comment_status":"open","ping_status":"closed","sticky":false,"template":"","format":"standard","meta":{"colormag_page_container_layout":"default_layout","colormag_page_sidebar_layout":"default_layout","footnotes":""},"categories":[33],"tags":[],"class_list":["post-10246","post","type-post","status-publish","format-standard","has-post-thumbnail","hentry","category-network"],"yoast_head":"<!-- This site is optimized with the Yoast SEO plugin v27.5 - https:\/\/yoast.com\/product\/yoast-seo-wordpress\/ -->\n<title>A3. Joy Volley fa visita al neopromosso Galatone\u00a0\u200b - La Voce del Paese<\/title>\n<meta name=\"robots\" content=\"index, follow, max-snippet:-1, max-image-preview:large, max-video-preview:-1\" \/>\n<link rel=\"canonical\" href=\"https:\/\/lavocedelpaese.info\/index.php\/2025\/11\/22\/a3-joy-volley-fa-visita-al-neopromosso-galatone\/\" \/>\n<meta property=\"og:locale\" content=\"it_IT\" \/>\n<meta property=\"og:type\" content=\"article\" \/>\n<meta property=\"og:title\" content=\"A3. Joy Volley fa visita al neopromosso Galatone\u00a0\u200b - La Voce del Paese\" \/>\n<meta property=\"og:description\" content=\"\u00a0 \u200b\u00a0 \u200b\u00a0 Un derby per ritrovare slancio e fiducia. La Joy Volley Gioia del Colle sar\u00e0 impegnata domani, alle\" \/>\n<meta property=\"og:url\" content=\"https:\/\/lavocedelpaese.info\/index.php\/2025\/11\/22\/a3-joy-volley-fa-visita-al-neopromosso-galatone\/\" \/>\n<meta property=\"og:site_name\" content=\"La Voce del Paese\" \/>\n<meta property=\"article:publisher\" content=\"https:\/\/www.facebook.com\/lavocedelpaese.info\" \/>\n<meta property=\"article:published_time\" content=\"2025-11-22T20:14:20+00:00\" \/>\n<meta name=\"author\" content=\"admin\" \/>\n<meta name=\"twitter:card\" content=\"summary_large_image\" \/>\n<meta name=\"twitter:label1\" content=\"Scritto da\" \/>\n\t<meta name=\"twitter:data1\" content=\"admin\" \/>\n\t<meta name=\"twitter:label2\" content=\"Tempo di lettura stimato\" \/>\n\t<meta name=\"twitter:data2\" content=\"3 minuti\" \/>\n<script type=\"application\/ld+json\" class=\"yoast-schema-graph\">{\"@context\":\"https:\\\/\\\/schema.org\",\"@graph\":[{\"@type\":\"Article\",\"@id\":\"https:\\\/\\\/lavocedelpaese.info\\\/index.php\\\/2025\\\/11\\\/22\\\/a3-joy-volley-fa-visita-al-neopromosso-galatone\\\/#article\",\"isPartOf\":{\"@id\":\"https:\\\/\\\/lavocedelpaese.info\\\/index.php\\\/2025\\\/11\\\/22\\\/a3-joy-volley-fa-visita-al-neopromosso-galatone\\\/\"},\"author\":{\"name\":\"admin\",\"@id\":\"https:\\\/\\\/lavocedelpaese.info\\\/#\\\/schema\\\/person\\\/ec151d321306bd7591f7a061abf72d88\"},\"headline\":\"A3. Joy Volley fa visita al neopromosso Galatone\u00a0\u200b\",\"datePublished\":\"2025-11-22T20:14:20+00:00\",\"mainEntityOfPage\":{\"@id\":\"https:\\\/\\\/lavocedelpaese.info\\\/index.php\\\/2025\\\/11\\\/22\\\/a3-joy-volley-fa-visita-al-neopromosso-galatone\\\/\"},\"wordCount\":513,\"commentCount\":0,\"publisher\":{\"@id\":\"https:\\\/\\\/lavocedelpaese.info\\\/#organization\"},\"image\":{\"@id\":\"https:\\\/\\\/lavocedelpaese.info\\\/index.php\\\/2025\\\/11\\\/22\\\/a3-joy-volley-fa-visita-al-neopromosso-galatone\\\/#primaryimage\"},\"thumbnailUrl\":\"https:\\\/\\\/lavocedelpaese.info\\\/wp-content\\\/uploads\\\/2025\\\/11\\\/Timeout-Racaniello-JV-sN4NjZ.jpg\",\"articleSection\":[\"network\"],\"inLanguage\":\"it-IT\",\"potentialAction\":[{\"@type\":\"CommentAction\",\"name\":\"Comment\",\"target\":[\"https:\\\/\\\/lavocedelpaese.info\\\/index.php\\\/2025\\\/11\\\/22\\\/a3-joy-volley-fa-visita-al-neopromosso-galatone\\\/#respond\"]}]},{\"@type\":\"WebPage\",\"@id\":\"https:\\\/\\\/lavocedelpaese.info\\\/index.php\\\/2025\\\/11\\\/22\\\/a3-joy-volley-fa-visita-al-neopromosso-galatone\\\/\",\"url\":\"https:\\\/\\\/lavocedelpaese.info\\\/index.php\\\/2025\\\/11\\\/22\\\/a3-joy-volley-fa-visita-al-neopromosso-galatone\\\/\",\"name\":\"A3. Joy Volley fa visita al neopromosso Galatone\u00a0\u200b - La Voce del Paese\",\"isPartOf\":{\"@id\":\"https:\\\/\\\/lavocedelpaese.info\\\/#website\"},\"primaryImageOfPage\":{\"@id\":\"https:\\\/\\\/lavocedelpaese.info\\\/index.php\\\/2025\\\/11\\\/22\\\/a3-joy-volley-fa-visita-al-neopromosso-galatone\\\/#primaryimage\"},\"image\":{\"@id\":\"https:\\\/\\\/lavocedelpaese.info\\\/index.php\\\/2025\\\/11\\\/22\\\/a3-joy-volley-fa-visita-al-neopromosso-galatone\\\/#primaryimage\"},\"thumbnailUrl\":\"https:\\\/\\\/lavocedelpaese.info\\\/wp-content\\\/uploads\\\/2025\\\/11\\\/Timeout-Racaniello-JV-sN4NjZ.jpg\",\"datePublished\":\"2025-11-22T20:14:20+00:00\",\"breadcrumb\":{\"@id\":\"https:\\\/\\\/lavocedelpaese.info\\\/index.php\\\/2025\\\/11\\\/22\\\/a3-joy-volley-fa-visita-al-neopromosso-galatone\\\/#breadcrumb\"},\"inLanguage\":\"it-IT\",\"potentialAction\":[{\"@type\":\"ReadAction\",\"target\":[\"https:\\\/\\\/lavocedelpaese.info\\\/index.php\\\/2025\\\/11\\\/22\\\/a3-joy-volley-fa-visita-al-neopromosso-galatone\\\/\"]}]},{\"@type\":\"ImageObject\",\"inLanguage\":\"it-IT\",\"@id\":\"https:\\\/\\\/lavocedelpaese.info\\\/index.php\\\/2025\\\/11\\\/22\\\/a3-joy-volley-fa-visita-al-neopromosso-galatone\\\/#primaryimage\",\"url\":\"https:\\\/\\\/lavocedelpaese.info\\\/wp-content\\\/uploads\\\/2025\\\/11\\\/Timeout-Racaniello-JV-sN4NjZ.jpg\",\"contentUrl\":\"https:\\\/\\\/lavocedelpaese.info\\\/wp-content\\\/uploads\\\/2025\\\/11\\\/Timeout-Racaniello-JV-sN4NjZ.jpg\",\"width\":1000,\"height\":667},{\"@type\":\"BreadcrumbList\",\"@id\":\"https:\\\/\\\/lavocedelpaese.info\\\/index.php\\\/2025\\\/11\\\/22\\\/a3-joy-volley-fa-visita-al-neopromosso-galatone\\\/#breadcrumb\",\"itemListElement\":[{\"@type\":\"ListItem\",\"position\":1,\"name\":\"Home\",\"item\":\"https:\\\/\\\/lavocedelpaese.info\\\/\"},{\"@type\":\"ListItem\",\"position\":2,\"name\":\"A3. Joy Volley fa visita al neopromosso Galatone\u00a0\u200b\"}]},{\"@type\":\"WebSite\",\"@id\":\"https:\\\/\\\/lavocedelpaese.info\\\/#website\",\"url\":\"https:\\\/\\\/lavocedelpaese.info\\\/\",\"name\":\"La Voce del Paese\",\"description\":\"Un network di idee\",\"publisher\":{\"@id\":\"https:\\\/\\\/lavocedelpaese.info\\\/#organization\"},\"potentialAction\":[{\"@type\":\"SearchAction\",\"target\":{\"@type\":\"EntryPoint\",\"urlTemplate\":\"https:\\\/\\\/lavocedelpaese.info\\\/?s={search_term_string}\"},\"query-input\":{\"@type\":\"PropertyValueSpecification\",\"valueRequired\":true,\"valueName\":\"search_term_string\"}}],\"inLanguage\":\"it-IT\"},{\"@type\":\"Organization\",\"@id\":\"https:\\\/\\\/lavocedelpaese.info\\\/#organization\",\"name\":\"La Voce del Paese\",\"url\":\"https:\\\/\\\/lavocedelpaese.info\\\/\",\"logo\":{\"@type\":\"ImageObject\",\"inLanguage\":\"it-IT\",\"@id\":\"https:\\\/\\\/lavocedelpaese.info\\\/#\\\/schema\\\/logo\\\/image\\\/\",\"url\":\"https:\\\/\\\/lavocedelpaese.info\\\/wp-content\\\/uploads\\\/2023\\\/01\\\/cropped-logo-150-127.png\",\"contentUrl\":\"https:\\\/\\\/lavocedelpaese.info\\\/wp-content\\\/uploads\\\/2023\\\/01\\\/cropped-logo-150-127.png\",\"width\":137,\"height\":119,\"caption\":\"La Voce del Paese\"},\"image\":{\"@id\":\"https:\\\/\\\/lavocedelpaese.info\\\/#\\\/schema\\\/logo\\\/image\\\/\"},\"sameAs\":[\"https:\\\/\\\/www.facebook.com\\\/lavocedelpaese.info\"]},{\"@type\":\"Person\",\"@id\":\"https:\\\/\\\/lavocedelpaese.info\\\/#\\\/schema\\\/person\\\/ec151d321306bd7591f7a061abf72d88\",\"name\":\"admin\",\"image\":{\"@type\":\"ImageObject\",\"inLanguage\":\"it-IT\",\"@id\":\"https:\\\/\\\/secure.gravatar.com\\\/avatar\\\/af8f2caf0663124588de48a9380e07cbc95a74ef15b8062d0d39106c32fe3023?s=96&d=mm&r=g\",\"url\":\"https:\\\/\\\/secure.gravatar.com\\\/avatar\\\/af8f2caf0663124588de48a9380e07cbc95a74ef15b8062d0d39106c32fe3023?s=96&d=mm&r=g\",\"contentUrl\":\"https:\\\/\\\/secure.gravatar.com\\\/avatar\\\/af8f2caf0663124588de48a9380e07cbc95a74ef15b8062d0d39106c32fe3023?s=96&d=mm&r=g\",\"caption\":\"admin\"},\"sameAs\":[\"https:\\\/\\\/lavocedelpaese.info\"],\"url\":\"https:\\\/\\\/lavocedelpaese.info\\\/index.php\\\/author\\\/admin\\\/\"}]}<\/script>\n<!-- \/ Yoast SEO plugin. -->","yoast_head_json":{"title":"A3. Joy Volley fa visita al neopromosso Galatone\u00a0\u200b - La Voce del Paese","robots":{"index":"index","follow":"follow","max-snippet":"max-snippet:-1","max-image-preview":"max-image-preview:large","max-video-preview":"max-video-preview:-1"},"canonical":"https:\/\/lavocedelpaese.info\/index.php\/2025\/11\/22\/a3-joy-volley-fa-visita-al-neopromosso-galatone\/","og_locale":"it_IT","og_type":"article","og_title":"A3. Joy Volley fa visita al neopromosso Galatone\u00a0\u200b - La Voce del Paese","og_description":"\u00a0 \u200b\u00a0 \u200b\u00a0 Un derby per ritrovare slancio e fiducia. La Joy Volley Gioia del Colle sar\u00e0 impegnata domani, alle","og_url":"https:\/\/lavocedelpaese.info\/index.php\/2025\/11\/22\/a3-joy-volley-fa-visita-al-neopromosso-galatone\/","og_site_name":"La Voce del Paese","article_publisher":"https:\/\/www.facebook.com\/lavocedelpaese.info","article_published_time":"2025-11-22T20:14:20+00:00","author":"admin","twitter_card":"summary_large_image","twitter_misc":{"Scritto da":"admin","Tempo di lettura stimato":"3 minuti"},"schema":{"@context":"https:\/\/schema.org","@graph":[{"@type":"Article","@id":"https:\/\/lavocedelpaese.info\/index.php\/2025\/11\/22\/a3-joy-volley-fa-visita-al-neopromosso-galatone\/#article","isPartOf":{"@id":"https:\/\/lavocedelpaese.info\/index.php\/2025\/11\/22\/a3-joy-volley-fa-visita-al-neopromosso-galatone\/"},"author":{"name":"admin","@id":"https:\/\/lavocedelpaese.info\/#\/schema\/person\/ec151d321306bd7591f7a061abf72d88"},"headline":"A3. Joy Volley fa visita al neopromosso Galatone\u00a0\u200b","datePublished":"2025-11-22T20:14:20+00:00","mainEntityOfPage":{"@id":"https:\/\/lavocedelpaese.info\/index.php\/2025\/11\/22\/a3-joy-volley-fa-visita-al-neopromosso-galatone\/"},"wordCount":513,"commentCount":0,"publisher":{"@id":"https:\/\/lavocedelpaese.info\/#organization"},"image":{"@id":"https:\/\/lavocedelpaese.info\/index.php\/2025\/11\/22\/a3-joy-volley-fa-visita-al-neopromosso-galatone\/#primaryimage"},"thumbnailUrl":"https:\/\/lavocedelpaese.info\/wp-content\/uploads\/2025\/11\/Timeout-Racaniello-JV-sN4NjZ.jpg","articleSection":["network"],"inLanguage":"it-IT","potentialAction":[{"@type":"CommentAction","name":"Comment","target":["https:\/\/lavocedelpaese.info\/index.php\/2025\/11\/22\/a3-joy-volley-fa-visita-al-neopromosso-galatone\/#respond"]}]},{"@type":"WebPage","@id":"https:\/\/lavocedelpaese.info\/index.php\/2025\/11\/22\/a3-joy-volley-fa-visita-al-neopromosso-galatone\/","url":"https:\/\/lavocedelpaese.info\/index.php\/2025\/11\/22\/a3-joy-volley-fa-visita-al-neopromosso-galatone\/","name":"A3. Joy Volley fa visita al neopromosso Galatone\u00a0\u200b - La Voce del Paese","isPartOf":{"@id":"https:\/\/lavocedelpaese.info\/#website"},"primaryImageOfPage":{"@id":"https:\/\/lavocedelpaese.info\/index.php\/2025\/11\/22\/a3-joy-volley-fa-visita-al-neopromosso-galatone\/#primaryimage"},"image":{"@id":"https:\/\/lavocedelpaese.info\/index.php\/2025\/11\/22\/a3-joy-volley-fa-visita-al-neopromosso-galatone\/#primaryimage"},"thumbnailUrl":"https:\/\/lavocedelpaese.info\/wp-content\/uploads\/2025\/11\/Timeout-Racaniello-JV-sN4NjZ.jpg","datePublished":"2025-11-22T20:14:20+00:00","breadcrumb":{"@id":"https:\/\/lavocedelpaese.info\/index.php\/2025\/11\/22\/a3-joy-volley-fa-visita-al-neopromosso-galatone\/#breadcrumb"},"inLanguage":"it-IT","potentialAction":[{"@type":"ReadAction","target":["https:\/\/lavocedelpaese.info\/index.php\/2025\/11\/22\/a3-joy-volley-fa-visita-al-neopromosso-galatone\/"]}]},{"@type":"ImageObject","inLanguage":"it-IT","@id":"https:\/\/lavocedelpaese.info\/index.php\/2025\/11\/22\/a3-joy-volley-fa-visita-al-neopromosso-galatone\/#primaryimage","url":"https:\/\/lavocedelpaese.info\/wp-content\/uploads\/2025\/11\/Timeout-Racaniello-JV-sN4NjZ.jpg","contentUrl":"https:\/\/lavocedelpaese.info\/wp-content\/uploads\/2025\/11\/Timeout-Racaniello-JV-sN4NjZ.jpg","width":1000,"height":667},{"@type":"BreadcrumbList","@id":"https:\/\/lavocedelpaese.info\/index.php\/2025\/11\/22\/a3-joy-volley-fa-visita-al-neopromosso-galatone\/#breadcrumb","itemListElement":[{"@type":"ListItem","position":1,"name":"Home","item":"https:\/\/lavocedelpaese.info\/"},{"@type":"ListItem","position":2,"name":"A3. Joy Volley fa visita al neopromosso Galatone\u00a0\u200b"}]},{"@type":"WebSite","@id":"https:\/\/lavocedelpaese.info\/#website","url":"https:\/\/lavocedelpaese.info\/","name":"La Voce del Paese","description":"Un network di idee","publisher":{"@id":"https:\/\/lavocedelpaese.info\/#organization"},"potentialAction":[{"@type":"SearchAction","target":{"@type":"EntryPoint","urlTemplate":"https:\/\/lavocedelpaese.info\/?s={search_term_string}"},"query-input":{"@type":"PropertyValueSpecification","valueRequired":true,"valueName":"search_term_string"}}],"inLanguage":"it-IT"},{"@type":"Organization","@id":"https:\/\/lavocedelpaese.info\/#organization","name":"La Voce del Paese","url":"https:\/\/lavocedelpaese.info\/","logo":{"@type":"ImageObject","inLanguage":"it-IT","@id":"https:\/\/lavocedelpaese.info\/#\/schema\/logo\/image\/","url":"https:\/\/lavocedelpaese.info\/wp-content\/uploads\/2023\/01\/cropped-logo-150-127.png","contentUrl":"https:\/\/lavocedelpaese.info\/wp-content\/uploads\/2023\/01\/cropped-logo-150-127.png","width":137,"height":119,"caption":"La Voce del Paese"},"image":{"@id":"https:\/\/lavocedelpaese.info\/#\/schema\/logo\/image\/"},"sameAs":["https:\/\/www.facebook.com\/lavocedelpaese.info"]},{"@type":"Person","@id":"https:\/\/lavocedelpaese.info\/#\/schema\/person\/ec151d321306bd7591f7a061abf72d88","name":"admin","image":{"@type":"ImageObject","inLanguage":"it-IT","@id":"https:\/\/secure.gravatar.com\/avatar\/af8f2caf0663124588de48a9380e07cbc95a74ef15b8062d0d39106c32fe3023?s=96&d=mm&r=g","url":"https:\/\/secure.gravatar.com\/avatar\/af8f2caf0663124588de48a9380e07cbc95a74ef15b8062d0d39106c32fe3023?s=96&d=mm&r=g","contentUrl":"https:\/\/secure.gravatar.com\/avatar\/af8f2caf0663124588de48a9380e07cbc95a74ef15b8062d0d39106c32fe3023?s=96&d=mm&r=g","caption":"admin"},"sameAs":["https:\/\/lavocedelpaese.info"],"url":"https:\/\/lavocedelpaese.info\/index.php\/author\/admin\/"}]}},"_links":{"self":[{"href":"https:\/\/lavocedelpaese.info\/index.php\/wp-json\/wp\/v2\/posts\/10246","targetHints":{"allow":["GET"]}}],"collection":[{"href":"https:\/\/lavocedelpaese.info\/index.php\/wp-json\/wp\/v2\/posts"}],"about":[{"href":"https:\/\/lavocedelpaese.info\/index.php\/wp-json\/wp\/v2\/types\/post"}],"author":[{"embeddable":true,"href":"https:\/\/lavocedelpaese.info\/index.php\/wp-json\/wp\/v2\/users\/6"}],"replies":[{"embeddable":true,"href":"https:\/\/lavocedelpaese.info\/index.php\/wp-json\/wp\/v2\/comments?post=10246"}],"version-history":[{"count":0,"href":"https:\/\/lavocedelpaese.info\/index.php\/wp-json\/wp\/v2\/posts\/10246\/revisions"}],"wp:featuredmedia":[{"embeddable":true,"href":"https:\/\/lavocedelpaese.info\/index.php\/wp-json\/wp\/v2\/media\/10247"}],"wp:attachment":[{"href":"https:\/\/lavocedelpaese.info\/index.php\/wp-json\/wp\/v2\/media?parent=10246"}],"wp:term":[{"taxonomy":"category","embeddable":true,"href":"https:\/\/lavocedelpaese.info\/index.php\/wp-json\/wp\/v2\/categories?post=10246"},{"taxonomy":"post_tag","embeddable":true,"href":"https:\/\/lavocedelpaese.info\/index.php\/wp-json\/wp\/v2\/tags?post=10246"}],"curies":[{"name":"wp","href":"https:\/\/api.w.org\/{rel}","templated":true}]}}