{"id":10220,"date":"2025-11-19T08:15:47","date_gmt":"2025-11-19T08:15:47","guid":{"rendered":"https:\/\/lavocedelpaese.info\/index.php\/2025\/11\/19\/culturaarmonia-inaugura-il-calendario-eventi-natale-2025-2026\/"},"modified":"2025-11-19T08:15:47","modified_gmt":"2025-11-19T08:15:47","slug":"culturaarmonia-inaugura-il-calendario-eventi-natale-2025-2026","status":"publish","type":"post","link":"https:\/\/lavocedelpaese.info\/index.php\/2025\/11\/19\/culturaarmonia-inaugura-il-calendario-eventi-natale-2025-2026\/","title":{"rendered":"Cultura&amp;Armonia inaugura il Calendario eventi Natale 2025-2026\u00a0\u200b"},"content":{"rendered":"<p>\u00a0<\/p>\n<p>\u200b\u00a0<\/p>\n<p>\u200b\u00a0<\/p>\n<div><\/div>\n<h4 class=\"wp-block-heading\"><strong>Dal 22 novembre 2025 al 6 gennaio 2026<\/strong>, <strong>un cartellone che unisce spiritualit\u00e0, cultura e comunit\u00e0<\/strong><\/h4>\n<p>La magia delle feste si accende con <strong>Cultura &amp; Armonia A.P.S.<\/strong>, che presenta all\u2019interno della sua Stagione 2025\/2026 un calendario di Natale ricco di appuntamenti che intrecciano musica, arte, letteratura, solidariet\u00e0 e tradizione. <strong>Dal 22 novembre 2025 al 6 gennaio 2026<\/strong>, Palazzo Cozzolongo e altri luoghi simbolo di Turi e del territorio si trasformeranno in scenari di bellezza e condivisione.<\/p>\n<p>Un cartellone costruito con particolare attenzione dal presidente onorario dott. <strong>Emanuele Ventura<\/strong>, che ha selezionato con cura gli eventi affinch\u00e9 ogni appuntamento potesse rappresentare al meglio l\u2019anima culturale, artistica e comunitaria dell\u2019associazione. Una scelta che riflette una visione armonica, inclusiva e radicata nella valorizzazione del territorio. Gli eventi musicali, inoltre, sono realizzati in collaborazione con il Festival del Belcanto.<\/p>\n<p>Ad aprire la rassegna, sabato 22 novembre, \u201cl\u2019Omaggio a Santa Cecilia\u201d, un concerto per arpa e voce che celebra la patrona della musica in un\u2019atmosfera intima e raffinata. Il 29 novembre sar\u00e0 la volta di \u201cVoci nell\u2019etere. La radio spegne 100 candeline\u201d, un talk dedicato al secolo di vita del mezzo che ha cambiato la comunicazione, tra memoria e innovazione.<\/p>\n<p>Dicembre sar\u00e0 un mese di eventi densi e suggestivi: dal \u201cDante di-vergente e di-vertente\u201d con il prof. Trifone Gargano (9 dicembre), appuntamento con la divulgazione dantesca in chiave brillante, al \u201cPranzo solidale per i bambini della Namibia\u201d del 14 dicembre, testimonianza concreta dell\u2019impegno sociale dell\u2019associazione.<\/p>\n<p>Il 17 dicembre, il focus si sposta sul benessere con l\u2019incontro \u201cIl labile equilibrio tra benessere e ossessione alimentare\u201d, con la dott.ssa Annalisa Giannoccaro e il dott. Domenico De Carolis. Il giorno successivo, 18 dicembre, Palazzo Cozzolongo si riempir\u00e0 della gioia dei pi\u00f9 piccoli, che vedr\u00e0 protagonisti i ragazzi della scuola di musica di Turi insieme a Babbo Natale.<\/p>\n<p>La musica torner\u00e0 protagonista con il \u201cGran Ballo a Palazzo\u201d del 22 dicembre, un omaggio al fascino del Natale barocco, seguito dal Concerto di Natale \u201cSuoni dalle due Americhe, da Gershwin a Piazzolla for Christmas\u201d del 23 dicembre presso l\u2019Auditorium Indro Montanelli.<\/p>\n<p>Gran finale con \u201cBeethoven il Mito\u201d, doppio appuntamento (29 e 30 dicembre) diretto dal maestro Ferdinando Redavid con l\u2019Opera Festival di Taranto, che far\u00e0 risuonare le note immortali del genio tedesco tra il Teatro Rossini di Gioia del Colle e l\u2019Auditorium di Turi.<\/p>\n<p>Il nuovo anno si aprir\u00e0 con un momento di arte e fede: il 5 gennaio 2026 verr\u00e0 presentato il restauro dell\u2019altare della Santissima Trinit\u00e0, impreziosito dalla scultura di Stefano da Putignano. Il giorno successivo, 6 gennaio, la tradizione popolare torner\u00e0 protagonista con la Santa Messa e il Corteo dei Magi, culminante nella distribuzione delle calze ai bambini.<\/p>\n<p>Un cartellone che unisce spiritualit\u00e0, cultura e comunit\u00e0, espressione del costante impegno di Cultura &amp; Armonia A.P.S. nel promuovere il territorio attraverso la bellezza e la partecipazione.<\/p>\n<figure class=\"wp-block-image size-large\"><img decoding=\"async\" width=\"1457\" height=\"2048\" src=\"https:\/\/turi.lavocedelpaese.info\/wp-content\/uploads\/2025\/11\/CalendarioNatale_A3-2_page-0001-1457x2048.jpg\" alt=\"\" class=\"wp-image-7893\"\/><\/figure>\n<p><a class=\"a2a_button_facebook\" href=\"https:\/\/www.addtoany.com\/add_to\/facebook?linkurl=https%3A%2F%2Fturi.lavocedelpaese.info%2Fculturaarmonia-inaugura-il-calendario-eventi-natale-2025-2026%2F&amp;linkname=Cultura%26Armonia%20inaugura%20il%20Calendario%20eventi%20Natale%202025-2026\" title=\"Facebook\" rel=\"nofollow noopener\" target=\"_blank\"><\/a><a class=\"a2a_button_twitter\" href=\"https:\/\/www.addtoany.com\/add_to\/twitter?linkurl=https%3A%2F%2Fturi.lavocedelpaese.info%2Fculturaarmonia-inaugura-il-calendario-eventi-natale-2025-2026%2F&amp;linkname=Cultura%26Armonia%20inaugura%20il%20Calendario%20eventi%20Natale%202025-2026\" title=\"Twitter\" rel=\"nofollow noopener\" target=\"_blank\"><\/a><a class=\"a2a_button_whatsapp\" href=\"https:\/\/www.addtoany.com\/add_to\/whatsapp?linkurl=https%3A%2F%2Fturi.lavocedelpaese.info%2Fculturaarmonia-inaugura-il-calendario-eventi-natale-2025-2026%2F&amp;linkname=Cultura%26Armonia%20inaugura%20il%20Calendario%20eventi%20Natale%202025-2026\" title=\"WhatsApp\" rel=\"nofollow noopener\" target=\"_blank\"><\/a><a class=\"a2a_button_telegram\" href=\"https:\/\/www.addtoany.com\/add_to\/telegram?linkurl=https%3A%2F%2Fturi.lavocedelpaese.info%2Fculturaarmonia-inaugura-il-calendario-eventi-natale-2025-2026%2F&amp;linkname=Cultura%26Armonia%20inaugura%20il%20Calendario%20eventi%20Natale%202025-2026\" title=\"Telegram\" rel=\"nofollow noopener\" target=\"_blank\"><\/a><a class=\"a2a_button_email\" href=\"https:\/\/www.addtoany.com\/add_to\/email?linkurl=https%3A%2F%2Fturi.lavocedelpaese.info%2Fculturaarmonia-inaugura-il-calendario-eventi-natale-2025-2026%2F&amp;linkname=Cultura%26Armonia%20inaugura%20il%20Calendario%20eventi%20Natale%202025-2026\" title=\"Email\" rel=\"nofollow noopener\" target=\"_blank\"><\/a><\/p>\n<p>L&#8217;articolo <a href=\"https:\/\/turi.lavocedelpaese.info\/culturaarmonia-inaugura-il-calendario-eventi-natale-2025-2026\/\">Cultura&amp;Armonia inaugura il Calendario eventi Natale 2025-2026<\/a> proviene da <a href=\"https:\/\/turi.lavocedelpaese.info\/\">Turi &#8211; La Voce del Paese<\/a>.<\/p>\n<p>\u00a0<\/p>\n<p>\u00a0<\/p>\n<p>\u200b\u00a0\u00a0\u00a0<\/p>","protected":false},"excerpt":{"rendered":"<p>\u00a0 \u200b\u00a0 \u200b\u00a0 Dal 22 novembre 2025 al 6 gennaio 2026, un cartellone che unisce spiritualit\u00e0, cultura e comunit\u00e0 La<\/p>\n","protected":false},"author":6,"featured_media":10221,"comment_status":"open","ping_status":"closed","sticky":false,"template":"","format":"standard","meta":{"colormag_page_container_layout":"default_layout","colormag_page_sidebar_layout":"default_layout","footnotes":""},"categories":[33],"tags":[],"class_list":["post-10220","post","type-post","status-publish","format-standard","has-post-thumbnail","hentry","category-network"],"yoast_head":"<!-- This site is optimized with the Yoast SEO plugin v27.5 - https:\/\/yoast.com\/product\/yoast-seo-wordpress\/ -->\n<title>Cultura&amp;Armonia inaugura il Calendario eventi Natale 2025-2026\u00a0\u200b - La Voce del Paese<\/title>\n<meta name=\"robots\" content=\"index, follow, max-snippet:-1, max-image-preview:large, max-video-preview:-1\" \/>\n<link rel=\"canonical\" href=\"https:\/\/lavocedelpaese.info\/index.php\/2025\/11\/19\/culturaarmonia-inaugura-il-calendario-eventi-natale-2025-2026\/\" \/>\n<meta property=\"og:locale\" content=\"it_IT\" \/>\n<meta property=\"og:type\" content=\"article\" \/>\n<meta property=\"og:title\" content=\"Cultura&amp;Armonia inaugura il Calendario eventi Natale 2025-2026\u00a0\u200b - La Voce del Paese\" \/>\n<meta property=\"og:description\" content=\"\u00a0 \u200b\u00a0 \u200b\u00a0 Dal 22 novembre 2025 al 6 gennaio 2026, un cartellone che unisce spiritualit\u00e0, cultura e comunit\u00e0 La\" \/>\n<meta property=\"og:url\" content=\"https:\/\/lavocedelpaese.info\/index.php\/2025\/11\/19\/culturaarmonia-inaugura-il-calendario-eventi-natale-2025-2026\/\" \/>\n<meta property=\"og:site_name\" content=\"La Voce del Paese\" \/>\n<meta property=\"article:publisher\" content=\"https:\/\/www.facebook.com\/lavocedelpaese.info\" \/>\n<meta property=\"article:published_time\" content=\"2025-11-19T08:15:47+00:00\" \/>\n<meta name=\"author\" content=\"admin\" \/>\n<meta name=\"twitter:card\" content=\"summary_large_image\" \/>\n<meta name=\"twitter:label1\" content=\"Scritto da\" \/>\n\t<meta name=\"twitter:data1\" content=\"admin\" \/>\n\t<meta name=\"twitter:label2\" content=\"Tempo di lettura stimato\" \/>\n\t<meta name=\"twitter:data2\" content=\"2 minuti\" \/>\n<script type=\"application\/ld+json\" class=\"yoast-schema-graph\">{\"@context\":\"https:\\\/\\\/schema.org\",\"@graph\":[{\"@type\":\"Article\",\"@id\":\"https:\\\/\\\/lavocedelpaese.info\\\/index.php\\\/2025\\\/11\\\/19\\\/culturaarmonia-inaugura-il-calendario-eventi-natale-2025-2026\\\/#article\",\"isPartOf\":{\"@id\":\"https:\\\/\\\/lavocedelpaese.info\\\/index.php\\\/2025\\\/11\\\/19\\\/culturaarmonia-inaugura-il-calendario-eventi-natale-2025-2026\\\/\"},\"author\":{\"name\":\"admin\",\"@id\":\"https:\\\/\\\/lavocedelpaese.info\\\/#\\\/schema\\\/person\\\/ec151d321306bd7591f7a061abf72d88\"},\"headline\":\"Cultura&amp;Armonia inaugura il Calendario eventi Natale 2025-2026\u00a0\u200b\",\"datePublished\":\"2025-11-19T08:15:47+00:00\",\"mainEntityOfPage\":{\"@id\":\"https:\\\/\\\/lavocedelpaese.info\\\/index.php\\\/2025\\\/11\\\/19\\\/culturaarmonia-inaugura-il-calendario-eventi-natale-2025-2026\\\/\"},\"wordCount\":491,\"commentCount\":0,\"publisher\":{\"@id\":\"https:\\\/\\\/lavocedelpaese.info\\\/#organization\"},\"image\":{\"@id\":\"https:\\\/\\\/lavocedelpaese.info\\\/index.php\\\/2025\\\/11\\\/19\\\/culturaarmonia-inaugura-il-calendario-eventi-natale-2025-2026\\\/#primaryimage\"},\"thumbnailUrl\":\"https:\\\/\\\/lavocedelpaese.info\\\/wp-content\\\/uploads\\\/2025\\\/11\\\/CalendarioNatale_A3-2_page-0001-1457x2048-RK1GOY.jpg\",\"articleSection\":[\"network\"],\"inLanguage\":\"it-IT\",\"potentialAction\":[{\"@type\":\"CommentAction\",\"name\":\"Comment\",\"target\":[\"https:\\\/\\\/lavocedelpaese.info\\\/index.php\\\/2025\\\/11\\\/19\\\/culturaarmonia-inaugura-il-calendario-eventi-natale-2025-2026\\\/#respond\"]}]},{\"@type\":\"WebPage\",\"@id\":\"https:\\\/\\\/lavocedelpaese.info\\\/index.php\\\/2025\\\/11\\\/19\\\/culturaarmonia-inaugura-il-calendario-eventi-natale-2025-2026\\\/\",\"url\":\"https:\\\/\\\/lavocedelpaese.info\\\/index.php\\\/2025\\\/11\\\/19\\\/culturaarmonia-inaugura-il-calendario-eventi-natale-2025-2026\\\/\",\"name\":\"Cultura&amp;Armonia inaugura il Calendario eventi Natale 2025-2026\u00a0\u200b - La Voce del Paese\",\"isPartOf\":{\"@id\":\"https:\\\/\\\/lavocedelpaese.info\\\/#website\"},\"primaryImageOfPage\":{\"@id\":\"https:\\\/\\\/lavocedelpaese.info\\\/index.php\\\/2025\\\/11\\\/19\\\/culturaarmonia-inaugura-il-calendario-eventi-natale-2025-2026\\\/#primaryimage\"},\"image\":{\"@id\":\"https:\\\/\\\/lavocedelpaese.info\\\/index.php\\\/2025\\\/11\\\/19\\\/culturaarmonia-inaugura-il-calendario-eventi-natale-2025-2026\\\/#primaryimage\"},\"thumbnailUrl\":\"https:\\\/\\\/lavocedelpaese.info\\\/wp-content\\\/uploads\\\/2025\\\/11\\\/CalendarioNatale_A3-2_page-0001-1457x2048-RK1GOY.jpg\",\"datePublished\":\"2025-11-19T08:15:47+00:00\",\"breadcrumb\":{\"@id\":\"https:\\\/\\\/lavocedelpaese.info\\\/index.php\\\/2025\\\/11\\\/19\\\/culturaarmonia-inaugura-il-calendario-eventi-natale-2025-2026\\\/#breadcrumb\"},\"inLanguage\":\"it-IT\",\"potentialAction\":[{\"@type\":\"ReadAction\",\"target\":[\"https:\\\/\\\/lavocedelpaese.info\\\/index.php\\\/2025\\\/11\\\/19\\\/culturaarmonia-inaugura-il-calendario-eventi-natale-2025-2026\\\/\"]}]},{\"@type\":\"ImageObject\",\"inLanguage\":\"it-IT\",\"@id\":\"https:\\\/\\\/lavocedelpaese.info\\\/index.php\\\/2025\\\/11\\\/19\\\/culturaarmonia-inaugura-il-calendario-eventi-natale-2025-2026\\\/#primaryimage\",\"url\":\"https:\\\/\\\/lavocedelpaese.info\\\/wp-content\\\/uploads\\\/2025\\\/11\\\/CalendarioNatale_A3-2_page-0001-1457x2048-RK1GOY.jpg\",\"contentUrl\":\"https:\\\/\\\/lavocedelpaese.info\\\/wp-content\\\/uploads\\\/2025\\\/11\\\/CalendarioNatale_A3-2_page-0001-1457x2048-RK1GOY.jpg\",\"width\":569,\"height\":800},{\"@type\":\"BreadcrumbList\",\"@id\":\"https:\\\/\\\/lavocedelpaese.info\\\/index.php\\\/2025\\\/11\\\/19\\\/culturaarmonia-inaugura-il-calendario-eventi-natale-2025-2026\\\/#breadcrumb\",\"itemListElement\":[{\"@type\":\"ListItem\",\"position\":1,\"name\":\"Home\",\"item\":\"https:\\\/\\\/lavocedelpaese.info\\\/\"},{\"@type\":\"ListItem\",\"position\":2,\"name\":\"Cultura&amp;Armonia inaugura il Calendario eventi Natale 2025-2026\u00a0\u200b\"}]},{\"@type\":\"WebSite\",\"@id\":\"https:\\\/\\\/lavocedelpaese.info\\\/#website\",\"url\":\"https:\\\/\\\/lavocedelpaese.info\\\/\",\"name\":\"La Voce del Paese\",\"description\":\"Un network di idee\",\"publisher\":{\"@id\":\"https:\\\/\\\/lavocedelpaese.info\\\/#organization\"},\"potentialAction\":[{\"@type\":\"SearchAction\",\"target\":{\"@type\":\"EntryPoint\",\"urlTemplate\":\"https:\\\/\\\/lavocedelpaese.info\\\/?s={search_term_string}\"},\"query-input\":{\"@type\":\"PropertyValueSpecification\",\"valueRequired\":true,\"valueName\":\"search_term_string\"}}],\"inLanguage\":\"it-IT\"},{\"@type\":\"Organization\",\"@id\":\"https:\\\/\\\/lavocedelpaese.info\\\/#organization\",\"name\":\"La Voce del Paese\",\"url\":\"https:\\\/\\\/lavocedelpaese.info\\\/\",\"logo\":{\"@type\":\"ImageObject\",\"inLanguage\":\"it-IT\",\"@id\":\"https:\\\/\\\/lavocedelpaese.info\\\/#\\\/schema\\\/logo\\\/image\\\/\",\"url\":\"https:\\\/\\\/lavocedelpaese.info\\\/wp-content\\\/uploads\\\/2023\\\/01\\\/cropped-logo-150-127.png\",\"contentUrl\":\"https:\\\/\\\/lavocedelpaese.info\\\/wp-content\\\/uploads\\\/2023\\\/01\\\/cropped-logo-150-127.png\",\"width\":137,\"height\":119,\"caption\":\"La Voce del Paese\"},\"image\":{\"@id\":\"https:\\\/\\\/lavocedelpaese.info\\\/#\\\/schema\\\/logo\\\/image\\\/\"},\"sameAs\":[\"https:\\\/\\\/www.facebook.com\\\/lavocedelpaese.info\"]},{\"@type\":\"Person\",\"@id\":\"https:\\\/\\\/lavocedelpaese.info\\\/#\\\/schema\\\/person\\\/ec151d321306bd7591f7a061abf72d88\",\"name\":\"admin\",\"image\":{\"@type\":\"ImageObject\",\"inLanguage\":\"it-IT\",\"@id\":\"https:\\\/\\\/secure.gravatar.com\\\/avatar\\\/af8f2caf0663124588de48a9380e07cbc95a74ef15b8062d0d39106c32fe3023?s=96&d=mm&r=g\",\"url\":\"https:\\\/\\\/secure.gravatar.com\\\/avatar\\\/af8f2caf0663124588de48a9380e07cbc95a74ef15b8062d0d39106c32fe3023?s=96&d=mm&r=g\",\"contentUrl\":\"https:\\\/\\\/secure.gravatar.com\\\/avatar\\\/af8f2caf0663124588de48a9380e07cbc95a74ef15b8062d0d39106c32fe3023?s=96&d=mm&r=g\",\"caption\":\"admin\"},\"sameAs\":[\"https:\\\/\\\/lavocedelpaese.info\"],\"url\":\"https:\\\/\\\/lavocedelpaese.info\\\/index.php\\\/author\\\/admin\\\/\"}]}<\/script>\n<!-- \/ Yoast SEO plugin. -->","yoast_head_json":{"title":"Cultura&amp;Armonia inaugura il Calendario eventi Natale 2025-2026\u00a0\u200b - La Voce del Paese","robots":{"index":"index","follow":"follow","max-snippet":"max-snippet:-1","max-image-preview":"max-image-preview:large","max-video-preview":"max-video-preview:-1"},"canonical":"https:\/\/lavocedelpaese.info\/index.php\/2025\/11\/19\/culturaarmonia-inaugura-il-calendario-eventi-natale-2025-2026\/","og_locale":"it_IT","og_type":"article","og_title":"Cultura&amp;Armonia inaugura il Calendario eventi Natale 2025-2026\u00a0\u200b - La Voce del Paese","og_description":"\u00a0 \u200b\u00a0 \u200b\u00a0 Dal 22 novembre 2025 al 6 gennaio 2026, un cartellone che unisce spiritualit\u00e0, cultura e comunit\u00e0 La","og_url":"https:\/\/lavocedelpaese.info\/index.php\/2025\/11\/19\/culturaarmonia-inaugura-il-calendario-eventi-natale-2025-2026\/","og_site_name":"La Voce del Paese","article_publisher":"https:\/\/www.facebook.com\/lavocedelpaese.info","article_published_time":"2025-11-19T08:15:47+00:00","author":"admin","twitter_card":"summary_large_image","twitter_misc":{"Scritto da":"admin","Tempo di lettura stimato":"2 minuti"},"schema":{"@context":"https:\/\/schema.org","@graph":[{"@type":"Article","@id":"https:\/\/lavocedelpaese.info\/index.php\/2025\/11\/19\/culturaarmonia-inaugura-il-calendario-eventi-natale-2025-2026\/#article","isPartOf":{"@id":"https:\/\/lavocedelpaese.info\/index.php\/2025\/11\/19\/culturaarmonia-inaugura-il-calendario-eventi-natale-2025-2026\/"},"author":{"name":"admin","@id":"https:\/\/lavocedelpaese.info\/#\/schema\/person\/ec151d321306bd7591f7a061abf72d88"},"headline":"Cultura&amp;Armonia inaugura il Calendario eventi Natale 2025-2026\u00a0\u200b","datePublished":"2025-11-19T08:15:47+00:00","mainEntityOfPage":{"@id":"https:\/\/lavocedelpaese.info\/index.php\/2025\/11\/19\/culturaarmonia-inaugura-il-calendario-eventi-natale-2025-2026\/"},"wordCount":491,"commentCount":0,"publisher":{"@id":"https:\/\/lavocedelpaese.info\/#organization"},"image":{"@id":"https:\/\/lavocedelpaese.info\/index.php\/2025\/11\/19\/culturaarmonia-inaugura-il-calendario-eventi-natale-2025-2026\/#primaryimage"},"thumbnailUrl":"https:\/\/lavocedelpaese.info\/wp-content\/uploads\/2025\/11\/CalendarioNatale_A3-2_page-0001-1457x2048-RK1GOY.jpg","articleSection":["network"],"inLanguage":"it-IT","potentialAction":[{"@type":"CommentAction","name":"Comment","target":["https:\/\/lavocedelpaese.info\/index.php\/2025\/11\/19\/culturaarmonia-inaugura-il-calendario-eventi-natale-2025-2026\/#respond"]}]},{"@type":"WebPage","@id":"https:\/\/lavocedelpaese.info\/index.php\/2025\/11\/19\/culturaarmonia-inaugura-il-calendario-eventi-natale-2025-2026\/","url":"https:\/\/lavocedelpaese.info\/index.php\/2025\/11\/19\/culturaarmonia-inaugura-il-calendario-eventi-natale-2025-2026\/","name":"Cultura&amp;Armonia inaugura il Calendario eventi Natale 2025-2026\u00a0\u200b - La Voce del Paese","isPartOf":{"@id":"https:\/\/lavocedelpaese.info\/#website"},"primaryImageOfPage":{"@id":"https:\/\/lavocedelpaese.info\/index.php\/2025\/11\/19\/culturaarmonia-inaugura-il-calendario-eventi-natale-2025-2026\/#primaryimage"},"image":{"@id":"https:\/\/lavocedelpaese.info\/index.php\/2025\/11\/19\/culturaarmonia-inaugura-il-calendario-eventi-natale-2025-2026\/#primaryimage"},"thumbnailUrl":"https:\/\/lavocedelpaese.info\/wp-content\/uploads\/2025\/11\/CalendarioNatale_A3-2_page-0001-1457x2048-RK1GOY.jpg","datePublished":"2025-11-19T08:15:47+00:00","breadcrumb":{"@id":"https:\/\/lavocedelpaese.info\/index.php\/2025\/11\/19\/culturaarmonia-inaugura-il-calendario-eventi-natale-2025-2026\/#breadcrumb"},"inLanguage":"it-IT","potentialAction":[{"@type":"ReadAction","target":["https:\/\/lavocedelpaese.info\/index.php\/2025\/11\/19\/culturaarmonia-inaugura-il-calendario-eventi-natale-2025-2026\/"]}]},{"@type":"ImageObject","inLanguage":"it-IT","@id":"https:\/\/lavocedelpaese.info\/index.php\/2025\/11\/19\/culturaarmonia-inaugura-il-calendario-eventi-natale-2025-2026\/#primaryimage","url":"https:\/\/lavocedelpaese.info\/wp-content\/uploads\/2025\/11\/CalendarioNatale_A3-2_page-0001-1457x2048-RK1GOY.jpg","contentUrl":"https:\/\/lavocedelpaese.info\/wp-content\/uploads\/2025\/11\/CalendarioNatale_A3-2_page-0001-1457x2048-RK1GOY.jpg","width":569,"height":800},{"@type":"BreadcrumbList","@id":"https:\/\/lavocedelpaese.info\/index.php\/2025\/11\/19\/culturaarmonia-inaugura-il-calendario-eventi-natale-2025-2026\/#breadcrumb","itemListElement":[{"@type":"ListItem","position":1,"name":"Home","item":"https:\/\/lavocedelpaese.info\/"},{"@type":"ListItem","position":2,"name":"Cultura&amp;Armonia inaugura il Calendario eventi Natale 2025-2026\u00a0\u200b"}]},{"@type":"WebSite","@id":"https:\/\/lavocedelpaese.info\/#website","url":"https:\/\/lavocedelpaese.info\/","name":"La Voce del Paese","description":"Un network di idee","publisher":{"@id":"https:\/\/lavocedelpaese.info\/#organization"},"potentialAction":[{"@type":"SearchAction","target":{"@type":"EntryPoint","urlTemplate":"https:\/\/lavocedelpaese.info\/?s={search_term_string}"},"query-input":{"@type":"PropertyValueSpecification","valueRequired":true,"valueName":"search_term_string"}}],"inLanguage":"it-IT"},{"@type":"Organization","@id":"https:\/\/lavocedelpaese.info\/#organization","name":"La Voce del Paese","url":"https:\/\/lavocedelpaese.info\/","logo":{"@type":"ImageObject","inLanguage":"it-IT","@id":"https:\/\/lavocedelpaese.info\/#\/schema\/logo\/image\/","url":"https:\/\/lavocedelpaese.info\/wp-content\/uploads\/2023\/01\/cropped-logo-150-127.png","contentUrl":"https:\/\/lavocedelpaese.info\/wp-content\/uploads\/2023\/01\/cropped-logo-150-127.png","width":137,"height":119,"caption":"La Voce del Paese"},"image":{"@id":"https:\/\/lavocedelpaese.info\/#\/schema\/logo\/image\/"},"sameAs":["https:\/\/www.facebook.com\/lavocedelpaese.info"]},{"@type":"Person","@id":"https:\/\/lavocedelpaese.info\/#\/schema\/person\/ec151d321306bd7591f7a061abf72d88","name":"admin","image":{"@type":"ImageObject","inLanguage":"it-IT","@id":"https:\/\/secure.gravatar.com\/avatar\/af8f2caf0663124588de48a9380e07cbc95a74ef15b8062d0d39106c32fe3023?s=96&d=mm&r=g","url":"https:\/\/secure.gravatar.com\/avatar\/af8f2caf0663124588de48a9380e07cbc95a74ef15b8062d0d39106c32fe3023?s=96&d=mm&r=g","contentUrl":"https:\/\/secure.gravatar.com\/avatar\/af8f2caf0663124588de48a9380e07cbc95a74ef15b8062d0d39106c32fe3023?s=96&d=mm&r=g","caption":"admin"},"sameAs":["https:\/\/lavocedelpaese.info"],"url":"https:\/\/lavocedelpaese.info\/index.php\/author\/admin\/"}]}},"_links":{"self":[{"href":"https:\/\/lavocedelpaese.info\/index.php\/wp-json\/wp\/v2\/posts\/10220","targetHints":{"allow":["GET"]}}],"collection":[{"href":"https:\/\/lavocedelpaese.info\/index.php\/wp-json\/wp\/v2\/posts"}],"about":[{"href":"https:\/\/lavocedelpaese.info\/index.php\/wp-json\/wp\/v2\/types\/post"}],"author":[{"embeddable":true,"href":"https:\/\/lavocedelpaese.info\/index.php\/wp-json\/wp\/v2\/users\/6"}],"replies":[{"embeddable":true,"href":"https:\/\/lavocedelpaese.info\/index.php\/wp-json\/wp\/v2\/comments?post=10220"}],"version-history":[{"count":0,"href":"https:\/\/lavocedelpaese.info\/index.php\/wp-json\/wp\/v2\/posts\/10220\/revisions"}],"wp:featuredmedia":[{"embeddable":true,"href":"https:\/\/lavocedelpaese.info\/index.php\/wp-json\/wp\/v2\/media\/10221"}],"wp:attachment":[{"href":"https:\/\/lavocedelpaese.info\/index.php\/wp-json\/wp\/v2\/media?parent=10220"}],"wp:term":[{"taxonomy":"category","embeddable":true,"href":"https:\/\/lavocedelpaese.info\/index.php\/wp-json\/wp\/v2\/categories?post=10220"},{"taxonomy":"post_tag","embeddable":true,"href":"https:\/\/lavocedelpaese.info\/index.php\/wp-json\/wp\/v2\/tags?post=10220"}],"curies":[{"name":"wp","href":"https:\/\/api.w.org\/{rel}","templated":true}]}}