{"id":10184,"date":"2025-11-08T14:15:56","date_gmt":"2025-11-08T14:15:56","guid":{"rendered":"https:\/\/lavocedelpaese.info\/index.php\/2025\/11\/08\/willy-thuriae-prosegue-il-periodo-di-forma\/"},"modified":"2025-11-08T14:15:56","modified_gmt":"2025-11-08T14:15:56","slug":"willy-thuriae-prosegue-il-periodo-di-forma","status":"publish","type":"post","link":"https:\/\/lavocedelpaese.info\/index.php\/2025\/11\/08\/willy-thuriae-prosegue-il-periodo-di-forma\/","title":{"rendered":"Willy Thuriae, prosegue il periodo di forma\u00a0\u200b"},"content":{"rendered":"<p>\u00a0<\/p>\n<p>\u200b\u00a0<\/p>\n<p>\u200b\u00a0<\/p>\n<div><\/div>\n<h4 class=\"wp-block-heading\"><strong>Le vittorie su Veglie e Foggia avvicinano i turesi nel migliore dei modi all\u2019importante sfida a Cassano<\/strong><\/h4>\n<p>La Willy Thuriae continua a stupire e a far parlare di s\u00e9. Dopo un inizio di stagione promettente, la formazione turese ha messo a segno due successi consecutivi che consolidano il suo ruolo tra le protagoniste del campionato. Dopo il rocambolesco successo sul San Ferdinando, per la Willy Thuriae \u00e8 arrivata prima la convincente vittoria in trasferta a Veglie, seguita da una bella dimostrazione di forza in casa contro il CUS Foggia: due partite che raccontano di una squadra matura, compatta e sempre pi\u00f9 consapevole dei propri mezzi.<\/p>\n<p>Sul campo del Veglie, la Willy Thuriae ha offerto una prestazione scintillante, imponendosi con un sonoro 8-5. Una gara dominata sin dalle prime battute, con la squadra di mister Di Bari capace di chiudere la pratica gi\u00e0 nel primo tempo grazie a un parziale di 5-0.<\/p>\n<p>Grande protagonista Campagna, autore di una tripletta, affiancato dalle reti di Valentini e Gutierrez. Nel secondo tempo, nonostante il tentativo di rimonta dei padroni di casa, la formazione turese ha mantenuto il controllo del match, chiudendo con autorevolezza e portando a casa tre punti preziosi.<\/p>\n<p>Un successo che ha dato fiducia e slancio, confermando la solidit\u00e0 del gruppo anche in un momento non semplice, con alcune assenze importanti tra i titolari.<\/p>\n<p>La conferma \u00e8 arrivata una settimana dopo, nel match casalingo contro il CUS Foggia. Nonostante ancora qualche indisponibilit\u00e0, la Willy Thuriae ha dimostrato carattere e maturit\u00e0, vincendo 5-1 davanti al proprio pubblico.<\/p>\n<p>Capitan Balena apre le danze, poi la squadra ha saputo reagire con grinta dopo il momentaneo pareggio degli ospiti. Nella ripresa, la Willy Thuriae ha preso in mano la partita, siglando altre quattro reti con Balena, Denovellis e Ritorno, autore di una doppietta.<\/p>\n<p>Una prestazione solida, fatta di equilibrio e concentrazione, che testimonia la crescita costante del gruppo, sempre pi\u00f9 unito e determinato a restare nelle zone alte della classifica.<\/p>\n<p>Le due vittorie consecutive portano a tre la striscia di risultati positivi e raccontano di una squadra in crescita e in fiducia. Mister Di Bari pu\u00f2 guardare con ottimismo alle prossime sfide, consapevole di avere un gruppo capace di affrontare ogni avversario con la giusta mentalit\u00e0.<\/p>\n<p>\u00c8 questo l\u2019auspicio anche per la prossima difficile partita che attende la Willy Thuriae: sabato alle 17 i rossogranata saranno ospiti del forte e lanciato Cassano Delle Murge C5 \u2013 imbattuto e secondo in classifica \u2013 in una sfida che tanto potr\u00e0 dire sulle potenzialit\u00e0 di questa squadra e in cui non mancheranno certo le emozioni.\u00a0<\/p>\n<p><a class=\"a2a_button_facebook\" href=\"https:\/\/www.addtoany.com\/add_to\/facebook?linkurl=https%3A%2F%2Fturi.lavocedelpaese.info%2Fwilly-thuriae-prosegue-il-periodo-di-forma%2F&amp;linkname=Willy%20Thuriae%2C%20prosegue%20il%20periodo%20di%20forma\" title=\"Facebook\" rel=\"nofollow noopener\" target=\"_blank\"><\/a><a class=\"a2a_button_twitter\" href=\"https:\/\/www.addtoany.com\/add_to\/twitter?linkurl=https%3A%2F%2Fturi.lavocedelpaese.info%2Fwilly-thuriae-prosegue-il-periodo-di-forma%2F&amp;linkname=Willy%20Thuriae%2C%20prosegue%20il%20periodo%20di%20forma\" title=\"Twitter\" rel=\"nofollow noopener\" target=\"_blank\"><\/a><a class=\"a2a_button_whatsapp\" href=\"https:\/\/www.addtoany.com\/add_to\/whatsapp?linkurl=https%3A%2F%2Fturi.lavocedelpaese.info%2Fwilly-thuriae-prosegue-il-periodo-di-forma%2F&amp;linkname=Willy%20Thuriae%2C%20prosegue%20il%20periodo%20di%20forma\" title=\"WhatsApp\" rel=\"nofollow noopener\" target=\"_blank\"><\/a><a class=\"a2a_button_telegram\" href=\"https:\/\/www.addtoany.com\/add_to\/telegram?linkurl=https%3A%2F%2Fturi.lavocedelpaese.info%2Fwilly-thuriae-prosegue-il-periodo-di-forma%2F&amp;linkname=Willy%20Thuriae%2C%20prosegue%20il%20periodo%20di%20forma\" title=\"Telegram\" rel=\"nofollow noopener\" target=\"_blank\"><\/a><a class=\"a2a_button_email\" href=\"https:\/\/www.addtoany.com\/add_to\/email?linkurl=https%3A%2F%2Fturi.lavocedelpaese.info%2Fwilly-thuriae-prosegue-il-periodo-di-forma%2F&amp;linkname=Willy%20Thuriae%2C%20prosegue%20il%20periodo%20di%20forma\" title=\"Email\" rel=\"nofollow noopener\" target=\"_blank\"><\/a><\/p>\n<p>L&#8217;articolo <a href=\"https:\/\/turi.lavocedelpaese.info\/willy-thuriae-prosegue-il-periodo-di-forma\/\">Willy Thuriae, prosegue il periodo di forma<\/a> proviene da <a href=\"https:\/\/turi.lavocedelpaese.info\/\">Turi &#8211; La Voce del Paese<\/a>.<\/p>\n<p>\u00a0<\/p>\n<p>\u00a0<\/p>\n<p>\u200b\u00a0\u00a0\u00a0<\/p>","protected":false},"excerpt":{"rendered":"<p>\u00a0 \u200b\u00a0 \u200b\u00a0 Le vittorie su Veglie e Foggia avvicinano i turesi nel migliore dei modi all\u2019importante sfida a Cassano<\/p>\n","protected":false},"author":6,"featured_media":730,"comment_status":"open","ping_status":"closed","sticky":false,"template":"","format":"standard","meta":{"colormag_page_container_layout":"default_layout","colormag_page_sidebar_layout":"default_layout","footnotes":""},"categories":[33],"tags":[],"class_list":["post-10184","post","type-post","status-publish","format-standard","has-post-thumbnail","hentry","category-network"],"yoast_head":"<!-- This site is optimized with the Yoast SEO plugin v27.5 - https:\/\/yoast.com\/product\/yoast-seo-wordpress\/ -->\n<title>Willy Thuriae, prosegue il periodo di forma\u00a0\u200b - La Voce del Paese<\/title>\n<meta name=\"robots\" content=\"index, follow, max-snippet:-1, max-image-preview:large, max-video-preview:-1\" \/>\n<link rel=\"canonical\" href=\"https:\/\/lavocedelpaese.info\/index.php\/2025\/11\/08\/willy-thuriae-prosegue-il-periodo-di-forma\/\" \/>\n<meta property=\"og:locale\" content=\"it_IT\" \/>\n<meta property=\"og:type\" content=\"article\" \/>\n<meta property=\"og:title\" content=\"Willy Thuriae, prosegue il periodo di forma\u00a0\u200b - La Voce del Paese\" \/>\n<meta property=\"og:description\" content=\"\u00a0 \u200b\u00a0 \u200b\u00a0 Le vittorie su Veglie e Foggia avvicinano i turesi nel migliore dei modi all\u2019importante sfida a Cassano\" \/>\n<meta property=\"og:url\" content=\"https:\/\/lavocedelpaese.info\/index.php\/2025\/11\/08\/willy-thuriae-prosegue-il-periodo-di-forma\/\" \/>\n<meta property=\"og:site_name\" content=\"La Voce del Paese\" \/>\n<meta property=\"article:publisher\" content=\"https:\/\/www.facebook.com\/lavocedelpaese.info\" \/>\n<meta property=\"article:published_time\" content=\"2025-11-08T14:15:56+00:00\" \/>\n<meta name=\"author\" content=\"admin\" \/>\n<meta name=\"twitter:card\" content=\"summary_large_image\" \/>\n<meta name=\"twitter:label1\" content=\"Scritto da\" \/>\n\t<meta name=\"twitter:data1\" content=\"admin\" \/>\n\t<meta name=\"twitter:label2\" content=\"Tempo di lettura stimato\" \/>\n\t<meta name=\"twitter:data2\" content=\"2 minuti\" \/>\n<script type=\"application\/ld+json\" class=\"yoast-schema-graph\">{\"@context\":\"https:\\\/\\\/schema.org\",\"@graph\":[{\"@type\":\"Article\",\"@id\":\"https:\\\/\\\/lavocedelpaese.info\\\/index.php\\\/2025\\\/11\\\/08\\\/willy-thuriae-prosegue-il-periodo-di-forma\\\/#article\",\"isPartOf\":{\"@id\":\"https:\\\/\\\/lavocedelpaese.info\\\/index.php\\\/2025\\\/11\\\/08\\\/willy-thuriae-prosegue-il-periodo-di-forma\\\/\"},\"author\":{\"name\":\"admin\",\"@id\":\"https:\\\/\\\/lavocedelpaese.info\\\/#\\\/schema\\\/person\\\/ec151d321306bd7591f7a061abf72d88\"},\"headline\":\"Willy Thuriae, prosegue il periodo di forma\u00a0\u200b\",\"datePublished\":\"2025-11-08T14:15:56+00:00\",\"mainEntityOfPage\":{\"@id\":\"https:\\\/\\\/lavocedelpaese.info\\\/index.php\\\/2025\\\/11\\\/08\\\/willy-thuriae-prosegue-il-periodo-di-forma\\\/\"},\"wordCount\":446,\"commentCount\":0,\"publisher\":{\"@id\":\"https:\\\/\\\/lavocedelpaese.info\\\/#organization\"},\"image\":{\"@id\":\"https:\\\/\\\/lavocedelpaese.info\\\/index.php\\\/2025\\\/11\\\/08\\\/willy-thuriae-prosegue-il-periodo-di-forma\\\/#primaryimage\"},\"thumbnailUrl\":\"https:\\\/\\\/lavocedelpaese.info\\\/wp-content\\\/uploads\\\/2023\\\/01\\\/logo-150-127.png\",\"articleSection\":[\"network\"],\"inLanguage\":\"it-IT\",\"potentialAction\":[{\"@type\":\"CommentAction\",\"name\":\"Comment\",\"target\":[\"https:\\\/\\\/lavocedelpaese.info\\\/index.php\\\/2025\\\/11\\\/08\\\/willy-thuriae-prosegue-il-periodo-di-forma\\\/#respond\"]}]},{\"@type\":\"WebPage\",\"@id\":\"https:\\\/\\\/lavocedelpaese.info\\\/index.php\\\/2025\\\/11\\\/08\\\/willy-thuriae-prosegue-il-periodo-di-forma\\\/\",\"url\":\"https:\\\/\\\/lavocedelpaese.info\\\/index.php\\\/2025\\\/11\\\/08\\\/willy-thuriae-prosegue-il-periodo-di-forma\\\/\",\"name\":\"Willy Thuriae, prosegue il periodo di forma\u00a0\u200b - La Voce del Paese\",\"isPartOf\":{\"@id\":\"https:\\\/\\\/lavocedelpaese.info\\\/#website\"},\"primaryImageOfPage\":{\"@id\":\"https:\\\/\\\/lavocedelpaese.info\\\/index.php\\\/2025\\\/11\\\/08\\\/willy-thuriae-prosegue-il-periodo-di-forma\\\/#primaryimage\"},\"image\":{\"@id\":\"https:\\\/\\\/lavocedelpaese.info\\\/index.php\\\/2025\\\/11\\\/08\\\/willy-thuriae-prosegue-il-periodo-di-forma\\\/#primaryimage\"},\"thumbnailUrl\":\"https:\\\/\\\/lavocedelpaese.info\\\/wp-content\\\/uploads\\\/2023\\\/01\\\/logo-150-127.png\",\"datePublished\":\"2025-11-08T14:15:56+00:00\",\"breadcrumb\":{\"@id\":\"https:\\\/\\\/lavocedelpaese.info\\\/index.php\\\/2025\\\/11\\\/08\\\/willy-thuriae-prosegue-il-periodo-di-forma\\\/#breadcrumb\"},\"inLanguage\":\"it-IT\",\"potentialAction\":[{\"@type\":\"ReadAction\",\"target\":[\"https:\\\/\\\/lavocedelpaese.info\\\/index.php\\\/2025\\\/11\\\/08\\\/willy-thuriae-prosegue-il-periodo-di-forma\\\/\"]}]},{\"@type\":\"ImageObject\",\"inLanguage\":\"it-IT\",\"@id\":\"https:\\\/\\\/lavocedelpaese.info\\\/index.php\\\/2025\\\/11\\\/08\\\/willy-thuriae-prosegue-il-periodo-di-forma\\\/#primaryimage\",\"url\":\"https:\\\/\\\/lavocedelpaese.info\\\/wp-content\\\/uploads\\\/2023\\\/01\\\/logo-150-127.png\",\"contentUrl\":\"https:\\\/\\\/lavocedelpaese.info\\\/wp-content\\\/uploads\\\/2023\\\/01\\\/logo-150-127.png\",\"width\":150,\"height\":127},{\"@type\":\"BreadcrumbList\",\"@id\":\"https:\\\/\\\/lavocedelpaese.info\\\/index.php\\\/2025\\\/11\\\/08\\\/willy-thuriae-prosegue-il-periodo-di-forma\\\/#breadcrumb\",\"itemListElement\":[{\"@type\":\"ListItem\",\"position\":1,\"name\":\"Home\",\"item\":\"https:\\\/\\\/lavocedelpaese.info\\\/\"},{\"@type\":\"ListItem\",\"position\":2,\"name\":\"Willy Thuriae, prosegue il periodo di forma\u00a0\u200b\"}]},{\"@type\":\"WebSite\",\"@id\":\"https:\\\/\\\/lavocedelpaese.info\\\/#website\",\"url\":\"https:\\\/\\\/lavocedelpaese.info\\\/\",\"name\":\"La Voce del Paese\",\"description\":\"Un network di idee\",\"publisher\":{\"@id\":\"https:\\\/\\\/lavocedelpaese.info\\\/#organization\"},\"potentialAction\":[{\"@type\":\"SearchAction\",\"target\":{\"@type\":\"EntryPoint\",\"urlTemplate\":\"https:\\\/\\\/lavocedelpaese.info\\\/?s={search_term_string}\"},\"query-input\":{\"@type\":\"PropertyValueSpecification\",\"valueRequired\":true,\"valueName\":\"search_term_string\"}}],\"inLanguage\":\"it-IT\"},{\"@type\":\"Organization\",\"@id\":\"https:\\\/\\\/lavocedelpaese.info\\\/#organization\",\"name\":\"La Voce del Paese\",\"url\":\"https:\\\/\\\/lavocedelpaese.info\\\/\",\"logo\":{\"@type\":\"ImageObject\",\"inLanguage\":\"it-IT\",\"@id\":\"https:\\\/\\\/lavocedelpaese.info\\\/#\\\/schema\\\/logo\\\/image\\\/\",\"url\":\"https:\\\/\\\/lavocedelpaese.info\\\/wp-content\\\/uploads\\\/2023\\\/01\\\/cropped-logo-150-127.png\",\"contentUrl\":\"https:\\\/\\\/lavocedelpaese.info\\\/wp-content\\\/uploads\\\/2023\\\/01\\\/cropped-logo-150-127.png\",\"width\":137,\"height\":119,\"caption\":\"La Voce del Paese\"},\"image\":{\"@id\":\"https:\\\/\\\/lavocedelpaese.info\\\/#\\\/schema\\\/logo\\\/image\\\/\"},\"sameAs\":[\"https:\\\/\\\/www.facebook.com\\\/lavocedelpaese.info\"]},{\"@type\":\"Person\",\"@id\":\"https:\\\/\\\/lavocedelpaese.info\\\/#\\\/schema\\\/person\\\/ec151d321306bd7591f7a061abf72d88\",\"name\":\"admin\",\"image\":{\"@type\":\"ImageObject\",\"inLanguage\":\"it-IT\",\"@id\":\"https:\\\/\\\/secure.gravatar.com\\\/avatar\\\/af8f2caf0663124588de48a9380e07cbc95a74ef15b8062d0d39106c32fe3023?s=96&d=mm&r=g\",\"url\":\"https:\\\/\\\/secure.gravatar.com\\\/avatar\\\/af8f2caf0663124588de48a9380e07cbc95a74ef15b8062d0d39106c32fe3023?s=96&d=mm&r=g\",\"contentUrl\":\"https:\\\/\\\/secure.gravatar.com\\\/avatar\\\/af8f2caf0663124588de48a9380e07cbc95a74ef15b8062d0d39106c32fe3023?s=96&d=mm&r=g\",\"caption\":\"admin\"},\"sameAs\":[\"https:\\\/\\\/lavocedelpaese.info\"],\"url\":\"https:\\\/\\\/lavocedelpaese.info\\\/index.php\\\/author\\\/admin\\\/\"}]}<\/script>\n<!-- \/ Yoast SEO plugin. -->","yoast_head_json":{"title":"Willy Thuriae, prosegue il periodo di forma\u00a0\u200b - La Voce del Paese","robots":{"index":"index","follow":"follow","max-snippet":"max-snippet:-1","max-image-preview":"max-image-preview:large","max-video-preview":"max-video-preview:-1"},"canonical":"https:\/\/lavocedelpaese.info\/index.php\/2025\/11\/08\/willy-thuriae-prosegue-il-periodo-di-forma\/","og_locale":"it_IT","og_type":"article","og_title":"Willy Thuriae, prosegue il periodo di forma\u00a0\u200b - La Voce del Paese","og_description":"\u00a0 \u200b\u00a0 \u200b\u00a0 Le vittorie su Veglie e Foggia avvicinano i turesi nel migliore dei modi all\u2019importante sfida a Cassano","og_url":"https:\/\/lavocedelpaese.info\/index.php\/2025\/11\/08\/willy-thuriae-prosegue-il-periodo-di-forma\/","og_site_name":"La Voce del Paese","article_publisher":"https:\/\/www.facebook.com\/lavocedelpaese.info","article_published_time":"2025-11-08T14:15:56+00:00","author":"admin","twitter_card":"summary_large_image","twitter_misc":{"Scritto da":"admin","Tempo di lettura stimato":"2 minuti"},"schema":{"@context":"https:\/\/schema.org","@graph":[{"@type":"Article","@id":"https:\/\/lavocedelpaese.info\/index.php\/2025\/11\/08\/willy-thuriae-prosegue-il-periodo-di-forma\/#article","isPartOf":{"@id":"https:\/\/lavocedelpaese.info\/index.php\/2025\/11\/08\/willy-thuriae-prosegue-il-periodo-di-forma\/"},"author":{"name":"admin","@id":"https:\/\/lavocedelpaese.info\/#\/schema\/person\/ec151d321306bd7591f7a061abf72d88"},"headline":"Willy Thuriae, prosegue il periodo di forma\u00a0\u200b","datePublished":"2025-11-08T14:15:56+00:00","mainEntityOfPage":{"@id":"https:\/\/lavocedelpaese.info\/index.php\/2025\/11\/08\/willy-thuriae-prosegue-il-periodo-di-forma\/"},"wordCount":446,"commentCount":0,"publisher":{"@id":"https:\/\/lavocedelpaese.info\/#organization"},"image":{"@id":"https:\/\/lavocedelpaese.info\/index.php\/2025\/11\/08\/willy-thuriae-prosegue-il-periodo-di-forma\/#primaryimage"},"thumbnailUrl":"https:\/\/lavocedelpaese.info\/wp-content\/uploads\/2023\/01\/logo-150-127.png","articleSection":["network"],"inLanguage":"it-IT","potentialAction":[{"@type":"CommentAction","name":"Comment","target":["https:\/\/lavocedelpaese.info\/index.php\/2025\/11\/08\/willy-thuriae-prosegue-il-periodo-di-forma\/#respond"]}]},{"@type":"WebPage","@id":"https:\/\/lavocedelpaese.info\/index.php\/2025\/11\/08\/willy-thuriae-prosegue-il-periodo-di-forma\/","url":"https:\/\/lavocedelpaese.info\/index.php\/2025\/11\/08\/willy-thuriae-prosegue-il-periodo-di-forma\/","name":"Willy Thuriae, prosegue il periodo di forma\u00a0\u200b - La Voce del Paese","isPartOf":{"@id":"https:\/\/lavocedelpaese.info\/#website"},"primaryImageOfPage":{"@id":"https:\/\/lavocedelpaese.info\/index.php\/2025\/11\/08\/willy-thuriae-prosegue-il-periodo-di-forma\/#primaryimage"},"image":{"@id":"https:\/\/lavocedelpaese.info\/index.php\/2025\/11\/08\/willy-thuriae-prosegue-il-periodo-di-forma\/#primaryimage"},"thumbnailUrl":"https:\/\/lavocedelpaese.info\/wp-content\/uploads\/2023\/01\/logo-150-127.png","datePublished":"2025-11-08T14:15:56+00:00","breadcrumb":{"@id":"https:\/\/lavocedelpaese.info\/index.php\/2025\/11\/08\/willy-thuriae-prosegue-il-periodo-di-forma\/#breadcrumb"},"inLanguage":"it-IT","potentialAction":[{"@type":"ReadAction","target":["https:\/\/lavocedelpaese.info\/index.php\/2025\/11\/08\/willy-thuriae-prosegue-il-periodo-di-forma\/"]}]},{"@type":"ImageObject","inLanguage":"it-IT","@id":"https:\/\/lavocedelpaese.info\/index.php\/2025\/11\/08\/willy-thuriae-prosegue-il-periodo-di-forma\/#primaryimage","url":"https:\/\/lavocedelpaese.info\/wp-content\/uploads\/2023\/01\/logo-150-127.png","contentUrl":"https:\/\/lavocedelpaese.info\/wp-content\/uploads\/2023\/01\/logo-150-127.png","width":150,"height":127},{"@type":"BreadcrumbList","@id":"https:\/\/lavocedelpaese.info\/index.php\/2025\/11\/08\/willy-thuriae-prosegue-il-periodo-di-forma\/#breadcrumb","itemListElement":[{"@type":"ListItem","position":1,"name":"Home","item":"https:\/\/lavocedelpaese.info\/"},{"@type":"ListItem","position":2,"name":"Willy Thuriae, prosegue il periodo di forma\u00a0\u200b"}]},{"@type":"WebSite","@id":"https:\/\/lavocedelpaese.info\/#website","url":"https:\/\/lavocedelpaese.info\/","name":"La Voce del Paese","description":"Un network di idee","publisher":{"@id":"https:\/\/lavocedelpaese.info\/#organization"},"potentialAction":[{"@type":"SearchAction","target":{"@type":"EntryPoint","urlTemplate":"https:\/\/lavocedelpaese.info\/?s={search_term_string}"},"query-input":{"@type":"PropertyValueSpecification","valueRequired":true,"valueName":"search_term_string"}}],"inLanguage":"it-IT"},{"@type":"Organization","@id":"https:\/\/lavocedelpaese.info\/#organization","name":"La Voce del Paese","url":"https:\/\/lavocedelpaese.info\/","logo":{"@type":"ImageObject","inLanguage":"it-IT","@id":"https:\/\/lavocedelpaese.info\/#\/schema\/logo\/image\/","url":"https:\/\/lavocedelpaese.info\/wp-content\/uploads\/2023\/01\/cropped-logo-150-127.png","contentUrl":"https:\/\/lavocedelpaese.info\/wp-content\/uploads\/2023\/01\/cropped-logo-150-127.png","width":137,"height":119,"caption":"La Voce del Paese"},"image":{"@id":"https:\/\/lavocedelpaese.info\/#\/schema\/logo\/image\/"},"sameAs":["https:\/\/www.facebook.com\/lavocedelpaese.info"]},{"@type":"Person","@id":"https:\/\/lavocedelpaese.info\/#\/schema\/person\/ec151d321306bd7591f7a061abf72d88","name":"admin","image":{"@type":"ImageObject","inLanguage":"it-IT","@id":"https:\/\/secure.gravatar.com\/avatar\/af8f2caf0663124588de48a9380e07cbc95a74ef15b8062d0d39106c32fe3023?s=96&d=mm&r=g","url":"https:\/\/secure.gravatar.com\/avatar\/af8f2caf0663124588de48a9380e07cbc95a74ef15b8062d0d39106c32fe3023?s=96&d=mm&r=g","contentUrl":"https:\/\/secure.gravatar.com\/avatar\/af8f2caf0663124588de48a9380e07cbc95a74ef15b8062d0d39106c32fe3023?s=96&d=mm&r=g","caption":"admin"},"sameAs":["https:\/\/lavocedelpaese.info"],"url":"https:\/\/lavocedelpaese.info\/index.php\/author\/admin\/"}]}},"_links":{"self":[{"href":"https:\/\/lavocedelpaese.info\/index.php\/wp-json\/wp\/v2\/posts\/10184","targetHints":{"allow":["GET"]}}],"collection":[{"href":"https:\/\/lavocedelpaese.info\/index.php\/wp-json\/wp\/v2\/posts"}],"about":[{"href":"https:\/\/lavocedelpaese.info\/index.php\/wp-json\/wp\/v2\/types\/post"}],"author":[{"embeddable":true,"href":"https:\/\/lavocedelpaese.info\/index.php\/wp-json\/wp\/v2\/users\/6"}],"replies":[{"embeddable":true,"href":"https:\/\/lavocedelpaese.info\/index.php\/wp-json\/wp\/v2\/comments?post=10184"}],"version-history":[{"count":0,"href":"https:\/\/lavocedelpaese.info\/index.php\/wp-json\/wp\/v2\/posts\/10184\/revisions"}],"wp:featuredmedia":[{"embeddable":true,"href":"https:\/\/lavocedelpaese.info\/index.php\/wp-json\/wp\/v2\/media\/730"}],"wp:attachment":[{"href":"https:\/\/lavocedelpaese.info\/index.php\/wp-json\/wp\/v2\/media?parent=10184"}],"wp:term":[{"taxonomy":"category","embeddable":true,"href":"https:\/\/lavocedelpaese.info\/index.php\/wp-json\/wp\/v2\/categories?post=10184"},{"taxonomy":"post_tag","embeddable":true,"href":"https:\/\/lavocedelpaese.info\/index.php\/wp-json\/wp\/v2\/tags?post=10184"}],"curies":[{"name":"wp","href":"https:\/\/api.w.org\/{rel}","templated":true}]}}