{"id":10183,"date":"2025-11-08T08:14:04","date_gmt":"2025-11-08T08:14:04","guid":{"rendered":"https:\/\/lavocedelpaese.info\/index.php\/2025\/11\/08\/campagna-vaccinale-anti-influenza-cresce-ladesione-dei-cittadini\/"},"modified":"2025-11-08T08:14:04","modified_gmt":"2025-11-08T08:14:04","slug":"campagna-vaccinale-anti-influenza-cresce-ladesione-dei-cittadini","status":"publish","type":"post","link":"https:\/\/lavocedelpaese.info\/index.php\/2025\/11\/08\/campagna-vaccinale-anti-influenza-cresce-ladesione-dei-cittadini\/","title":{"rendered":"Campagna vaccinale anti influenza: cresce l\u2019adesione dei cittadini\u00a0\u200b"},"content":{"rendered":"<p>\u00a0<\/p>\n<p>\u200b\u00a0<\/p>\n<p>\u200b\u00a0<\/p>\n<p>La stagione influenzale \u00e8 in corso e la risposta dei cittadini baresi \u00e8 incoraggiante. La campagna vaccinale antinfluenzale 2025\/2026, promossa dalla ASL Bari ha, infatti, superato in poche settimane, le 130mila dosi somministrate in tutta la provincia.<\/p>\n<p>A coordinare l\u2019organizzazione, come ogni anno, \u00e8 il Dipartimento di Prevenzione attraverso i Servizi di Igiene e Sanit\u00e0 Pubblica (SISP), in rete con Medici di Medicina Generale, Pediatri di Libera Scelta, Farmacie convenzionate, ospedali, RSA e centri vaccinali.<\/p>\n<p>Soddisfatto il direttore generale della ASL, Luigi Fruscio: \u201cI numeri della campagna antinfluenzale sono positivi e incoraggianti. Desidero ringraziare tutti gli operatori sanitari che, insieme ai 757 medici di Medicina generale, ai 141 Pediatri e alle 378 Farmacie convenzionate, stanno lavorando in sinergia per tutelare la salute dei cittadini. \u00c8 un risultato che nasce dal gioco di squadra e dal senso di responsabilit\u00e0 condiviso verso la nostra comunit\u00e0.\u201d<\/p>\n<p>Finora sono state somministrate 130.117 dosi di vaccino antinfluenzale nelle strutture del territorio: il 74,2% delle vaccinazioni \u00e8 stato effettuato dai medici di base (96.578), il 17,4% dai pediatri (22.592), l\u2019 8,4% (10.947) dai centri vaccinali e da altre strutture sanitarie presenti sul territorio provinciale. Un dato che conferma la centralit\u00e0 della rete territoriale nella promozione della salute e della prevenzione.<\/p>\n<p>Anche le RSA dell\u2019area metropolitana di Bari hanno risposto in modo compatto all\u2019invito della ASL: sono state somministrate 170 dosi di vaccino antinfluenzale e 80 anti-COVID agli ospiti, oltre a 130 dosi agli operatori sanitari<strong>,\u00a0<\/strong>190 contro lo pneumococcoe143 contro l\u2019Herpes Zoster<strong>.<\/strong><\/p>\n<p>La campagna, in linea con le indicazioni regionali, \u00e8 offerta gratuitamente a persone di ogni et\u00e0, ma fortemente raccomandata a: persone con pi\u00f9 di 60 anni<strong>,\u00a0<\/strong>donne in gravidanza,\u00a0bambini tra 6 mesi e 6 anni<strong>,\u00a0<\/strong>soggetti fragili<strong>,\u00a0<\/strong>operatori sanitarie aidonatori di sangue<strong>.\u00a0<\/strong>Oltre ai medici e pediatri di fiducia, le vaccinazioni sono disponibili pressofarmacie convenzionate, ospedali, e centri vaccinali dei vari comuni.<\/p>\n<p>\u201cL\u2019adesione in crescita dei cittadini \u2013 dichiara Francesco Nardulli, direttore del Sisp area metropolitana del Dipartimento di Prevenzione della ASL \u2013 conferma la fiducia nella prevenzione. Il nostro obiettivo \u00e8 duplice: proteggere i soggetti pi\u00f9 fragili e ridurre la\u00a0<\/p>\n<p>circolazione dei virus respiratori, cos\u00ec da alleggerire la pressione sui servizi sanitari durante i mesi invernali. Continueremo a monitorare l\u2019andamento della campagna e a garantire la massima accessibilit\u00e0 ai vaccini in ogni comune della provincia\u201d.<\/p>\n<p><a class=\"a2a_button_facebook\" href=\"https:\/\/www.addtoany.com\/add_to\/facebook?linkurl=https%3A%2F%2Fcassano.lavocedelpaese.info%2Fcampagna-vaccinale-anti-influenza-cresce-ladesione-dei-cittadini%2F&amp;linkname=Campagna%20vaccinale%20anti%20influenza%3A%20cresce%20l%E2%80%99adesione%20dei%20cittadini\" title=\"Facebook\" rel=\"nofollow noopener\" target=\"_blank\"><\/a><a class=\"a2a_button_twitter\" href=\"https:\/\/www.addtoany.com\/add_to\/twitter?linkurl=https%3A%2F%2Fcassano.lavocedelpaese.info%2Fcampagna-vaccinale-anti-influenza-cresce-ladesione-dei-cittadini%2F&amp;linkname=Campagna%20vaccinale%20anti%20influenza%3A%20cresce%20l%E2%80%99adesione%20dei%20cittadini\" title=\"Twitter\" rel=\"nofollow noopener\" target=\"_blank\"><\/a><a class=\"a2a_button_whatsapp\" href=\"https:\/\/www.addtoany.com\/add_to\/whatsapp?linkurl=https%3A%2F%2Fcassano.lavocedelpaese.info%2Fcampagna-vaccinale-anti-influenza-cresce-ladesione-dei-cittadini%2F&amp;linkname=Campagna%20vaccinale%20anti%20influenza%3A%20cresce%20l%E2%80%99adesione%20dei%20cittadini\" title=\"WhatsApp\" rel=\"nofollow noopener\" target=\"_blank\"><\/a><a class=\"a2a_button_telegram\" href=\"https:\/\/www.addtoany.com\/add_to\/telegram?linkurl=https%3A%2F%2Fcassano.lavocedelpaese.info%2Fcampagna-vaccinale-anti-influenza-cresce-ladesione-dei-cittadini%2F&amp;linkname=Campagna%20vaccinale%20anti%20influenza%3A%20cresce%20l%E2%80%99adesione%20dei%20cittadini\" title=\"Telegram\" rel=\"nofollow noopener\" target=\"_blank\"><\/a><a class=\"a2a_button_email\" href=\"https:\/\/www.addtoany.com\/add_to\/email?linkurl=https%3A%2F%2Fcassano.lavocedelpaese.info%2Fcampagna-vaccinale-anti-influenza-cresce-ladesione-dei-cittadini%2F&amp;linkname=Campagna%20vaccinale%20anti%20influenza%3A%20cresce%20l%E2%80%99adesione%20dei%20cittadini\" title=\"Email\" rel=\"nofollow noopener\" target=\"_blank\"><\/a><\/p>\n<p>\u00a0<\/p>\n<p>\u00a0<\/p>\n<p>\u200b\u00a0\u00a0\u00a0<\/p>","protected":false},"excerpt":{"rendered":"<p>\u00a0 \u200b\u00a0 \u200b\u00a0 La stagione influenzale \u00e8 in corso e la risposta dei cittadini baresi \u00e8 incoraggiante. La campagna vaccinale<\/p>\n","protected":false},"author":6,"featured_media":730,"comment_status":"open","ping_status":"closed","sticky":false,"template":"","format":"standard","meta":{"colormag_page_container_layout":"default_layout","colormag_page_sidebar_layout":"default_layout","footnotes":""},"categories":[33],"tags":[],"class_list":["post-10183","post","type-post","status-publish","format-standard","has-post-thumbnail","hentry","category-network"],"yoast_head":"<!-- This site is optimized with the Yoast SEO plugin v27.5 - https:\/\/yoast.com\/product\/yoast-seo-wordpress\/ -->\n<title>Campagna vaccinale anti influenza: cresce l\u2019adesione dei cittadini\u00a0\u200b - La Voce del Paese<\/title>\n<meta name=\"robots\" content=\"index, follow, max-snippet:-1, max-image-preview:large, max-video-preview:-1\" \/>\n<link rel=\"canonical\" href=\"https:\/\/lavocedelpaese.info\/index.php\/2025\/11\/08\/campagna-vaccinale-anti-influenza-cresce-ladesione-dei-cittadini\/\" \/>\n<meta property=\"og:locale\" content=\"it_IT\" \/>\n<meta property=\"og:type\" content=\"article\" \/>\n<meta property=\"og:title\" content=\"Campagna vaccinale anti influenza: cresce l\u2019adesione dei cittadini\u00a0\u200b - La Voce del Paese\" \/>\n<meta property=\"og:description\" content=\"\u00a0 \u200b\u00a0 \u200b\u00a0 La stagione influenzale \u00e8 in corso e la risposta dei cittadini baresi \u00e8 incoraggiante. La campagna vaccinale\" \/>\n<meta property=\"og:url\" content=\"https:\/\/lavocedelpaese.info\/index.php\/2025\/11\/08\/campagna-vaccinale-anti-influenza-cresce-ladesione-dei-cittadini\/\" \/>\n<meta property=\"og:site_name\" content=\"La Voce del Paese\" \/>\n<meta property=\"article:publisher\" content=\"https:\/\/www.facebook.com\/lavocedelpaese.info\" \/>\n<meta property=\"article:published_time\" content=\"2025-11-08T08:14:04+00:00\" \/>\n<meta name=\"author\" content=\"admin\" \/>\n<meta name=\"twitter:card\" content=\"summary_large_image\" \/>\n<meta name=\"twitter:label1\" content=\"Scritto da\" \/>\n\t<meta name=\"twitter:data1\" content=\"admin\" \/>\n\t<meta name=\"twitter:label2\" content=\"Tempo di lettura stimato\" \/>\n\t<meta name=\"twitter:data2\" content=\"2 minuti\" \/>\n<script type=\"application\/ld+json\" class=\"yoast-schema-graph\">{\"@context\":\"https:\\\/\\\/schema.org\",\"@graph\":[{\"@type\":\"Article\",\"@id\":\"https:\\\/\\\/lavocedelpaese.info\\\/index.php\\\/2025\\\/11\\\/08\\\/campagna-vaccinale-anti-influenza-cresce-ladesione-dei-cittadini\\\/#article\",\"isPartOf\":{\"@id\":\"https:\\\/\\\/lavocedelpaese.info\\\/index.php\\\/2025\\\/11\\\/08\\\/campagna-vaccinale-anti-influenza-cresce-ladesione-dei-cittadini\\\/\"},\"author\":{\"name\":\"admin\",\"@id\":\"https:\\\/\\\/lavocedelpaese.info\\\/#\\\/schema\\\/person\\\/ec151d321306bd7591f7a061abf72d88\"},\"headline\":\"Campagna vaccinale anti influenza: cresce l\u2019adesione dei cittadini\u00a0\u200b\",\"datePublished\":\"2025-11-08T08:14:04+00:00\",\"mainEntityOfPage\":{\"@id\":\"https:\\\/\\\/lavocedelpaese.info\\\/index.php\\\/2025\\\/11\\\/08\\\/campagna-vaccinale-anti-influenza-cresce-ladesione-dei-cittadini\\\/\"},\"wordCount\":371,\"commentCount\":0,\"publisher\":{\"@id\":\"https:\\\/\\\/lavocedelpaese.info\\\/#organization\"},\"image\":{\"@id\":\"https:\\\/\\\/lavocedelpaese.info\\\/index.php\\\/2025\\\/11\\\/08\\\/campagna-vaccinale-anti-influenza-cresce-ladesione-dei-cittadini\\\/#primaryimage\"},\"thumbnailUrl\":\"https:\\\/\\\/lavocedelpaese.info\\\/wp-content\\\/uploads\\\/2023\\\/01\\\/logo-150-127.png\",\"articleSection\":[\"network\"],\"inLanguage\":\"it-IT\",\"potentialAction\":[{\"@type\":\"CommentAction\",\"name\":\"Comment\",\"target\":[\"https:\\\/\\\/lavocedelpaese.info\\\/index.php\\\/2025\\\/11\\\/08\\\/campagna-vaccinale-anti-influenza-cresce-ladesione-dei-cittadini\\\/#respond\"]}]},{\"@type\":\"WebPage\",\"@id\":\"https:\\\/\\\/lavocedelpaese.info\\\/index.php\\\/2025\\\/11\\\/08\\\/campagna-vaccinale-anti-influenza-cresce-ladesione-dei-cittadini\\\/\",\"url\":\"https:\\\/\\\/lavocedelpaese.info\\\/index.php\\\/2025\\\/11\\\/08\\\/campagna-vaccinale-anti-influenza-cresce-ladesione-dei-cittadini\\\/\",\"name\":\"Campagna vaccinale anti influenza: cresce l\u2019adesione dei cittadini\u00a0\u200b - La Voce del Paese\",\"isPartOf\":{\"@id\":\"https:\\\/\\\/lavocedelpaese.info\\\/#website\"},\"primaryImageOfPage\":{\"@id\":\"https:\\\/\\\/lavocedelpaese.info\\\/index.php\\\/2025\\\/11\\\/08\\\/campagna-vaccinale-anti-influenza-cresce-ladesione-dei-cittadini\\\/#primaryimage\"},\"image\":{\"@id\":\"https:\\\/\\\/lavocedelpaese.info\\\/index.php\\\/2025\\\/11\\\/08\\\/campagna-vaccinale-anti-influenza-cresce-ladesione-dei-cittadini\\\/#primaryimage\"},\"thumbnailUrl\":\"https:\\\/\\\/lavocedelpaese.info\\\/wp-content\\\/uploads\\\/2023\\\/01\\\/logo-150-127.png\",\"datePublished\":\"2025-11-08T08:14:04+00:00\",\"breadcrumb\":{\"@id\":\"https:\\\/\\\/lavocedelpaese.info\\\/index.php\\\/2025\\\/11\\\/08\\\/campagna-vaccinale-anti-influenza-cresce-ladesione-dei-cittadini\\\/#breadcrumb\"},\"inLanguage\":\"it-IT\",\"potentialAction\":[{\"@type\":\"ReadAction\",\"target\":[\"https:\\\/\\\/lavocedelpaese.info\\\/index.php\\\/2025\\\/11\\\/08\\\/campagna-vaccinale-anti-influenza-cresce-ladesione-dei-cittadini\\\/\"]}]},{\"@type\":\"ImageObject\",\"inLanguage\":\"it-IT\",\"@id\":\"https:\\\/\\\/lavocedelpaese.info\\\/index.php\\\/2025\\\/11\\\/08\\\/campagna-vaccinale-anti-influenza-cresce-ladesione-dei-cittadini\\\/#primaryimage\",\"url\":\"https:\\\/\\\/lavocedelpaese.info\\\/wp-content\\\/uploads\\\/2023\\\/01\\\/logo-150-127.png\",\"contentUrl\":\"https:\\\/\\\/lavocedelpaese.info\\\/wp-content\\\/uploads\\\/2023\\\/01\\\/logo-150-127.png\",\"width\":150,\"height\":127},{\"@type\":\"BreadcrumbList\",\"@id\":\"https:\\\/\\\/lavocedelpaese.info\\\/index.php\\\/2025\\\/11\\\/08\\\/campagna-vaccinale-anti-influenza-cresce-ladesione-dei-cittadini\\\/#breadcrumb\",\"itemListElement\":[{\"@type\":\"ListItem\",\"position\":1,\"name\":\"Home\",\"item\":\"https:\\\/\\\/lavocedelpaese.info\\\/\"},{\"@type\":\"ListItem\",\"position\":2,\"name\":\"Campagna vaccinale anti influenza: cresce l\u2019adesione dei cittadini\u00a0\u200b\"}]},{\"@type\":\"WebSite\",\"@id\":\"https:\\\/\\\/lavocedelpaese.info\\\/#website\",\"url\":\"https:\\\/\\\/lavocedelpaese.info\\\/\",\"name\":\"La Voce del Paese\",\"description\":\"Un network di idee\",\"publisher\":{\"@id\":\"https:\\\/\\\/lavocedelpaese.info\\\/#organization\"},\"potentialAction\":[{\"@type\":\"SearchAction\",\"target\":{\"@type\":\"EntryPoint\",\"urlTemplate\":\"https:\\\/\\\/lavocedelpaese.info\\\/?s={search_term_string}\"},\"query-input\":{\"@type\":\"PropertyValueSpecification\",\"valueRequired\":true,\"valueName\":\"search_term_string\"}}],\"inLanguage\":\"it-IT\"},{\"@type\":\"Organization\",\"@id\":\"https:\\\/\\\/lavocedelpaese.info\\\/#organization\",\"name\":\"La Voce del Paese\",\"url\":\"https:\\\/\\\/lavocedelpaese.info\\\/\",\"logo\":{\"@type\":\"ImageObject\",\"inLanguage\":\"it-IT\",\"@id\":\"https:\\\/\\\/lavocedelpaese.info\\\/#\\\/schema\\\/logo\\\/image\\\/\",\"url\":\"https:\\\/\\\/lavocedelpaese.info\\\/wp-content\\\/uploads\\\/2023\\\/01\\\/cropped-logo-150-127.png\",\"contentUrl\":\"https:\\\/\\\/lavocedelpaese.info\\\/wp-content\\\/uploads\\\/2023\\\/01\\\/cropped-logo-150-127.png\",\"width\":137,\"height\":119,\"caption\":\"La Voce del Paese\"},\"image\":{\"@id\":\"https:\\\/\\\/lavocedelpaese.info\\\/#\\\/schema\\\/logo\\\/image\\\/\"},\"sameAs\":[\"https:\\\/\\\/www.facebook.com\\\/lavocedelpaese.info\"]},{\"@type\":\"Person\",\"@id\":\"https:\\\/\\\/lavocedelpaese.info\\\/#\\\/schema\\\/person\\\/ec151d321306bd7591f7a061abf72d88\",\"name\":\"admin\",\"image\":{\"@type\":\"ImageObject\",\"inLanguage\":\"it-IT\",\"@id\":\"https:\\\/\\\/secure.gravatar.com\\\/avatar\\\/af8f2caf0663124588de48a9380e07cbc95a74ef15b8062d0d39106c32fe3023?s=96&d=mm&r=g\",\"url\":\"https:\\\/\\\/secure.gravatar.com\\\/avatar\\\/af8f2caf0663124588de48a9380e07cbc95a74ef15b8062d0d39106c32fe3023?s=96&d=mm&r=g\",\"contentUrl\":\"https:\\\/\\\/secure.gravatar.com\\\/avatar\\\/af8f2caf0663124588de48a9380e07cbc95a74ef15b8062d0d39106c32fe3023?s=96&d=mm&r=g\",\"caption\":\"admin\"},\"sameAs\":[\"https:\\\/\\\/lavocedelpaese.info\"],\"url\":\"https:\\\/\\\/lavocedelpaese.info\\\/index.php\\\/author\\\/admin\\\/\"}]}<\/script>\n<!-- \/ Yoast SEO plugin. -->","yoast_head_json":{"title":"Campagna vaccinale anti influenza: cresce l\u2019adesione dei cittadini\u00a0\u200b - La Voce del Paese","robots":{"index":"index","follow":"follow","max-snippet":"max-snippet:-1","max-image-preview":"max-image-preview:large","max-video-preview":"max-video-preview:-1"},"canonical":"https:\/\/lavocedelpaese.info\/index.php\/2025\/11\/08\/campagna-vaccinale-anti-influenza-cresce-ladesione-dei-cittadini\/","og_locale":"it_IT","og_type":"article","og_title":"Campagna vaccinale anti influenza: cresce l\u2019adesione dei cittadini\u00a0\u200b - La Voce del Paese","og_description":"\u00a0 \u200b\u00a0 \u200b\u00a0 La stagione influenzale \u00e8 in corso e la risposta dei cittadini baresi \u00e8 incoraggiante. La campagna vaccinale","og_url":"https:\/\/lavocedelpaese.info\/index.php\/2025\/11\/08\/campagna-vaccinale-anti-influenza-cresce-ladesione-dei-cittadini\/","og_site_name":"La Voce del Paese","article_publisher":"https:\/\/www.facebook.com\/lavocedelpaese.info","article_published_time":"2025-11-08T08:14:04+00:00","author":"admin","twitter_card":"summary_large_image","twitter_misc":{"Scritto da":"admin","Tempo di lettura stimato":"2 minuti"},"schema":{"@context":"https:\/\/schema.org","@graph":[{"@type":"Article","@id":"https:\/\/lavocedelpaese.info\/index.php\/2025\/11\/08\/campagna-vaccinale-anti-influenza-cresce-ladesione-dei-cittadini\/#article","isPartOf":{"@id":"https:\/\/lavocedelpaese.info\/index.php\/2025\/11\/08\/campagna-vaccinale-anti-influenza-cresce-ladesione-dei-cittadini\/"},"author":{"name":"admin","@id":"https:\/\/lavocedelpaese.info\/#\/schema\/person\/ec151d321306bd7591f7a061abf72d88"},"headline":"Campagna vaccinale anti influenza: cresce l\u2019adesione dei cittadini\u00a0\u200b","datePublished":"2025-11-08T08:14:04+00:00","mainEntityOfPage":{"@id":"https:\/\/lavocedelpaese.info\/index.php\/2025\/11\/08\/campagna-vaccinale-anti-influenza-cresce-ladesione-dei-cittadini\/"},"wordCount":371,"commentCount":0,"publisher":{"@id":"https:\/\/lavocedelpaese.info\/#organization"},"image":{"@id":"https:\/\/lavocedelpaese.info\/index.php\/2025\/11\/08\/campagna-vaccinale-anti-influenza-cresce-ladesione-dei-cittadini\/#primaryimage"},"thumbnailUrl":"https:\/\/lavocedelpaese.info\/wp-content\/uploads\/2023\/01\/logo-150-127.png","articleSection":["network"],"inLanguage":"it-IT","potentialAction":[{"@type":"CommentAction","name":"Comment","target":["https:\/\/lavocedelpaese.info\/index.php\/2025\/11\/08\/campagna-vaccinale-anti-influenza-cresce-ladesione-dei-cittadini\/#respond"]}]},{"@type":"WebPage","@id":"https:\/\/lavocedelpaese.info\/index.php\/2025\/11\/08\/campagna-vaccinale-anti-influenza-cresce-ladesione-dei-cittadini\/","url":"https:\/\/lavocedelpaese.info\/index.php\/2025\/11\/08\/campagna-vaccinale-anti-influenza-cresce-ladesione-dei-cittadini\/","name":"Campagna vaccinale anti influenza: cresce l\u2019adesione dei cittadini\u00a0\u200b - La Voce del Paese","isPartOf":{"@id":"https:\/\/lavocedelpaese.info\/#website"},"primaryImageOfPage":{"@id":"https:\/\/lavocedelpaese.info\/index.php\/2025\/11\/08\/campagna-vaccinale-anti-influenza-cresce-ladesione-dei-cittadini\/#primaryimage"},"image":{"@id":"https:\/\/lavocedelpaese.info\/index.php\/2025\/11\/08\/campagna-vaccinale-anti-influenza-cresce-ladesione-dei-cittadini\/#primaryimage"},"thumbnailUrl":"https:\/\/lavocedelpaese.info\/wp-content\/uploads\/2023\/01\/logo-150-127.png","datePublished":"2025-11-08T08:14:04+00:00","breadcrumb":{"@id":"https:\/\/lavocedelpaese.info\/index.php\/2025\/11\/08\/campagna-vaccinale-anti-influenza-cresce-ladesione-dei-cittadini\/#breadcrumb"},"inLanguage":"it-IT","potentialAction":[{"@type":"ReadAction","target":["https:\/\/lavocedelpaese.info\/index.php\/2025\/11\/08\/campagna-vaccinale-anti-influenza-cresce-ladesione-dei-cittadini\/"]}]},{"@type":"ImageObject","inLanguage":"it-IT","@id":"https:\/\/lavocedelpaese.info\/index.php\/2025\/11\/08\/campagna-vaccinale-anti-influenza-cresce-ladesione-dei-cittadini\/#primaryimage","url":"https:\/\/lavocedelpaese.info\/wp-content\/uploads\/2023\/01\/logo-150-127.png","contentUrl":"https:\/\/lavocedelpaese.info\/wp-content\/uploads\/2023\/01\/logo-150-127.png","width":150,"height":127},{"@type":"BreadcrumbList","@id":"https:\/\/lavocedelpaese.info\/index.php\/2025\/11\/08\/campagna-vaccinale-anti-influenza-cresce-ladesione-dei-cittadini\/#breadcrumb","itemListElement":[{"@type":"ListItem","position":1,"name":"Home","item":"https:\/\/lavocedelpaese.info\/"},{"@type":"ListItem","position":2,"name":"Campagna vaccinale anti influenza: cresce l\u2019adesione dei cittadini\u00a0\u200b"}]},{"@type":"WebSite","@id":"https:\/\/lavocedelpaese.info\/#website","url":"https:\/\/lavocedelpaese.info\/","name":"La Voce del Paese","description":"Un network di idee","publisher":{"@id":"https:\/\/lavocedelpaese.info\/#organization"},"potentialAction":[{"@type":"SearchAction","target":{"@type":"EntryPoint","urlTemplate":"https:\/\/lavocedelpaese.info\/?s={search_term_string}"},"query-input":{"@type":"PropertyValueSpecification","valueRequired":true,"valueName":"search_term_string"}}],"inLanguage":"it-IT"},{"@type":"Organization","@id":"https:\/\/lavocedelpaese.info\/#organization","name":"La Voce del Paese","url":"https:\/\/lavocedelpaese.info\/","logo":{"@type":"ImageObject","inLanguage":"it-IT","@id":"https:\/\/lavocedelpaese.info\/#\/schema\/logo\/image\/","url":"https:\/\/lavocedelpaese.info\/wp-content\/uploads\/2023\/01\/cropped-logo-150-127.png","contentUrl":"https:\/\/lavocedelpaese.info\/wp-content\/uploads\/2023\/01\/cropped-logo-150-127.png","width":137,"height":119,"caption":"La Voce del Paese"},"image":{"@id":"https:\/\/lavocedelpaese.info\/#\/schema\/logo\/image\/"},"sameAs":["https:\/\/www.facebook.com\/lavocedelpaese.info"]},{"@type":"Person","@id":"https:\/\/lavocedelpaese.info\/#\/schema\/person\/ec151d321306bd7591f7a061abf72d88","name":"admin","image":{"@type":"ImageObject","inLanguage":"it-IT","@id":"https:\/\/secure.gravatar.com\/avatar\/af8f2caf0663124588de48a9380e07cbc95a74ef15b8062d0d39106c32fe3023?s=96&d=mm&r=g","url":"https:\/\/secure.gravatar.com\/avatar\/af8f2caf0663124588de48a9380e07cbc95a74ef15b8062d0d39106c32fe3023?s=96&d=mm&r=g","contentUrl":"https:\/\/secure.gravatar.com\/avatar\/af8f2caf0663124588de48a9380e07cbc95a74ef15b8062d0d39106c32fe3023?s=96&d=mm&r=g","caption":"admin"},"sameAs":["https:\/\/lavocedelpaese.info"],"url":"https:\/\/lavocedelpaese.info\/index.php\/author\/admin\/"}]}},"_links":{"self":[{"href":"https:\/\/lavocedelpaese.info\/index.php\/wp-json\/wp\/v2\/posts\/10183","targetHints":{"allow":["GET"]}}],"collection":[{"href":"https:\/\/lavocedelpaese.info\/index.php\/wp-json\/wp\/v2\/posts"}],"about":[{"href":"https:\/\/lavocedelpaese.info\/index.php\/wp-json\/wp\/v2\/types\/post"}],"author":[{"embeddable":true,"href":"https:\/\/lavocedelpaese.info\/index.php\/wp-json\/wp\/v2\/users\/6"}],"replies":[{"embeddable":true,"href":"https:\/\/lavocedelpaese.info\/index.php\/wp-json\/wp\/v2\/comments?post=10183"}],"version-history":[{"count":0,"href":"https:\/\/lavocedelpaese.info\/index.php\/wp-json\/wp\/v2\/posts\/10183\/revisions"}],"wp:featuredmedia":[{"embeddable":true,"href":"https:\/\/lavocedelpaese.info\/index.php\/wp-json\/wp\/v2\/media\/730"}],"wp:attachment":[{"href":"https:\/\/lavocedelpaese.info\/index.php\/wp-json\/wp\/v2\/media?parent=10183"}],"wp:term":[{"taxonomy":"category","embeddable":true,"href":"https:\/\/lavocedelpaese.info\/index.php\/wp-json\/wp\/v2\/categories?post=10183"},{"taxonomy":"post_tag","embeddable":true,"href":"https:\/\/lavocedelpaese.info\/index.php\/wp-json\/wp\/v2\/tags?post=10183"}],"curies":[{"name":"wp","href":"https:\/\/api.w.org\/{rel}","templated":true}]}}