{"id":10172,"date":"2025-11-05T08:14:28","date_gmt":"2025-11-05T08:14:28","guid":{"rendered":"https:\/\/lavocedelpaese.info\/index.php\/2025\/11\/05\/in-arrivo-la-rottamazione-quinquies\/"},"modified":"2025-11-05T08:14:28","modified_gmt":"2025-11-05T08:14:28","slug":"in-arrivo-la-rottamazione-quinquies","status":"publish","type":"post","link":"https:\/\/lavocedelpaese.info\/index.php\/2025\/11\/05\/in-arrivo-la-rottamazione-quinquies\/","title":{"rendered":"In arrivo la rottamazione \u201cquinquies\u201d\u00a0\u200b"},"content":{"rendered":"<p>\u00a0<\/p>\n<p>\u200b\u00a0<\/p>\n<p>\u200b\u00a0<\/p>\n<p>La\u00a0rottamazione quinquies\u00a0\u00e8 una delle misure pi\u00f9 attese della\u00a0Legge di Bilancio 2026, ma non tutti potranno beneficiarne. Tra gli esclusi rientrano anche coloro che, pur essendo in regola con i versamenti fino ad oggi, non pagheranno la\u00a0rata della rottamazione quater in scadenza il 30 novembre 2025. In questo caso, non sar\u00e0 possibile accedere alla nuova definizione agevolata e l\u2019unica strada percorribile rester\u00e0 quella della\u00a0rateizzazione ordinaria.<\/p>\n<p>In pratica non si potr\u00e0 passare automaticamente da una\u00a0definizione agevolata\u00a0all\u2019altra, dalla quater alla quinquies. Chi decadr\u00e0 dalla\u00a0rottamazione quater\u00a0perder\u00e0 i benefici e non potr\u00e0 \u201crecuperare\u201d accedendo alla\u00a0rottamazione quinquies. Questo limite temporale serve a evitare comportamenti opportunistici, come il mancato pagamento strategico della rata di novembre per ottenere condizioni pi\u00f9 favorevoli. Chi non versa entro il termine di tolleranza del 9 dicembre perder\u00e0 i benefici senza possibilit\u00e0 di rientrare nella quinquies.<\/p>\n<p>La\u00a0rottamazione quinquies\u00a0consentir\u00e0 di sanare le\u00a0cartelle affidate all\u2019Agente della riscossione dal 1 gennaio 2000 al 31 dicembre 2023, relative a imposte non versate ma dichiarate, nonch\u00e9 a controlli automatizzati e formali previsti dal\u00a0DPR 600\/1973\u00a0e dal\u00a0DPR 633\/1972, restano esclusi gli evasori totali in quanto sconosciuti al fisco.<\/p>\n<p>Il piano di pagamento sar\u00e0 pi\u00f9 lungo e flessibile rispetto al passato: fino a\u00a054 rate bimestrali in nove anni, con interessi del\u00a04% annuo\u00a0a partire dal 1\u00b0 agosto 2026. La prima rata, minima di 100 euro, dovr\u00e0 essere versata entro il\u00a031 luglio 2026, seguita dalle successive scadenze fissate a cadenza bimestrale fino a maggio 2035, la decadenza \u00e8 prevista in caso di mancato pagamento di due rate anche non consecutive. Da precisare che la\u00a0rottamazione quinquies\u00a0non sar\u00e0 universale, infatti, restano\u00a0esclusi\u00a0i carichi derivanti da\u00a0accertamenti definitivi, i\u00a0crediti per aiuti di Stato da recuperare, i\u00a0debiti per condanne della Corte dei Conti\u00a0e le\u00a0sanzioni penali pecuniarie.<\/p>\n<p>Per le\u00a0multe del Codice della Strada, la sanatoria si applicher\u00e0 soltanto agli\u00a0interessi e alle somme aggiuntive di riscossione, mentre l\u2019importo del verbale dovr\u00e0 essere versato per intero. Per\u00a0IMU, TARI e bolli auto\u00a0non gestiti dall\u2019Agenzia delle Entrate-Riscossione, l\u2019adesione dipender\u00e0 dalle\u00a0delibere dei singoli enti locali.<\/p>\n<p>L\u2019adesione potr\u00e0 essere effettuata esclusivamente\u00a0online, tramite un modulo disponibile sul sito dell\u2019Agenzia delle Entrate-Riscossione\u00a0presumibilmente dal\u00a020 gennaio 2026. Le domande dovranno essere presentate\u00a0entro il 30 aprile 2026, almeno queste sono le ultime indicazioni.<\/p>\n<p>Dopo la presentazione, l\u2019Agenzia comunicher\u00e0 entro il\u00a030 giugno 2026\u00a0l\u2019accoglimento della domanda, con il dettaglio dei debiti ammessi, l\u2019importo complessivo dovuto e il\u00a0piano di pagamento personalizzato. Il versamento potr\u00e0 avvenire in un\u2019unica soluzione o in\u00a0rate bimestrali\u00a0tramite addebito, bollettini o sportelli dell\u2019Agente della Riscossione.<\/p>\n<p>Con la presentazione della domanda di\u00a0rottamazione quinquies, il contribuente ottiene la\u00a0sospensione automatica delle procedure di riscossione\u00a0in corso. Niente nuovi fermi amministrativi o ipoteche, n\u00e9 ulteriori azioni esecutive, finch\u00e9 il piano viene rispettato.<\/p>\n<p>Un vantaggio cruciale riguarda il\u00a0DURC, infatti, anche le imprese con debiti inclusi nella definizione potranno risultare\u00a0regolari\u00a0ai fini della partecipazione a gare e appalti pubblici. Inoltre, se era gi\u00e0 in corso una rateizzazione ordinaria, questa potr\u00e0 essere sospesa fino alla conclusione della procedura agevolata.<\/p>\n<p>Si decade dalla\u00a0rottamazione quinquies\u00a0se non si paga la\u00a0prima rata e\/o\u00a0due rate anche non consecutive, o\u00a0l\u2019ultima rata del piano. In caso di decadenza, i benefici vengono annullati retroattivamente: il debito torna immediatamente esigibile con sanzioni e interessi originari, e non sar\u00e0 pi\u00f9 possibile accedere a ulteriori rateizzazioni.<\/p>\n<p>La rottamazione quinquies rappresenta un ulteriore tentativo di riconciliazione tra il sistema tributario e una platea ampia di contribuenti. Il cambio di rotta rispetto alle precedenti edizioni consiste nella scelta di allungare i tempi, di ammorbidire la mora sulla decadenza e di riammettere, entro limiti specifici, coloro che non ce l\u2019avevano fatta nella passata esperienza.<\/p>\n<ul class=\"wp-block-list\">\n<li><strong>Scadenza domanda:<\/strong>\u00a030 aprile 2026 (solo telematica);<\/li>\n<li><strong>Massimo rate:<\/strong>\u00a054 bimestrali (9 anni) con importo minimo di 100\u20ac\/rata;<\/li>\n<li><strong>Prima rata:<\/strong>\u00a031 luglio 2026, interessi al 4% annuo dal 1\u00b0 agosto 2026;<\/li>\n<li><strong>Chi pu\u00f2 accedere:<\/strong>\u00a0omessi versamenti da controlli automatizzati (art. 36-bis e 54-bis DPR 546\/1992) e decaduti da precedenti rottamazioni;<\/li>\n<li><strong>Chi \u00e8 escluso:<\/strong>\u00a0contribuenti in regola con rottamazione quater al 30\/09\/2025, debiti da accertamenti sostanziali, omesse dichiarazioni;<\/li>\n<li><strong>Decadenza:<\/strong><strong>\u00a0<\/strong>solo se saltate almeno 2 rate bimestrali (anche non consecutive) o la prima\/ultima rata;<\/li>\n<li><strong>Cosa si elimina:<\/strong>\u00a0sanzioni, interessi di mora e aggio di riscossione (capitale + interessi dilazione 4%);<\/li>\n<li><strong>Carichi ammessi:<\/strong>\u00a0cartelle dal 2000 al 2023 per omessi versamenti risultanti da dichiarazioni;<\/li>\n<\/ul>\n<p class=\"has-text-align-right\"><strong><em>Dott. Massimo Arganese<\/em><\/strong><strong><em><\/em><\/strong><\/p>\n<p class=\"has-text-align-right\"><strong><em>Studio Arganese &amp; Parteners<\/em><\/strong><strong><em><\/em><\/strong><\/p>\n<p><a class=\"a2a_button_facebook\" href=\"https:\/\/www.addtoany.com\/add_to\/facebook?linkurl=https%3A%2F%2Fcassano.lavocedelpaese.info%2Fin-arrivo-la-rottamazione-quinquies%2F&amp;linkname=In%20arrivo%20la%20rottamazione%20%E2%80%9Cquinquies%E2%80%9D\" title=\"Facebook\" rel=\"nofollow noopener\" target=\"_blank\"><\/a><a class=\"a2a_button_twitter\" href=\"https:\/\/www.addtoany.com\/add_to\/twitter?linkurl=https%3A%2F%2Fcassano.lavocedelpaese.info%2Fin-arrivo-la-rottamazione-quinquies%2F&amp;linkname=In%20arrivo%20la%20rottamazione%20%E2%80%9Cquinquies%E2%80%9D\" title=\"Twitter\" rel=\"nofollow noopener\" target=\"_blank\"><\/a><a class=\"a2a_button_whatsapp\" href=\"https:\/\/www.addtoany.com\/add_to\/whatsapp?linkurl=https%3A%2F%2Fcassano.lavocedelpaese.info%2Fin-arrivo-la-rottamazione-quinquies%2F&amp;linkname=In%20arrivo%20la%20rottamazione%20%E2%80%9Cquinquies%E2%80%9D\" title=\"WhatsApp\" rel=\"nofollow noopener\" target=\"_blank\"><\/a><a class=\"a2a_button_telegram\" href=\"https:\/\/www.addtoany.com\/add_to\/telegram?linkurl=https%3A%2F%2Fcassano.lavocedelpaese.info%2Fin-arrivo-la-rottamazione-quinquies%2F&amp;linkname=In%20arrivo%20la%20rottamazione%20%E2%80%9Cquinquies%E2%80%9D\" title=\"Telegram\" rel=\"nofollow noopener\" target=\"_blank\"><\/a><a class=\"a2a_button_email\" href=\"https:\/\/www.addtoany.com\/add_to\/email?linkurl=https%3A%2F%2Fcassano.lavocedelpaese.info%2Fin-arrivo-la-rottamazione-quinquies%2F&amp;linkname=In%20arrivo%20la%20rottamazione%20%E2%80%9Cquinquies%E2%80%9D\" title=\"Email\" rel=\"nofollow noopener\" target=\"_blank\"><\/a><\/p>\n<p>\u00a0<\/p>\n<p>\u00a0<\/p>\n<p>\u200b\u00a0\u00a0\u00a0<\/p>","protected":false},"excerpt":{"rendered":"<p>\u00a0 \u200b\u00a0 \u200b\u00a0 La\u00a0rottamazione quinquies\u00a0\u00e8 una delle misure pi\u00f9 attese della\u00a0Legge di Bilancio 2026, ma non tutti potranno beneficiarne. Tra<\/p>\n","protected":false},"author":6,"featured_media":730,"comment_status":"open","ping_status":"closed","sticky":false,"template":"","format":"standard","meta":{"colormag_page_container_layout":"default_layout","colormag_page_sidebar_layout":"default_layout","footnotes":""},"categories":[33],"tags":[],"class_list":["post-10172","post","type-post","status-publish","format-standard","has-post-thumbnail","hentry","category-network"],"yoast_head":"<!-- This site is optimized with the Yoast SEO plugin v27.5 - https:\/\/yoast.com\/product\/yoast-seo-wordpress\/ -->\n<title>In arrivo la rottamazione \u201cquinquies\u201d\u00a0\u200b - La Voce del Paese<\/title>\n<meta name=\"robots\" content=\"index, follow, max-snippet:-1, max-image-preview:large, max-video-preview:-1\" \/>\n<link rel=\"canonical\" href=\"https:\/\/lavocedelpaese.info\/index.php\/2025\/11\/05\/in-arrivo-la-rottamazione-quinquies\/\" \/>\n<meta property=\"og:locale\" content=\"it_IT\" \/>\n<meta property=\"og:type\" content=\"article\" \/>\n<meta property=\"og:title\" content=\"In arrivo la rottamazione \u201cquinquies\u201d\u00a0\u200b - La Voce del Paese\" \/>\n<meta property=\"og:description\" content=\"\u00a0 \u200b\u00a0 \u200b\u00a0 La\u00a0rottamazione quinquies\u00a0\u00e8 una delle misure pi\u00f9 attese della\u00a0Legge di Bilancio 2026, ma non tutti potranno beneficiarne. Tra\" \/>\n<meta property=\"og:url\" content=\"https:\/\/lavocedelpaese.info\/index.php\/2025\/11\/05\/in-arrivo-la-rottamazione-quinquies\/\" \/>\n<meta property=\"og:site_name\" content=\"La Voce del Paese\" \/>\n<meta property=\"article:publisher\" content=\"https:\/\/www.facebook.com\/lavocedelpaese.info\" \/>\n<meta property=\"article:published_time\" content=\"2025-11-05T08:14:28+00:00\" \/>\n<meta name=\"author\" content=\"admin\" \/>\n<meta name=\"twitter:card\" content=\"summary_large_image\" \/>\n<meta name=\"twitter:label1\" content=\"Scritto da\" \/>\n\t<meta name=\"twitter:data1\" content=\"admin\" \/>\n\t<meta name=\"twitter:label2\" content=\"Tempo di lettura stimato\" \/>\n\t<meta name=\"twitter:data2\" content=\"4 minuti\" \/>\n<script type=\"application\/ld+json\" class=\"yoast-schema-graph\">{\"@context\":\"https:\\\/\\\/schema.org\",\"@graph\":[{\"@type\":\"Article\",\"@id\":\"https:\\\/\\\/lavocedelpaese.info\\\/index.php\\\/2025\\\/11\\\/05\\\/in-arrivo-la-rottamazione-quinquies\\\/#article\",\"isPartOf\":{\"@id\":\"https:\\\/\\\/lavocedelpaese.info\\\/index.php\\\/2025\\\/11\\\/05\\\/in-arrivo-la-rottamazione-quinquies\\\/\"},\"author\":{\"name\":\"admin\",\"@id\":\"https:\\\/\\\/lavocedelpaese.info\\\/#\\\/schema\\\/person\\\/ec151d321306bd7591f7a061abf72d88\"},\"headline\":\"In arrivo la rottamazione \u201cquinquies\u201d\u00a0\u200b\",\"datePublished\":\"2025-11-05T08:14:28+00:00\",\"mainEntityOfPage\":{\"@id\":\"https:\\\/\\\/lavocedelpaese.info\\\/index.php\\\/2025\\\/11\\\/05\\\/in-arrivo-la-rottamazione-quinquies\\\/\"},\"wordCount\":721,\"commentCount\":0,\"publisher\":{\"@id\":\"https:\\\/\\\/lavocedelpaese.info\\\/#organization\"},\"image\":{\"@id\":\"https:\\\/\\\/lavocedelpaese.info\\\/index.php\\\/2025\\\/11\\\/05\\\/in-arrivo-la-rottamazione-quinquies\\\/#primaryimage\"},\"thumbnailUrl\":\"https:\\\/\\\/lavocedelpaese.info\\\/wp-content\\\/uploads\\\/2023\\\/01\\\/logo-150-127.png\",\"articleSection\":[\"network\"],\"inLanguage\":\"it-IT\",\"potentialAction\":[{\"@type\":\"CommentAction\",\"name\":\"Comment\",\"target\":[\"https:\\\/\\\/lavocedelpaese.info\\\/index.php\\\/2025\\\/11\\\/05\\\/in-arrivo-la-rottamazione-quinquies\\\/#respond\"]}]},{\"@type\":\"WebPage\",\"@id\":\"https:\\\/\\\/lavocedelpaese.info\\\/index.php\\\/2025\\\/11\\\/05\\\/in-arrivo-la-rottamazione-quinquies\\\/\",\"url\":\"https:\\\/\\\/lavocedelpaese.info\\\/index.php\\\/2025\\\/11\\\/05\\\/in-arrivo-la-rottamazione-quinquies\\\/\",\"name\":\"In arrivo la rottamazione \u201cquinquies\u201d\u00a0\u200b - La Voce del Paese\",\"isPartOf\":{\"@id\":\"https:\\\/\\\/lavocedelpaese.info\\\/#website\"},\"primaryImageOfPage\":{\"@id\":\"https:\\\/\\\/lavocedelpaese.info\\\/index.php\\\/2025\\\/11\\\/05\\\/in-arrivo-la-rottamazione-quinquies\\\/#primaryimage\"},\"image\":{\"@id\":\"https:\\\/\\\/lavocedelpaese.info\\\/index.php\\\/2025\\\/11\\\/05\\\/in-arrivo-la-rottamazione-quinquies\\\/#primaryimage\"},\"thumbnailUrl\":\"https:\\\/\\\/lavocedelpaese.info\\\/wp-content\\\/uploads\\\/2023\\\/01\\\/logo-150-127.png\",\"datePublished\":\"2025-11-05T08:14:28+00:00\",\"breadcrumb\":{\"@id\":\"https:\\\/\\\/lavocedelpaese.info\\\/index.php\\\/2025\\\/11\\\/05\\\/in-arrivo-la-rottamazione-quinquies\\\/#breadcrumb\"},\"inLanguage\":\"it-IT\",\"potentialAction\":[{\"@type\":\"ReadAction\",\"target\":[\"https:\\\/\\\/lavocedelpaese.info\\\/index.php\\\/2025\\\/11\\\/05\\\/in-arrivo-la-rottamazione-quinquies\\\/\"]}]},{\"@type\":\"ImageObject\",\"inLanguage\":\"it-IT\",\"@id\":\"https:\\\/\\\/lavocedelpaese.info\\\/index.php\\\/2025\\\/11\\\/05\\\/in-arrivo-la-rottamazione-quinquies\\\/#primaryimage\",\"url\":\"https:\\\/\\\/lavocedelpaese.info\\\/wp-content\\\/uploads\\\/2023\\\/01\\\/logo-150-127.png\",\"contentUrl\":\"https:\\\/\\\/lavocedelpaese.info\\\/wp-content\\\/uploads\\\/2023\\\/01\\\/logo-150-127.png\",\"width\":150,\"height\":127},{\"@type\":\"BreadcrumbList\",\"@id\":\"https:\\\/\\\/lavocedelpaese.info\\\/index.php\\\/2025\\\/11\\\/05\\\/in-arrivo-la-rottamazione-quinquies\\\/#breadcrumb\",\"itemListElement\":[{\"@type\":\"ListItem\",\"position\":1,\"name\":\"Home\",\"item\":\"https:\\\/\\\/lavocedelpaese.info\\\/\"},{\"@type\":\"ListItem\",\"position\":2,\"name\":\"In arrivo la rottamazione \u201cquinquies\u201d\u00a0\u200b\"}]},{\"@type\":\"WebSite\",\"@id\":\"https:\\\/\\\/lavocedelpaese.info\\\/#website\",\"url\":\"https:\\\/\\\/lavocedelpaese.info\\\/\",\"name\":\"La Voce del Paese\",\"description\":\"Un network di idee\",\"publisher\":{\"@id\":\"https:\\\/\\\/lavocedelpaese.info\\\/#organization\"},\"potentialAction\":[{\"@type\":\"SearchAction\",\"target\":{\"@type\":\"EntryPoint\",\"urlTemplate\":\"https:\\\/\\\/lavocedelpaese.info\\\/?s={search_term_string}\"},\"query-input\":{\"@type\":\"PropertyValueSpecification\",\"valueRequired\":true,\"valueName\":\"search_term_string\"}}],\"inLanguage\":\"it-IT\"},{\"@type\":\"Organization\",\"@id\":\"https:\\\/\\\/lavocedelpaese.info\\\/#organization\",\"name\":\"La Voce del Paese\",\"url\":\"https:\\\/\\\/lavocedelpaese.info\\\/\",\"logo\":{\"@type\":\"ImageObject\",\"inLanguage\":\"it-IT\",\"@id\":\"https:\\\/\\\/lavocedelpaese.info\\\/#\\\/schema\\\/logo\\\/image\\\/\",\"url\":\"https:\\\/\\\/lavocedelpaese.info\\\/wp-content\\\/uploads\\\/2023\\\/01\\\/cropped-logo-150-127.png\",\"contentUrl\":\"https:\\\/\\\/lavocedelpaese.info\\\/wp-content\\\/uploads\\\/2023\\\/01\\\/cropped-logo-150-127.png\",\"width\":137,\"height\":119,\"caption\":\"La Voce del Paese\"},\"image\":{\"@id\":\"https:\\\/\\\/lavocedelpaese.info\\\/#\\\/schema\\\/logo\\\/image\\\/\"},\"sameAs\":[\"https:\\\/\\\/www.facebook.com\\\/lavocedelpaese.info\"]},{\"@type\":\"Person\",\"@id\":\"https:\\\/\\\/lavocedelpaese.info\\\/#\\\/schema\\\/person\\\/ec151d321306bd7591f7a061abf72d88\",\"name\":\"admin\",\"image\":{\"@type\":\"ImageObject\",\"inLanguage\":\"it-IT\",\"@id\":\"https:\\\/\\\/secure.gravatar.com\\\/avatar\\\/af8f2caf0663124588de48a9380e07cbc95a74ef15b8062d0d39106c32fe3023?s=96&d=mm&r=g\",\"url\":\"https:\\\/\\\/secure.gravatar.com\\\/avatar\\\/af8f2caf0663124588de48a9380e07cbc95a74ef15b8062d0d39106c32fe3023?s=96&d=mm&r=g\",\"contentUrl\":\"https:\\\/\\\/secure.gravatar.com\\\/avatar\\\/af8f2caf0663124588de48a9380e07cbc95a74ef15b8062d0d39106c32fe3023?s=96&d=mm&r=g\",\"caption\":\"admin\"},\"sameAs\":[\"https:\\\/\\\/lavocedelpaese.info\"],\"url\":\"https:\\\/\\\/lavocedelpaese.info\\\/index.php\\\/author\\\/admin\\\/\"}]}<\/script>\n<!-- \/ Yoast SEO plugin. -->","yoast_head_json":{"title":"In arrivo la rottamazione \u201cquinquies\u201d\u00a0\u200b - La Voce del Paese","robots":{"index":"index","follow":"follow","max-snippet":"max-snippet:-1","max-image-preview":"max-image-preview:large","max-video-preview":"max-video-preview:-1"},"canonical":"https:\/\/lavocedelpaese.info\/index.php\/2025\/11\/05\/in-arrivo-la-rottamazione-quinquies\/","og_locale":"it_IT","og_type":"article","og_title":"In arrivo la rottamazione \u201cquinquies\u201d\u00a0\u200b - La Voce del Paese","og_description":"\u00a0 \u200b\u00a0 \u200b\u00a0 La\u00a0rottamazione quinquies\u00a0\u00e8 una delle misure pi\u00f9 attese della\u00a0Legge di Bilancio 2026, ma non tutti potranno beneficiarne. Tra","og_url":"https:\/\/lavocedelpaese.info\/index.php\/2025\/11\/05\/in-arrivo-la-rottamazione-quinquies\/","og_site_name":"La Voce del Paese","article_publisher":"https:\/\/www.facebook.com\/lavocedelpaese.info","article_published_time":"2025-11-05T08:14:28+00:00","author":"admin","twitter_card":"summary_large_image","twitter_misc":{"Scritto da":"admin","Tempo di lettura stimato":"4 minuti"},"schema":{"@context":"https:\/\/schema.org","@graph":[{"@type":"Article","@id":"https:\/\/lavocedelpaese.info\/index.php\/2025\/11\/05\/in-arrivo-la-rottamazione-quinquies\/#article","isPartOf":{"@id":"https:\/\/lavocedelpaese.info\/index.php\/2025\/11\/05\/in-arrivo-la-rottamazione-quinquies\/"},"author":{"name":"admin","@id":"https:\/\/lavocedelpaese.info\/#\/schema\/person\/ec151d321306bd7591f7a061abf72d88"},"headline":"In arrivo la rottamazione \u201cquinquies\u201d\u00a0\u200b","datePublished":"2025-11-05T08:14:28+00:00","mainEntityOfPage":{"@id":"https:\/\/lavocedelpaese.info\/index.php\/2025\/11\/05\/in-arrivo-la-rottamazione-quinquies\/"},"wordCount":721,"commentCount":0,"publisher":{"@id":"https:\/\/lavocedelpaese.info\/#organization"},"image":{"@id":"https:\/\/lavocedelpaese.info\/index.php\/2025\/11\/05\/in-arrivo-la-rottamazione-quinquies\/#primaryimage"},"thumbnailUrl":"https:\/\/lavocedelpaese.info\/wp-content\/uploads\/2023\/01\/logo-150-127.png","articleSection":["network"],"inLanguage":"it-IT","potentialAction":[{"@type":"CommentAction","name":"Comment","target":["https:\/\/lavocedelpaese.info\/index.php\/2025\/11\/05\/in-arrivo-la-rottamazione-quinquies\/#respond"]}]},{"@type":"WebPage","@id":"https:\/\/lavocedelpaese.info\/index.php\/2025\/11\/05\/in-arrivo-la-rottamazione-quinquies\/","url":"https:\/\/lavocedelpaese.info\/index.php\/2025\/11\/05\/in-arrivo-la-rottamazione-quinquies\/","name":"In arrivo la rottamazione \u201cquinquies\u201d\u00a0\u200b - La Voce del Paese","isPartOf":{"@id":"https:\/\/lavocedelpaese.info\/#website"},"primaryImageOfPage":{"@id":"https:\/\/lavocedelpaese.info\/index.php\/2025\/11\/05\/in-arrivo-la-rottamazione-quinquies\/#primaryimage"},"image":{"@id":"https:\/\/lavocedelpaese.info\/index.php\/2025\/11\/05\/in-arrivo-la-rottamazione-quinquies\/#primaryimage"},"thumbnailUrl":"https:\/\/lavocedelpaese.info\/wp-content\/uploads\/2023\/01\/logo-150-127.png","datePublished":"2025-11-05T08:14:28+00:00","breadcrumb":{"@id":"https:\/\/lavocedelpaese.info\/index.php\/2025\/11\/05\/in-arrivo-la-rottamazione-quinquies\/#breadcrumb"},"inLanguage":"it-IT","potentialAction":[{"@type":"ReadAction","target":["https:\/\/lavocedelpaese.info\/index.php\/2025\/11\/05\/in-arrivo-la-rottamazione-quinquies\/"]}]},{"@type":"ImageObject","inLanguage":"it-IT","@id":"https:\/\/lavocedelpaese.info\/index.php\/2025\/11\/05\/in-arrivo-la-rottamazione-quinquies\/#primaryimage","url":"https:\/\/lavocedelpaese.info\/wp-content\/uploads\/2023\/01\/logo-150-127.png","contentUrl":"https:\/\/lavocedelpaese.info\/wp-content\/uploads\/2023\/01\/logo-150-127.png","width":150,"height":127},{"@type":"BreadcrumbList","@id":"https:\/\/lavocedelpaese.info\/index.php\/2025\/11\/05\/in-arrivo-la-rottamazione-quinquies\/#breadcrumb","itemListElement":[{"@type":"ListItem","position":1,"name":"Home","item":"https:\/\/lavocedelpaese.info\/"},{"@type":"ListItem","position":2,"name":"In arrivo la rottamazione \u201cquinquies\u201d\u00a0\u200b"}]},{"@type":"WebSite","@id":"https:\/\/lavocedelpaese.info\/#website","url":"https:\/\/lavocedelpaese.info\/","name":"La Voce del Paese","description":"Un network di idee","publisher":{"@id":"https:\/\/lavocedelpaese.info\/#organization"},"potentialAction":[{"@type":"SearchAction","target":{"@type":"EntryPoint","urlTemplate":"https:\/\/lavocedelpaese.info\/?s={search_term_string}"},"query-input":{"@type":"PropertyValueSpecification","valueRequired":true,"valueName":"search_term_string"}}],"inLanguage":"it-IT"},{"@type":"Organization","@id":"https:\/\/lavocedelpaese.info\/#organization","name":"La Voce del Paese","url":"https:\/\/lavocedelpaese.info\/","logo":{"@type":"ImageObject","inLanguage":"it-IT","@id":"https:\/\/lavocedelpaese.info\/#\/schema\/logo\/image\/","url":"https:\/\/lavocedelpaese.info\/wp-content\/uploads\/2023\/01\/cropped-logo-150-127.png","contentUrl":"https:\/\/lavocedelpaese.info\/wp-content\/uploads\/2023\/01\/cropped-logo-150-127.png","width":137,"height":119,"caption":"La Voce del Paese"},"image":{"@id":"https:\/\/lavocedelpaese.info\/#\/schema\/logo\/image\/"},"sameAs":["https:\/\/www.facebook.com\/lavocedelpaese.info"]},{"@type":"Person","@id":"https:\/\/lavocedelpaese.info\/#\/schema\/person\/ec151d321306bd7591f7a061abf72d88","name":"admin","image":{"@type":"ImageObject","inLanguage":"it-IT","@id":"https:\/\/secure.gravatar.com\/avatar\/af8f2caf0663124588de48a9380e07cbc95a74ef15b8062d0d39106c32fe3023?s=96&d=mm&r=g","url":"https:\/\/secure.gravatar.com\/avatar\/af8f2caf0663124588de48a9380e07cbc95a74ef15b8062d0d39106c32fe3023?s=96&d=mm&r=g","contentUrl":"https:\/\/secure.gravatar.com\/avatar\/af8f2caf0663124588de48a9380e07cbc95a74ef15b8062d0d39106c32fe3023?s=96&d=mm&r=g","caption":"admin"},"sameAs":["https:\/\/lavocedelpaese.info"],"url":"https:\/\/lavocedelpaese.info\/index.php\/author\/admin\/"}]}},"_links":{"self":[{"href":"https:\/\/lavocedelpaese.info\/index.php\/wp-json\/wp\/v2\/posts\/10172","targetHints":{"allow":["GET"]}}],"collection":[{"href":"https:\/\/lavocedelpaese.info\/index.php\/wp-json\/wp\/v2\/posts"}],"about":[{"href":"https:\/\/lavocedelpaese.info\/index.php\/wp-json\/wp\/v2\/types\/post"}],"author":[{"embeddable":true,"href":"https:\/\/lavocedelpaese.info\/index.php\/wp-json\/wp\/v2\/users\/6"}],"replies":[{"embeddable":true,"href":"https:\/\/lavocedelpaese.info\/index.php\/wp-json\/wp\/v2\/comments?post=10172"}],"version-history":[{"count":0,"href":"https:\/\/lavocedelpaese.info\/index.php\/wp-json\/wp\/v2\/posts\/10172\/revisions"}],"wp:featuredmedia":[{"embeddable":true,"href":"https:\/\/lavocedelpaese.info\/index.php\/wp-json\/wp\/v2\/media\/730"}],"wp:attachment":[{"href":"https:\/\/lavocedelpaese.info\/index.php\/wp-json\/wp\/v2\/media?parent=10172"}],"wp:term":[{"taxonomy":"category","embeddable":true,"href":"https:\/\/lavocedelpaese.info\/index.php\/wp-json\/wp\/v2\/categories?post=10172"},{"taxonomy":"post_tag","embeddable":true,"href":"https:\/\/lavocedelpaese.info\/index.php\/wp-json\/wp\/v2\/tags?post=10172"}],"curies":[{"name":"wp","href":"https:\/\/api.w.org\/{rel}","templated":true}]}}