{"id":10159,"date":"2025-11-01T10:15:08","date_gmt":"2025-11-01T10:15:08","guid":{"rendered":"https:\/\/lavocedelpaese.info\/index.php\/2025\/11\/01\/in-rimonta-contro-landria-il-secondo-successo-del-turi\/"},"modified":"2025-11-01T10:15:08","modified_gmt":"2025-11-01T10:15:08","slug":"in-rimonta-contro-landria-il-secondo-successo-del-turi","status":"publish","type":"post","link":"https:\/\/lavocedelpaese.info\/index.php\/2025\/11\/01\/in-rimonta-contro-landria-il-secondo-successo-del-turi\/","title":{"rendered":"In rimonta contro l\u2019Andria il secondo successo del Turi\u00a0\u200b"},"content":{"rendered":"<p>\u00a0<\/p>\n<p>\u200b\u00a0<\/p>\n<p>\u200b\u00a0<\/p>\n<div><\/div>\n<p>Serviva la vittoria e vittoria \u00e8 stata. La Willy Green Technology Turi riparte subito vincendo per 3-1 il match interno contro una combattiva Florigel Andria che si era aggiudicata il primo set. Buona e positiva la reazione dei biancoazzurri che limitando i tanti errori sono saliti in cattedra dominando l\u2019incontro ed esprimendo un bel gioco, aggiudicandosi meritatamente l\u2019intera posta in palio che valgono 6 punti in classifica insieme a Trivianum, Terlizzi e Bitonto nel quartetto alle spalle della coppia di testa Altamura-Cerignola.<\/p>\n<p>La formazione di mister Difino scende in campo con Bonfrate al palleggio e Fuentes opposto, capitan Atene e N. Galluzzi di banda, Cupertino e G. Mancino al centro, i gemelli Campana libero; mister Matera contrappone Campanale-Silvestri in diagonale, Miccoli e Maggialetti laterali, Lattanzio e Giachetta centrali con Pasquale libero.<\/p>\n<p>I locali partono bene e provano a scappare con la pipe di Galluzzi dell\u20198-4 ma l\u2019Andria resiste ed impatta sul 14-14. I biancoazzurri sembrano non trovare continuit\u00e0 sbagliando diversi turni al servizio cos\u00ec la Florigel prima mette la freccia del doppio sorpasso sul 17-19 e poi allunga grazie a due block out per chiudere con Giachetta da centro sul 20-25.\u00a0<\/p>\n<p>Fuentes suona la carica (9-3) per un Turi rabbioso che chiude ogni varco agli ospiti e scava subito il solco con il pallonetto di Galluzzi, 15-5. Il set scivola via facilmente sino al 25-12 a firma di capitan Atene.<\/p>\n<p>L\u2019Andria spinge in avvio (3-7) ma la Willy Green Technology riorganizza le idee e con Fuentes (10-11) si riavvicina minacciosa mentre ci pensa Galluzzi dai nove metri ad impattare, 12-12. Lo sprint finale del Turi porta la doppia firma di Bonfrate con il secondo tocco vincente del 15-14 e l\u2019attacco del 16-14 a cui segue il +3 griffato da Galluzzi sul 21-18. Ci pensa Atene a mettere gi\u00f9 la palla del 25-21.<\/p>\n<p>I padroni di casa fanno l\u2019andamento e provano a staccare i giallobl\u00f9 che restano agganciati fino a met\u00e0 set. Sul 15-15 la pressione del Turi \u00e8 premiata dalla tripla marcatura di Galluzzi che lancia i suoi spingendoli sul 18-15. Fuentes aumenta la distanza sulla Florigel sul 22-18 e poco dopo chiude la contesa con il muro su Maggialetti che vale il 25-18.<\/p>\n<h4 class=\"wp-block-heading\"><strong>CLASSIFICA<\/strong><\/h4>\n<p>Altamura e Cerignola <strong>9 punti<\/strong>; <strong>TURI<\/strong>, Trivianum, Bitonto e Terlizzi <strong>6<\/strong>; Andria e Gioia <strong>3<\/strong>; Carbonara e Valenzano <strong>2<\/strong>; Palo e Materdomini <strong>1<\/strong>.<\/p>\n<figure class=\"wp-block-gallery has-nested-images columns-default is-cropped wp-block-gallery-1 is-layout-flex wp-block-gallery-is-layout-flex\">\n<figure class=\"wp-block-image size-large\"><img decoding=\"async\" width=\"1638\" height=\"2048\" data-id=\"7811\" src=\"https:\/\/turi.lavocedelpaese.info\/wp-content\/uploads\/2025\/11\/Turi-Andria-2.jpeg\" alt=\"\" class=\"wp-image-7811\"\/><\/figure>\n<figure class=\"wp-block-image size-large\"><img decoding=\"async\" width=\"1638\" height=\"2048\" data-id=\"7812\" src=\"https:\/\/turi.lavocedelpaese.info\/wp-content\/uploads\/2025\/11\/Turi-Andria-3.jpeg\" alt=\"\" class=\"wp-image-7812\"\/><\/figure>\n<figure class=\"wp-block-image size-large\"><img decoding=\"async\" loading=\"lazy\" width=\"1440\" height=\"1800\" data-id=\"7813\" src=\"https:\/\/turi.lavocedelpaese.info\/wp-content\/uploads\/2025\/11\/Turi-Andria-1.jpeg\" alt=\"\" class=\"wp-image-7813\"\/><\/figure>\n<\/figure>\n<div aria-hidden=\"true\" class=\"wp-block-spacer\"><\/div>\n<h4 class=\"wp-block-heading\"><strong>A Carbonara per provare ad invertire la rotta in trasferta<\/strong><\/h4>\n<p>Secondo impegno fuori casa per i ragazzi di mister Difino che dopo le due vittorie tra le mura amiche sono chiamati ad una prova di maturit\u00e0 sul campo del Carbonara guidata dall\u2019ex opposto biancoazzurro Corrado Mancini.<\/p>\n<p>Squadra agguerrita e pronta a centrare la seconda vittoria assoluta in campionato dopo quella in rimonta al tie break della seconda giornata contro il Palo. La matricola biancorossa dopo la prima storica promozione in serie C della scorsa stagione ha cambiato guida tecnica affidandosi a mister Mancini, nel roster ha integrato un libero esperto come Giorgio Basile, lo schiacciatore Prezioso (ex Andria) ma la punta di diamante resta il colpo di mercato delle ultime settimane Giulio Alberga, opposto di categorie superiori, affrontato in serie B con il Modugno, reduce dallo scorso campionato in serie A3 con la maglia del Gioia del Colle.<\/p>\n<p>Per capitan Atene e soci a caccia di continuit\u00e0 di prestazione e risultati sar\u00e0 un match da affrontare con la giusta mentalit\u00e0 e concentrazione essendo una prova di maturit\u00e0 in trasferta in un campionato, ed in un girone, con il tasso tecnico cresciuto maggiormente rispetto alle scorse annate.<\/p>\n<p>Appuntamento alle ore 18:30 di domenica 2 novembre al Pala Carbonara.<\/p>\n<p><a class=\"a2a_button_facebook\" href=\"https:\/\/www.addtoany.com\/add_to\/facebook?linkurl=https%3A%2F%2Fturi.lavocedelpaese.info%2Fin-rimonta-contro-landria-il-secondo-successo-del-turi%2F&amp;linkname=In%20rimonta%20contro%20l%E2%80%99Andria%20il%20secondo%20successo%20del%20Turi\" title=\"Facebook\" rel=\"nofollow noopener\" target=\"_blank\"><\/a><a class=\"a2a_button_twitter\" href=\"https:\/\/www.addtoany.com\/add_to\/twitter?linkurl=https%3A%2F%2Fturi.lavocedelpaese.info%2Fin-rimonta-contro-landria-il-secondo-successo-del-turi%2F&amp;linkname=In%20rimonta%20contro%20l%E2%80%99Andria%20il%20secondo%20successo%20del%20Turi\" title=\"Twitter\" rel=\"nofollow noopener\" target=\"_blank\"><\/a><a class=\"a2a_button_whatsapp\" href=\"https:\/\/www.addtoany.com\/add_to\/whatsapp?linkurl=https%3A%2F%2Fturi.lavocedelpaese.info%2Fin-rimonta-contro-landria-il-secondo-successo-del-turi%2F&amp;linkname=In%20rimonta%20contro%20l%E2%80%99Andria%20il%20secondo%20successo%20del%20Turi\" title=\"WhatsApp\" rel=\"nofollow noopener\" target=\"_blank\"><\/a><a class=\"a2a_button_telegram\" href=\"https:\/\/www.addtoany.com\/add_to\/telegram?linkurl=https%3A%2F%2Fturi.lavocedelpaese.info%2Fin-rimonta-contro-landria-il-secondo-successo-del-turi%2F&amp;linkname=In%20rimonta%20contro%20l%E2%80%99Andria%20il%20secondo%20successo%20del%20Turi\" title=\"Telegram\" rel=\"nofollow noopener\" target=\"_blank\"><\/a><a class=\"a2a_button_email\" href=\"https:\/\/www.addtoany.com\/add_to\/email?linkurl=https%3A%2F%2Fturi.lavocedelpaese.info%2Fin-rimonta-contro-landria-il-secondo-successo-del-turi%2F&amp;linkname=In%20rimonta%20contro%20l%E2%80%99Andria%20il%20secondo%20successo%20del%20Turi\" title=\"Email\" rel=\"nofollow noopener\" target=\"_blank\"><\/a><\/p>\n<p>L&#8217;articolo <a href=\"https:\/\/turi.lavocedelpaese.info\/in-rimonta-contro-landria-il-secondo-successo-del-turi\/\">In rimonta contro l\u2019Andria il secondo successo del Turi<\/a> proviene da <a href=\"https:\/\/turi.lavocedelpaese.info\/\">Turi &#8211; La Voce del Paese<\/a>.<\/p>\n<p>\u00a0<\/p>\n<p>\u00a0<\/p>\n<p>\u200b\u00a0\u00a0\u00a0<\/p>","protected":false},"excerpt":{"rendered":"<p>\u00a0 \u200b\u00a0 \u200b\u00a0 Serviva la vittoria e vittoria \u00e8 stata. La Willy Green Technology Turi riparte subito vincendo per 3-1<\/p>\n","protected":false},"author":6,"featured_media":10160,"comment_status":"open","ping_status":"closed","sticky":false,"template":"","format":"standard","meta":{"colormag_page_container_layout":"default_layout","colormag_page_sidebar_layout":"default_layout","footnotes":""},"categories":[33],"tags":[],"class_list":["post-10159","post","type-post","status-publish","format-standard","has-post-thumbnail","hentry","category-network"],"yoast_head":"<!-- This site is optimized with the Yoast SEO plugin v27.5 - https:\/\/yoast.com\/product\/yoast-seo-wordpress\/ -->\n<title>In rimonta contro l\u2019Andria il secondo successo del Turi\u00a0\u200b - La Voce del Paese<\/title>\n<meta name=\"robots\" content=\"index, follow, max-snippet:-1, max-image-preview:large, max-video-preview:-1\" \/>\n<link rel=\"canonical\" href=\"https:\/\/lavocedelpaese.info\/index.php\/2025\/11\/01\/in-rimonta-contro-landria-il-secondo-successo-del-turi\/\" \/>\n<meta property=\"og:locale\" content=\"it_IT\" \/>\n<meta property=\"og:type\" content=\"article\" \/>\n<meta property=\"og:title\" content=\"In rimonta contro l\u2019Andria il secondo successo del Turi\u00a0\u200b - La Voce del Paese\" \/>\n<meta property=\"og:description\" content=\"\u00a0 \u200b\u00a0 \u200b\u00a0 Serviva la vittoria e vittoria \u00e8 stata. La Willy Green Technology Turi riparte subito vincendo per 3-1\" \/>\n<meta property=\"og:url\" content=\"https:\/\/lavocedelpaese.info\/index.php\/2025\/11\/01\/in-rimonta-contro-landria-il-secondo-successo-del-turi\/\" \/>\n<meta property=\"og:site_name\" content=\"La Voce del Paese\" \/>\n<meta property=\"article:publisher\" content=\"https:\/\/www.facebook.com\/lavocedelpaese.info\" \/>\n<meta property=\"article:published_time\" content=\"2025-11-01T10:15:08+00:00\" \/>\n<meta name=\"author\" content=\"admin\" \/>\n<meta name=\"twitter:card\" content=\"summary_large_image\" \/>\n<meta name=\"twitter:label1\" content=\"Scritto da\" \/>\n\t<meta name=\"twitter:data1\" content=\"admin\" \/>\n\t<meta name=\"twitter:label2\" content=\"Tempo di lettura stimato\" \/>\n\t<meta name=\"twitter:data2\" content=\"3 minuti\" \/>\n<script type=\"application\/ld+json\" class=\"yoast-schema-graph\">{\"@context\":\"https:\\\/\\\/schema.org\",\"@graph\":[{\"@type\":\"Article\",\"@id\":\"https:\\\/\\\/lavocedelpaese.info\\\/index.php\\\/2025\\\/11\\\/01\\\/in-rimonta-contro-landria-il-secondo-successo-del-turi\\\/#article\",\"isPartOf\":{\"@id\":\"https:\\\/\\\/lavocedelpaese.info\\\/index.php\\\/2025\\\/11\\\/01\\\/in-rimonta-contro-landria-il-secondo-successo-del-turi\\\/\"},\"author\":{\"name\":\"admin\",\"@id\":\"https:\\\/\\\/lavocedelpaese.info\\\/#\\\/schema\\\/person\\\/ec151d321306bd7591f7a061abf72d88\"},\"headline\":\"In rimonta contro l\u2019Andria il secondo successo del Turi\u00a0\u200b\",\"datePublished\":\"2025-11-01T10:15:08+00:00\",\"mainEntityOfPage\":{\"@id\":\"https:\\\/\\\/lavocedelpaese.info\\\/index.php\\\/2025\\\/11\\\/01\\\/in-rimonta-contro-landria-il-secondo-successo-del-turi\\\/\"},\"wordCount\":622,\"commentCount\":0,\"publisher\":{\"@id\":\"https:\\\/\\\/lavocedelpaese.info\\\/#organization\"},\"image\":{\"@id\":\"https:\\\/\\\/lavocedelpaese.info\\\/index.php\\\/2025\\\/11\\\/01\\\/in-rimonta-contro-landria-il-secondo-successo-del-turi\\\/#primaryimage\"},\"thumbnailUrl\":\"https:\\\/\\\/lavocedelpaese.info\\\/wp-content\\\/uploads\\\/2025\\\/11\\\/Turi-Andria-2-bzDVGp.jpg\",\"articleSection\":[\"network\"],\"inLanguage\":\"it-IT\",\"potentialAction\":[{\"@type\":\"CommentAction\",\"name\":\"Comment\",\"target\":[\"https:\\\/\\\/lavocedelpaese.info\\\/index.php\\\/2025\\\/11\\\/01\\\/in-rimonta-contro-landria-il-secondo-successo-del-turi\\\/#respond\"]}]},{\"@type\":\"WebPage\",\"@id\":\"https:\\\/\\\/lavocedelpaese.info\\\/index.php\\\/2025\\\/11\\\/01\\\/in-rimonta-contro-landria-il-secondo-successo-del-turi\\\/\",\"url\":\"https:\\\/\\\/lavocedelpaese.info\\\/index.php\\\/2025\\\/11\\\/01\\\/in-rimonta-contro-landria-il-secondo-successo-del-turi\\\/\",\"name\":\"In rimonta contro l\u2019Andria il secondo successo del Turi\u00a0\u200b - La Voce del Paese\",\"isPartOf\":{\"@id\":\"https:\\\/\\\/lavocedelpaese.info\\\/#website\"},\"primaryImageOfPage\":{\"@id\":\"https:\\\/\\\/lavocedelpaese.info\\\/index.php\\\/2025\\\/11\\\/01\\\/in-rimonta-contro-landria-il-secondo-successo-del-turi\\\/#primaryimage\"},\"image\":{\"@id\":\"https:\\\/\\\/lavocedelpaese.info\\\/index.php\\\/2025\\\/11\\\/01\\\/in-rimonta-contro-landria-il-secondo-successo-del-turi\\\/#primaryimage\"},\"thumbnailUrl\":\"https:\\\/\\\/lavocedelpaese.info\\\/wp-content\\\/uploads\\\/2025\\\/11\\\/Turi-Andria-2-bzDVGp.jpg\",\"datePublished\":\"2025-11-01T10:15:08+00:00\",\"breadcrumb\":{\"@id\":\"https:\\\/\\\/lavocedelpaese.info\\\/index.php\\\/2025\\\/11\\\/01\\\/in-rimonta-contro-landria-il-secondo-successo-del-turi\\\/#breadcrumb\"},\"inLanguage\":\"it-IT\",\"potentialAction\":[{\"@type\":\"ReadAction\",\"target\":[\"https:\\\/\\\/lavocedelpaese.info\\\/index.php\\\/2025\\\/11\\\/01\\\/in-rimonta-contro-landria-il-secondo-successo-del-turi\\\/\"]}]},{\"@type\":\"ImageObject\",\"inLanguage\":\"it-IT\",\"@id\":\"https:\\\/\\\/lavocedelpaese.info\\\/index.php\\\/2025\\\/11\\\/01\\\/in-rimonta-contro-landria-il-secondo-successo-del-turi\\\/#primaryimage\",\"url\":\"https:\\\/\\\/lavocedelpaese.info\\\/wp-content\\\/uploads\\\/2025\\\/11\\\/Turi-Andria-2-bzDVGp.jpg\",\"contentUrl\":\"https:\\\/\\\/lavocedelpaese.info\\\/wp-content\\\/uploads\\\/2025\\\/11\\\/Turi-Andria-2-bzDVGp.jpg\",\"width\":640,\"height\":800},{\"@type\":\"BreadcrumbList\",\"@id\":\"https:\\\/\\\/lavocedelpaese.info\\\/index.php\\\/2025\\\/11\\\/01\\\/in-rimonta-contro-landria-il-secondo-successo-del-turi\\\/#breadcrumb\",\"itemListElement\":[{\"@type\":\"ListItem\",\"position\":1,\"name\":\"Home\",\"item\":\"https:\\\/\\\/lavocedelpaese.info\\\/\"},{\"@type\":\"ListItem\",\"position\":2,\"name\":\"In rimonta contro l\u2019Andria il secondo successo del Turi\u00a0\u200b\"}]},{\"@type\":\"WebSite\",\"@id\":\"https:\\\/\\\/lavocedelpaese.info\\\/#website\",\"url\":\"https:\\\/\\\/lavocedelpaese.info\\\/\",\"name\":\"La Voce del Paese\",\"description\":\"Un network di idee\",\"publisher\":{\"@id\":\"https:\\\/\\\/lavocedelpaese.info\\\/#organization\"},\"potentialAction\":[{\"@type\":\"SearchAction\",\"target\":{\"@type\":\"EntryPoint\",\"urlTemplate\":\"https:\\\/\\\/lavocedelpaese.info\\\/?s={search_term_string}\"},\"query-input\":{\"@type\":\"PropertyValueSpecification\",\"valueRequired\":true,\"valueName\":\"search_term_string\"}}],\"inLanguage\":\"it-IT\"},{\"@type\":\"Organization\",\"@id\":\"https:\\\/\\\/lavocedelpaese.info\\\/#organization\",\"name\":\"La Voce del Paese\",\"url\":\"https:\\\/\\\/lavocedelpaese.info\\\/\",\"logo\":{\"@type\":\"ImageObject\",\"inLanguage\":\"it-IT\",\"@id\":\"https:\\\/\\\/lavocedelpaese.info\\\/#\\\/schema\\\/logo\\\/image\\\/\",\"url\":\"https:\\\/\\\/lavocedelpaese.info\\\/wp-content\\\/uploads\\\/2023\\\/01\\\/cropped-logo-150-127.png\",\"contentUrl\":\"https:\\\/\\\/lavocedelpaese.info\\\/wp-content\\\/uploads\\\/2023\\\/01\\\/cropped-logo-150-127.png\",\"width\":137,\"height\":119,\"caption\":\"La Voce del Paese\"},\"image\":{\"@id\":\"https:\\\/\\\/lavocedelpaese.info\\\/#\\\/schema\\\/logo\\\/image\\\/\"},\"sameAs\":[\"https:\\\/\\\/www.facebook.com\\\/lavocedelpaese.info\"]},{\"@type\":\"Person\",\"@id\":\"https:\\\/\\\/lavocedelpaese.info\\\/#\\\/schema\\\/person\\\/ec151d321306bd7591f7a061abf72d88\",\"name\":\"admin\",\"image\":{\"@type\":\"ImageObject\",\"inLanguage\":\"it-IT\",\"@id\":\"https:\\\/\\\/secure.gravatar.com\\\/avatar\\\/af8f2caf0663124588de48a9380e07cbc95a74ef15b8062d0d39106c32fe3023?s=96&d=mm&r=g\",\"url\":\"https:\\\/\\\/secure.gravatar.com\\\/avatar\\\/af8f2caf0663124588de48a9380e07cbc95a74ef15b8062d0d39106c32fe3023?s=96&d=mm&r=g\",\"contentUrl\":\"https:\\\/\\\/secure.gravatar.com\\\/avatar\\\/af8f2caf0663124588de48a9380e07cbc95a74ef15b8062d0d39106c32fe3023?s=96&d=mm&r=g\",\"caption\":\"admin\"},\"sameAs\":[\"https:\\\/\\\/lavocedelpaese.info\"],\"url\":\"https:\\\/\\\/lavocedelpaese.info\\\/index.php\\\/author\\\/admin\\\/\"}]}<\/script>\n<!-- \/ Yoast SEO plugin. -->","yoast_head_json":{"title":"In rimonta contro l\u2019Andria il secondo successo del Turi\u00a0\u200b - La Voce del Paese","robots":{"index":"index","follow":"follow","max-snippet":"max-snippet:-1","max-image-preview":"max-image-preview:large","max-video-preview":"max-video-preview:-1"},"canonical":"https:\/\/lavocedelpaese.info\/index.php\/2025\/11\/01\/in-rimonta-contro-landria-il-secondo-successo-del-turi\/","og_locale":"it_IT","og_type":"article","og_title":"In rimonta contro l\u2019Andria il secondo successo del Turi\u00a0\u200b - La Voce del Paese","og_description":"\u00a0 \u200b\u00a0 \u200b\u00a0 Serviva la vittoria e vittoria \u00e8 stata. La Willy Green Technology Turi riparte subito vincendo per 3-1","og_url":"https:\/\/lavocedelpaese.info\/index.php\/2025\/11\/01\/in-rimonta-contro-landria-il-secondo-successo-del-turi\/","og_site_name":"La Voce del Paese","article_publisher":"https:\/\/www.facebook.com\/lavocedelpaese.info","article_published_time":"2025-11-01T10:15:08+00:00","author":"admin","twitter_card":"summary_large_image","twitter_misc":{"Scritto da":"admin","Tempo di lettura stimato":"3 minuti"},"schema":{"@context":"https:\/\/schema.org","@graph":[{"@type":"Article","@id":"https:\/\/lavocedelpaese.info\/index.php\/2025\/11\/01\/in-rimonta-contro-landria-il-secondo-successo-del-turi\/#article","isPartOf":{"@id":"https:\/\/lavocedelpaese.info\/index.php\/2025\/11\/01\/in-rimonta-contro-landria-il-secondo-successo-del-turi\/"},"author":{"name":"admin","@id":"https:\/\/lavocedelpaese.info\/#\/schema\/person\/ec151d321306bd7591f7a061abf72d88"},"headline":"In rimonta contro l\u2019Andria il secondo successo del Turi\u00a0\u200b","datePublished":"2025-11-01T10:15:08+00:00","mainEntityOfPage":{"@id":"https:\/\/lavocedelpaese.info\/index.php\/2025\/11\/01\/in-rimonta-contro-landria-il-secondo-successo-del-turi\/"},"wordCount":622,"commentCount":0,"publisher":{"@id":"https:\/\/lavocedelpaese.info\/#organization"},"image":{"@id":"https:\/\/lavocedelpaese.info\/index.php\/2025\/11\/01\/in-rimonta-contro-landria-il-secondo-successo-del-turi\/#primaryimage"},"thumbnailUrl":"https:\/\/lavocedelpaese.info\/wp-content\/uploads\/2025\/11\/Turi-Andria-2-bzDVGp.jpg","articleSection":["network"],"inLanguage":"it-IT","potentialAction":[{"@type":"CommentAction","name":"Comment","target":["https:\/\/lavocedelpaese.info\/index.php\/2025\/11\/01\/in-rimonta-contro-landria-il-secondo-successo-del-turi\/#respond"]}]},{"@type":"WebPage","@id":"https:\/\/lavocedelpaese.info\/index.php\/2025\/11\/01\/in-rimonta-contro-landria-il-secondo-successo-del-turi\/","url":"https:\/\/lavocedelpaese.info\/index.php\/2025\/11\/01\/in-rimonta-contro-landria-il-secondo-successo-del-turi\/","name":"In rimonta contro l\u2019Andria il secondo successo del Turi\u00a0\u200b - La Voce del Paese","isPartOf":{"@id":"https:\/\/lavocedelpaese.info\/#website"},"primaryImageOfPage":{"@id":"https:\/\/lavocedelpaese.info\/index.php\/2025\/11\/01\/in-rimonta-contro-landria-il-secondo-successo-del-turi\/#primaryimage"},"image":{"@id":"https:\/\/lavocedelpaese.info\/index.php\/2025\/11\/01\/in-rimonta-contro-landria-il-secondo-successo-del-turi\/#primaryimage"},"thumbnailUrl":"https:\/\/lavocedelpaese.info\/wp-content\/uploads\/2025\/11\/Turi-Andria-2-bzDVGp.jpg","datePublished":"2025-11-01T10:15:08+00:00","breadcrumb":{"@id":"https:\/\/lavocedelpaese.info\/index.php\/2025\/11\/01\/in-rimonta-contro-landria-il-secondo-successo-del-turi\/#breadcrumb"},"inLanguage":"it-IT","potentialAction":[{"@type":"ReadAction","target":["https:\/\/lavocedelpaese.info\/index.php\/2025\/11\/01\/in-rimonta-contro-landria-il-secondo-successo-del-turi\/"]}]},{"@type":"ImageObject","inLanguage":"it-IT","@id":"https:\/\/lavocedelpaese.info\/index.php\/2025\/11\/01\/in-rimonta-contro-landria-il-secondo-successo-del-turi\/#primaryimage","url":"https:\/\/lavocedelpaese.info\/wp-content\/uploads\/2025\/11\/Turi-Andria-2-bzDVGp.jpg","contentUrl":"https:\/\/lavocedelpaese.info\/wp-content\/uploads\/2025\/11\/Turi-Andria-2-bzDVGp.jpg","width":640,"height":800},{"@type":"BreadcrumbList","@id":"https:\/\/lavocedelpaese.info\/index.php\/2025\/11\/01\/in-rimonta-contro-landria-il-secondo-successo-del-turi\/#breadcrumb","itemListElement":[{"@type":"ListItem","position":1,"name":"Home","item":"https:\/\/lavocedelpaese.info\/"},{"@type":"ListItem","position":2,"name":"In rimonta contro l\u2019Andria il secondo successo del Turi\u00a0\u200b"}]},{"@type":"WebSite","@id":"https:\/\/lavocedelpaese.info\/#website","url":"https:\/\/lavocedelpaese.info\/","name":"La Voce del Paese","description":"Un network di idee","publisher":{"@id":"https:\/\/lavocedelpaese.info\/#organization"},"potentialAction":[{"@type":"SearchAction","target":{"@type":"EntryPoint","urlTemplate":"https:\/\/lavocedelpaese.info\/?s={search_term_string}"},"query-input":{"@type":"PropertyValueSpecification","valueRequired":true,"valueName":"search_term_string"}}],"inLanguage":"it-IT"},{"@type":"Organization","@id":"https:\/\/lavocedelpaese.info\/#organization","name":"La Voce del Paese","url":"https:\/\/lavocedelpaese.info\/","logo":{"@type":"ImageObject","inLanguage":"it-IT","@id":"https:\/\/lavocedelpaese.info\/#\/schema\/logo\/image\/","url":"https:\/\/lavocedelpaese.info\/wp-content\/uploads\/2023\/01\/cropped-logo-150-127.png","contentUrl":"https:\/\/lavocedelpaese.info\/wp-content\/uploads\/2023\/01\/cropped-logo-150-127.png","width":137,"height":119,"caption":"La Voce del Paese"},"image":{"@id":"https:\/\/lavocedelpaese.info\/#\/schema\/logo\/image\/"},"sameAs":["https:\/\/www.facebook.com\/lavocedelpaese.info"]},{"@type":"Person","@id":"https:\/\/lavocedelpaese.info\/#\/schema\/person\/ec151d321306bd7591f7a061abf72d88","name":"admin","image":{"@type":"ImageObject","inLanguage":"it-IT","@id":"https:\/\/secure.gravatar.com\/avatar\/af8f2caf0663124588de48a9380e07cbc95a74ef15b8062d0d39106c32fe3023?s=96&d=mm&r=g","url":"https:\/\/secure.gravatar.com\/avatar\/af8f2caf0663124588de48a9380e07cbc95a74ef15b8062d0d39106c32fe3023?s=96&d=mm&r=g","contentUrl":"https:\/\/secure.gravatar.com\/avatar\/af8f2caf0663124588de48a9380e07cbc95a74ef15b8062d0d39106c32fe3023?s=96&d=mm&r=g","caption":"admin"},"sameAs":["https:\/\/lavocedelpaese.info"],"url":"https:\/\/lavocedelpaese.info\/index.php\/author\/admin\/"}]}},"_links":{"self":[{"href":"https:\/\/lavocedelpaese.info\/index.php\/wp-json\/wp\/v2\/posts\/10159","targetHints":{"allow":["GET"]}}],"collection":[{"href":"https:\/\/lavocedelpaese.info\/index.php\/wp-json\/wp\/v2\/posts"}],"about":[{"href":"https:\/\/lavocedelpaese.info\/index.php\/wp-json\/wp\/v2\/types\/post"}],"author":[{"embeddable":true,"href":"https:\/\/lavocedelpaese.info\/index.php\/wp-json\/wp\/v2\/users\/6"}],"replies":[{"embeddable":true,"href":"https:\/\/lavocedelpaese.info\/index.php\/wp-json\/wp\/v2\/comments?post=10159"}],"version-history":[{"count":0,"href":"https:\/\/lavocedelpaese.info\/index.php\/wp-json\/wp\/v2\/posts\/10159\/revisions"}],"wp:featuredmedia":[{"embeddable":true,"href":"https:\/\/lavocedelpaese.info\/index.php\/wp-json\/wp\/v2\/media\/10160"}],"wp:attachment":[{"href":"https:\/\/lavocedelpaese.info\/index.php\/wp-json\/wp\/v2\/media?parent=10159"}],"wp:term":[{"taxonomy":"category","embeddable":true,"href":"https:\/\/lavocedelpaese.info\/index.php\/wp-json\/wp\/v2\/categories?post=10159"},{"taxonomy":"post_tag","embeddable":true,"href":"https:\/\/lavocedelpaese.info\/index.php\/wp-json\/wp\/v2\/tags?post=10159"}],"curies":[{"name":"wp","href":"https:\/\/api.w.org\/{rel}","templated":true}]}}