{"id":10157,"date":"2025-11-01T10:15:06","date_gmt":"2025-11-01T10:15:06","guid":{"rendered":"https:\/\/lavocedelpaese.info\/index.php\/2025\/11\/01\/prima-vittoria-per-la-farmacia-mastrolonardo-turi\/"},"modified":"2025-11-01T10:15:06","modified_gmt":"2025-11-01T10:15:06","slug":"prima-vittoria-per-la-farmacia-mastrolonardo-turi","status":"publish","type":"post","link":"https:\/\/lavocedelpaese.info\/index.php\/2025\/11\/01\/prima-vittoria-per-la-farmacia-mastrolonardo-turi\/","title":{"rendered":"Prima vittoria per la Farmacia Mastrolonardo Turi\u00a0\u200b"},"content":{"rendered":"<p>\u00a0<\/p>\n<p>\u200b\u00a0<\/p>\n<p>\u200b\u00a0<\/p>\n<div><\/div>\n<p>Gran colpo delle ragazze turesi che rompono il ghiaccio dopo due stop consecutivi andando ad espugnare, grazie ad una prestazione maiuscola, il difficile campo dell\u2019Amatori Bari e tornano a casa con l\u2019intera posta in palio.<\/p>\n<p>Dopo le due sconfitte sul campo dell\u2019Academy Volley Gioia ed in casa contro la Primadonna Bari, nella terza giornata del torneo Nazionale di serie C femminile, il Turi del presidente Domenico D\u2019Aprile e del direttore generale Daniele Marotta, si impone dunque al Pala Carbonara contro l\u2019Amatori Volley Bari per 1-3 (23-25\/25-21\/21-25\/19-25) e conquista tre punti preziosissimi, abbandonando cos\u00ec lo zero in classifica.<\/p>\n<p>Mister Giuseppe Mangini fa esordire dall\u2019inizio Anna D\u2019Onofrio e schiera in partenza per il Turi il 6+1 con Francesca Pellegrini al palleggio, Samuela Andresini opposta, capitan Alejandra Rodriguez e Giorgia Barbone schiacciatrici, Isa D\u2019Aprile e Anna D\u2019Onofrio dal centro e Sofia Coppi nel ruolo di libero.<\/p>\n<p>Dall\u2019altra parte del campo l\u2019Amatori Bari guidato da mister Fabio Addati, schiera tra le altre le forti laterali De Nicolo\u2019 e le due sorelle Rizza, l\u2019esperta palleggiatrice Anna Cosentino e l\u2019ex di turno Linda Di Carlo dal centro.<\/p>\n<figure class=\"wp-block-image size-full\"><img decoding=\"async\" width=\"1365\" height=\"2048\" src=\"https:\/\/turi.lavocedelpaese.info\/wp-content\/uploads\/2025\/11\/Anna-DOnofrio.jpg\" alt=\"\" class=\"wp-image-7818\"\/><figcaption class=\"wp-element-caption\"><strong><em>Anna D\u2019Onofrio<\/em><\/strong><\/figcaption><\/figure>\n<p>Dopo un inizio in affanno con le padroni di casa avanti 12-6, il Turi trova la quadratura in campo e comincia la risalita che lo porta a chiudere il set in proprio favore sul 25-23. Equilibrio anche nel secondo set ma stavolta \u00e8 la squadra di casa a spuntarla nel finale di set. A met\u00e0 del terzo set \u00e8 la Farmacia Mastrolonardo Turi a prendere il comando delle operazioni, portandosi sul 18-21 e grazie a dei turni di battuta molto positivi a chiuderlo sul 21-25. Stesso canovaccio nella quarta frazione con il Turi che vola sul 17-20, lavorando molto bene in difesa ed in fase di contrattacco, per poi sigillare set e match ancora sul 21-25.<\/p>\n<h4 class=\"wp-block-heading\"><strong>Sabato arriva il Molfetta per il bis<\/strong><\/h4>\n<p>Appuntamento sabato pomeriggio alle ore 18,30 al Palazzetto di via Cisterna per la seconda uscita tra le mura di casa della Farmacia Mastrolonardo Turi, che per la quarta giornata di campionato ospiter\u00e0 la Pegaso Molfetta.<\/p>\n<p>La squadra del nord barese \u00e8 al momento ferma al palo in graduatoria avendo perso, tutte per 3 a 0, le prime tre sfide contro Amatori Bari, Corato e Barletta.<\/p>\n<p>Occasione da non lasciarsi sfuggire dunque dalle ragazze turesi guidate da capitan Alejandra Rodriguez, chiamate a bissare il successo a Bari della scorsa settimana e nel contempo a centrare la prima gioia casalinga per proseguire la risalita in classifica. \u00a0<\/p>\n<h4 class=\"wp-block-heading\"><strong>CLASSIFICA<\/strong><\/h4>\n<p>Trani 9, Joy Volley Gioia 7, Amatori Bari 6, Valenzano 6, Barletta 6, Academy Gioia 5, <strong>Farmacia Mastrolonardo Turi<\/strong> 3, Primadonna Bari 3, Don Milani Bari 3, Corato 3, Bisceglie 3, Molfetta 0, Acquaviva 0.\u00a0<\/p>\n<p><a class=\"a2a_button_facebook\" href=\"https:\/\/www.addtoany.com\/add_to\/facebook?linkurl=https%3A%2F%2Fturi.lavocedelpaese.info%2Fprima-vittoria-per-la-farmacia-mastrolonardo-turi%2F&amp;linkname=Prima%20vittoria%20per%20la%20Farmacia%20Mastrolonardo%20Turi\" title=\"Facebook\" rel=\"nofollow noopener\" target=\"_blank\"><\/a><a class=\"a2a_button_twitter\" href=\"https:\/\/www.addtoany.com\/add_to\/twitter?linkurl=https%3A%2F%2Fturi.lavocedelpaese.info%2Fprima-vittoria-per-la-farmacia-mastrolonardo-turi%2F&amp;linkname=Prima%20vittoria%20per%20la%20Farmacia%20Mastrolonardo%20Turi\" title=\"Twitter\" rel=\"nofollow noopener\" target=\"_blank\"><\/a><a class=\"a2a_button_whatsapp\" href=\"https:\/\/www.addtoany.com\/add_to\/whatsapp?linkurl=https%3A%2F%2Fturi.lavocedelpaese.info%2Fprima-vittoria-per-la-farmacia-mastrolonardo-turi%2F&amp;linkname=Prima%20vittoria%20per%20la%20Farmacia%20Mastrolonardo%20Turi\" title=\"WhatsApp\" rel=\"nofollow noopener\" target=\"_blank\"><\/a><a class=\"a2a_button_telegram\" href=\"https:\/\/www.addtoany.com\/add_to\/telegram?linkurl=https%3A%2F%2Fturi.lavocedelpaese.info%2Fprima-vittoria-per-la-farmacia-mastrolonardo-turi%2F&amp;linkname=Prima%20vittoria%20per%20la%20Farmacia%20Mastrolonardo%20Turi\" title=\"Telegram\" rel=\"nofollow noopener\" target=\"_blank\"><\/a><a class=\"a2a_button_email\" href=\"https:\/\/www.addtoany.com\/add_to\/email?linkurl=https%3A%2F%2Fturi.lavocedelpaese.info%2Fprima-vittoria-per-la-farmacia-mastrolonardo-turi%2F&amp;linkname=Prima%20vittoria%20per%20la%20Farmacia%20Mastrolonardo%20Turi\" title=\"Email\" rel=\"nofollow noopener\" target=\"_blank\"><\/a><\/p>\n<p>L&#8217;articolo <a href=\"https:\/\/turi.lavocedelpaese.info\/prima-vittoria-per-la-farmacia-mastrolonardo-turi\/\">Prima vittoria per la Farmacia Mastrolonardo Turi<\/a> proviene da <a href=\"https:\/\/turi.lavocedelpaese.info\/\">Turi &#8211; La Voce del Paese<\/a>.<\/p>\n<p>\u00a0<\/p>\n<p>\u00a0<\/p>\n<p>\u200b\u00a0\u00a0\u00a0<\/p>","protected":false},"excerpt":{"rendered":"<p>\u00a0 \u200b\u00a0 \u200b\u00a0 Gran colpo delle ragazze turesi che rompono il ghiaccio dopo due stop consecutivi andando ad espugnare, grazie<\/p>\n","protected":false},"author":6,"featured_media":10158,"comment_status":"open","ping_status":"closed","sticky":false,"template":"","format":"standard","meta":{"colormag_page_container_layout":"default_layout","colormag_page_sidebar_layout":"default_layout","footnotes":""},"categories":[33],"tags":[],"class_list":["post-10157","post","type-post","status-publish","format-standard","has-post-thumbnail","hentry","category-network"],"yoast_head":"<!-- This site is optimized with the Yoast SEO plugin v27.5 - https:\/\/yoast.com\/product\/yoast-seo-wordpress\/ -->\n<title>Prima vittoria per la Farmacia Mastrolonardo Turi\u00a0\u200b - La Voce del Paese<\/title>\n<meta name=\"robots\" content=\"index, follow, max-snippet:-1, max-image-preview:large, max-video-preview:-1\" \/>\n<link rel=\"canonical\" href=\"https:\/\/lavocedelpaese.info\/index.php\/2025\/11\/01\/prima-vittoria-per-la-farmacia-mastrolonardo-turi\/\" \/>\n<meta property=\"og:locale\" content=\"it_IT\" \/>\n<meta property=\"og:type\" content=\"article\" \/>\n<meta property=\"og:title\" content=\"Prima vittoria per la Farmacia Mastrolonardo Turi\u00a0\u200b - La Voce del Paese\" \/>\n<meta property=\"og:description\" content=\"\u00a0 \u200b\u00a0 \u200b\u00a0 Gran colpo delle ragazze turesi che rompono il ghiaccio dopo due stop consecutivi andando ad espugnare, grazie\" \/>\n<meta property=\"og:url\" content=\"https:\/\/lavocedelpaese.info\/index.php\/2025\/11\/01\/prima-vittoria-per-la-farmacia-mastrolonardo-turi\/\" \/>\n<meta property=\"og:site_name\" content=\"La Voce del Paese\" \/>\n<meta property=\"article:publisher\" content=\"https:\/\/www.facebook.com\/lavocedelpaese.info\" \/>\n<meta property=\"article:published_time\" content=\"2025-11-01T10:15:06+00:00\" \/>\n<meta name=\"author\" content=\"admin\" \/>\n<meta name=\"twitter:card\" content=\"summary_large_image\" \/>\n<meta name=\"twitter:label1\" content=\"Scritto da\" \/>\n\t<meta name=\"twitter:data1\" content=\"admin\" \/>\n\t<meta name=\"twitter:label2\" content=\"Tempo di lettura stimato\" \/>\n\t<meta name=\"twitter:data2\" content=\"2 minuti\" \/>\n<script type=\"application\/ld+json\" class=\"yoast-schema-graph\">{\"@context\":\"https:\\\/\\\/schema.org\",\"@graph\":[{\"@type\":\"Article\",\"@id\":\"https:\\\/\\\/lavocedelpaese.info\\\/index.php\\\/2025\\\/11\\\/01\\\/prima-vittoria-per-la-farmacia-mastrolonardo-turi\\\/#article\",\"isPartOf\":{\"@id\":\"https:\\\/\\\/lavocedelpaese.info\\\/index.php\\\/2025\\\/11\\\/01\\\/prima-vittoria-per-la-farmacia-mastrolonardo-turi\\\/\"},\"author\":{\"name\":\"admin\",\"@id\":\"https:\\\/\\\/lavocedelpaese.info\\\/#\\\/schema\\\/person\\\/ec151d321306bd7591f7a061abf72d88\"},\"headline\":\"Prima vittoria per la Farmacia Mastrolonardo Turi\u00a0\u200b\",\"datePublished\":\"2025-11-01T10:15:06+00:00\",\"mainEntityOfPage\":{\"@id\":\"https:\\\/\\\/lavocedelpaese.info\\\/index.php\\\/2025\\\/11\\\/01\\\/prima-vittoria-per-la-farmacia-mastrolonardo-turi\\\/\"},\"wordCount\":467,\"commentCount\":0,\"publisher\":{\"@id\":\"https:\\\/\\\/lavocedelpaese.info\\\/#organization\"},\"image\":{\"@id\":\"https:\\\/\\\/lavocedelpaese.info\\\/index.php\\\/2025\\\/11\\\/01\\\/prima-vittoria-per-la-farmacia-mastrolonardo-turi\\\/#primaryimage\"},\"thumbnailUrl\":\"https:\\\/\\\/lavocedelpaese.info\\\/wp-content\\\/uploads\\\/2025\\\/11\\\/Anna-DOnofrio-BTW6Ln.jpg\",\"articleSection\":[\"network\"],\"inLanguage\":\"it-IT\",\"potentialAction\":[{\"@type\":\"CommentAction\",\"name\":\"Comment\",\"target\":[\"https:\\\/\\\/lavocedelpaese.info\\\/index.php\\\/2025\\\/11\\\/01\\\/prima-vittoria-per-la-farmacia-mastrolonardo-turi\\\/#respond\"]}]},{\"@type\":\"WebPage\",\"@id\":\"https:\\\/\\\/lavocedelpaese.info\\\/index.php\\\/2025\\\/11\\\/01\\\/prima-vittoria-per-la-farmacia-mastrolonardo-turi\\\/\",\"url\":\"https:\\\/\\\/lavocedelpaese.info\\\/index.php\\\/2025\\\/11\\\/01\\\/prima-vittoria-per-la-farmacia-mastrolonardo-turi\\\/\",\"name\":\"Prima vittoria per la Farmacia Mastrolonardo Turi\u00a0\u200b - La Voce del Paese\",\"isPartOf\":{\"@id\":\"https:\\\/\\\/lavocedelpaese.info\\\/#website\"},\"primaryImageOfPage\":{\"@id\":\"https:\\\/\\\/lavocedelpaese.info\\\/index.php\\\/2025\\\/11\\\/01\\\/prima-vittoria-per-la-farmacia-mastrolonardo-turi\\\/#primaryimage\"},\"image\":{\"@id\":\"https:\\\/\\\/lavocedelpaese.info\\\/index.php\\\/2025\\\/11\\\/01\\\/prima-vittoria-per-la-farmacia-mastrolonardo-turi\\\/#primaryimage\"},\"thumbnailUrl\":\"https:\\\/\\\/lavocedelpaese.info\\\/wp-content\\\/uploads\\\/2025\\\/11\\\/Anna-DOnofrio-BTW6Ln.jpg\",\"datePublished\":\"2025-11-01T10:15:06+00:00\",\"breadcrumb\":{\"@id\":\"https:\\\/\\\/lavocedelpaese.info\\\/index.php\\\/2025\\\/11\\\/01\\\/prima-vittoria-per-la-farmacia-mastrolonardo-turi\\\/#breadcrumb\"},\"inLanguage\":\"it-IT\",\"potentialAction\":[{\"@type\":\"ReadAction\",\"target\":[\"https:\\\/\\\/lavocedelpaese.info\\\/index.php\\\/2025\\\/11\\\/01\\\/prima-vittoria-per-la-farmacia-mastrolonardo-turi\\\/\"]}]},{\"@type\":\"ImageObject\",\"inLanguage\":\"it-IT\",\"@id\":\"https:\\\/\\\/lavocedelpaese.info\\\/index.php\\\/2025\\\/11\\\/01\\\/prima-vittoria-per-la-farmacia-mastrolonardo-turi\\\/#primaryimage\",\"url\":\"https:\\\/\\\/lavocedelpaese.info\\\/wp-content\\\/uploads\\\/2025\\\/11\\\/Anna-DOnofrio-BTW6Ln.jpg\",\"contentUrl\":\"https:\\\/\\\/lavocedelpaese.info\\\/wp-content\\\/uploads\\\/2025\\\/11\\\/Anna-DOnofrio-BTW6Ln.jpg\",\"width\":533,\"height\":800},{\"@type\":\"BreadcrumbList\",\"@id\":\"https:\\\/\\\/lavocedelpaese.info\\\/index.php\\\/2025\\\/11\\\/01\\\/prima-vittoria-per-la-farmacia-mastrolonardo-turi\\\/#breadcrumb\",\"itemListElement\":[{\"@type\":\"ListItem\",\"position\":1,\"name\":\"Home\",\"item\":\"https:\\\/\\\/lavocedelpaese.info\\\/\"},{\"@type\":\"ListItem\",\"position\":2,\"name\":\"Prima vittoria per la Farmacia Mastrolonardo Turi\u00a0\u200b\"}]},{\"@type\":\"WebSite\",\"@id\":\"https:\\\/\\\/lavocedelpaese.info\\\/#website\",\"url\":\"https:\\\/\\\/lavocedelpaese.info\\\/\",\"name\":\"La Voce del Paese\",\"description\":\"Un network di idee\",\"publisher\":{\"@id\":\"https:\\\/\\\/lavocedelpaese.info\\\/#organization\"},\"potentialAction\":[{\"@type\":\"SearchAction\",\"target\":{\"@type\":\"EntryPoint\",\"urlTemplate\":\"https:\\\/\\\/lavocedelpaese.info\\\/?s={search_term_string}\"},\"query-input\":{\"@type\":\"PropertyValueSpecification\",\"valueRequired\":true,\"valueName\":\"search_term_string\"}}],\"inLanguage\":\"it-IT\"},{\"@type\":\"Organization\",\"@id\":\"https:\\\/\\\/lavocedelpaese.info\\\/#organization\",\"name\":\"La Voce del Paese\",\"url\":\"https:\\\/\\\/lavocedelpaese.info\\\/\",\"logo\":{\"@type\":\"ImageObject\",\"inLanguage\":\"it-IT\",\"@id\":\"https:\\\/\\\/lavocedelpaese.info\\\/#\\\/schema\\\/logo\\\/image\\\/\",\"url\":\"https:\\\/\\\/lavocedelpaese.info\\\/wp-content\\\/uploads\\\/2023\\\/01\\\/cropped-logo-150-127.png\",\"contentUrl\":\"https:\\\/\\\/lavocedelpaese.info\\\/wp-content\\\/uploads\\\/2023\\\/01\\\/cropped-logo-150-127.png\",\"width\":137,\"height\":119,\"caption\":\"La Voce del Paese\"},\"image\":{\"@id\":\"https:\\\/\\\/lavocedelpaese.info\\\/#\\\/schema\\\/logo\\\/image\\\/\"},\"sameAs\":[\"https:\\\/\\\/www.facebook.com\\\/lavocedelpaese.info\"]},{\"@type\":\"Person\",\"@id\":\"https:\\\/\\\/lavocedelpaese.info\\\/#\\\/schema\\\/person\\\/ec151d321306bd7591f7a061abf72d88\",\"name\":\"admin\",\"image\":{\"@type\":\"ImageObject\",\"inLanguage\":\"it-IT\",\"@id\":\"https:\\\/\\\/secure.gravatar.com\\\/avatar\\\/af8f2caf0663124588de48a9380e07cbc95a74ef15b8062d0d39106c32fe3023?s=96&d=mm&r=g\",\"url\":\"https:\\\/\\\/secure.gravatar.com\\\/avatar\\\/af8f2caf0663124588de48a9380e07cbc95a74ef15b8062d0d39106c32fe3023?s=96&d=mm&r=g\",\"contentUrl\":\"https:\\\/\\\/secure.gravatar.com\\\/avatar\\\/af8f2caf0663124588de48a9380e07cbc95a74ef15b8062d0d39106c32fe3023?s=96&d=mm&r=g\",\"caption\":\"admin\"},\"sameAs\":[\"https:\\\/\\\/lavocedelpaese.info\"],\"url\":\"https:\\\/\\\/lavocedelpaese.info\\\/index.php\\\/author\\\/admin\\\/\"}]}<\/script>\n<!-- \/ Yoast SEO plugin. -->","yoast_head_json":{"title":"Prima vittoria per la Farmacia Mastrolonardo Turi\u00a0\u200b - La Voce del Paese","robots":{"index":"index","follow":"follow","max-snippet":"max-snippet:-1","max-image-preview":"max-image-preview:large","max-video-preview":"max-video-preview:-1"},"canonical":"https:\/\/lavocedelpaese.info\/index.php\/2025\/11\/01\/prima-vittoria-per-la-farmacia-mastrolonardo-turi\/","og_locale":"it_IT","og_type":"article","og_title":"Prima vittoria per la Farmacia Mastrolonardo Turi\u00a0\u200b - La Voce del Paese","og_description":"\u00a0 \u200b\u00a0 \u200b\u00a0 Gran colpo delle ragazze turesi che rompono il ghiaccio dopo due stop consecutivi andando ad espugnare, grazie","og_url":"https:\/\/lavocedelpaese.info\/index.php\/2025\/11\/01\/prima-vittoria-per-la-farmacia-mastrolonardo-turi\/","og_site_name":"La Voce del Paese","article_publisher":"https:\/\/www.facebook.com\/lavocedelpaese.info","article_published_time":"2025-11-01T10:15:06+00:00","author":"admin","twitter_card":"summary_large_image","twitter_misc":{"Scritto da":"admin","Tempo di lettura stimato":"2 minuti"},"schema":{"@context":"https:\/\/schema.org","@graph":[{"@type":"Article","@id":"https:\/\/lavocedelpaese.info\/index.php\/2025\/11\/01\/prima-vittoria-per-la-farmacia-mastrolonardo-turi\/#article","isPartOf":{"@id":"https:\/\/lavocedelpaese.info\/index.php\/2025\/11\/01\/prima-vittoria-per-la-farmacia-mastrolonardo-turi\/"},"author":{"name":"admin","@id":"https:\/\/lavocedelpaese.info\/#\/schema\/person\/ec151d321306bd7591f7a061abf72d88"},"headline":"Prima vittoria per la Farmacia Mastrolonardo Turi\u00a0\u200b","datePublished":"2025-11-01T10:15:06+00:00","mainEntityOfPage":{"@id":"https:\/\/lavocedelpaese.info\/index.php\/2025\/11\/01\/prima-vittoria-per-la-farmacia-mastrolonardo-turi\/"},"wordCount":467,"commentCount":0,"publisher":{"@id":"https:\/\/lavocedelpaese.info\/#organization"},"image":{"@id":"https:\/\/lavocedelpaese.info\/index.php\/2025\/11\/01\/prima-vittoria-per-la-farmacia-mastrolonardo-turi\/#primaryimage"},"thumbnailUrl":"https:\/\/lavocedelpaese.info\/wp-content\/uploads\/2025\/11\/Anna-DOnofrio-BTW6Ln.jpg","articleSection":["network"],"inLanguage":"it-IT","potentialAction":[{"@type":"CommentAction","name":"Comment","target":["https:\/\/lavocedelpaese.info\/index.php\/2025\/11\/01\/prima-vittoria-per-la-farmacia-mastrolonardo-turi\/#respond"]}]},{"@type":"WebPage","@id":"https:\/\/lavocedelpaese.info\/index.php\/2025\/11\/01\/prima-vittoria-per-la-farmacia-mastrolonardo-turi\/","url":"https:\/\/lavocedelpaese.info\/index.php\/2025\/11\/01\/prima-vittoria-per-la-farmacia-mastrolonardo-turi\/","name":"Prima vittoria per la Farmacia Mastrolonardo Turi\u00a0\u200b - La Voce del Paese","isPartOf":{"@id":"https:\/\/lavocedelpaese.info\/#website"},"primaryImageOfPage":{"@id":"https:\/\/lavocedelpaese.info\/index.php\/2025\/11\/01\/prima-vittoria-per-la-farmacia-mastrolonardo-turi\/#primaryimage"},"image":{"@id":"https:\/\/lavocedelpaese.info\/index.php\/2025\/11\/01\/prima-vittoria-per-la-farmacia-mastrolonardo-turi\/#primaryimage"},"thumbnailUrl":"https:\/\/lavocedelpaese.info\/wp-content\/uploads\/2025\/11\/Anna-DOnofrio-BTW6Ln.jpg","datePublished":"2025-11-01T10:15:06+00:00","breadcrumb":{"@id":"https:\/\/lavocedelpaese.info\/index.php\/2025\/11\/01\/prima-vittoria-per-la-farmacia-mastrolonardo-turi\/#breadcrumb"},"inLanguage":"it-IT","potentialAction":[{"@type":"ReadAction","target":["https:\/\/lavocedelpaese.info\/index.php\/2025\/11\/01\/prima-vittoria-per-la-farmacia-mastrolonardo-turi\/"]}]},{"@type":"ImageObject","inLanguage":"it-IT","@id":"https:\/\/lavocedelpaese.info\/index.php\/2025\/11\/01\/prima-vittoria-per-la-farmacia-mastrolonardo-turi\/#primaryimage","url":"https:\/\/lavocedelpaese.info\/wp-content\/uploads\/2025\/11\/Anna-DOnofrio-BTW6Ln.jpg","contentUrl":"https:\/\/lavocedelpaese.info\/wp-content\/uploads\/2025\/11\/Anna-DOnofrio-BTW6Ln.jpg","width":533,"height":800},{"@type":"BreadcrumbList","@id":"https:\/\/lavocedelpaese.info\/index.php\/2025\/11\/01\/prima-vittoria-per-la-farmacia-mastrolonardo-turi\/#breadcrumb","itemListElement":[{"@type":"ListItem","position":1,"name":"Home","item":"https:\/\/lavocedelpaese.info\/"},{"@type":"ListItem","position":2,"name":"Prima vittoria per la Farmacia Mastrolonardo Turi\u00a0\u200b"}]},{"@type":"WebSite","@id":"https:\/\/lavocedelpaese.info\/#website","url":"https:\/\/lavocedelpaese.info\/","name":"La Voce del Paese","description":"Un network di idee","publisher":{"@id":"https:\/\/lavocedelpaese.info\/#organization"},"potentialAction":[{"@type":"SearchAction","target":{"@type":"EntryPoint","urlTemplate":"https:\/\/lavocedelpaese.info\/?s={search_term_string}"},"query-input":{"@type":"PropertyValueSpecification","valueRequired":true,"valueName":"search_term_string"}}],"inLanguage":"it-IT"},{"@type":"Organization","@id":"https:\/\/lavocedelpaese.info\/#organization","name":"La Voce del Paese","url":"https:\/\/lavocedelpaese.info\/","logo":{"@type":"ImageObject","inLanguage":"it-IT","@id":"https:\/\/lavocedelpaese.info\/#\/schema\/logo\/image\/","url":"https:\/\/lavocedelpaese.info\/wp-content\/uploads\/2023\/01\/cropped-logo-150-127.png","contentUrl":"https:\/\/lavocedelpaese.info\/wp-content\/uploads\/2023\/01\/cropped-logo-150-127.png","width":137,"height":119,"caption":"La Voce del Paese"},"image":{"@id":"https:\/\/lavocedelpaese.info\/#\/schema\/logo\/image\/"},"sameAs":["https:\/\/www.facebook.com\/lavocedelpaese.info"]},{"@type":"Person","@id":"https:\/\/lavocedelpaese.info\/#\/schema\/person\/ec151d321306bd7591f7a061abf72d88","name":"admin","image":{"@type":"ImageObject","inLanguage":"it-IT","@id":"https:\/\/secure.gravatar.com\/avatar\/af8f2caf0663124588de48a9380e07cbc95a74ef15b8062d0d39106c32fe3023?s=96&d=mm&r=g","url":"https:\/\/secure.gravatar.com\/avatar\/af8f2caf0663124588de48a9380e07cbc95a74ef15b8062d0d39106c32fe3023?s=96&d=mm&r=g","contentUrl":"https:\/\/secure.gravatar.com\/avatar\/af8f2caf0663124588de48a9380e07cbc95a74ef15b8062d0d39106c32fe3023?s=96&d=mm&r=g","caption":"admin"},"sameAs":["https:\/\/lavocedelpaese.info"],"url":"https:\/\/lavocedelpaese.info\/index.php\/author\/admin\/"}]}},"_links":{"self":[{"href":"https:\/\/lavocedelpaese.info\/index.php\/wp-json\/wp\/v2\/posts\/10157","targetHints":{"allow":["GET"]}}],"collection":[{"href":"https:\/\/lavocedelpaese.info\/index.php\/wp-json\/wp\/v2\/posts"}],"about":[{"href":"https:\/\/lavocedelpaese.info\/index.php\/wp-json\/wp\/v2\/types\/post"}],"author":[{"embeddable":true,"href":"https:\/\/lavocedelpaese.info\/index.php\/wp-json\/wp\/v2\/users\/6"}],"replies":[{"embeddable":true,"href":"https:\/\/lavocedelpaese.info\/index.php\/wp-json\/wp\/v2\/comments?post=10157"}],"version-history":[{"count":0,"href":"https:\/\/lavocedelpaese.info\/index.php\/wp-json\/wp\/v2\/posts\/10157\/revisions"}],"wp:featuredmedia":[{"embeddable":true,"href":"https:\/\/lavocedelpaese.info\/index.php\/wp-json\/wp\/v2\/media\/10158"}],"wp:attachment":[{"href":"https:\/\/lavocedelpaese.info\/index.php\/wp-json\/wp\/v2\/media?parent=10157"}],"wp:term":[{"taxonomy":"category","embeddable":true,"href":"https:\/\/lavocedelpaese.info\/index.php\/wp-json\/wp\/v2\/categories?post=10157"},{"taxonomy":"post_tag","embeddable":true,"href":"https:\/\/lavocedelpaese.info\/index.php\/wp-json\/wp\/v2\/tags?post=10157"}],"curies":[{"name":"wp","href":"https:\/\/api.w.org\/{rel}","templated":true}]}}