{"id":10146,"date":"2025-10-30T08:14:00","date_gmt":"2025-10-30T08:14:00","guid":{"rendered":"https:\/\/lavocedelpaese.info\/index.php\/2025\/10\/30\/mens-sana-in-corpore-sano-al-via-il-progetto-di-komen-italia\/"},"modified":"2025-10-30T08:14:00","modified_gmt":"2025-10-30T08:14:00","slug":"mens-sana-in-corpore-sano-al-via-il-progetto-di-komen-italia","status":"publish","type":"post","link":"https:\/\/lavocedelpaese.info\/index.php\/2025\/10\/30\/mens-sana-in-corpore-sano-al-via-il-progetto-di-komen-italia\/","title":{"rendered":"\u201cMens sana in corpore sano\u201d: al via il progetto di \u201cKomen Italia\u201d\u00a0\u200b"},"content":{"rendered":"<p>\u00a0<\/p>\n<p>\u200b\u00a0<\/p>\n<p>\u200b\u00a0<\/p>\n<p>Sono lieta di poter annunciare che il progetto Mens sana in corpore sano, che ci vede collaborare da anni per il benessere delle Donne in Rosa con la societ\u00e0 ginnastica Angiulli, sar\u00e0 operativo anche quest\u2019anno. Un\u2019iniziativa che ha come obiettivo il recupero funzionale e la qualit\u00e0 della vita delle donne che hanno affrontato o stanno affrontando un tumore al seno, un progetto che le aiuta a vivere con grazia e forza, un passo alla volta verso il benessere ritrovato\u201d<strong> spiega Linda Catucci, presidente del comitato Puglia della Komen Italia.<\/strong><\/p>\n<p>La societ\u00e0 ginnastica Angiulli di Bari rinnova cos\u00ec il proprio impegno verso le persone pi\u00f9 vulnerabili, annunciando l\u2019avvio dei nuovi percorsi di Attivit\u00e0 Fisica Adattata (AFA) dedicati alle Donne in Rosa, a partire dal 27 ottobre. L\u2019iniziativa, giunta al suo quarto anno, conferma la sensibilit\u00e0 nel promuovere il benessere attraverso l\u2019attivit\u00e0 motoria qualificata e inclusiva.<\/p>\n<p>\u201cL\u2019Angiulli quale ente morale \u00e8 sensibile alle attivit\u00e0 motorie verso le persone vulnerabili, rinnovando l\u2019impegno, per il 4\u00b0anno, ad ospitare nelle palestre della nostra polisportiva le donne in rosa Komen, che gi\u00e0 la scorsa stagione hanno partecipato anche alle attivit\u00e0 con gli esperti di attivit\u00e0 motorie con l\u2019universit\u00e0\u201d dichiara il presidente Gaetano Ingravallo.<\/p>\n<p>\u201cNovit\u00e0 di quest\u2019anno \u00e8 l\u2019implementazione dei corsi. Grazie al progetto Attivi per la vita del gruppo di Ricerca in Scienze Motorie e Sport\u00a0dell\u2019Universit\u00e0 degli Studi di Bari Aldo Moro, afferente al\u00a0Dipartimento di Biomedicina Traslazionale e Neuroscienze (DiBraiN) abbiamo avuto la possibilit\u00e0 di ampliare la platea delle donne in rosa che potranno partecipare ai corsi di attivit\u00e0 fisica adattata. Perch\u00e9 la qualit\u00e0 della vita non \u00e8 un lusso, ma un diritto che merita attenzione, e il corpo diventa il primo alleato della rinascita\u201d continua Catucci.<\/p>\n<p>Come spiega Francesco Fischetti, coordinatore del gruppo di ricerca \u201cIl nostro impegno \u00e8 quello di diffondere la pratica di esercizio fisico adattato per migliorare la qualit\u00e0 della vita e il benessere delle persone che affrontano o hanno affrontato un percorso oncologico. I nostri protocolli sono scientificamente validati, controllati e vendgono condotti da chinesiologi qualificati\u201d \u2013 il progetto che oggi prende forma \u2013 \u201csi \u00e8 concretizzato grazie alla stretta collaborazione dell\u2019Istituto Tumori di Bari Giovanni XXIII. La sinergia, sostenuta dal direttore generale Alessandro Delle Donne, va nella direzione del concetto di one health e della umanizzazione dei servizi che hanno come target il soddisfacimento dei bisogni espressi dai pazienti e dalle loro famiglie\u201d.<\/p>\n<p>I corsi AFA si svolgeranno il luned\u00ec e il mercoled\u00ec mattina e prevedono programmi adattati alle diverse condizioni cliniche e abilit\u00e0 motorie. Due fasce orarie: alle 9 attivit\u00e0 motorie condotte da esperti dell\u2019Universit\u00e0 e una sessione alle 11.00 sessione di ginnastica dolce per le donne in rosa.<\/p>\n<p><a class=\"a2a_button_facebook\" href=\"https:\/\/www.addtoany.com\/add_to\/facebook?linkurl=https%3A%2F%2Fcassano.lavocedelpaese.info%2Fmens-sana-in-corpore-sano-al-via-il-progetto-di-komen-italia%2F&amp;linkname=%E2%80%9CMens%20sana%20in%20corpore%20sano%E2%80%9D%3A%20al%20via%20il%20progetto%20di%20%E2%80%9CKomen%20Italia%E2%80%9D\" title=\"Facebook\" rel=\"nofollow noopener\" target=\"_blank\"><\/a><a class=\"a2a_button_twitter\" href=\"https:\/\/www.addtoany.com\/add_to\/twitter?linkurl=https%3A%2F%2Fcassano.lavocedelpaese.info%2Fmens-sana-in-corpore-sano-al-via-il-progetto-di-komen-italia%2F&amp;linkname=%E2%80%9CMens%20sana%20in%20corpore%20sano%E2%80%9D%3A%20al%20via%20il%20progetto%20di%20%E2%80%9CKomen%20Italia%E2%80%9D\" title=\"Twitter\" rel=\"nofollow noopener\" target=\"_blank\"><\/a><a class=\"a2a_button_whatsapp\" href=\"https:\/\/www.addtoany.com\/add_to\/whatsapp?linkurl=https%3A%2F%2Fcassano.lavocedelpaese.info%2Fmens-sana-in-corpore-sano-al-via-il-progetto-di-komen-italia%2F&amp;linkname=%E2%80%9CMens%20sana%20in%20corpore%20sano%E2%80%9D%3A%20al%20via%20il%20progetto%20di%20%E2%80%9CKomen%20Italia%E2%80%9D\" title=\"WhatsApp\" rel=\"nofollow noopener\" target=\"_blank\"><\/a><a class=\"a2a_button_telegram\" href=\"https:\/\/www.addtoany.com\/add_to\/telegram?linkurl=https%3A%2F%2Fcassano.lavocedelpaese.info%2Fmens-sana-in-corpore-sano-al-via-il-progetto-di-komen-italia%2F&amp;linkname=%E2%80%9CMens%20sana%20in%20corpore%20sano%E2%80%9D%3A%20al%20via%20il%20progetto%20di%20%E2%80%9CKomen%20Italia%E2%80%9D\" title=\"Telegram\" rel=\"nofollow noopener\" target=\"_blank\"><\/a><a class=\"a2a_button_email\" href=\"https:\/\/www.addtoany.com\/add_to\/email?linkurl=https%3A%2F%2Fcassano.lavocedelpaese.info%2Fmens-sana-in-corpore-sano-al-via-il-progetto-di-komen-italia%2F&amp;linkname=%E2%80%9CMens%20sana%20in%20corpore%20sano%E2%80%9D%3A%20al%20via%20il%20progetto%20di%20%E2%80%9CKomen%20Italia%E2%80%9D\" title=\"Email\" rel=\"nofollow noopener\" target=\"_blank\"><\/a><\/p>\n<p>\u00a0<\/p>\n<p>\u00a0<\/p>\n<p>\u200b\u00a0\u00a0\u00a0<\/p>","protected":false},"excerpt":{"rendered":"<p>\u00a0 \u200b\u00a0 \u200b\u00a0 Sono lieta di poter annunciare che il progetto Mens sana in corpore sano, che ci vede collaborare<\/p>\n","protected":false},"author":6,"featured_media":730,"comment_status":"open","ping_status":"closed","sticky":false,"template":"","format":"standard","meta":{"colormag_page_container_layout":"default_layout","colormag_page_sidebar_layout":"default_layout","footnotes":""},"categories":[33],"tags":[],"class_list":["post-10146","post","type-post","status-publish","format-standard","has-post-thumbnail","hentry","category-network"],"yoast_head":"<!-- This site is optimized with the Yoast SEO plugin v27.5 - https:\/\/yoast.com\/product\/yoast-seo-wordpress\/ -->\n<title>\u201cMens sana in corpore sano\u201d: al via il progetto di \u201cKomen Italia\u201d\u00a0\u200b - La Voce del Paese<\/title>\n<meta name=\"robots\" content=\"index, follow, max-snippet:-1, max-image-preview:large, max-video-preview:-1\" \/>\n<link rel=\"canonical\" href=\"https:\/\/lavocedelpaese.info\/index.php\/2025\/10\/30\/mens-sana-in-corpore-sano-al-via-il-progetto-di-komen-italia\/\" \/>\n<meta property=\"og:locale\" content=\"it_IT\" \/>\n<meta property=\"og:type\" content=\"article\" \/>\n<meta property=\"og:title\" content=\"\u201cMens sana in corpore sano\u201d: al via il progetto di \u201cKomen Italia\u201d\u00a0\u200b - La Voce del Paese\" \/>\n<meta property=\"og:description\" content=\"\u00a0 \u200b\u00a0 \u200b\u00a0 Sono lieta di poter annunciare che il progetto Mens sana in corpore sano, che ci vede collaborare\" \/>\n<meta property=\"og:url\" content=\"https:\/\/lavocedelpaese.info\/index.php\/2025\/10\/30\/mens-sana-in-corpore-sano-al-via-il-progetto-di-komen-italia\/\" \/>\n<meta property=\"og:site_name\" content=\"La Voce del Paese\" \/>\n<meta property=\"article:publisher\" content=\"https:\/\/www.facebook.com\/lavocedelpaese.info\" \/>\n<meta property=\"article:published_time\" content=\"2025-10-30T08:14:00+00:00\" \/>\n<meta name=\"author\" content=\"admin\" \/>\n<meta name=\"twitter:card\" content=\"summary_large_image\" \/>\n<meta name=\"twitter:label1\" content=\"Scritto da\" \/>\n\t<meta name=\"twitter:data1\" content=\"admin\" \/>\n\t<meta name=\"twitter:label2\" content=\"Tempo di lettura stimato\" \/>\n\t<meta name=\"twitter:data2\" content=\"2 minuti\" \/>\n<script type=\"application\/ld+json\" class=\"yoast-schema-graph\">{\"@context\":\"https:\\\/\\\/schema.org\",\"@graph\":[{\"@type\":\"Article\",\"@id\":\"https:\\\/\\\/lavocedelpaese.info\\\/index.php\\\/2025\\\/10\\\/30\\\/mens-sana-in-corpore-sano-al-via-il-progetto-di-komen-italia\\\/#article\",\"isPartOf\":{\"@id\":\"https:\\\/\\\/lavocedelpaese.info\\\/index.php\\\/2025\\\/10\\\/30\\\/mens-sana-in-corpore-sano-al-via-il-progetto-di-komen-italia\\\/\"},\"author\":{\"name\":\"admin\",\"@id\":\"https:\\\/\\\/lavocedelpaese.info\\\/#\\\/schema\\\/person\\\/ec151d321306bd7591f7a061abf72d88\"},\"headline\":\"\u201cMens sana in corpore sano\u201d: al via il progetto di \u201cKomen Italia\u201d\u00a0\u200b\",\"datePublished\":\"2025-10-30T08:14:00+00:00\",\"mainEntityOfPage\":{\"@id\":\"https:\\\/\\\/lavocedelpaese.info\\\/index.php\\\/2025\\\/10\\\/30\\\/mens-sana-in-corpore-sano-al-via-il-progetto-di-komen-italia\\\/\"},\"wordCount\":457,\"commentCount\":0,\"publisher\":{\"@id\":\"https:\\\/\\\/lavocedelpaese.info\\\/#organization\"},\"image\":{\"@id\":\"https:\\\/\\\/lavocedelpaese.info\\\/index.php\\\/2025\\\/10\\\/30\\\/mens-sana-in-corpore-sano-al-via-il-progetto-di-komen-italia\\\/#primaryimage\"},\"thumbnailUrl\":\"https:\\\/\\\/lavocedelpaese.info\\\/wp-content\\\/uploads\\\/2023\\\/01\\\/logo-150-127.png\",\"articleSection\":[\"network\"],\"inLanguage\":\"it-IT\",\"potentialAction\":[{\"@type\":\"CommentAction\",\"name\":\"Comment\",\"target\":[\"https:\\\/\\\/lavocedelpaese.info\\\/index.php\\\/2025\\\/10\\\/30\\\/mens-sana-in-corpore-sano-al-via-il-progetto-di-komen-italia\\\/#respond\"]}]},{\"@type\":\"WebPage\",\"@id\":\"https:\\\/\\\/lavocedelpaese.info\\\/index.php\\\/2025\\\/10\\\/30\\\/mens-sana-in-corpore-sano-al-via-il-progetto-di-komen-italia\\\/\",\"url\":\"https:\\\/\\\/lavocedelpaese.info\\\/index.php\\\/2025\\\/10\\\/30\\\/mens-sana-in-corpore-sano-al-via-il-progetto-di-komen-italia\\\/\",\"name\":\"\u201cMens sana in corpore sano\u201d: al via il progetto di \u201cKomen Italia\u201d\u00a0\u200b - La Voce del Paese\",\"isPartOf\":{\"@id\":\"https:\\\/\\\/lavocedelpaese.info\\\/#website\"},\"primaryImageOfPage\":{\"@id\":\"https:\\\/\\\/lavocedelpaese.info\\\/index.php\\\/2025\\\/10\\\/30\\\/mens-sana-in-corpore-sano-al-via-il-progetto-di-komen-italia\\\/#primaryimage\"},\"image\":{\"@id\":\"https:\\\/\\\/lavocedelpaese.info\\\/index.php\\\/2025\\\/10\\\/30\\\/mens-sana-in-corpore-sano-al-via-il-progetto-di-komen-italia\\\/#primaryimage\"},\"thumbnailUrl\":\"https:\\\/\\\/lavocedelpaese.info\\\/wp-content\\\/uploads\\\/2023\\\/01\\\/logo-150-127.png\",\"datePublished\":\"2025-10-30T08:14:00+00:00\",\"breadcrumb\":{\"@id\":\"https:\\\/\\\/lavocedelpaese.info\\\/index.php\\\/2025\\\/10\\\/30\\\/mens-sana-in-corpore-sano-al-via-il-progetto-di-komen-italia\\\/#breadcrumb\"},\"inLanguage\":\"it-IT\",\"potentialAction\":[{\"@type\":\"ReadAction\",\"target\":[\"https:\\\/\\\/lavocedelpaese.info\\\/index.php\\\/2025\\\/10\\\/30\\\/mens-sana-in-corpore-sano-al-via-il-progetto-di-komen-italia\\\/\"]}]},{\"@type\":\"ImageObject\",\"inLanguage\":\"it-IT\",\"@id\":\"https:\\\/\\\/lavocedelpaese.info\\\/index.php\\\/2025\\\/10\\\/30\\\/mens-sana-in-corpore-sano-al-via-il-progetto-di-komen-italia\\\/#primaryimage\",\"url\":\"https:\\\/\\\/lavocedelpaese.info\\\/wp-content\\\/uploads\\\/2023\\\/01\\\/logo-150-127.png\",\"contentUrl\":\"https:\\\/\\\/lavocedelpaese.info\\\/wp-content\\\/uploads\\\/2023\\\/01\\\/logo-150-127.png\",\"width\":150,\"height\":127},{\"@type\":\"BreadcrumbList\",\"@id\":\"https:\\\/\\\/lavocedelpaese.info\\\/index.php\\\/2025\\\/10\\\/30\\\/mens-sana-in-corpore-sano-al-via-il-progetto-di-komen-italia\\\/#breadcrumb\",\"itemListElement\":[{\"@type\":\"ListItem\",\"position\":1,\"name\":\"Home\",\"item\":\"https:\\\/\\\/lavocedelpaese.info\\\/\"},{\"@type\":\"ListItem\",\"position\":2,\"name\":\"\u201cMens sana in corpore sano\u201d: al via il progetto di \u201cKomen Italia\u201d\u00a0\u200b\"}]},{\"@type\":\"WebSite\",\"@id\":\"https:\\\/\\\/lavocedelpaese.info\\\/#website\",\"url\":\"https:\\\/\\\/lavocedelpaese.info\\\/\",\"name\":\"La Voce del Paese\",\"description\":\"Un network di idee\",\"publisher\":{\"@id\":\"https:\\\/\\\/lavocedelpaese.info\\\/#organization\"},\"potentialAction\":[{\"@type\":\"SearchAction\",\"target\":{\"@type\":\"EntryPoint\",\"urlTemplate\":\"https:\\\/\\\/lavocedelpaese.info\\\/?s={search_term_string}\"},\"query-input\":{\"@type\":\"PropertyValueSpecification\",\"valueRequired\":true,\"valueName\":\"search_term_string\"}}],\"inLanguage\":\"it-IT\"},{\"@type\":\"Organization\",\"@id\":\"https:\\\/\\\/lavocedelpaese.info\\\/#organization\",\"name\":\"La Voce del Paese\",\"url\":\"https:\\\/\\\/lavocedelpaese.info\\\/\",\"logo\":{\"@type\":\"ImageObject\",\"inLanguage\":\"it-IT\",\"@id\":\"https:\\\/\\\/lavocedelpaese.info\\\/#\\\/schema\\\/logo\\\/image\\\/\",\"url\":\"https:\\\/\\\/lavocedelpaese.info\\\/wp-content\\\/uploads\\\/2023\\\/01\\\/cropped-logo-150-127.png\",\"contentUrl\":\"https:\\\/\\\/lavocedelpaese.info\\\/wp-content\\\/uploads\\\/2023\\\/01\\\/cropped-logo-150-127.png\",\"width\":137,\"height\":119,\"caption\":\"La Voce del Paese\"},\"image\":{\"@id\":\"https:\\\/\\\/lavocedelpaese.info\\\/#\\\/schema\\\/logo\\\/image\\\/\"},\"sameAs\":[\"https:\\\/\\\/www.facebook.com\\\/lavocedelpaese.info\"]},{\"@type\":\"Person\",\"@id\":\"https:\\\/\\\/lavocedelpaese.info\\\/#\\\/schema\\\/person\\\/ec151d321306bd7591f7a061abf72d88\",\"name\":\"admin\",\"image\":{\"@type\":\"ImageObject\",\"inLanguage\":\"it-IT\",\"@id\":\"https:\\\/\\\/secure.gravatar.com\\\/avatar\\\/af8f2caf0663124588de48a9380e07cbc95a74ef15b8062d0d39106c32fe3023?s=96&d=mm&r=g\",\"url\":\"https:\\\/\\\/secure.gravatar.com\\\/avatar\\\/af8f2caf0663124588de48a9380e07cbc95a74ef15b8062d0d39106c32fe3023?s=96&d=mm&r=g\",\"contentUrl\":\"https:\\\/\\\/secure.gravatar.com\\\/avatar\\\/af8f2caf0663124588de48a9380e07cbc95a74ef15b8062d0d39106c32fe3023?s=96&d=mm&r=g\",\"caption\":\"admin\"},\"sameAs\":[\"https:\\\/\\\/lavocedelpaese.info\"],\"url\":\"https:\\\/\\\/lavocedelpaese.info\\\/index.php\\\/author\\\/admin\\\/\"}]}<\/script>\n<!-- \/ Yoast SEO plugin. -->","yoast_head_json":{"title":"\u201cMens sana in corpore sano\u201d: al via il progetto di \u201cKomen Italia\u201d\u00a0\u200b - La Voce del Paese","robots":{"index":"index","follow":"follow","max-snippet":"max-snippet:-1","max-image-preview":"max-image-preview:large","max-video-preview":"max-video-preview:-1"},"canonical":"https:\/\/lavocedelpaese.info\/index.php\/2025\/10\/30\/mens-sana-in-corpore-sano-al-via-il-progetto-di-komen-italia\/","og_locale":"it_IT","og_type":"article","og_title":"\u201cMens sana in corpore sano\u201d: al via il progetto di \u201cKomen Italia\u201d\u00a0\u200b - La Voce del Paese","og_description":"\u00a0 \u200b\u00a0 \u200b\u00a0 Sono lieta di poter annunciare che il progetto Mens sana in corpore sano, che ci vede collaborare","og_url":"https:\/\/lavocedelpaese.info\/index.php\/2025\/10\/30\/mens-sana-in-corpore-sano-al-via-il-progetto-di-komen-italia\/","og_site_name":"La Voce del Paese","article_publisher":"https:\/\/www.facebook.com\/lavocedelpaese.info","article_published_time":"2025-10-30T08:14:00+00:00","author":"admin","twitter_card":"summary_large_image","twitter_misc":{"Scritto da":"admin","Tempo di lettura stimato":"2 minuti"},"schema":{"@context":"https:\/\/schema.org","@graph":[{"@type":"Article","@id":"https:\/\/lavocedelpaese.info\/index.php\/2025\/10\/30\/mens-sana-in-corpore-sano-al-via-il-progetto-di-komen-italia\/#article","isPartOf":{"@id":"https:\/\/lavocedelpaese.info\/index.php\/2025\/10\/30\/mens-sana-in-corpore-sano-al-via-il-progetto-di-komen-italia\/"},"author":{"name":"admin","@id":"https:\/\/lavocedelpaese.info\/#\/schema\/person\/ec151d321306bd7591f7a061abf72d88"},"headline":"\u201cMens sana in corpore sano\u201d: al via il progetto di \u201cKomen Italia\u201d\u00a0\u200b","datePublished":"2025-10-30T08:14:00+00:00","mainEntityOfPage":{"@id":"https:\/\/lavocedelpaese.info\/index.php\/2025\/10\/30\/mens-sana-in-corpore-sano-al-via-il-progetto-di-komen-italia\/"},"wordCount":457,"commentCount":0,"publisher":{"@id":"https:\/\/lavocedelpaese.info\/#organization"},"image":{"@id":"https:\/\/lavocedelpaese.info\/index.php\/2025\/10\/30\/mens-sana-in-corpore-sano-al-via-il-progetto-di-komen-italia\/#primaryimage"},"thumbnailUrl":"https:\/\/lavocedelpaese.info\/wp-content\/uploads\/2023\/01\/logo-150-127.png","articleSection":["network"],"inLanguage":"it-IT","potentialAction":[{"@type":"CommentAction","name":"Comment","target":["https:\/\/lavocedelpaese.info\/index.php\/2025\/10\/30\/mens-sana-in-corpore-sano-al-via-il-progetto-di-komen-italia\/#respond"]}]},{"@type":"WebPage","@id":"https:\/\/lavocedelpaese.info\/index.php\/2025\/10\/30\/mens-sana-in-corpore-sano-al-via-il-progetto-di-komen-italia\/","url":"https:\/\/lavocedelpaese.info\/index.php\/2025\/10\/30\/mens-sana-in-corpore-sano-al-via-il-progetto-di-komen-italia\/","name":"\u201cMens sana in corpore sano\u201d: al via il progetto di \u201cKomen Italia\u201d\u00a0\u200b - La Voce del Paese","isPartOf":{"@id":"https:\/\/lavocedelpaese.info\/#website"},"primaryImageOfPage":{"@id":"https:\/\/lavocedelpaese.info\/index.php\/2025\/10\/30\/mens-sana-in-corpore-sano-al-via-il-progetto-di-komen-italia\/#primaryimage"},"image":{"@id":"https:\/\/lavocedelpaese.info\/index.php\/2025\/10\/30\/mens-sana-in-corpore-sano-al-via-il-progetto-di-komen-italia\/#primaryimage"},"thumbnailUrl":"https:\/\/lavocedelpaese.info\/wp-content\/uploads\/2023\/01\/logo-150-127.png","datePublished":"2025-10-30T08:14:00+00:00","breadcrumb":{"@id":"https:\/\/lavocedelpaese.info\/index.php\/2025\/10\/30\/mens-sana-in-corpore-sano-al-via-il-progetto-di-komen-italia\/#breadcrumb"},"inLanguage":"it-IT","potentialAction":[{"@type":"ReadAction","target":["https:\/\/lavocedelpaese.info\/index.php\/2025\/10\/30\/mens-sana-in-corpore-sano-al-via-il-progetto-di-komen-italia\/"]}]},{"@type":"ImageObject","inLanguage":"it-IT","@id":"https:\/\/lavocedelpaese.info\/index.php\/2025\/10\/30\/mens-sana-in-corpore-sano-al-via-il-progetto-di-komen-italia\/#primaryimage","url":"https:\/\/lavocedelpaese.info\/wp-content\/uploads\/2023\/01\/logo-150-127.png","contentUrl":"https:\/\/lavocedelpaese.info\/wp-content\/uploads\/2023\/01\/logo-150-127.png","width":150,"height":127},{"@type":"BreadcrumbList","@id":"https:\/\/lavocedelpaese.info\/index.php\/2025\/10\/30\/mens-sana-in-corpore-sano-al-via-il-progetto-di-komen-italia\/#breadcrumb","itemListElement":[{"@type":"ListItem","position":1,"name":"Home","item":"https:\/\/lavocedelpaese.info\/"},{"@type":"ListItem","position":2,"name":"\u201cMens sana in corpore sano\u201d: al via il progetto di \u201cKomen Italia\u201d\u00a0\u200b"}]},{"@type":"WebSite","@id":"https:\/\/lavocedelpaese.info\/#website","url":"https:\/\/lavocedelpaese.info\/","name":"La Voce del Paese","description":"Un network di idee","publisher":{"@id":"https:\/\/lavocedelpaese.info\/#organization"},"potentialAction":[{"@type":"SearchAction","target":{"@type":"EntryPoint","urlTemplate":"https:\/\/lavocedelpaese.info\/?s={search_term_string}"},"query-input":{"@type":"PropertyValueSpecification","valueRequired":true,"valueName":"search_term_string"}}],"inLanguage":"it-IT"},{"@type":"Organization","@id":"https:\/\/lavocedelpaese.info\/#organization","name":"La Voce del Paese","url":"https:\/\/lavocedelpaese.info\/","logo":{"@type":"ImageObject","inLanguage":"it-IT","@id":"https:\/\/lavocedelpaese.info\/#\/schema\/logo\/image\/","url":"https:\/\/lavocedelpaese.info\/wp-content\/uploads\/2023\/01\/cropped-logo-150-127.png","contentUrl":"https:\/\/lavocedelpaese.info\/wp-content\/uploads\/2023\/01\/cropped-logo-150-127.png","width":137,"height":119,"caption":"La Voce del Paese"},"image":{"@id":"https:\/\/lavocedelpaese.info\/#\/schema\/logo\/image\/"},"sameAs":["https:\/\/www.facebook.com\/lavocedelpaese.info"]},{"@type":"Person","@id":"https:\/\/lavocedelpaese.info\/#\/schema\/person\/ec151d321306bd7591f7a061abf72d88","name":"admin","image":{"@type":"ImageObject","inLanguage":"it-IT","@id":"https:\/\/secure.gravatar.com\/avatar\/af8f2caf0663124588de48a9380e07cbc95a74ef15b8062d0d39106c32fe3023?s=96&d=mm&r=g","url":"https:\/\/secure.gravatar.com\/avatar\/af8f2caf0663124588de48a9380e07cbc95a74ef15b8062d0d39106c32fe3023?s=96&d=mm&r=g","contentUrl":"https:\/\/secure.gravatar.com\/avatar\/af8f2caf0663124588de48a9380e07cbc95a74ef15b8062d0d39106c32fe3023?s=96&d=mm&r=g","caption":"admin"},"sameAs":["https:\/\/lavocedelpaese.info"],"url":"https:\/\/lavocedelpaese.info\/index.php\/author\/admin\/"}]}},"_links":{"self":[{"href":"https:\/\/lavocedelpaese.info\/index.php\/wp-json\/wp\/v2\/posts\/10146","targetHints":{"allow":["GET"]}}],"collection":[{"href":"https:\/\/lavocedelpaese.info\/index.php\/wp-json\/wp\/v2\/posts"}],"about":[{"href":"https:\/\/lavocedelpaese.info\/index.php\/wp-json\/wp\/v2\/types\/post"}],"author":[{"embeddable":true,"href":"https:\/\/lavocedelpaese.info\/index.php\/wp-json\/wp\/v2\/users\/6"}],"replies":[{"embeddable":true,"href":"https:\/\/lavocedelpaese.info\/index.php\/wp-json\/wp\/v2\/comments?post=10146"}],"version-history":[{"count":0,"href":"https:\/\/lavocedelpaese.info\/index.php\/wp-json\/wp\/v2\/posts\/10146\/revisions"}],"wp:featuredmedia":[{"embeddable":true,"href":"https:\/\/lavocedelpaese.info\/index.php\/wp-json\/wp\/v2\/media\/730"}],"wp:attachment":[{"href":"https:\/\/lavocedelpaese.info\/index.php\/wp-json\/wp\/v2\/media?parent=10146"}],"wp:term":[{"taxonomy":"category","embeddable":true,"href":"https:\/\/lavocedelpaese.info\/index.php\/wp-json\/wp\/v2\/categories?post=10146"},{"taxonomy":"post_tag","embeddable":true,"href":"https:\/\/lavocedelpaese.info\/index.php\/wp-json\/wp\/v2\/tags?post=10146"}],"curies":[{"name":"wp","href":"https:\/\/api.w.org\/{rel}","templated":true}]}}