{"id":10129,"date":"2025-10-26T12:20:16","date_gmt":"2025-10-26T12:20:16","guid":{"rendered":"https:\/\/lavocedelpaese.info\/index.php\/2025\/10\/26\/a3-si-alza-il-sipario-sul-campionato-2025-26-joy-volley-vs-napoli-al-palacapurso\/"},"modified":"2025-10-26T12:20:16","modified_gmt":"2025-10-26T12:20:16","slug":"a3-si-alza-il-sipario-sul-campionato-2025-26-joy-volley-vs-napoli-al-palacapurso","status":"publish","type":"post","link":"https:\/\/lavocedelpaese.info\/index.php\/2025\/10\/26\/a3-si-alza-il-sipario-sul-campionato-2025-26-joy-volley-vs-napoli-al-palacapurso\/","title":{"rendered":"A3. Si alza il sipario sul campionato 2025\/26. Joy Volley vs Napoli al PalaCapurso\u00a0\u200b"},"content":{"rendered":"<p>\u00a0<\/p>\n<p>\u200b\u00a0<\/p>\n<p>\u200b\u00a0<\/p>\n<p><img decoding=\"async\" class=\"size-full wp-image-7013 alignleft\" src=\"https:\/\/gioia.lavocedelpaese.info\/wp-content\/uploads\/2025\/10\/Esultanza-Joy-Volley-precampionato.jpeg\" alt=\"\" width=\"400\" height=\"267\"\/>Una nuova stagione \u00e8 alle porte e a Gioia del Colle l\u2019entusiasmo \u00e8 gi\u00e0 alle stelle. Dopo un\u2019estate di lavoro, sacrificio e programmazione, la\u00a0<strong>Joy Volley Gioia del Colle<\/strong>\u00a0\u00e8 pronta a dare il via al campionato di\u00a0<strong>Serie A3 Credem Banca 2025\/26<\/strong>, con la determinazione di recitare un ruolo da protagonista.<\/p>\n<p>Questo pomeriggio, al\u00a0<strong>Pala Capurso<\/strong>, i biancorossi del presidente\u00a0<strong>Gianni D\u2019Elia<\/strong>\u00a0affronteranno la\u00a0<strong>Gaia Energy Napoli<\/strong>\u00a0nella\u00a0<strong>1\u00aa giornata<\/strong>\u00a0del torneo.<\/p>\n<p>La formazione guidata da\u00a0<strong>coach Sandro Passaro<\/strong>, affiancato da\u00a0<strong>Francesco Racaniello<\/strong>, riparte da basi solide e da un gruppo che unisce esperienza, talento e identit\u00e0 territoriale. Dalla regia di\u00a0<strong>Matteo Paris<\/strong>\u00a0e\u00a0<strong>Giuseppe Longo<\/strong>, alla potenza offensiva di\u00a0<strong>Andrea Santangelo<\/strong>\u00a0e\u00a0<strong>capitan Romolo Mariano<\/strong>, passando per la qualit\u00e0 in banda di\u00a0<strong>Sebastiano Milan<\/strong>,\u00a0<strong>Felice Sette<\/strong>\u00a0e\u00a0<strong>Leonardo Carta<\/strong>. Al centro della rete, centimetri e affidabilit\u00e0 con\u00a0<strong>Cristian Frumuselu<\/strong>,\u00a0<strong>Sandi Persoglia<\/strong>\u00a0e\u00a0<strong>Alberto Marra<\/strong>, mentre in seconda linea la sicurezza \u00e8 garantita dai liberi\u00a0<strong>Francesco Pierri<\/strong>\u00a0e\u00a0<strong>Vincenzo Utro<\/strong>.<\/p>\n<p>Dall\u2019altra parte della rete ci sar\u00e0 la\u00a0<strong>Gaia Energy Napoli<\/strong>, formazione alla sua quarta stagione consecutiva in Serie A3, guidata dall\u2019esperto\u00a0<strong>coach Nello Mosca<\/strong>. I partenopei presentano un roster rinnovato e ambizioso, con gli arrivi di\u00a0<strong>Lorenzo Piazza, Stefano Ferri, Giacomo Russo, Luca Romano<\/strong>\u00a0e\u00a0<strong>Giovanni Balestra<\/strong>, che si affiancheranno ai confermati\u00a0<strong>Filippo Lanciani, Francesco Ardito, Simone Starace, Giuseppe Saccone, Arthur Darmois<\/strong>\u00a0e\u00a0<strong>Andrea Volpe<\/strong>. Una squadra giovane, con entusiasmo e qualit\u00e0, pronta a dare battaglia per un posto nei playoff.<\/p>\n<p>Alla vigilia del match, il presidente\u00a0<strong>Gianni D\u2019Elia<\/strong>\u00a0ha espresso tutto il suo entusiasmo: \u00abOgni anno \u00e8 come se fosse una nuova avventura: ci mettiamo impegno, passione e dedizione, ma soprattutto il cuore. Vogliamo migliorare quanto fatto lo scorso anno, puntando pi\u00f9 in alto e realizzando un vero e proprio upgrade sotto ogni aspetto, societario e sportivo. La pallavolo \u00e8 squadra, \u00e8 tifoseria, \u00e8 vita sociale: \u00e8 qualcosa da vivere a 360\u00b0, perch\u00e9 ci unisce e ci fa sentire parte di qualcosa di speciale\u00bb.<\/p>\n<p>Carico e motivato anche\u00a0<strong>capitan Romolo Mariano<\/strong>: \u00abNon vediamo l\u2019ora di cominciare. \u00c8 stata una preparazione lunga e intensa, abbiamo lavorato tanto per arrivare pronti a questa prima di campionato. Napoli \u00e8 una buona squadra, ci sar\u00e0 da lottare punto su punto. Iniziare la stagione in casa, davanti alla nostra gente, \u00e8 qualcosa di speciale: il calore della\u00a0<strong>Gradinata 3M<\/strong>\u00a0sar\u00e0 la nostra spinta in pi\u00f9\u00bb.<\/p>\n<p><strong>Curiosit\u00e0 e precedenti<\/strong><\/p>\n<p>Sono\u00a0<strong>due<\/strong>\u00a0i precedenti tra le due formazioni:\u00a0<strong>una vittoria per parte<\/strong>. Diversi protagonisti della Joy Volley inseguono traguardi personali importanti:<\/p>\n<ul>\n<li><strong>Andrea Santangelo<\/strong>\u00a0\u00e8 a\u00a0<strong>11 attacchi vincenti dai 2700<\/strong>\u00a0in carriera;<\/li>\n<li><strong>Felice Sette<\/strong>\u00a0a\u00a0<strong>17 punti dai 2000<\/strong>;<\/li>\n<li><strong>Romolo Mariano<\/strong>\u00a0a\u00a0<strong>29 attacchi dai 2500<\/strong>;<\/li>\n<li><strong>Sebastiano Milan<\/strong>\u00a0a\u00a0<strong>6 punti dai 2600<\/strong>;<\/li>\n<li><strong>Alberto Marra<\/strong>\u00a0a\u00a0<strong>1 punto dai 1000<\/strong>;<\/li>\n<li><strong>Sandi Persoglia<\/strong>\u00a0a\u00a0<strong>2 muri vincenti dai 200<\/strong>.<\/li>\n<\/ul>\n<p><strong>INFO TICKET.<\/strong> I\u00a0biglietti saranno acquistabili esclusivamente attraverso il circuito Apulia Ticket, sia nline sul sito ufficiale www.apuliaticket.it, oltre al Makk\u00e8 Bar (via Umberto Terracini 75, Gioia del Colle).<\/p>\n<p><strong>Inoltre, sar\u00e0 possibile acquistare i tagliandi direttamente al botteghino del PalaCapurso il giorno della gara, a partire dalle ore 16:30.<\/strong><\/p>\n<p><strong>Prezzi dei biglietti:<\/strong><\/p>\n<ul>\n<li>\u2060\u2060Tribuna Numerata: \u20ac7 (posto unico)<\/li>\n<li>\u2060\u2060Gradinata: \u20ac5 (posto unico)<\/li>\n<\/ul>\n<p>L\u2019ingresso sar\u00e0 gratuito per tutti gli Under 12 e per i disabili con invalidit\u00e0 al 100%, i quali avranno diritto all\u2019accesso con un accompagnatore.<\/p>\n<p><strong><em>Non sono previste ulteriori riduzioni oltre a quelle indicate.<\/em><\/strong><\/p>\n<p><strong>Christian Cesario<\/strong><\/p>\n<p><strong>Ufficio Stampa Joy Volley Gioia<\/strong><\/p>\n<p><a class=\"a2a_button_facebook\" href=\"https:\/\/www.addtoany.com\/add_to\/facebook?linkurl=https%3A%2F%2Fgioia.lavocedelpaese.info%2Findex.php%2F2025%2F10%2F26%2Fa3-si-alza-il-sipario-sul-campionato-2025-26-joy-volley-vs-napoli-al-palacapurso%2F&amp;linkname=A3.%20Si%20alza%20il%20sipario%20sul%20campionato%202025%2F26.%20Joy%20Volley%20vs%20Napoli%20al%20PalaCapurso\" title=\"Facebook\" rel=\"nofollow noopener\" target=\"_blank\"><\/a><a class=\"a2a_button_twitter\" href=\"https:\/\/www.addtoany.com\/add_to\/twitter?linkurl=https%3A%2F%2Fgioia.lavocedelpaese.info%2Findex.php%2F2025%2F10%2F26%2Fa3-si-alza-il-sipario-sul-campionato-2025-26-joy-volley-vs-napoli-al-palacapurso%2F&amp;linkname=A3.%20Si%20alza%20il%20sipario%20sul%20campionato%202025%2F26.%20Joy%20Volley%20vs%20Napoli%20al%20PalaCapurso\" title=\"Twitter\" rel=\"nofollow noopener\" target=\"_blank\"><\/a><a class=\"a2a_button_whatsapp\" href=\"https:\/\/www.addtoany.com\/add_to\/whatsapp?linkurl=https%3A%2F%2Fgioia.lavocedelpaese.info%2Findex.php%2F2025%2F10%2F26%2Fa3-si-alza-il-sipario-sul-campionato-2025-26-joy-volley-vs-napoli-al-palacapurso%2F&amp;linkname=A3.%20Si%20alza%20il%20sipario%20sul%20campionato%202025%2F26.%20Joy%20Volley%20vs%20Napoli%20al%20PalaCapurso\" title=\"WhatsApp\" rel=\"nofollow noopener\" target=\"_blank\"><\/a><a class=\"a2a_button_telegram\" href=\"https:\/\/www.addtoany.com\/add_to\/telegram?linkurl=https%3A%2F%2Fgioia.lavocedelpaese.info%2Findex.php%2F2025%2F10%2F26%2Fa3-si-alza-il-sipario-sul-campionato-2025-26-joy-volley-vs-napoli-al-palacapurso%2F&amp;linkname=A3.%20Si%20alza%20il%20sipario%20sul%20campionato%202025%2F26.%20Joy%20Volley%20vs%20Napoli%20al%20PalaCapurso\" title=\"Telegram\" rel=\"nofollow noopener\" target=\"_blank\"><\/a><a class=\"a2a_button_email\" href=\"https:\/\/www.addtoany.com\/add_to\/email?linkurl=https%3A%2F%2Fgioia.lavocedelpaese.info%2Findex.php%2F2025%2F10%2F26%2Fa3-si-alza-il-sipario-sul-campionato-2025-26-joy-volley-vs-napoli-al-palacapurso%2F&amp;linkname=A3.%20Si%20alza%20il%20sipario%20sul%20campionato%202025%2F26.%20Joy%20Volley%20vs%20Napoli%20al%20PalaCapurso\" title=\"Email\" rel=\"nofollow noopener\" target=\"_blank\"><\/a><\/p>\n<p>\u00a0<\/p>\n<p>\u00a0<\/p>\n<p>\u200b\u00a0\u00a0\u00a0<\/p>","protected":false},"excerpt":{"rendered":"<p>\u00a0 \u200b\u00a0 \u200b\u00a0 Una nuova stagione \u00e8 alle porte e a Gioia del Colle l\u2019entusiasmo \u00e8 gi\u00e0 alle stelle. Dopo<\/p>\n","protected":false},"author":6,"featured_media":10130,"comment_status":"open","ping_status":"closed","sticky":false,"template":"","format":"standard","meta":{"colormag_page_container_layout":"default_layout","colormag_page_sidebar_layout":"default_layout","footnotes":""},"categories":[33],"tags":[],"class_list":["post-10129","post","type-post","status-publish","format-standard","has-post-thumbnail","hentry","category-network"],"yoast_head":"<!-- This site is optimized with the Yoast SEO plugin v27.5 - https:\/\/yoast.com\/product\/yoast-seo-wordpress\/ -->\n<title>A3. Si alza il sipario sul campionato 2025\/26. Joy Volley vs Napoli al PalaCapurso\u00a0\u200b - La Voce del Paese<\/title>\n<meta name=\"robots\" content=\"index, follow, max-snippet:-1, max-image-preview:large, max-video-preview:-1\" \/>\n<link rel=\"canonical\" href=\"https:\/\/lavocedelpaese.info\/index.php\/2025\/10\/26\/a3-si-alza-il-sipario-sul-campionato-2025-26-joy-volley-vs-napoli-al-palacapurso\/\" \/>\n<meta property=\"og:locale\" content=\"it_IT\" \/>\n<meta property=\"og:type\" content=\"article\" \/>\n<meta property=\"og:title\" content=\"A3. Si alza il sipario sul campionato 2025\/26. Joy Volley vs Napoli al PalaCapurso\u00a0\u200b - La Voce del Paese\" \/>\n<meta property=\"og:description\" content=\"\u00a0 \u200b\u00a0 \u200b\u00a0 Una nuova stagione \u00e8 alle porte e a Gioia del Colle l\u2019entusiasmo \u00e8 gi\u00e0 alle stelle. Dopo\" \/>\n<meta property=\"og:url\" content=\"https:\/\/lavocedelpaese.info\/index.php\/2025\/10\/26\/a3-si-alza-il-sipario-sul-campionato-2025-26-joy-volley-vs-napoli-al-palacapurso\/\" \/>\n<meta property=\"og:site_name\" content=\"La Voce del Paese\" \/>\n<meta property=\"article:publisher\" content=\"https:\/\/www.facebook.com\/lavocedelpaese.info\" \/>\n<meta property=\"article:published_time\" content=\"2025-10-26T12:20:16+00:00\" \/>\n<meta name=\"author\" content=\"admin\" \/>\n<meta name=\"twitter:card\" content=\"summary_large_image\" \/>\n<meta name=\"twitter:label1\" content=\"Scritto da\" \/>\n\t<meta name=\"twitter:data1\" content=\"admin\" \/>\n\t<meta name=\"twitter:label2\" content=\"Tempo di lettura stimato\" \/>\n\t<meta name=\"twitter:data2\" content=\"3 minuti\" \/>\n<script type=\"application\/ld+json\" class=\"yoast-schema-graph\">{\"@context\":\"https:\\\/\\\/schema.org\",\"@graph\":[{\"@type\":\"Article\",\"@id\":\"https:\\\/\\\/lavocedelpaese.info\\\/index.php\\\/2025\\\/10\\\/26\\\/a3-si-alza-il-sipario-sul-campionato-2025-26-joy-volley-vs-napoli-al-palacapurso\\\/#article\",\"isPartOf\":{\"@id\":\"https:\\\/\\\/lavocedelpaese.info\\\/index.php\\\/2025\\\/10\\\/26\\\/a3-si-alza-il-sipario-sul-campionato-2025-26-joy-volley-vs-napoli-al-palacapurso\\\/\"},\"author\":{\"name\":\"admin\",\"@id\":\"https:\\\/\\\/lavocedelpaese.info\\\/#\\\/schema\\\/person\\\/ec151d321306bd7591f7a061abf72d88\"},\"headline\":\"A3. Si alza il sipario sul campionato 2025\\\/26. Joy Volley vs Napoli al PalaCapurso\u00a0\u200b\",\"datePublished\":\"2025-10-26T12:20:16+00:00\",\"mainEntityOfPage\":{\"@id\":\"https:\\\/\\\/lavocedelpaese.info\\\/index.php\\\/2025\\\/10\\\/26\\\/a3-si-alza-il-sipario-sul-campionato-2025-26-joy-volley-vs-napoli-al-palacapurso\\\/\"},\"wordCount\":554,\"commentCount\":0,\"publisher\":{\"@id\":\"https:\\\/\\\/lavocedelpaese.info\\\/#organization\"},\"image\":{\"@id\":\"https:\\\/\\\/lavocedelpaese.info\\\/index.php\\\/2025\\\/10\\\/26\\\/a3-si-alza-il-sipario-sul-campionato-2025-26-joy-volley-vs-napoli-al-palacapurso\\\/#primaryimage\"},\"thumbnailUrl\":\"https:\\\/\\\/lavocedelpaese.info\\\/wp-content\\\/uploads\\\/2025\\\/10\\\/Esultanza-Joy-Volley-precampionato-3kKbE4.jpg\",\"articleSection\":[\"network\"],\"inLanguage\":\"it-IT\",\"potentialAction\":[{\"@type\":\"CommentAction\",\"name\":\"Comment\",\"target\":[\"https:\\\/\\\/lavocedelpaese.info\\\/index.php\\\/2025\\\/10\\\/26\\\/a3-si-alza-il-sipario-sul-campionato-2025-26-joy-volley-vs-napoli-al-palacapurso\\\/#respond\"]}]},{\"@type\":\"WebPage\",\"@id\":\"https:\\\/\\\/lavocedelpaese.info\\\/index.php\\\/2025\\\/10\\\/26\\\/a3-si-alza-il-sipario-sul-campionato-2025-26-joy-volley-vs-napoli-al-palacapurso\\\/\",\"url\":\"https:\\\/\\\/lavocedelpaese.info\\\/index.php\\\/2025\\\/10\\\/26\\\/a3-si-alza-il-sipario-sul-campionato-2025-26-joy-volley-vs-napoli-al-palacapurso\\\/\",\"name\":\"A3. Si alza il sipario sul campionato 2025\\\/26. Joy Volley vs Napoli al PalaCapurso\u00a0\u200b - La Voce del Paese\",\"isPartOf\":{\"@id\":\"https:\\\/\\\/lavocedelpaese.info\\\/#website\"},\"primaryImageOfPage\":{\"@id\":\"https:\\\/\\\/lavocedelpaese.info\\\/index.php\\\/2025\\\/10\\\/26\\\/a3-si-alza-il-sipario-sul-campionato-2025-26-joy-volley-vs-napoli-al-palacapurso\\\/#primaryimage\"},\"image\":{\"@id\":\"https:\\\/\\\/lavocedelpaese.info\\\/index.php\\\/2025\\\/10\\\/26\\\/a3-si-alza-il-sipario-sul-campionato-2025-26-joy-volley-vs-napoli-al-palacapurso\\\/#primaryimage\"},\"thumbnailUrl\":\"https:\\\/\\\/lavocedelpaese.info\\\/wp-content\\\/uploads\\\/2025\\\/10\\\/Esultanza-Joy-Volley-precampionato-3kKbE4.jpg\",\"datePublished\":\"2025-10-26T12:20:16+00:00\",\"breadcrumb\":{\"@id\":\"https:\\\/\\\/lavocedelpaese.info\\\/index.php\\\/2025\\\/10\\\/26\\\/a3-si-alza-il-sipario-sul-campionato-2025-26-joy-volley-vs-napoli-al-palacapurso\\\/#breadcrumb\"},\"inLanguage\":\"it-IT\",\"potentialAction\":[{\"@type\":\"ReadAction\",\"target\":[\"https:\\\/\\\/lavocedelpaese.info\\\/index.php\\\/2025\\\/10\\\/26\\\/a3-si-alza-il-sipario-sul-campionato-2025-26-joy-volley-vs-napoli-al-palacapurso\\\/\"]}]},{\"@type\":\"ImageObject\",\"inLanguage\":\"it-IT\",\"@id\":\"https:\\\/\\\/lavocedelpaese.info\\\/index.php\\\/2025\\\/10\\\/26\\\/a3-si-alza-il-sipario-sul-campionato-2025-26-joy-volley-vs-napoli-al-palacapurso\\\/#primaryimage\",\"url\":\"https:\\\/\\\/lavocedelpaese.info\\\/wp-content\\\/uploads\\\/2025\\\/10\\\/Esultanza-Joy-Volley-precampionato-3kKbE4.jpg\",\"contentUrl\":\"https:\\\/\\\/lavocedelpaese.info\\\/wp-content\\\/uploads\\\/2025\\\/10\\\/Esultanza-Joy-Volley-precampionato-3kKbE4.jpg\",\"width\":1000,\"height\":667},{\"@type\":\"BreadcrumbList\",\"@id\":\"https:\\\/\\\/lavocedelpaese.info\\\/index.php\\\/2025\\\/10\\\/26\\\/a3-si-alza-il-sipario-sul-campionato-2025-26-joy-volley-vs-napoli-al-palacapurso\\\/#breadcrumb\",\"itemListElement\":[{\"@type\":\"ListItem\",\"position\":1,\"name\":\"Home\",\"item\":\"https:\\\/\\\/lavocedelpaese.info\\\/\"},{\"@type\":\"ListItem\",\"position\":2,\"name\":\"A3. Si alza il sipario sul campionato 2025\\\/26. Joy Volley vs Napoli al PalaCapurso\u00a0\u200b\"}]},{\"@type\":\"WebSite\",\"@id\":\"https:\\\/\\\/lavocedelpaese.info\\\/#website\",\"url\":\"https:\\\/\\\/lavocedelpaese.info\\\/\",\"name\":\"La Voce del Paese\",\"description\":\"Un network di idee\",\"publisher\":{\"@id\":\"https:\\\/\\\/lavocedelpaese.info\\\/#organization\"},\"potentialAction\":[{\"@type\":\"SearchAction\",\"target\":{\"@type\":\"EntryPoint\",\"urlTemplate\":\"https:\\\/\\\/lavocedelpaese.info\\\/?s={search_term_string}\"},\"query-input\":{\"@type\":\"PropertyValueSpecification\",\"valueRequired\":true,\"valueName\":\"search_term_string\"}}],\"inLanguage\":\"it-IT\"},{\"@type\":\"Organization\",\"@id\":\"https:\\\/\\\/lavocedelpaese.info\\\/#organization\",\"name\":\"La Voce del Paese\",\"url\":\"https:\\\/\\\/lavocedelpaese.info\\\/\",\"logo\":{\"@type\":\"ImageObject\",\"inLanguage\":\"it-IT\",\"@id\":\"https:\\\/\\\/lavocedelpaese.info\\\/#\\\/schema\\\/logo\\\/image\\\/\",\"url\":\"https:\\\/\\\/lavocedelpaese.info\\\/wp-content\\\/uploads\\\/2023\\\/01\\\/cropped-logo-150-127.png\",\"contentUrl\":\"https:\\\/\\\/lavocedelpaese.info\\\/wp-content\\\/uploads\\\/2023\\\/01\\\/cropped-logo-150-127.png\",\"width\":137,\"height\":119,\"caption\":\"La Voce del Paese\"},\"image\":{\"@id\":\"https:\\\/\\\/lavocedelpaese.info\\\/#\\\/schema\\\/logo\\\/image\\\/\"},\"sameAs\":[\"https:\\\/\\\/www.facebook.com\\\/lavocedelpaese.info\"]},{\"@type\":\"Person\",\"@id\":\"https:\\\/\\\/lavocedelpaese.info\\\/#\\\/schema\\\/person\\\/ec151d321306bd7591f7a061abf72d88\",\"name\":\"admin\",\"image\":{\"@type\":\"ImageObject\",\"inLanguage\":\"it-IT\",\"@id\":\"https:\\\/\\\/secure.gravatar.com\\\/avatar\\\/af8f2caf0663124588de48a9380e07cbc95a74ef15b8062d0d39106c32fe3023?s=96&d=mm&r=g\",\"url\":\"https:\\\/\\\/secure.gravatar.com\\\/avatar\\\/af8f2caf0663124588de48a9380e07cbc95a74ef15b8062d0d39106c32fe3023?s=96&d=mm&r=g\",\"contentUrl\":\"https:\\\/\\\/secure.gravatar.com\\\/avatar\\\/af8f2caf0663124588de48a9380e07cbc95a74ef15b8062d0d39106c32fe3023?s=96&d=mm&r=g\",\"caption\":\"admin\"},\"sameAs\":[\"https:\\\/\\\/lavocedelpaese.info\"],\"url\":\"https:\\\/\\\/lavocedelpaese.info\\\/index.php\\\/author\\\/admin\\\/\"}]}<\/script>\n<!-- \/ Yoast SEO plugin. -->","yoast_head_json":{"title":"A3. Si alza il sipario sul campionato 2025\/26. Joy Volley vs Napoli al PalaCapurso\u00a0\u200b - La Voce del Paese","robots":{"index":"index","follow":"follow","max-snippet":"max-snippet:-1","max-image-preview":"max-image-preview:large","max-video-preview":"max-video-preview:-1"},"canonical":"https:\/\/lavocedelpaese.info\/index.php\/2025\/10\/26\/a3-si-alza-il-sipario-sul-campionato-2025-26-joy-volley-vs-napoli-al-palacapurso\/","og_locale":"it_IT","og_type":"article","og_title":"A3. Si alza il sipario sul campionato 2025\/26. Joy Volley vs Napoli al PalaCapurso\u00a0\u200b - La Voce del Paese","og_description":"\u00a0 \u200b\u00a0 \u200b\u00a0 Una nuova stagione \u00e8 alle porte e a Gioia del Colle l\u2019entusiasmo \u00e8 gi\u00e0 alle stelle. Dopo","og_url":"https:\/\/lavocedelpaese.info\/index.php\/2025\/10\/26\/a3-si-alza-il-sipario-sul-campionato-2025-26-joy-volley-vs-napoli-al-palacapurso\/","og_site_name":"La Voce del Paese","article_publisher":"https:\/\/www.facebook.com\/lavocedelpaese.info","article_published_time":"2025-10-26T12:20:16+00:00","author":"admin","twitter_card":"summary_large_image","twitter_misc":{"Scritto da":"admin","Tempo di lettura stimato":"3 minuti"},"schema":{"@context":"https:\/\/schema.org","@graph":[{"@type":"Article","@id":"https:\/\/lavocedelpaese.info\/index.php\/2025\/10\/26\/a3-si-alza-il-sipario-sul-campionato-2025-26-joy-volley-vs-napoli-al-palacapurso\/#article","isPartOf":{"@id":"https:\/\/lavocedelpaese.info\/index.php\/2025\/10\/26\/a3-si-alza-il-sipario-sul-campionato-2025-26-joy-volley-vs-napoli-al-palacapurso\/"},"author":{"name":"admin","@id":"https:\/\/lavocedelpaese.info\/#\/schema\/person\/ec151d321306bd7591f7a061abf72d88"},"headline":"A3. Si alza il sipario sul campionato 2025\/26. Joy Volley vs Napoli al PalaCapurso\u00a0\u200b","datePublished":"2025-10-26T12:20:16+00:00","mainEntityOfPage":{"@id":"https:\/\/lavocedelpaese.info\/index.php\/2025\/10\/26\/a3-si-alza-il-sipario-sul-campionato-2025-26-joy-volley-vs-napoli-al-palacapurso\/"},"wordCount":554,"commentCount":0,"publisher":{"@id":"https:\/\/lavocedelpaese.info\/#organization"},"image":{"@id":"https:\/\/lavocedelpaese.info\/index.php\/2025\/10\/26\/a3-si-alza-il-sipario-sul-campionato-2025-26-joy-volley-vs-napoli-al-palacapurso\/#primaryimage"},"thumbnailUrl":"https:\/\/lavocedelpaese.info\/wp-content\/uploads\/2025\/10\/Esultanza-Joy-Volley-precampionato-3kKbE4.jpg","articleSection":["network"],"inLanguage":"it-IT","potentialAction":[{"@type":"CommentAction","name":"Comment","target":["https:\/\/lavocedelpaese.info\/index.php\/2025\/10\/26\/a3-si-alza-il-sipario-sul-campionato-2025-26-joy-volley-vs-napoli-al-palacapurso\/#respond"]}]},{"@type":"WebPage","@id":"https:\/\/lavocedelpaese.info\/index.php\/2025\/10\/26\/a3-si-alza-il-sipario-sul-campionato-2025-26-joy-volley-vs-napoli-al-palacapurso\/","url":"https:\/\/lavocedelpaese.info\/index.php\/2025\/10\/26\/a3-si-alza-il-sipario-sul-campionato-2025-26-joy-volley-vs-napoli-al-palacapurso\/","name":"A3. Si alza il sipario sul campionato 2025\/26. Joy Volley vs Napoli al PalaCapurso\u00a0\u200b - La Voce del Paese","isPartOf":{"@id":"https:\/\/lavocedelpaese.info\/#website"},"primaryImageOfPage":{"@id":"https:\/\/lavocedelpaese.info\/index.php\/2025\/10\/26\/a3-si-alza-il-sipario-sul-campionato-2025-26-joy-volley-vs-napoli-al-palacapurso\/#primaryimage"},"image":{"@id":"https:\/\/lavocedelpaese.info\/index.php\/2025\/10\/26\/a3-si-alza-il-sipario-sul-campionato-2025-26-joy-volley-vs-napoli-al-palacapurso\/#primaryimage"},"thumbnailUrl":"https:\/\/lavocedelpaese.info\/wp-content\/uploads\/2025\/10\/Esultanza-Joy-Volley-precampionato-3kKbE4.jpg","datePublished":"2025-10-26T12:20:16+00:00","breadcrumb":{"@id":"https:\/\/lavocedelpaese.info\/index.php\/2025\/10\/26\/a3-si-alza-il-sipario-sul-campionato-2025-26-joy-volley-vs-napoli-al-palacapurso\/#breadcrumb"},"inLanguage":"it-IT","potentialAction":[{"@type":"ReadAction","target":["https:\/\/lavocedelpaese.info\/index.php\/2025\/10\/26\/a3-si-alza-il-sipario-sul-campionato-2025-26-joy-volley-vs-napoli-al-palacapurso\/"]}]},{"@type":"ImageObject","inLanguage":"it-IT","@id":"https:\/\/lavocedelpaese.info\/index.php\/2025\/10\/26\/a3-si-alza-il-sipario-sul-campionato-2025-26-joy-volley-vs-napoli-al-palacapurso\/#primaryimage","url":"https:\/\/lavocedelpaese.info\/wp-content\/uploads\/2025\/10\/Esultanza-Joy-Volley-precampionato-3kKbE4.jpg","contentUrl":"https:\/\/lavocedelpaese.info\/wp-content\/uploads\/2025\/10\/Esultanza-Joy-Volley-precampionato-3kKbE4.jpg","width":1000,"height":667},{"@type":"BreadcrumbList","@id":"https:\/\/lavocedelpaese.info\/index.php\/2025\/10\/26\/a3-si-alza-il-sipario-sul-campionato-2025-26-joy-volley-vs-napoli-al-palacapurso\/#breadcrumb","itemListElement":[{"@type":"ListItem","position":1,"name":"Home","item":"https:\/\/lavocedelpaese.info\/"},{"@type":"ListItem","position":2,"name":"A3. Si alza il sipario sul campionato 2025\/26. Joy Volley vs Napoli al PalaCapurso\u00a0\u200b"}]},{"@type":"WebSite","@id":"https:\/\/lavocedelpaese.info\/#website","url":"https:\/\/lavocedelpaese.info\/","name":"La Voce del Paese","description":"Un network di idee","publisher":{"@id":"https:\/\/lavocedelpaese.info\/#organization"},"potentialAction":[{"@type":"SearchAction","target":{"@type":"EntryPoint","urlTemplate":"https:\/\/lavocedelpaese.info\/?s={search_term_string}"},"query-input":{"@type":"PropertyValueSpecification","valueRequired":true,"valueName":"search_term_string"}}],"inLanguage":"it-IT"},{"@type":"Organization","@id":"https:\/\/lavocedelpaese.info\/#organization","name":"La Voce del Paese","url":"https:\/\/lavocedelpaese.info\/","logo":{"@type":"ImageObject","inLanguage":"it-IT","@id":"https:\/\/lavocedelpaese.info\/#\/schema\/logo\/image\/","url":"https:\/\/lavocedelpaese.info\/wp-content\/uploads\/2023\/01\/cropped-logo-150-127.png","contentUrl":"https:\/\/lavocedelpaese.info\/wp-content\/uploads\/2023\/01\/cropped-logo-150-127.png","width":137,"height":119,"caption":"La Voce del Paese"},"image":{"@id":"https:\/\/lavocedelpaese.info\/#\/schema\/logo\/image\/"},"sameAs":["https:\/\/www.facebook.com\/lavocedelpaese.info"]},{"@type":"Person","@id":"https:\/\/lavocedelpaese.info\/#\/schema\/person\/ec151d321306bd7591f7a061abf72d88","name":"admin","image":{"@type":"ImageObject","inLanguage":"it-IT","@id":"https:\/\/secure.gravatar.com\/avatar\/af8f2caf0663124588de48a9380e07cbc95a74ef15b8062d0d39106c32fe3023?s=96&d=mm&r=g","url":"https:\/\/secure.gravatar.com\/avatar\/af8f2caf0663124588de48a9380e07cbc95a74ef15b8062d0d39106c32fe3023?s=96&d=mm&r=g","contentUrl":"https:\/\/secure.gravatar.com\/avatar\/af8f2caf0663124588de48a9380e07cbc95a74ef15b8062d0d39106c32fe3023?s=96&d=mm&r=g","caption":"admin"},"sameAs":["https:\/\/lavocedelpaese.info"],"url":"https:\/\/lavocedelpaese.info\/index.php\/author\/admin\/"}]}},"_links":{"self":[{"href":"https:\/\/lavocedelpaese.info\/index.php\/wp-json\/wp\/v2\/posts\/10129","targetHints":{"allow":["GET"]}}],"collection":[{"href":"https:\/\/lavocedelpaese.info\/index.php\/wp-json\/wp\/v2\/posts"}],"about":[{"href":"https:\/\/lavocedelpaese.info\/index.php\/wp-json\/wp\/v2\/types\/post"}],"author":[{"embeddable":true,"href":"https:\/\/lavocedelpaese.info\/index.php\/wp-json\/wp\/v2\/users\/6"}],"replies":[{"embeddable":true,"href":"https:\/\/lavocedelpaese.info\/index.php\/wp-json\/wp\/v2\/comments?post=10129"}],"version-history":[{"count":0,"href":"https:\/\/lavocedelpaese.info\/index.php\/wp-json\/wp\/v2\/posts\/10129\/revisions"}],"wp:featuredmedia":[{"embeddable":true,"href":"https:\/\/lavocedelpaese.info\/index.php\/wp-json\/wp\/v2\/media\/10130"}],"wp:attachment":[{"href":"https:\/\/lavocedelpaese.info\/index.php\/wp-json\/wp\/v2\/media?parent=10129"}],"wp:term":[{"taxonomy":"category","embeddable":true,"href":"https:\/\/lavocedelpaese.info\/index.php\/wp-json\/wp\/v2\/categories?post=10129"},{"taxonomy":"post_tag","embeddable":true,"href":"https:\/\/lavocedelpaese.info\/index.php\/wp-json\/wp\/v2\/tags?post=10129"}],"curies":[{"name":"wp","href":"https:\/\/api.w.org\/{rel}","templated":true}]}}