{"id":10126,"date":"2025-10-26T00:16:02","date_gmt":"2025-10-26T00:16:02","guid":{"rendered":"https:\/\/lavocedelpaese.info\/index.php\/2025\/10\/26\/fratelli-ditalia-silura-raffaella-casamassima\/"},"modified":"2025-10-26T00:16:02","modified_gmt":"2025-10-26T00:16:02","slug":"fratelli-ditalia-silura-raffaella-casamassima","status":"publish","type":"post","link":"https:\/\/lavocedelpaese.info\/index.php\/2025\/10\/26\/fratelli-ditalia-silura-raffaella-casamassima\/","title":{"rendered":"Fratelli d\u2019Italia \u2018silura\u2019 Raffaella Casamassima\u00a0\u200b"},"content":{"rendered":"<p>\u00a0<\/p>\n<p>\u200b\u00a0<\/p>\n<p>\u200b\u00a0<\/p>\n<h4 class=\"wp-block-heading\"><strong>La consigliera cassanese \u00e8 stata esclusa dalla lista dei candidati alle elezioni regionali pugliesi <\/strong><\/h4>\n<p>Doccia scozzese per Raffaella Casamassima, consigliera comunale di Cassano delle Murge e consigliera metropolitano, esclusa dalla lista che Fratelli d\u2019Italia ha presentato per le regionali pugliesi 2025.<\/p>\n<p>Fino a pochi giorni fa, la sua candidatura era cosa certa, tant\u2019\u00e8 che, lo scorso 19 ottobre, era stato inaugurato in pompa magna il suo comitato elettorale, alla presenza dello stesso candidato presidente Luigi Lobuono e dei vertici del partito meloniano. Per l\u2019occasione si era mobilitato lo stato maggiore di Fratelli d\u2019Italia: dal Sottosegretario Marcello Gemmato al Senatore cassanese Ignazio Zullo, agli Europarlamentari Ventola, Gemma e Picaro (coordinatore provinciale di FdI).<\/p>\n<p>Poi, ad una manciata di ore dalla scadenza per la presentazione delle liste, \u00e8 arrivato il colpo di scena: il nome dell\u2019avv. Casamassima \u00e8 stato depennato dall\u2019elenco dei 16 candidati nel collegio di Bari e provincia.<\/p>\n<h4 class=\"wp-block-heading\"><strong>Le ipotesi sul dietrofront<\/strong><\/h4>\n<p>Secondo indiscrezioni interne, la decisione sarebbe legata agli equilibri interni al partito. Casamassima, vicina all\u2019area fittiana, avrebbe potuto \u2013 in tandem con Damascelli \u2013 ottenere un ottimo risultato elettorale, assicurando un seggio alla corrente non allineata con quella del coordinatore provinciale Picaro, notoriamente pi\u00f9 vicino al Sottosegretario alla Salute Gemmato.<\/p>\n<h4 class=\"wp-block-heading\"><strong>Le incongruenze nella lista<\/strong><\/h4>\n<p>Insomma, una scelta \u201cal ribasso\u201d dettata da questioni di \u201ccorrenti\u201d che, come fanno notare alcuni esponenti di Fratelli d\u2019Italia, si somma ad alcune vistose incongruenze.<br \/>Ad esempio, nella lista dei 16 candidati baresi compaiono i nomi di <strong>Luciana Laera<\/strong>, ex sindaca di Putignano, vicina all\u2019ala decariana del centrosinistra, e di <strong>Michele Barattini<\/strong>, attuale consigliere comunale di Altamura che siede tra i banchi della maggioranza a trazione centrosinistra.<\/p>\n<h4 class=\"wp-block-heading\"><strong>Il commento della consigliera Casamassima<\/strong><\/h4>\n<p>L\u2019ormai ex candidata ha affidato ai social il suo commento a caldo, annunciando una conferenza stampa in cui si far\u00e0 chiarezza su quanto accaduto:<\/p>\n<p>\u00abNON MI HANNO CANDIDATA<\/p>\n<p>Prima il Presidente Provinciale Michele Picaro ha chiesto la mia candidatura e poi mi ha comunicato che sono stata fatta fuori.<\/p>\n<p>Ci sar\u00e0 tempo e modo di raccontare questa storia, perch\u00e9 va raccontata, ed al pi\u00f9 presto convocher\u00f2 una conferenza stampa perch\u00e9 credo nella sana politica e nei valori di Fratelli di Italia, ma soprattutto nutro profondo rispetto per il Presidente Giorgia Meloni.<\/p>\n<p>Cado in piedi. Ho una dignit\u00e0 e non permetto a nessuno che venga calpestata.<br \/>A NESSUNO\u00bb.<\/p>\n<p><a class=\"a2a_button_facebook\" href=\"https:\/\/www.addtoany.com\/add_to\/facebook?linkurl=https%3A%2F%2Fcassano.lavocedelpaese.info%2Fregionali-2025-fratelli-ditalia-silura-raffaella-casamassima%2F&amp;linkname=Fratelli%20d%E2%80%99Italia%20%E2%80%98silura%E2%80%99%20Raffaella%20Casamassima\" title=\"Facebook\" rel=\"nofollow noopener\" target=\"_blank\"><\/a><a class=\"a2a_button_twitter\" href=\"https:\/\/www.addtoany.com\/add_to\/twitter?linkurl=https%3A%2F%2Fcassano.lavocedelpaese.info%2Fregionali-2025-fratelli-ditalia-silura-raffaella-casamassima%2F&amp;linkname=Fratelli%20d%E2%80%99Italia%20%E2%80%98silura%E2%80%99%20Raffaella%20Casamassima\" title=\"Twitter\" rel=\"nofollow noopener\" target=\"_blank\"><\/a><a class=\"a2a_button_whatsapp\" href=\"https:\/\/www.addtoany.com\/add_to\/whatsapp?linkurl=https%3A%2F%2Fcassano.lavocedelpaese.info%2Fregionali-2025-fratelli-ditalia-silura-raffaella-casamassima%2F&amp;linkname=Fratelli%20d%E2%80%99Italia%20%E2%80%98silura%E2%80%99%20Raffaella%20Casamassima\" title=\"WhatsApp\" rel=\"nofollow noopener\" target=\"_blank\"><\/a><a class=\"a2a_button_telegram\" href=\"https:\/\/www.addtoany.com\/add_to\/telegram?linkurl=https%3A%2F%2Fcassano.lavocedelpaese.info%2Fregionali-2025-fratelli-ditalia-silura-raffaella-casamassima%2F&amp;linkname=Fratelli%20d%E2%80%99Italia%20%E2%80%98silura%E2%80%99%20Raffaella%20Casamassima\" title=\"Telegram\" rel=\"nofollow noopener\" target=\"_blank\"><\/a><a class=\"a2a_button_email\" href=\"https:\/\/www.addtoany.com\/add_to\/email?linkurl=https%3A%2F%2Fcassano.lavocedelpaese.info%2Fregionali-2025-fratelli-ditalia-silura-raffaella-casamassima%2F&amp;linkname=Fratelli%20d%E2%80%99Italia%20%E2%80%98silura%E2%80%99%20Raffaella%20Casamassima\" title=\"Email\" rel=\"nofollow noopener\" target=\"_blank\"><\/a><\/p>\n<p>\u00a0<\/p>\n<p>\u00a0<\/p>\n<p>\u200b\u00a0\u00a0\u00a0<\/p>","protected":false},"excerpt":{"rendered":"<p>\u00a0 \u200b\u00a0 \u200b\u00a0 La consigliera cassanese \u00e8 stata esclusa dalla lista dei candidati alle elezioni regionali pugliesi Doccia scozzese per<\/p>\n","protected":false},"author":6,"featured_media":730,"comment_status":"open","ping_status":"closed","sticky":false,"template":"","format":"standard","meta":{"colormag_page_container_layout":"default_layout","colormag_page_sidebar_layout":"default_layout","footnotes":""},"categories":[33],"tags":[],"class_list":["post-10126","post","type-post","status-publish","format-standard","has-post-thumbnail","hentry","category-network"],"yoast_head":"<!-- This site is optimized with the Yoast SEO plugin v27.5 - https:\/\/yoast.com\/product\/yoast-seo-wordpress\/ -->\n<title>Fratelli d\u2019Italia \u2018silura\u2019 Raffaella Casamassima\u00a0\u200b - La Voce del Paese<\/title>\n<meta name=\"robots\" content=\"index, follow, max-snippet:-1, max-image-preview:large, max-video-preview:-1\" \/>\n<link rel=\"canonical\" href=\"https:\/\/lavocedelpaese.info\/index.php\/2025\/10\/26\/fratelli-ditalia-silura-raffaella-casamassima\/\" \/>\n<meta property=\"og:locale\" content=\"it_IT\" \/>\n<meta property=\"og:type\" content=\"article\" \/>\n<meta property=\"og:title\" content=\"Fratelli d\u2019Italia \u2018silura\u2019 Raffaella Casamassima\u00a0\u200b - La Voce del Paese\" \/>\n<meta property=\"og:description\" content=\"\u00a0 \u200b\u00a0 \u200b\u00a0 La consigliera cassanese \u00e8 stata esclusa dalla lista dei candidati alle elezioni regionali pugliesi Doccia scozzese per\" \/>\n<meta property=\"og:url\" content=\"https:\/\/lavocedelpaese.info\/index.php\/2025\/10\/26\/fratelli-ditalia-silura-raffaella-casamassima\/\" \/>\n<meta property=\"og:site_name\" content=\"La Voce del Paese\" \/>\n<meta property=\"article:publisher\" content=\"https:\/\/www.facebook.com\/lavocedelpaese.info\" \/>\n<meta property=\"article:published_time\" content=\"2025-10-26T00:16:02+00:00\" \/>\n<meta name=\"author\" content=\"admin\" \/>\n<meta name=\"twitter:card\" content=\"summary_large_image\" \/>\n<meta name=\"twitter:label1\" content=\"Scritto da\" \/>\n\t<meta name=\"twitter:data1\" content=\"admin\" \/>\n\t<meta name=\"twitter:label2\" content=\"Tempo di lettura stimato\" \/>\n\t<meta name=\"twitter:data2\" content=\"2 minuti\" \/>\n<script type=\"application\/ld+json\" class=\"yoast-schema-graph\">{\"@context\":\"https:\\\/\\\/schema.org\",\"@graph\":[{\"@type\":\"Article\",\"@id\":\"https:\\\/\\\/lavocedelpaese.info\\\/index.php\\\/2025\\\/10\\\/26\\\/fratelli-ditalia-silura-raffaella-casamassima\\\/#article\",\"isPartOf\":{\"@id\":\"https:\\\/\\\/lavocedelpaese.info\\\/index.php\\\/2025\\\/10\\\/26\\\/fratelli-ditalia-silura-raffaella-casamassima\\\/\"},\"author\":{\"name\":\"admin\",\"@id\":\"https:\\\/\\\/lavocedelpaese.info\\\/#\\\/schema\\\/person\\\/ec151d321306bd7591f7a061abf72d88\"},\"headline\":\"Fratelli d\u2019Italia \u2018silura\u2019 Raffaella Casamassima\u00a0\u200b\",\"datePublished\":\"2025-10-26T00:16:02+00:00\",\"mainEntityOfPage\":{\"@id\":\"https:\\\/\\\/lavocedelpaese.info\\\/index.php\\\/2025\\\/10\\\/26\\\/fratelli-ditalia-silura-raffaella-casamassima\\\/\"},\"wordCount\":391,\"commentCount\":0,\"publisher\":{\"@id\":\"https:\\\/\\\/lavocedelpaese.info\\\/#organization\"},\"image\":{\"@id\":\"https:\\\/\\\/lavocedelpaese.info\\\/index.php\\\/2025\\\/10\\\/26\\\/fratelli-ditalia-silura-raffaella-casamassima\\\/#primaryimage\"},\"thumbnailUrl\":\"https:\\\/\\\/lavocedelpaese.info\\\/wp-content\\\/uploads\\\/2023\\\/01\\\/logo-150-127.png\",\"articleSection\":[\"network\"],\"inLanguage\":\"it-IT\",\"potentialAction\":[{\"@type\":\"CommentAction\",\"name\":\"Comment\",\"target\":[\"https:\\\/\\\/lavocedelpaese.info\\\/index.php\\\/2025\\\/10\\\/26\\\/fratelli-ditalia-silura-raffaella-casamassima\\\/#respond\"]}]},{\"@type\":\"WebPage\",\"@id\":\"https:\\\/\\\/lavocedelpaese.info\\\/index.php\\\/2025\\\/10\\\/26\\\/fratelli-ditalia-silura-raffaella-casamassima\\\/\",\"url\":\"https:\\\/\\\/lavocedelpaese.info\\\/index.php\\\/2025\\\/10\\\/26\\\/fratelli-ditalia-silura-raffaella-casamassima\\\/\",\"name\":\"Fratelli d\u2019Italia \u2018silura\u2019 Raffaella Casamassima\u00a0\u200b - La Voce del Paese\",\"isPartOf\":{\"@id\":\"https:\\\/\\\/lavocedelpaese.info\\\/#website\"},\"primaryImageOfPage\":{\"@id\":\"https:\\\/\\\/lavocedelpaese.info\\\/index.php\\\/2025\\\/10\\\/26\\\/fratelli-ditalia-silura-raffaella-casamassima\\\/#primaryimage\"},\"image\":{\"@id\":\"https:\\\/\\\/lavocedelpaese.info\\\/index.php\\\/2025\\\/10\\\/26\\\/fratelli-ditalia-silura-raffaella-casamassima\\\/#primaryimage\"},\"thumbnailUrl\":\"https:\\\/\\\/lavocedelpaese.info\\\/wp-content\\\/uploads\\\/2023\\\/01\\\/logo-150-127.png\",\"datePublished\":\"2025-10-26T00:16:02+00:00\",\"breadcrumb\":{\"@id\":\"https:\\\/\\\/lavocedelpaese.info\\\/index.php\\\/2025\\\/10\\\/26\\\/fratelli-ditalia-silura-raffaella-casamassima\\\/#breadcrumb\"},\"inLanguage\":\"it-IT\",\"potentialAction\":[{\"@type\":\"ReadAction\",\"target\":[\"https:\\\/\\\/lavocedelpaese.info\\\/index.php\\\/2025\\\/10\\\/26\\\/fratelli-ditalia-silura-raffaella-casamassima\\\/\"]}]},{\"@type\":\"ImageObject\",\"inLanguage\":\"it-IT\",\"@id\":\"https:\\\/\\\/lavocedelpaese.info\\\/index.php\\\/2025\\\/10\\\/26\\\/fratelli-ditalia-silura-raffaella-casamassima\\\/#primaryimage\",\"url\":\"https:\\\/\\\/lavocedelpaese.info\\\/wp-content\\\/uploads\\\/2023\\\/01\\\/logo-150-127.png\",\"contentUrl\":\"https:\\\/\\\/lavocedelpaese.info\\\/wp-content\\\/uploads\\\/2023\\\/01\\\/logo-150-127.png\",\"width\":150,\"height\":127},{\"@type\":\"BreadcrumbList\",\"@id\":\"https:\\\/\\\/lavocedelpaese.info\\\/index.php\\\/2025\\\/10\\\/26\\\/fratelli-ditalia-silura-raffaella-casamassima\\\/#breadcrumb\",\"itemListElement\":[{\"@type\":\"ListItem\",\"position\":1,\"name\":\"Home\",\"item\":\"https:\\\/\\\/lavocedelpaese.info\\\/\"},{\"@type\":\"ListItem\",\"position\":2,\"name\":\"Fratelli d\u2019Italia \u2018silura\u2019 Raffaella Casamassima\u00a0\u200b\"}]},{\"@type\":\"WebSite\",\"@id\":\"https:\\\/\\\/lavocedelpaese.info\\\/#website\",\"url\":\"https:\\\/\\\/lavocedelpaese.info\\\/\",\"name\":\"La Voce del Paese\",\"description\":\"Un network di idee\",\"publisher\":{\"@id\":\"https:\\\/\\\/lavocedelpaese.info\\\/#organization\"},\"potentialAction\":[{\"@type\":\"SearchAction\",\"target\":{\"@type\":\"EntryPoint\",\"urlTemplate\":\"https:\\\/\\\/lavocedelpaese.info\\\/?s={search_term_string}\"},\"query-input\":{\"@type\":\"PropertyValueSpecification\",\"valueRequired\":true,\"valueName\":\"search_term_string\"}}],\"inLanguage\":\"it-IT\"},{\"@type\":\"Organization\",\"@id\":\"https:\\\/\\\/lavocedelpaese.info\\\/#organization\",\"name\":\"La Voce del Paese\",\"url\":\"https:\\\/\\\/lavocedelpaese.info\\\/\",\"logo\":{\"@type\":\"ImageObject\",\"inLanguage\":\"it-IT\",\"@id\":\"https:\\\/\\\/lavocedelpaese.info\\\/#\\\/schema\\\/logo\\\/image\\\/\",\"url\":\"https:\\\/\\\/lavocedelpaese.info\\\/wp-content\\\/uploads\\\/2023\\\/01\\\/cropped-logo-150-127.png\",\"contentUrl\":\"https:\\\/\\\/lavocedelpaese.info\\\/wp-content\\\/uploads\\\/2023\\\/01\\\/cropped-logo-150-127.png\",\"width\":137,\"height\":119,\"caption\":\"La Voce del Paese\"},\"image\":{\"@id\":\"https:\\\/\\\/lavocedelpaese.info\\\/#\\\/schema\\\/logo\\\/image\\\/\"},\"sameAs\":[\"https:\\\/\\\/www.facebook.com\\\/lavocedelpaese.info\"]},{\"@type\":\"Person\",\"@id\":\"https:\\\/\\\/lavocedelpaese.info\\\/#\\\/schema\\\/person\\\/ec151d321306bd7591f7a061abf72d88\",\"name\":\"admin\",\"image\":{\"@type\":\"ImageObject\",\"inLanguage\":\"it-IT\",\"@id\":\"https:\\\/\\\/secure.gravatar.com\\\/avatar\\\/af8f2caf0663124588de48a9380e07cbc95a74ef15b8062d0d39106c32fe3023?s=96&d=mm&r=g\",\"url\":\"https:\\\/\\\/secure.gravatar.com\\\/avatar\\\/af8f2caf0663124588de48a9380e07cbc95a74ef15b8062d0d39106c32fe3023?s=96&d=mm&r=g\",\"contentUrl\":\"https:\\\/\\\/secure.gravatar.com\\\/avatar\\\/af8f2caf0663124588de48a9380e07cbc95a74ef15b8062d0d39106c32fe3023?s=96&d=mm&r=g\",\"caption\":\"admin\"},\"sameAs\":[\"https:\\\/\\\/lavocedelpaese.info\"],\"url\":\"https:\\\/\\\/lavocedelpaese.info\\\/index.php\\\/author\\\/admin\\\/\"}]}<\/script>\n<!-- \/ Yoast SEO plugin. -->","yoast_head_json":{"title":"Fratelli d\u2019Italia \u2018silura\u2019 Raffaella Casamassima\u00a0\u200b - La Voce del Paese","robots":{"index":"index","follow":"follow","max-snippet":"max-snippet:-1","max-image-preview":"max-image-preview:large","max-video-preview":"max-video-preview:-1"},"canonical":"https:\/\/lavocedelpaese.info\/index.php\/2025\/10\/26\/fratelli-ditalia-silura-raffaella-casamassima\/","og_locale":"it_IT","og_type":"article","og_title":"Fratelli d\u2019Italia \u2018silura\u2019 Raffaella Casamassima\u00a0\u200b - La Voce del Paese","og_description":"\u00a0 \u200b\u00a0 \u200b\u00a0 La consigliera cassanese \u00e8 stata esclusa dalla lista dei candidati alle elezioni regionali pugliesi Doccia scozzese per","og_url":"https:\/\/lavocedelpaese.info\/index.php\/2025\/10\/26\/fratelli-ditalia-silura-raffaella-casamassima\/","og_site_name":"La Voce del Paese","article_publisher":"https:\/\/www.facebook.com\/lavocedelpaese.info","article_published_time":"2025-10-26T00:16:02+00:00","author":"admin","twitter_card":"summary_large_image","twitter_misc":{"Scritto da":"admin","Tempo di lettura stimato":"2 minuti"},"schema":{"@context":"https:\/\/schema.org","@graph":[{"@type":"Article","@id":"https:\/\/lavocedelpaese.info\/index.php\/2025\/10\/26\/fratelli-ditalia-silura-raffaella-casamassima\/#article","isPartOf":{"@id":"https:\/\/lavocedelpaese.info\/index.php\/2025\/10\/26\/fratelli-ditalia-silura-raffaella-casamassima\/"},"author":{"name":"admin","@id":"https:\/\/lavocedelpaese.info\/#\/schema\/person\/ec151d321306bd7591f7a061abf72d88"},"headline":"Fratelli d\u2019Italia \u2018silura\u2019 Raffaella Casamassima\u00a0\u200b","datePublished":"2025-10-26T00:16:02+00:00","mainEntityOfPage":{"@id":"https:\/\/lavocedelpaese.info\/index.php\/2025\/10\/26\/fratelli-ditalia-silura-raffaella-casamassima\/"},"wordCount":391,"commentCount":0,"publisher":{"@id":"https:\/\/lavocedelpaese.info\/#organization"},"image":{"@id":"https:\/\/lavocedelpaese.info\/index.php\/2025\/10\/26\/fratelli-ditalia-silura-raffaella-casamassima\/#primaryimage"},"thumbnailUrl":"https:\/\/lavocedelpaese.info\/wp-content\/uploads\/2023\/01\/logo-150-127.png","articleSection":["network"],"inLanguage":"it-IT","potentialAction":[{"@type":"CommentAction","name":"Comment","target":["https:\/\/lavocedelpaese.info\/index.php\/2025\/10\/26\/fratelli-ditalia-silura-raffaella-casamassima\/#respond"]}]},{"@type":"WebPage","@id":"https:\/\/lavocedelpaese.info\/index.php\/2025\/10\/26\/fratelli-ditalia-silura-raffaella-casamassima\/","url":"https:\/\/lavocedelpaese.info\/index.php\/2025\/10\/26\/fratelli-ditalia-silura-raffaella-casamassima\/","name":"Fratelli d\u2019Italia \u2018silura\u2019 Raffaella Casamassima\u00a0\u200b - La Voce del Paese","isPartOf":{"@id":"https:\/\/lavocedelpaese.info\/#website"},"primaryImageOfPage":{"@id":"https:\/\/lavocedelpaese.info\/index.php\/2025\/10\/26\/fratelli-ditalia-silura-raffaella-casamassima\/#primaryimage"},"image":{"@id":"https:\/\/lavocedelpaese.info\/index.php\/2025\/10\/26\/fratelli-ditalia-silura-raffaella-casamassima\/#primaryimage"},"thumbnailUrl":"https:\/\/lavocedelpaese.info\/wp-content\/uploads\/2023\/01\/logo-150-127.png","datePublished":"2025-10-26T00:16:02+00:00","breadcrumb":{"@id":"https:\/\/lavocedelpaese.info\/index.php\/2025\/10\/26\/fratelli-ditalia-silura-raffaella-casamassima\/#breadcrumb"},"inLanguage":"it-IT","potentialAction":[{"@type":"ReadAction","target":["https:\/\/lavocedelpaese.info\/index.php\/2025\/10\/26\/fratelli-ditalia-silura-raffaella-casamassima\/"]}]},{"@type":"ImageObject","inLanguage":"it-IT","@id":"https:\/\/lavocedelpaese.info\/index.php\/2025\/10\/26\/fratelli-ditalia-silura-raffaella-casamassima\/#primaryimage","url":"https:\/\/lavocedelpaese.info\/wp-content\/uploads\/2023\/01\/logo-150-127.png","contentUrl":"https:\/\/lavocedelpaese.info\/wp-content\/uploads\/2023\/01\/logo-150-127.png","width":150,"height":127},{"@type":"BreadcrumbList","@id":"https:\/\/lavocedelpaese.info\/index.php\/2025\/10\/26\/fratelli-ditalia-silura-raffaella-casamassima\/#breadcrumb","itemListElement":[{"@type":"ListItem","position":1,"name":"Home","item":"https:\/\/lavocedelpaese.info\/"},{"@type":"ListItem","position":2,"name":"Fratelli d\u2019Italia \u2018silura\u2019 Raffaella Casamassima\u00a0\u200b"}]},{"@type":"WebSite","@id":"https:\/\/lavocedelpaese.info\/#website","url":"https:\/\/lavocedelpaese.info\/","name":"La Voce del Paese","description":"Un network di idee","publisher":{"@id":"https:\/\/lavocedelpaese.info\/#organization"},"potentialAction":[{"@type":"SearchAction","target":{"@type":"EntryPoint","urlTemplate":"https:\/\/lavocedelpaese.info\/?s={search_term_string}"},"query-input":{"@type":"PropertyValueSpecification","valueRequired":true,"valueName":"search_term_string"}}],"inLanguage":"it-IT"},{"@type":"Organization","@id":"https:\/\/lavocedelpaese.info\/#organization","name":"La Voce del Paese","url":"https:\/\/lavocedelpaese.info\/","logo":{"@type":"ImageObject","inLanguage":"it-IT","@id":"https:\/\/lavocedelpaese.info\/#\/schema\/logo\/image\/","url":"https:\/\/lavocedelpaese.info\/wp-content\/uploads\/2023\/01\/cropped-logo-150-127.png","contentUrl":"https:\/\/lavocedelpaese.info\/wp-content\/uploads\/2023\/01\/cropped-logo-150-127.png","width":137,"height":119,"caption":"La Voce del Paese"},"image":{"@id":"https:\/\/lavocedelpaese.info\/#\/schema\/logo\/image\/"},"sameAs":["https:\/\/www.facebook.com\/lavocedelpaese.info"]},{"@type":"Person","@id":"https:\/\/lavocedelpaese.info\/#\/schema\/person\/ec151d321306bd7591f7a061abf72d88","name":"admin","image":{"@type":"ImageObject","inLanguage":"it-IT","@id":"https:\/\/secure.gravatar.com\/avatar\/af8f2caf0663124588de48a9380e07cbc95a74ef15b8062d0d39106c32fe3023?s=96&d=mm&r=g","url":"https:\/\/secure.gravatar.com\/avatar\/af8f2caf0663124588de48a9380e07cbc95a74ef15b8062d0d39106c32fe3023?s=96&d=mm&r=g","contentUrl":"https:\/\/secure.gravatar.com\/avatar\/af8f2caf0663124588de48a9380e07cbc95a74ef15b8062d0d39106c32fe3023?s=96&d=mm&r=g","caption":"admin"},"sameAs":["https:\/\/lavocedelpaese.info"],"url":"https:\/\/lavocedelpaese.info\/index.php\/author\/admin\/"}]}},"_links":{"self":[{"href":"https:\/\/lavocedelpaese.info\/index.php\/wp-json\/wp\/v2\/posts\/10126","targetHints":{"allow":["GET"]}}],"collection":[{"href":"https:\/\/lavocedelpaese.info\/index.php\/wp-json\/wp\/v2\/posts"}],"about":[{"href":"https:\/\/lavocedelpaese.info\/index.php\/wp-json\/wp\/v2\/types\/post"}],"author":[{"embeddable":true,"href":"https:\/\/lavocedelpaese.info\/index.php\/wp-json\/wp\/v2\/users\/6"}],"replies":[{"embeddable":true,"href":"https:\/\/lavocedelpaese.info\/index.php\/wp-json\/wp\/v2\/comments?post=10126"}],"version-history":[{"count":0,"href":"https:\/\/lavocedelpaese.info\/index.php\/wp-json\/wp\/v2\/posts\/10126\/revisions"}],"wp:featuredmedia":[{"embeddable":true,"href":"https:\/\/lavocedelpaese.info\/index.php\/wp-json\/wp\/v2\/media\/730"}],"wp:attachment":[{"href":"https:\/\/lavocedelpaese.info\/index.php\/wp-json\/wp\/v2\/media?parent=10126"}],"wp:term":[{"taxonomy":"category","embeddable":true,"href":"https:\/\/lavocedelpaese.info\/index.php\/wp-json\/wp\/v2\/categories?post=10126"},{"taxonomy":"post_tag","embeddable":true,"href":"https:\/\/lavocedelpaese.info\/index.php\/wp-json\/wp\/v2\/tags?post=10126"}],"curies":[{"name":"wp","href":"https:\/\/api.w.org\/{rel}","templated":true}]}}