{"id":10108,"date":"2025-10-23T16:15:18","date_gmt":"2025-10-23T16:15:18","guid":{"rendered":"https:\/\/lavocedelpaese.info\/index.php\/2025\/10\/23\/monte-sannace-ho-una-tesi-dallo-studio-alla-condivisione-nuovi-sguardi-sul-medioevo\/"},"modified":"2025-10-23T16:15:18","modified_gmt":"2025-10-23T16:15:18","slug":"monte-sannace-ho-una-tesi-dallo-studio-alla-condivisione-nuovi-sguardi-sul-medioevo","status":"publish","type":"post","link":"https:\/\/lavocedelpaese.info\/index.php\/2025\/10\/23\/monte-sannace-ho-una-tesi-dallo-studio-alla-condivisione-nuovi-sguardi-sul-medioevo\/","title":{"rendered":"Monte Sannace: \u201cHo una tesi. Dallo studio alla condivisione\u201d. Nuovi sguardi sul Medioevo\u00a0\u200b"},"content":{"rendered":"<p>\u00a0<\/p>\n<p>\u200b\u00a0<\/p>\n<p>\u200b\u00a0<\/p>\n<p><img decoding=\"async\" class=\"size-full wp-image-6997 alignleft\" src=\"https:\/\/gioia.lavocedelpaese.info\/wp-content\/uploads\/2025\/10\/514280663_1131335545800322_5389743025611757749_n.jpg\" alt=\"\" width=\"400\" height=\"500\"\/>Il Parco Archeologico di Monte Sannace torna a ospitare un nuovo appuntamento del ciclo di incontri \u201cHo una tesi. Dallo studio alla condivisione\u201d, dedicato ai giovani studiosi che stanno contribuendo, con le loro ricerche, ad ampliare la conoscenza del nostro territorio.<\/p>\n<p>Sabato 25 ottobre, a partire dalle ore 10:00, il pubblico potr\u00e0 incontrare Marika Sciscio e Alessio La Gioia, giovani archeologi dell\u2019\u00e9quipe di scavo coordinata dalla prof.ssa Donatella Nuzzo.<\/p>\n<p>I due ricercatori presenteranno i risultati dei loro studi sul paesaggio rurale di Monte Sannace nel Medioevo e sui siti archeologici lungo l\u2019antica via Bari\u2013Taranto, offrendo nuovi spunti per comprendere la storia e l\u2019evoluzione del territorio dopo la fine dell\u2019et\u00e0 classica.<\/p>\n<p>L\u2019incontro sar\u00e0 un\u2019occasione preziosa per scoprire da vicino come la ricerca archeologica e il lavoro sul campo contribuiscano ogni giorno alla valorizzazione del patrimonio culturale locale, unendo rigore scientifico e passione per la divulgazione.<\/p>\n<p><img decoding=\"async\" class=\"size-full wp-image-6998 alignright\" src=\"https:\/\/gioia.lavocedelpaese.info\/wp-content\/uploads\/2025\/10\/488646459_975057511428127_7069014268169399844_n.jpg\" alt=\"\" width=\"400\" height=\"224\"\/>La partecipazione al seminario \u00e8 inclusa nel biglietto d\u2019ingresso al Parco (fatte salve le gratuit\u00e0 di legge).<\/p>\n<p>Per chi desidera seguire l\u2019intero ciclo di incontri, \u00e8 consigliato l\u2019acquisto della Museo Card, che consente l\u2019accesso illimitato al Parco per sei mesi.<\/p>\n<p>Come sempre, il Parco invita i visitatori a partecipare con domande, curiosit\u00e0 e voglia di scoprire: la ricerca \u00e8 pi\u00f9 viva quando si condivide!<\/p>\n<p>Parco Archeologico di Monte Sannace<strong>, s<\/strong>abato 25 ottobre, ore 10:00.<\/p>\n<p><a class=\"a2a_button_facebook\" href=\"https:\/\/www.addtoany.com\/add_to\/facebook?linkurl=https%3A%2F%2Fgioia.lavocedelpaese.info%2Findex.php%2F2025%2F10%2F23%2Fmonte-sannace-ho-una-tesi-dallo-studio-alla-condivisione-nuovi-sguardi-sul-medioevo%2F&amp;linkname=Monte%20Sannace%3A%20%E2%80%9CHo%20una%20tesi.%20Dallo%20studio%20alla%20condivisione%E2%80%9D.%20Nuovi%20sguardi%20sul%20Medioevo\" title=\"Facebook\" rel=\"nofollow noopener\" target=\"_blank\"><\/a><a class=\"a2a_button_twitter\" href=\"https:\/\/www.addtoany.com\/add_to\/twitter?linkurl=https%3A%2F%2Fgioia.lavocedelpaese.info%2Findex.php%2F2025%2F10%2F23%2Fmonte-sannace-ho-una-tesi-dallo-studio-alla-condivisione-nuovi-sguardi-sul-medioevo%2F&amp;linkname=Monte%20Sannace%3A%20%E2%80%9CHo%20una%20tesi.%20Dallo%20studio%20alla%20condivisione%E2%80%9D.%20Nuovi%20sguardi%20sul%20Medioevo\" title=\"Twitter\" rel=\"nofollow noopener\" target=\"_blank\"><\/a><a class=\"a2a_button_whatsapp\" href=\"https:\/\/www.addtoany.com\/add_to\/whatsapp?linkurl=https%3A%2F%2Fgioia.lavocedelpaese.info%2Findex.php%2F2025%2F10%2F23%2Fmonte-sannace-ho-una-tesi-dallo-studio-alla-condivisione-nuovi-sguardi-sul-medioevo%2F&amp;linkname=Monte%20Sannace%3A%20%E2%80%9CHo%20una%20tesi.%20Dallo%20studio%20alla%20condivisione%E2%80%9D.%20Nuovi%20sguardi%20sul%20Medioevo\" title=\"WhatsApp\" rel=\"nofollow noopener\" target=\"_blank\"><\/a><a class=\"a2a_button_telegram\" href=\"https:\/\/www.addtoany.com\/add_to\/telegram?linkurl=https%3A%2F%2Fgioia.lavocedelpaese.info%2Findex.php%2F2025%2F10%2F23%2Fmonte-sannace-ho-una-tesi-dallo-studio-alla-condivisione-nuovi-sguardi-sul-medioevo%2F&amp;linkname=Monte%20Sannace%3A%20%E2%80%9CHo%20una%20tesi.%20Dallo%20studio%20alla%20condivisione%E2%80%9D.%20Nuovi%20sguardi%20sul%20Medioevo\" title=\"Telegram\" rel=\"nofollow noopener\" target=\"_blank\"><\/a><a class=\"a2a_button_email\" href=\"https:\/\/www.addtoany.com\/add_to\/email?linkurl=https%3A%2F%2Fgioia.lavocedelpaese.info%2Findex.php%2F2025%2F10%2F23%2Fmonte-sannace-ho-una-tesi-dallo-studio-alla-condivisione-nuovi-sguardi-sul-medioevo%2F&amp;linkname=Monte%20Sannace%3A%20%E2%80%9CHo%20una%20tesi.%20Dallo%20studio%20alla%20condivisione%E2%80%9D.%20Nuovi%20sguardi%20sul%20Medioevo\" title=\"Email\" rel=\"nofollow noopener\" target=\"_blank\"><\/a><\/p>\n<p>\u00a0<\/p>\n<p>\u00a0<\/p>\n<p>\u200b\u00a0\u00a0\u00a0<\/p>","protected":false},"excerpt":{"rendered":"<p>\u00a0 \u200b\u00a0 \u200b\u00a0 Il Parco Archeologico di Monte Sannace torna a ospitare un nuovo appuntamento del ciclo di incontri \u201cHo<\/p>\n","protected":false},"author":6,"featured_media":10109,"comment_status":"open","ping_status":"closed","sticky":false,"template":"","format":"standard","meta":{"colormag_page_container_layout":"default_layout","colormag_page_sidebar_layout":"default_layout","footnotes":""},"categories":[33],"tags":[],"class_list":["post-10108","post","type-post","status-publish","format-standard","has-post-thumbnail","hentry","category-network"],"yoast_head":"<!-- This site is optimized with the Yoast SEO plugin v27.5 - https:\/\/yoast.com\/product\/yoast-seo-wordpress\/ -->\n<title>Monte Sannace: \u201cHo una tesi. Dallo studio alla condivisione\u201d. Nuovi sguardi sul Medioevo\u00a0\u200b - La Voce del Paese<\/title>\n<meta name=\"robots\" content=\"index, follow, max-snippet:-1, max-image-preview:large, max-video-preview:-1\" \/>\n<link rel=\"canonical\" href=\"https:\/\/lavocedelpaese.info\/index.php\/2025\/10\/23\/monte-sannace-ho-una-tesi-dallo-studio-alla-condivisione-nuovi-sguardi-sul-medioevo\/\" \/>\n<meta property=\"og:locale\" content=\"it_IT\" \/>\n<meta property=\"og:type\" content=\"article\" \/>\n<meta property=\"og:title\" content=\"Monte Sannace: \u201cHo una tesi. Dallo studio alla condivisione\u201d. Nuovi sguardi sul Medioevo\u00a0\u200b - La Voce del Paese\" \/>\n<meta property=\"og:description\" content=\"\u00a0 \u200b\u00a0 \u200b\u00a0 Il Parco Archeologico di Monte Sannace torna a ospitare un nuovo appuntamento del ciclo di incontri \u201cHo\" \/>\n<meta property=\"og:url\" content=\"https:\/\/lavocedelpaese.info\/index.php\/2025\/10\/23\/monte-sannace-ho-una-tesi-dallo-studio-alla-condivisione-nuovi-sguardi-sul-medioevo\/\" \/>\n<meta property=\"og:site_name\" content=\"La Voce del Paese\" \/>\n<meta property=\"article:publisher\" content=\"https:\/\/www.facebook.com\/lavocedelpaese.info\" \/>\n<meta property=\"article:published_time\" content=\"2025-10-23T16:15:18+00:00\" \/>\n<meta name=\"author\" content=\"admin\" \/>\n<meta name=\"twitter:card\" content=\"summary_large_image\" \/>\n<meta name=\"twitter:label1\" content=\"Scritto da\" \/>\n\t<meta name=\"twitter:data1\" content=\"admin\" \/>\n\t<meta name=\"twitter:label2\" content=\"Tempo di lettura stimato\" \/>\n\t<meta name=\"twitter:data2\" content=\"1 minuto\" \/>\n<script type=\"application\/ld+json\" class=\"yoast-schema-graph\">{\"@context\":\"https:\\\/\\\/schema.org\",\"@graph\":[{\"@type\":\"Article\",\"@id\":\"https:\\\/\\\/lavocedelpaese.info\\\/index.php\\\/2025\\\/10\\\/23\\\/monte-sannace-ho-una-tesi-dallo-studio-alla-condivisione-nuovi-sguardi-sul-medioevo\\\/#article\",\"isPartOf\":{\"@id\":\"https:\\\/\\\/lavocedelpaese.info\\\/index.php\\\/2025\\\/10\\\/23\\\/monte-sannace-ho-una-tesi-dallo-studio-alla-condivisione-nuovi-sguardi-sul-medioevo\\\/\"},\"author\":{\"name\":\"admin\",\"@id\":\"https:\\\/\\\/lavocedelpaese.info\\\/#\\\/schema\\\/person\\\/ec151d321306bd7591f7a061abf72d88\"},\"headline\":\"Monte Sannace: \u201cHo una tesi. Dallo studio alla condivisione\u201d. Nuovi sguardi sul Medioevo\u00a0\u200b\",\"datePublished\":\"2025-10-23T16:15:18+00:00\",\"mainEntityOfPage\":{\"@id\":\"https:\\\/\\\/lavocedelpaese.info\\\/index.php\\\/2025\\\/10\\\/23\\\/monte-sannace-ho-una-tesi-dallo-studio-alla-condivisione-nuovi-sguardi-sul-medioevo\\\/\"},\"wordCount\":236,\"commentCount\":0,\"publisher\":{\"@id\":\"https:\\\/\\\/lavocedelpaese.info\\\/#organization\"},\"image\":{\"@id\":\"https:\\\/\\\/lavocedelpaese.info\\\/index.php\\\/2025\\\/10\\\/23\\\/monte-sannace-ho-una-tesi-dallo-studio-alla-condivisione-nuovi-sguardi-sul-medioevo\\\/#primaryimage\"},\"thumbnailUrl\":\"https:\\\/\\\/lavocedelpaese.info\\\/wp-content\\\/uploads\\\/2025\\\/10\\\/514280663_1131335545800322_5389743025611757749_n-UiP4N9.jpg\",\"articleSection\":[\"network\"],\"inLanguage\":\"it-IT\",\"potentialAction\":[{\"@type\":\"CommentAction\",\"name\":\"Comment\",\"target\":[\"https:\\\/\\\/lavocedelpaese.info\\\/index.php\\\/2025\\\/10\\\/23\\\/monte-sannace-ho-una-tesi-dallo-studio-alla-condivisione-nuovi-sguardi-sul-medioevo\\\/#respond\"]}]},{\"@type\":\"WebPage\",\"@id\":\"https:\\\/\\\/lavocedelpaese.info\\\/index.php\\\/2025\\\/10\\\/23\\\/monte-sannace-ho-una-tesi-dallo-studio-alla-condivisione-nuovi-sguardi-sul-medioevo\\\/\",\"url\":\"https:\\\/\\\/lavocedelpaese.info\\\/index.php\\\/2025\\\/10\\\/23\\\/monte-sannace-ho-una-tesi-dallo-studio-alla-condivisione-nuovi-sguardi-sul-medioevo\\\/\",\"name\":\"Monte Sannace: \u201cHo una tesi. Dallo studio alla condivisione\u201d. Nuovi sguardi sul Medioevo\u00a0\u200b - La Voce del Paese\",\"isPartOf\":{\"@id\":\"https:\\\/\\\/lavocedelpaese.info\\\/#website\"},\"primaryImageOfPage\":{\"@id\":\"https:\\\/\\\/lavocedelpaese.info\\\/index.php\\\/2025\\\/10\\\/23\\\/monte-sannace-ho-una-tesi-dallo-studio-alla-condivisione-nuovi-sguardi-sul-medioevo\\\/#primaryimage\"},\"image\":{\"@id\":\"https:\\\/\\\/lavocedelpaese.info\\\/index.php\\\/2025\\\/10\\\/23\\\/monte-sannace-ho-una-tesi-dallo-studio-alla-condivisione-nuovi-sguardi-sul-medioevo\\\/#primaryimage\"},\"thumbnailUrl\":\"https:\\\/\\\/lavocedelpaese.info\\\/wp-content\\\/uploads\\\/2025\\\/10\\\/514280663_1131335545800322_5389743025611757749_n-UiP4N9.jpg\",\"datePublished\":\"2025-10-23T16:15:18+00:00\",\"breadcrumb\":{\"@id\":\"https:\\\/\\\/lavocedelpaese.info\\\/index.php\\\/2025\\\/10\\\/23\\\/monte-sannace-ho-una-tesi-dallo-studio-alla-condivisione-nuovi-sguardi-sul-medioevo\\\/#breadcrumb\"},\"inLanguage\":\"it-IT\",\"potentialAction\":[{\"@type\":\"ReadAction\",\"target\":[\"https:\\\/\\\/lavocedelpaese.info\\\/index.php\\\/2025\\\/10\\\/23\\\/monte-sannace-ho-una-tesi-dallo-studio-alla-condivisione-nuovi-sguardi-sul-medioevo\\\/\"]}]},{\"@type\":\"ImageObject\",\"inLanguage\":\"it-IT\",\"@id\":\"https:\\\/\\\/lavocedelpaese.info\\\/index.php\\\/2025\\\/10\\\/23\\\/monte-sannace-ho-una-tesi-dallo-studio-alla-condivisione-nuovi-sguardi-sul-medioevo\\\/#primaryimage\",\"url\":\"https:\\\/\\\/lavocedelpaese.info\\\/wp-content\\\/uploads\\\/2025\\\/10\\\/514280663_1131335545800322_5389743025611757749_n-UiP4N9.jpg\",\"contentUrl\":\"https:\\\/\\\/lavocedelpaese.info\\\/wp-content\\\/uploads\\\/2025\\\/10\\\/514280663_1131335545800322_5389743025611757749_n-UiP4N9.jpg\",\"width\":640,\"height\":800},{\"@type\":\"BreadcrumbList\",\"@id\":\"https:\\\/\\\/lavocedelpaese.info\\\/index.php\\\/2025\\\/10\\\/23\\\/monte-sannace-ho-una-tesi-dallo-studio-alla-condivisione-nuovi-sguardi-sul-medioevo\\\/#breadcrumb\",\"itemListElement\":[{\"@type\":\"ListItem\",\"position\":1,\"name\":\"Home\",\"item\":\"https:\\\/\\\/lavocedelpaese.info\\\/\"},{\"@type\":\"ListItem\",\"position\":2,\"name\":\"Monte Sannace: \u201cHo una tesi. Dallo studio alla condivisione\u201d. Nuovi sguardi sul Medioevo\u00a0\u200b\"}]},{\"@type\":\"WebSite\",\"@id\":\"https:\\\/\\\/lavocedelpaese.info\\\/#website\",\"url\":\"https:\\\/\\\/lavocedelpaese.info\\\/\",\"name\":\"La Voce del Paese\",\"description\":\"Un network di idee\",\"publisher\":{\"@id\":\"https:\\\/\\\/lavocedelpaese.info\\\/#organization\"},\"potentialAction\":[{\"@type\":\"SearchAction\",\"target\":{\"@type\":\"EntryPoint\",\"urlTemplate\":\"https:\\\/\\\/lavocedelpaese.info\\\/?s={search_term_string}\"},\"query-input\":{\"@type\":\"PropertyValueSpecification\",\"valueRequired\":true,\"valueName\":\"search_term_string\"}}],\"inLanguage\":\"it-IT\"},{\"@type\":\"Organization\",\"@id\":\"https:\\\/\\\/lavocedelpaese.info\\\/#organization\",\"name\":\"La Voce del Paese\",\"url\":\"https:\\\/\\\/lavocedelpaese.info\\\/\",\"logo\":{\"@type\":\"ImageObject\",\"inLanguage\":\"it-IT\",\"@id\":\"https:\\\/\\\/lavocedelpaese.info\\\/#\\\/schema\\\/logo\\\/image\\\/\",\"url\":\"https:\\\/\\\/lavocedelpaese.info\\\/wp-content\\\/uploads\\\/2023\\\/01\\\/cropped-logo-150-127.png\",\"contentUrl\":\"https:\\\/\\\/lavocedelpaese.info\\\/wp-content\\\/uploads\\\/2023\\\/01\\\/cropped-logo-150-127.png\",\"width\":137,\"height\":119,\"caption\":\"La Voce del Paese\"},\"image\":{\"@id\":\"https:\\\/\\\/lavocedelpaese.info\\\/#\\\/schema\\\/logo\\\/image\\\/\"},\"sameAs\":[\"https:\\\/\\\/www.facebook.com\\\/lavocedelpaese.info\"]},{\"@type\":\"Person\",\"@id\":\"https:\\\/\\\/lavocedelpaese.info\\\/#\\\/schema\\\/person\\\/ec151d321306bd7591f7a061abf72d88\",\"name\":\"admin\",\"image\":{\"@type\":\"ImageObject\",\"inLanguage\":\"it-IT\",\"@id\":\"https:\\\/\\\/secure.gravatar.com\\\/avatar\\\/af8f2caf0663124588de48a9380e07cbc95a74ef15b8062d0d39106c32fe3023?s=96&d=mm&r=g\",\"url\":\"https:\\\/\\\/secure.gravatar.com\\\/avatar\\\/af8f2caf0663124588de48a9380e07cbc95a74ef15b8062d0d39106c32fe3023?s=96&d=mm&r=g\",\"contentUrl\":\"https:\\\/\\\/secure.gravatar.com\\\/avatar\\\/af8f2caf0663124588de48a9380e07cbc95a74ef15b8062d0d39106c32fe3023?s=96&d=mm&r=g\",\"caption\":\"admin\"},\"sameAs\":[\"https:\\\/\\\/lavocedelpaese.info\"],\"url\":\"https:\\\/\\\/lavocedelpaese.info\\\/index.php\\\/author\\\/admin\\\/\"}]}<\/script>\n<!-- \/ Yoast SEO plugin. -->","yoast_head_json":{"title":"Monte Sannace: \u201cHo una tesi. Dallo studio alla condivisione\u201d. Nuovi sguardi sul Medioevo\u00a0\u200b - La Voce del Paese","robots":{"index":"index","follow":"follow","max-snippet":"max-snippet:-1","max-image-preview":"max-image-preview:large","max-video-preview":"max-video-preview:-1"},"canonical":"https:\/\/lavocedelpaese.info\/index.php\/2025\/10\/23\/monte-sannace-ho-una-tesi-dallo-studio-alla-condivisione-nuovi-sguardi-sul-medioevo\/","og_locale":"it_IT","og_type":"article","og_title":"Monte Sannace: \u201cHo una tesi. Dallo studio alla condivisione\u201d. Nuovi sguardi sul Medioevo\u00a0\u200b - La Voce del Paese","og_description":"\u00a0 \u200b\u00a0 \u200b\u00a0 Il Parco Archeologico di Monte Sannace torna a ospitare un nuovo appuntamento del ciclo di incontri \u201cHo","og_url":"https:\/\/lavocedelpaese.info\/index.php\/2025\/10\/23\/monte-sannace-ho-una-tesi-dallo-studio-alla-condivisione-nuovi-sguardi-sul-medioevo\/","og_site_name":"La Voce del Paese","article_publisher":"https:\/\/www.facebook.com\/lavocedelpaese.info","article_published_time":"2025-10-23T16:15:18+00:00","author":"admin","twitter_card":"summary_large_image","twitter_misc":{"Scritto da":"admin","Tempo di lettura stimato":"1 minuto"},"schema":{"@context":"https:\/\/schema.org","@graph":[{"@type":"Article","@id":"https:\/\/lavocedelpaese.info\/index.php\/2025\/10\/23\/monte-sannace-ho-una-tesi-dallo-studio-alla-condivisione-nuovi-sguardi-sul-medioevo\/#article","isPartOf":{"@id":"https:\/\/lavocedelpaese.info\/index.php\/2025\/10\/23\/monte-sannace-ho-una-tesi-dallo-studio-alla-condivisione-nuovi-sguardi-sul-medioevo\/"},"author":{"name":"admin","@id":"https:\/\/lavocedelpaese.info\/#\/schema\/person\/ec151d321306bd7591f7a061abf72d88"},"headline":"Monte Sannace: \u201cHo una tesi. Dallo studio alla condivisione\u201d. Nuovi sguardi sul Medioevo\u00a0\u200b","datePublished":"2025-10-23T16:15:18+00:00","mainEntityOfPage":{"@id":"https:\/\/lavocedelpaese.info\/index.php\/2025\/10\/23\/monte-sannace-ho-una-tesi-dallo-studio-alla-condivisione-nuovi-sguardi-sul-medioevo\/"},"wordCount":236,"commentCount":0,"publisher":{"@id":"https:\/\/lavocedelpaese.info\/#organization"},"image":{"@id":"https:\/\/lavocedelpaese.info\/index.php\/2025\/10\/23\/monte-sannace-ho-una-tesi-dallo-studio-alla-condivisione-nuovi-sguardi-sul-medioevo\/#primaryimage"},"thumbnailUrl":"https:\/\/lavocedelpaese.info\/wp-content\/uploads\/2025\/10\/514280663_1131335545800322_5389743025611757749_n-UiP4N9.jpg","articleSection":["network"],"inLanguage":"it-IT","potentialAction":[{"@type":"CommentAction","name":"Comment","target":["https:\/\/lavocedelpaese.info\/index.php\/2025\/10\/23\/monte-sannace-ho-una-tesi-dallo-studio-alla-condivisione-nuovi-sguardi-sul-medioevo\/#respond"]}]},{"@type":"WebPage","@id":"https:\/\/lavocedelpaese.info\/index.php\/2025\/10\/23\/monte-sannace-ho-una-tesi-dallo-studio-alla-condivisione-nuovi-sguardi-sul-medioevo\/","url":"https:\/\/lavocedelpaese.info\/index.php\/2025\/10\/23\/monte-sannace-ho-una-tesi-dallo-studio-alla-condivisione-nuovi-sguardi-sul-medioevo\/","name":"Monte Sannace: \u201cHo una tesi. Dallo studio alla condivisione\u201d. Nuovi sguardi sul Medioevo\u00a0\u200b - La Voce del Paese","isPartOf":{"@id":"https:\/\/lavocedelpaese.info\/#website"},"primaryImageOfPage":{"@id":"https:\/\/lavocedelpaese.info\/index.php\/2025\/10\/23\/monte-sannace-ho-una-tesi-dallo-studio-alla-condivisione-nuovi-sguardi-sul-medioevo\/#primaryimage"},"image":{"@id":"https:\/\/lavocedelpaese.info\/index.php\/2025\/10\/23\/monte-sannace-ho-una-tesi-dallo-studio-alla-condivisione-nuovi-sguardi-sul-medioevo\/#primaryimage"},"thumbnailUrl":"https:\/\/lavocedelpaese.info\/wp-content\/uploads\/2025\/10\/514280663_1131335545800322_5389743025611757749_n-UiP4N9.jpg","datePublished":"2025-10-23T16:15:18+00:00","breadcrumb":{"@id":"https:\/\/lavocedelpaese.info\/index.php\/2025\/10\/23\/monte-sannace-ho-una-tesi-dallo-studio-alla-condivisione-nuovi-sguardi-sul-medioevo\/#breadcrumb"},"inLanguage":"it-IT","potentialAction":[{"@type":"ReadAction","target":["https:\/\/lavocedelpaese.info\/index.php\/2025\/10\/23\/monte-sannace-ho-una-tesi-dallo-studio-alla-condivisione-nuovi-sguardi-sul-medioevo\/"]}]},{"@type":"ImageObject","inLanguage":"it-IT","@id":"https:\/\/lavocedelpaese.info\/index.php\/2025\/10\/23\/monte-sannace-ho-una-tesi-dallo-studio-alla-condivisione-nuovi-sguardi-sul-medioevo\/#primaryimage","url":"https:\/\/lavocedelpaese.info\/wp-content\/uploads\/2025\/10\/514280663_1131335545800322_5389743025611757749_n-UiP4N9.jpg","contentUrl":"https:\/\/lavocedelpaese.info\/wp-content\/uploads\/2025\/10\/514280663_1131335545800322_5389743025611757749_n-UiP4N9.jpg","width":640,"height":800},{"@type":"BreadcrumbList","@id":"https:\/\/lavocedelpaese.info\/index.php\/2025\/10\/23\/monte-sannace-ho-una-tesi-dallo-studio-alla-condivisione-nuovi-sguardi-sul-medioevo\/#breadcrumb","itemListElement":[{"@type":"ListItem","position":1,"name":"Home","item":"https:\/\/lavocedelpaese.info\/"},{"@type":"ListItem","position":2,"name":"Monte Sannace: \u201cHo una tesi. Dallo studio alla condivisione\u201d. Nuovi sguardi sul Medioevo\u00a0\u200b"}]},{"@type":"WebSite","@id":"https:\/\/lavocedelpaese.info\/#website","url":"https:\/\/lavocedelpaese.info\/","name":"La Voce del Paese","description":"Un network di idee","publisher":{"@id":"https:\/\/lavocedelpaese.info\/#organization"},"potentialAction":[{"@type":"SearchAction","target":{"@type":"EntryPoint","urlTemplate":"https:\/\/lavocedelpaese.info\/?s={search_term_string}"},"query-input":{"@type":"PropertyValueSpecification","valueRequired":true,"valueName":"search_term_string"}}],"inLanguage":"it-IT"},{"@type":"Organization","@id":"https:\/\/lavocedelpaese.info\/#organization","name":"La Voce del Paese","url":"https:\/\/lavocedelpaese.info\/","logo":{"@type":"ImageObject","inLanguage":"it-IT","@id":"https:\/\/lavocedelpaese.info\/#\/schema\/logo\/image\/","url":"https:\/\/lavocedelpaese.info\/wp-content\/uploads\/2023\/01\/cropped-logo-150-127.png","contentUrl":"https:\/\/lavocedelpaese.info\/wp-content\/uploads\/2023\/01\/cropped-logo-150-127.png","width":137,"height":119,"caption":"La Voce del Paese"},"image":{"@id":"https:\/\/lavocedelpaese.info\/#\/schema\/logo\/image\/"},"sameAs":["https:\/\/www.facebook.com\/lavocedelpaese.info"]},{"@type":"Person","@id":"https:\/\/lavocedelpaese.info\/#\/schema\/person\/ec151d321306bd7591f7a061abf72d88","name":"admin","image":{"@type":"ImageObject","inLanguage":"it-IT","@id":"https:\/\/secure.gravatar.com\/avatar\/af8f2caf0663124588de48a9380e07cbc95a74ef15b8062d0d39106c32fe3023?s=96&d=mm&r=g","url":"https:\/\/secure.gravatar.com\/avatar\/af8f2caf0663124588de48a9380e07cbc95a74ef15b8062d0d39106c32fe3023?s=96&d=mm&r=g","contentUrl":"https:\/\/secure.gravatar.com\/avatar\/af8f2caf0663124588de48a9380e07cbc95a74ef15b8062d0d39106c32fe3023?s=96&d=mm&r=g","caption":"admin"},"sameAs":["https:\/\/lavocedelpaese.info"],"url":"https:\/\/lavocedelpaese.info\/index.php\/author\/admin\/"}]}},"_links":{"self":[{"href":"https:\/\/lavocedelpaese.info\/index.php\/wp-json\/wp\/v2\/posts\/10108","targetHints":{"allow":["GET"]}}],"collection":[{"href":"https:\/\/lavocedelpaese.info\/index.php\/wp-json\/wp\/v2\/posts"}],"about":[{"href":"https:\/\/lavocedelpaese.info\/index.php\/wp-json\/wp\/v2\/types\/post"}],"author":[{"embeddable":true,"href":"https:\/\/lavocedelpaese.info\/index.php\/wp-json\/wp\/v2\/users\/6"}],"replies":[{"embeddable":true,"href":"https:\/\/lavocedelpaese.info\/index.php\/wp-json\/wp\/v2\/comments?post=10108"}],"version-history":[{"count":0,"href":"https:\/\/lavocedelpaese.info\/index.php\/wp-json\/wp\/v2\/posts\/10108\/revisions"}],"wp:featuredmedia":[{"embeddable":true,"href":"https:\/\/lavocedelpaese.info\/index.php\/wp-json\/wp\/v2\/media\/10109"}],"wp:attachment":[{"href":"https:\/\/lavocedelpaese.info\/index.php\/wp-json\/wp\/v2\/media?parent=10108"}],"wp:term":[{"taxonomy":"category","embeddable":true,"href":"https:\/\/lavocedelpaese.info\/index.php\/wp-json\/wp\/v2\/categories?post=10108"},{"taxonomy":"post_tag","embeddable":true,"href":"https:\/\/lavocedelpaese.info\/index.php\/wp-json\/wp\/v2\/tags?post=10108"}],"curies":[{"name":"wp","href":"https:\/\/api.w.org\/{rel}","templated":true}]}}