{"id":10096,"date":"2025-10-21T18:13:46","date_gmt":"2025-10-21T18:13:46","guid":{"rendered":"https:\/\/lavocedelpaese.info\/index.php\/2025\/10\/21\/camminata-tra-gli-olivi-3\/"},"modified":"2025-10-21T18:13:46","modified_gmt":"2025-10-21T18:13:46","slug":"camminata-tra-gli-olivi-3","status":"publish","type":"post","link":"https:\/\/lavocedelpaese.info\/index.php\/2025\/10\/21\/camminata-tra-gli-olivi-3\/","title":{"rendered":"\u201cCamminata tra gli olivi\u201d\u00a0\u200b"},"content":{"rendered":"<p>\u00a0<\/p>\n<p>\u200b\u00a0<\/p>\n<p>\u200b\u00a0<\/p>\n<p>Con altre centoquarantacinque citt\u00e0 aderenti all\u2019iniziativa, anche il Comune di Acquaviva delle fonti partecipa alla Giornata nazionale dedicata alla \u201cCamminata tra gli <a><\/a>olivi\u201d, in programma per il 26 ottobre 2025.<\/p>\n<p>Giunto ormai alla sua nona edizione, questo evento dell\u2019Associazione Nazionale \u201cCitt\u00e0 dell\u2019Olio\u201d mira a valorizzare il nostro patrimonio olivicolo mediante l\u2019organizzazione sul territorio di escursioni e degustazioni, con anche laboratori didattici dedicati e visite guidate in frantoi e aziende agricole.<\/p>\n<p>In collaborazione con l\u2019Associazione Turistica \u201cProloco Curtomartino\u201d e con le aziende \u201cProduttori Agricoli Associati\u201d e \u201cDolceria Sapone\u201d, l\u2019Amministrazione Comunale promuove ancora una volta l\u2019iniziativa, organizzando per la prossima domenica un itinerario che condurr\u00e0 i partecipanti alla scoperta della cultura millenaria della produzione del nostro olio di oliva, godendosi la vista di incantevoli paesaggi e tanti bei momenti di convivialit\u00e0.<\/p>\n<p>L\u2019iniziativa intende altres\u00ec veicolare un forte messaggio universale: \u201cColtiviamo la Pace\u201d, quantomai attuale in un periodo storico, quale quello che stiamo vivendo in cui si ha tanto bisogno di pace e unit\u00e0.<\/p>\n<p>Ricordo che la partecipazione agli itinerari \u00e8 gratuita. Il punto di ritrovo \u00e8 fissato in piazza Garibaldi num. 21, alle ore 9,00. Per ulteriori informazioni \u00e8 possibile contattare il nostro Infopoint Turistico.<\/p>\n<p>Vi aspettiamo in tanti!<\/p>\n<figure class=\"wp-block-image size-full\"><img decoding=\"async\" src=\"https:\/\/acquaviva.lavocedelpaese.info\/wp-content\/uploads\/2025\/10\/565926446_705706925910061_2585882533219794723_n.jpg\" alt=\"\" class=\"wp-image-5834\"\/><\/figure>\n<p><a class=\"a2a_button_facebook\" href=\"https:\/\/www.addtoany.com\/add_to\/facebook?linkurl=https%3A%2F%2Facquaviva.lavocedelpaese.info%2Findex.php%2F2025%2F10%2F21%2Fcamminata-tra-gli-olivi-3%2F&amp;linkname=%E2%80%9CCamminata%20tra%20gli%20olivi%E2%80%9D\" title=\"Facebook\" rel=\"nofollow noopener\" target=\"_blank\"><\/a><a class=\"a2a_button_twitter\" href=\"https:\/\/www.addtoany.com\/add_to\/twitter?linkurl=https%3A%2F%2Facquaviva.lavocedelpaese.info%2Findex.php%2F2025%2F10%2F21%2Fcamminata-tra-gli-olivi-3%2F&amp;linkname=%E2%80%9CCamminata%20tra%20gli%20olivi%E2%80%9D\" title=\"Twitter\" rel=\"nofollow noopener\" target=\"_blank\"><\/a><a class=\"a2a_button_whatsapp\" href=\"https:\/\/www.addtoany.com\/add_to\/whatsapp?linkurl=https%3A%2F%2Facquaviva.lavocedelpaese.info%2Findex.php%2F2025%2F10%2F21%2Fcamminata-tra-gli-olivi-3%2F&amp;linkname=%E2%80%9CCamminata%20tra%20gli%20olivi%E2%80%9D\" title=\"WhatsApp\" rel=\"nofollow noopener\" target=\"_blank\"><\/a><a class=\"a2a_button_telegram\" href=\"https:\/\/www.addtoany.com\/add_to\/telegram?linkurl=https%3A%2F%2Facquaviva.lavocedelpaese.info%2Findex.php%2F2025%2F10%2F21%2Fcamminata-tra-gli-olivi-3%2F&amp;linkname=%E2%80%9CCamminata%20tra%20gli%20olivi%E2%80%9D\" title=\"Telegram\" rel=\"nofollow noopener\" target=\"_blank\"><\/a><a class=\"a2a_button_email\" href=\"https:\/\/www.addtoany.com\/add_to\/email?linkurl=https%3A%2F%2Facquaviva.lavocedelpaese.info%2Findex.php%2F2025%2F10%2F21%2Fcamminata-tra-gli-olivi-3%2F&amp;linkname=%E2%80%9CCamminata%20tra%20gli%20olivi%E2%80%9D\" title=\"Email\" rel=\"nofollow noopener\" target=\"_blank\"><\/a><\/p>\n<p>\u00a0<\/p>\n<p>\u00a0<\/p>\n<p>\u200b\u00a0\u00a0\u00a0<\/p>","protected":false},"excerpt":{"rendered":"<p>\u00a0 \u200b\u00a0 \u200b\u00a0 Con altre centoquarantacinque citt\u00e0 aderenti all\u2019iniziativa, anche il Comune di Acquaviva delle fonti partecipa alla Giornata nazionale<\/p>\n","protected":false},"author":6,"featured_media":8024,"comment_status":"open","ping_status":"closed","sticky":false,"template":"","format":"standard","meta":{"colormag_page_container_layout":"default_layout","colormag_page_sidebar_layout":"default_layout","footnotes":""},"categories":[33],"tags":[],"class_list":["post-10096","post","type-post","status-publish","format-standard","has-post-thumbnail","hentry","category-network"],"yoast_head":"<!-- This site is optimized with the Yoast SEO plugin v27.5 - https:\/\/yoast.com\/product\/yoast-seo-wordpress\/ -->\n<title>\u201cCamminata tra gli olivi\u201d\u00a0\u200b - La Voce del Paese<\/title>\n<meta name=\"robots\" content=\"index, follow, max-snippet:-1, max-image-preview:large, max-video-preview:-1\" \/>\n<link rel=\"canonical\" href=\"https:\/\/lavocedelpaese.info\/index.php\/2025\/10\/21\/camminata-tra-gli-olivi-3\/\" \/>\n<meta property=\"og:locale\" content=\"it_IT\" \/>\n<meta property=\"og:type\" content=\"article\" \/>\n<meta property=\"og:title\" content=\"\u201cCamminata tra gli olivi\u201d\u00a0\u200b - La Voce del Paese\" \/>\n<meta property=\"og:description\" content=\"\u00a0 \u200b\u00a0 \u200b\u00a0 Con altre centoquarantacinque citt\u00e0 aderenti all\u2019iniziativa, anche il Comune di Acquaviva delle fonti partecipa alla Giornata nazionale\" \/>\n<meta property=\"og:url\" content=\"https:\/\/lavocedelpaese.info\/index.php\/2025\/10\/21\/camminata-tra-gli-olivi-3\/\" \/>\n<meta property=\"og:site_name\" content=\"La Voce del Paese\" \/>\n<meta property=\"article:publisher\" content=\"https:\/\/www.facebook.com\/lavocedelpaese.info\" \/>\n<meta property=\"article:published_time\" content=\"2025-10-21T18:13:46+00:00\" \/>\n<meta name=\"author\" content=\"admin\" \/>\n<meta name=\"twitter:card\" content=\"summary_large_image\" \/>\n<meta name=\"twitter:label1\" content=\"Scritto da\" \/>\n\t<meta name=\"twitter:data1\" content=\"admin\" \/>\n\t<meta name=\"twitter:label2\" content=\"Tempo di lettura stimato\" \/>\n\t<meta name=\"twitter:data2\" content=\"1 minuto\" \/>\n<script type=\"application\/ld+json\" class=\"yoast-schema-graph\">{\"@context\":\"https:\\\/\\\/schema.org\",\"@graph\":[{\"@type\":\"Article\",\"@id\":\"https:\\\/\\\/lavocedelpaese.info\\\/index.php\\\/2025\\\/10\\\/21\\\/camminata-tra-gli-olivi-3\\\/#article\",\"isPartOf\":{\"@id\":\"https:\\\/\\\/lavocedelpaese.info\\\/index.php\\\/2025\\\/10\\\/21\\\/camminata-tra-gli-olivi-3\\\/\"},\"author\":{\"name\":\"admin\",\"@id\":\"https:\\\/\\\/lavocedelpaese.info\\\/#\\\/schema\\\/person\\\/ec151d321306bd7591f7a061abf72d88\"},\"headline\":\"\u201cCamminata tra gli olivi\u201d\u00a0\u200b\",\"datePublished\":\"2025-10-21T18:13:46+00:00\",\"mainEntityOfPage\":{\"@id\":\"https:\\\/\\\/lavocedelpaese.info\\\/index.php\\\/2025\\\/10\\\/21\\\/camminata-tra-gli-olivi-3\\\/\"},\"wordCount\":202,\"commentCount\":0,\"publisher\":{\"@id\":\"https:\\\/\\\/lavocedelpaese.info\\\/#organization\"},\"image\":{\"@id\":\"https:\\\/\\\/lavocedelpaese.info\\\/index.php\\\/2025\\\/10\\\/21\\\/camminata-tra-gli-olivi-3\\\/#primaryimage\"},\"thumbnailUrl\":\"https:\\\/\\\/lavocedelpaese.info\\\/wp-content\\\/uploads\\\/2024\\\/10\\\/461902142_10233211618461518_8588041481666832481_n-9VHx2u.jpeg\",\"articleSection\":[\"network\"],\"inLanguage\":\"it-IT\",\"potentialAction\":[{\"@type\":\"CommentAction\",\"name\":\"Comment\",\"target\":[\"https:\\\/\\\/lavocedelpaese.info\\\/index.php\\\/2025\\\/10\\\/21\\\/camminata-tra-gli-olivi-3\\\/#respond\"]}]},{\"@type\":\"WebPage\",\"@id\":\"https:\\\/\\\/lavocedelpaese.info\\\/index.php\\\/2025\\\/10\\\/21\\\/camminata-tra-gli-olivi-3\\\/\",\"url\":\"https:\\\/\\\/lavocedelpaese.info\\\/index.php\\\/2025\\\/10\\\/21\\\/camminata-tra-gli-olivi-3\\\/\",\"name\":\"\u201cCamminata tra gli olivi\u201d\u00a0\u200b - La Voce del Paese\",\"isPartOf\":{\"@id\":\"https:\\\/\\\/lavocedelpaese.info\\\/#website\"},\"primaryImageOfPage\":{\"@id\":\"https:\\\/\\\/lavocedelpaese.info\\\/index.php\\\/2025\\\/10\\\/21\\\/camminata-tra-gli-olivi-3\\\/#primaryimage\"},\"image\":{\"@id\":\"https:\\\/\\\/lavocedelpaese.info\\\/index.php\\\/2025\\\/10\\\/21\\\/camminata-tra-gli-olivi-3\\\/#primaryimage\"},\"thumbnailUrl\":\"https:\\\/\\\/lavocedelpaese.info\\\/wp-content\\\/uploads\\\/2024\\\/10\\\/461902142_10233211618461518_8588041481666832481_n-9VHx2u.jpeg\",\"datePublished\":\"2025-10-21T18:13:46+00:00\",\"breadcrumb\":{\"@id\":\"https:\\\/\\\/lavocedelpaese.info\\\/index.php\\\/2025\\\/10\\\/21\\\/camminata-tra-gli-olivi-3\\\/#breadcrumb\"},\"inLanguage\":\"it-IT\",\"potentialAction\":[{\"@type\":\"ReadAction\",\"target\":[\"https:\\\/\\\/lavocedelpaese.info\\\/index.php\\\/2025\\\/10\\\/21\\\/camminata-tra-gli-olivi-3\\\/\"]}]},{\"@type\":\"ImageObject\",\"inLanguage\":\"it-IT\",\"@id\":\"https:\\\/\\\/lavocedelpaese.info\\\/index.php\\\/2025\\\/10\\\/21\\\/camminata-tra-gli-olivi-3\\\/#primaryimage\",\"url\":\"https:\\\/\\\/lavocedelpaese.info\\\/wp-content\\\/uploads\\\/2024\\\/10\\\/461902142_10233211618461518_8588041481666832481_n-9VHx2u.jpeg\",\"contentUrl\":\"https:\\\/\\\/lavocedelpaese.info\\\/wp-content\\\/uploads\\\/2024\\\/10\\\/461902142_10233211618461518_8588041481666832481_n-9VHx2u.jpeg\",\"width\":565,\"height\":800},{\"@type\":\"BreadcrumbList\",\"@id\":\"https:\\\/\\\/lavocedelpaese.info\\\/index.php\\\/2025\\\/10\\\/21\\\/camminata-tra-gli-olivi-3\\\/#breadcrumb\",\"itemListElement\":[{\"@type\":\"ListItem\",\"position\":1,\"name\":\"Home\",\"item\":\"https:\\\/\\\/lavocedelpaese.info\\\/\"},{\"@type\":\"ListItem\",\"position\":2,\"name\":\"\u201cCamminata tra gli olivi\u201d\u00a0\u200b\"}]},{\"@type\":\"WebSite\",\"@id\":\"https:\\\/\\\/lavocedelpaese.info\\\/#website\",\"url\":\"https:\\\/\\\/lavocedelpaese.info\\\/\",\"name\":\"La Voce del Paese\",\"description\":\"Un network di idee\",\"publisher\":{\"@id\":\"https:\\\/\\\/lavocedelpaese.info\\\/#organization\"},\"potentialAction\":[{\"@type\":\"SearchAction\",\"target\":{\"@type\":\"EntryPoint\",\"urlTemplate\":\"https:\\\/\\\/lavocedelpaese.info\\\/?s={search_term_string}\"},\"query-input\":{\"@type\":\"PropertyValueSpecification\",\"valueRequired\":true,\"valueName\":\"search_term_string\"}}],\"inLanguage\":\"it-IT\"},{\"@type\":\"Organization\",\"@id\":\"https:\\\/\\\/lavocedelpaese.info\\\/#organization\",\"name\":\"La Voce del Paese\",\"url\":\"https:\\\/\\\/lavocedelpaese.info\\\/\",\"logo\":{\"@type\":\"ImageObject\",\"inLanguage\":\"it-IT\",\"@id\":\"https:\\\/\\\/lavocedelpaese.info\\\/#\\\/schema\\\/logo\\\/image\\\/\",\"url\":\"https:\\\/\\\/lavocedelpaese.info\\\/wp-content\\\/uploads\\\/2023\\\/01\\\/cropped-logo-150-127.png\",\"contentUrl\":\"https:\\\/\\\/lavocedelpaese.info\\\/wp-content\\\/uploads\\\/2023\\\/01\\\/cropped-logo-150-127.png\",\"width\":137,\"height\":119,\"caption\":\"La Voce del Paese\"},\"image\":{\"@id\":\"https:\\\/\\\/lavocedelpaese.info\\\/#\\\/schema\\\/logo\\\/image\\\/\"},\"sameAs\":[\"https:\\\/\\\/www.facebook.com\\\/lavocedelpaese.info\"]},{\"@type\":\"Person\",\"@id\":\"https:\\\/\\\/lavocedelpaese.info\\\/#\\\/schema\\\/person\\\/ec151d321306bd7591f7a061abf72d88\",\"name\":\"admin\",\"image\":{\"@type\":\"ImageObject\",\"inLanguage\":\"it-IT\",\"@id\":\"https:\\\/\\\/secure.gravatar.com\\\/avatar\\\/af8f2caf0663124588de48a9380e07cbc95a74ef15b8062d0d39106c32fe3023?s=96&d=mm&r=g\",\"url\":\"https:\\\/\\\/secure.gravatar.com\\\/avatar\\\/af8f2caf0663124588de48a9380e07cbc95a74ef15b8062d0d39106c32fe3023?s=96&d=mm&r=g\",\"contentUrl\":\"https:\\\/\\\/secure.gravatar.com\\\/avatar\\\/af8f2caf0663124588de48a9380e07cbc95a74ef15b8062d0d39106c32fe3023?s=96&d=mm&r=g\",\"caption\":\"admin\"},\"sameAs\":[\"https:\\\/\\\/lavocedelpaese.info\"],\"url\":\"https:\\\/\\\/lavocedelpaese.info\\\/index.php\\\/author\\\/admin\\\/\"}]}<\/script>\n<!-- \/ Yoast SEO plugin. -->","yoast_head_json":{"title":"\u201cCamminata tra gli olivi\u201d\u00a0\u200b - La Voce del Paese","robots":{"index":"index","follow":"follow","max-snippet":"max-snippet:-1","max-image-preview":"max-image-preview:large","max-video-preview":"max-video-preview:-1"},"canonical":"https:\/\/lavocedelpaese.info\/index.php\/2025\/10\/21\/camminata-tra-gli-olivi-3\/","og_locale":"it_IT","og_type":"article","og_title":"\u201cCamminata tra gli olivi\u201d\u00a0\u200b - La Voce del Paese","og_description":"\u00a0 \u200b\u00a0 \u200b\u00a0 Con altre centoquarantacinque citt\u00e0 aderenti all\u2019iniziativa, anche il Comune di Acquaviva delle fonti partecipa alla Giornata nazionale","og_url":"https:\/\/lavocedelpaese.info\/index.php\/2025\/10\/21\/camminata-tra-gli-olivi-3\/","og_site_name":"La Voce del Paese","article_publisher":"https:\/\/www.facebook.com\/lavocedelpaese.info","article_published_time":"2025-10-21T18:13:46+00:00","author":"admin","twitter_card":"summary_large_image","twitter_misc":{"Scritto da":"admin","Tempo di lettura stimato":"1 minuto"},"schema":{"@context":"https:\/\/schema.org","@graph":[{"@type":"Article","@id":"https:\/\/lavocedelpaese.info\/index.php\/2025\/10\/21\/camminata-tra-gli-olivi-3\/#article","isPartOf":{"@id":"https:\/\/lavocedelpaese.info\/index.php\/2025\/10\/21\/camminata-tra-gli-olivi-3\/"},"author":{"name":"admin","@id":"https:\/\/lavocedelpaese.info\/#\/schema\/person\/ec151d321306bd7591f7a061abf72d88"},"headline":"\u201cCamminata tra gli olivi\u201d\u00a0\u200b","datePublished":"2025-10-21T18:13:46+00:00","mainEntityOfPage":{"@id":"https:\/\/lavocedelpaese.info\/index.php\/2025\/10\/21\/camminata-tra-gli-olivi-3\/"},"wordCount":202,"commentCount":0,"publisher":{"@id":"https:\/\/lavocedelpaese.info\/#organization"},"image":{"@id":"https:\/\/lavocedelpaese.info\/index.php\/2025\/10\/21\/camminata-tra-gli-olivi-3\/#primaryimage"},"thumbnailUrl":"https:\/\/lavocedelpaese.info\/wp-content\/uploads\/2024\/10\/461902142_10233211618461518_8588041481666832481_n-9VHx2u.jpeg","articleSection":["network"],"inLanguage":"it-IT","potentialAction":[{"@type":"CommentAction","name":"Comment","target":["https:\/\/lavocedelpaese.info\/index.php\/2025\/10\/21\/camminata-tra-gli-olivi-3\/#respond"]}]},{"@type":"WebPage","@id":"https:\/\/lavocedelpaese.info\/index.php\/2025\/10\/21\/camminata-tra-gli-olivi-3\/","url":"https:\/\/lavocedelpaese.info\/index.php\/2025\/10\/21\/camminata-tra-gli-olivi-3\/","name":"\u201cCamminata tra gli olivi\u201d\u00a0\u200b - La Voce del Paese","isPartOf":{"@id":"https:\/\/lavocedelpaese.info\/#website"},"primaryImageOfPage":{"@id":"https:\/\/lavocedelpaese.info\/index.php\/2025\/10\/21\/camminata-tra-gli-olivi-3\/#primaryimage"},"image":{"@id":"https:\/\/lavocedelpaese.info\/index.php\/2025\/10\/21\/camminata-tra-gli-olivi-3\/#primaryimage"},"thumbnailUrl":"https:\/\/lavocedelpaese.info\/wp-content\/uploads\/2024\/10\/461902142_10233211618461518_8588041481666832481_n-9VHx2u.jpeg","datePublished":"2025-10-21T18:13:46+00:00","breadcrumb":{"@id":"https:\/\/lavocedelpaese.info\/index.php\/2025\/10\/21\/camminata-tra-gli-olivi-3\/#breadcrumb"},"inLanguage":"it-IT","potentialAction":[{"@type":"ReadAction","target":["https:\/\/lavocedelpaese.info\/index.php\/2025\/10\/21\/camminata-tra-gli-olivi-3\/"]}]},{"@type":"ImageObject","inLanguage":"it-IT","@id":"https:\/\/lavocedelpaese.info\/index.php\/2025\/10\/21\/camminata-tra-gli-olivi-3\/#primaryimage","url":"https:\/\/lavocedelpaese.info\/wp-content\/uploads\/2024\/10\/461902142_10233211618461518_8588041481666832481_n-9VHx2u.jpeg","contentUrl":"https:\/\/lavocedelpaese.info\/wp-content\/uploads\/2024\/10\/461902142_10233211618461518_8588041481666832481_n-9VHx2u.jpeg","width":565,"height":800},{"@type":"BreadcrumbList","@id":"https:\/\/lavocedelpaese.info\/index.php\/2025\/10\/21\/camminata-tra-gli-olivi-3\/#breadcrumb","itemListElement":[{"@type":"ListItem","position":1,"name":"Home","item":"https:\/\/lavocedelpaese.info\/"},{"@type":"ListItem","position":2,"name":"\u201cCamminata tra gli olivi\u201d\u00a0\u200b"}]},{"@type":"WebSite","@id":"https:\/\/lavocedelpaese.info\/#website","url":"https:\/\/lavocedelpaese.info\/","name":"La Voce del Paese","description":"Un network di idee","publisher":{"@id":"https:\/\/lavocedelpaese.info\/#organization"},"potentialAction":[{"@type":"SearchAction","target":{"@type":"EntryPoint","urlTemplate":"https:\/\/lavocedelpaese.info\/?s={search_term_string}"},"query-input":{"@type":"PropertyValueSpecification","valueRequired":true,"valueName":"search_term_string"}}],"inLanguage":"it-IT"},{"@type":"Organization","@id":"https:\/\/lavocedelpaese.info\/#organization","name":"La Voce del Paese","url":"https:\/\/lavocedelpaese.info\/","logo":{"@type":"ImageObject","inLanguage":"it-IT","@id":"https:\/\/lavocedelpaese.info\/#\/schema\/logo\/image\/","url":"https:\/\/lavocedelpaese.info\/wp-content\/uploads\/2023\/01\/cropped-logo-150-127.png","contentUrl":"https:\/\/lavocedelpaese.info\/wp-content\/uploads\/2023\/01\/cropped-logo-150-127.png","width":137,"height":119,"caption":"La Voce del Paese"},"image":{"@id":"https:\/\/lavocedelpaese.info\/#\/schema\/logo\/image\/"},"sameAs":["https:\/\/www.facebook.com\/lavocedelpaese.info"]},{"@type":"Person","@id":"https:\/\/lavocedelpaese.info\/#\/schema\/person\/ec151d321306bd7591f7a061abf72d88","name":"admin","image":{"@type":"ImageObject","inLanguage":"it-IT","@id":"https:\/\/secure.gravatar.com\/avatar\/af8f2caf0663124588de48a9380e07cbc95a74ef15b8062d0d39106c32fe3023?s=96&d=mm&r=g","url":"https:\/\/secure.gravatar.com\/avatar\/af8f2caf0663124588de48a9380e07cbc95a74ef15b8062d0d39106c32fe3023?s=96&d=mm&r=g","contentUrl":"https:\/\/secure.gravatar.com\/avatar\/af8f2caf0663124588de48a9380e07cbc95a74ef15b8062d0d39106c32fe3023?s=96&d=mm&r=g","caption":"admin"},"sameAs":["https:\/\/lavocedelpaese.info"],"url":"https:\/\/lavocedelpaese.info\/index.php\/author\/admin\/"}]}},"_links":{"self":[{"href":"https:\/\/lavocedelpaese.info\/index.php\/wp-json\/wp\/v2\/posts\/10096","targetHints":{"allow":["GET"]}}],"collection":[{"href":"https:\/\/lavocedelpaese.info\/index.php\/wp-json\/wp\/v2\/posts"}],"about":[{"href":"https:\/\/lavocedelpaese.info\/index.php\/wp-json\/wp\/v2\/types\/post"}],"author":[{"embeddable":true,"href":"https:\/\/lavocedelpaese.info\/index.php\/wp-json\/wp\/v2\/users\/6"}],"replies":[{"embeddable":true,"href":"https:\/\/lavocedelpaese.info\/index.php\/wp-json\/wp\/v2\/comments?post=10096"}],"version-history":[{"count":0,"href":"https:\/\/lavocedelpaese.info\/index.php\/wp-json\/wp\/v2\/posts\/10096\/revisions"}],"wp:featuredmedia":[{"embeddable":true,"href":"https:\/\/lavocedelpaese.info\/index.php\/wp-json\/wp\/v2\/media\/8024"}],"wp:attachment":[{"href":"https:\/\/lavocedelpaese.info\/index.php\/wp-json\/wp\/v2\/media?parent=10096"}],"wp:term":[{"taxonomy":"category","embeddable":true,"href":"https:\/\/lavocedelpaese.info\/index.php\/wp-json\/wp\/v2\/categories?post=10096"},{"taxonomy":"post_tag","embeddable":true,"href":"https:\/\/lavocedelpaese.info\/index.php\/wp-json\/wp\/v2\/tags?post=10096"}],"curies":[{"name":"wp","href":"https:\/\/api.w.org\/{rel}","templated":true}]}}