{"id":10061,"date":"2025-10-15T07:15:13","date_gmt":"2025-10-15T07:15:13","guid":{"rendered":"https:\/\/lavocedelpaese.info\/index.php\/2025\/10\/15\/nicola-mastroserio-e-il-simbolo-universale-della-vita\/"},"modified":"2025-10-15T07:15:13","modified_gmt":"2025-10-15T07:15:13","slug":"nicola-mastroserio-e-il-simbolo-universale-della-vita","status":"publish","type":"post","link":"https:\/\/lavocedelpaese.info\/index.php\/2025\/10\/15\/nicola-mastroserio-e-il-simbolo-universale-della-vita\/","title":{"rendered":"Nicola Mastroserio e il Simbolo Universale della Vita\u00a0\u200b"},"content":{"rendered":"<p>\u00a0<\/p>\n<p>\u200b\u00a0<\/p>\n<p>\u200b\u00a0<\/p>\n<p>di Ann W.<\/p>\n<p>Nicola Mastroserio non insegue le tendenze. Non asseconda la fame di mercificazione del mercato dell\u2019arte. Al contrario, persegue qualcosa di pi\u00f9 profondo: un\u2019esplorazione della realt\u00e0 che resiste alle risposte facili. Il suo lavoro \u00e8 una meditazione sull\u2019esistenza, un interrogarsi silenzioso ma persistente sulla natura della vita, dell\u2019intelligenza e delle forze invisibili che plasmano il nostro mondo. Nei suoi dipinti non c\u2019\u00e8 alcuna preoccupazione per lo spettacolo, nessun cenno alla moda. Ci\u00f2 che conta \u00e8 la chiarezza della visione e la convinzione incrollabile che l\u2019arte possa racchiudere valori che trascendono l\u2019economia. Dipinge perch\u00e9 deve farlo, perch\u00e9 crede nell\u2019arte come veicolo di verit\u00e0 e connessione umana. Questa convinzione lo contraddistingue. Spiega anche perch\u00e9 il suo lavoro non \u00e8 sempre facile, ma sempre necessario. Per Mastroserio, la tela non \u00e8 una merce, \u00e8 un luogo dove possono prendere forma domande di pace, amore e fratellanza.<\/p>\n<p>[08:44, 07\/10\/2025] Giusi: Il \u201cSimbolo universale della vita\u201d di Mastroserio non \u00e8 solo un dipinto. \u00c8 inteso come un segno, un indicatore, un dono. L\u2019opera \u00e8 un olio su tela, 100 x 100 centimetri, di forma quadrata e bilanciata nell\u2019intento. Egli la descrive come qualcosa nato dal suo cuore, realizzato non per s\u00e9 stesso, non per i collezionisti, ma per l\u2019umanit\u00e0. Questo basta a distinguerla in un mondo in cui tanta arte \u00e8 fatta per essere acquistata, posseduta e scambiata.<\/p>\n<p>Il simbolo \u00e8 concepito come un punto di unione. Il suo scopo \u00e8 quello di riunire tutti gli esseri umani sotto un unico riconoscimento: che la vita \u00e8 il nostro bene pi\u00f9 prezioso. Mastroserio ne parla come di un chiaro riferimento per il futuro dell\u2019umanit\u00e0, un appello alla pace, all\u2019amore e alla fratellanza senza distinzioni. In un\u2019epoca in cui la divisione domina spesso i titoli dei giornali, quest\u2019opera insiste sull\u2019universalit\u00e0. Insiste sul fatto che l\u2019umanit\u00e0, in tutti i suoi stati frammentati, pu\u00f2 ancora essere un unico popolo.<\/p>\n<p>Il dipinto ha un profondo significato etico. Mastroserio non parla dell\u2019arte come qualcosa di separato dalla vita. Per lui, le due cose sono intrecciate. Descrive il \u201cSimbolo Universale della Vita\u201d come una protezione, una sorta di scudo offerto gratuitamente a ogni essere umano. Il suo valore non sta nel prezzo, ma nella sua capacit\u00e0 di ricordarci la nostra unicit\u00e0 e universalit\u00e0 condivise. Ha persino dichiarato che l\u2019opera \u00e8 di dominio pubblico, non in vendita. Questo \u00e8 il suo dono, la sua offerta, un rifiuto di partecipare alla mercificazione.<\/p>\n<p>[08:44, 07\/10\/2025] Giusi: Questa scelta ha un costo. Mastroserio riconosce le difficolt\u00e0 che lui e la sua famiglia devono affrontare rifiutando di vendersi al mercato. Parla apertamente dei sacrifici: vivere senza sicurezza finanziaria, affrontare difficolt\u00e0 quotidiane, eppure rimanere fedeli alla convinzione che l\u2019amore e l\u2019umanit\u00e0 valgano pi\u00f9 del denaro. Questa onest\u00e0 \u00e8 intessuta nel tessuto dell\u2019opera. Non \u00e8 solo un simbolo di vita, ma un simbolo di impegno.<\/p>\n<p>Il \u201cSimbolo universale della vita\u201d \u00e8 anche di natura collettiva. Mastroserio insiste sul fatto che non \u00e8 il prodotto di un individuo isolato. Piuttosto, \u00e8 un processo che coinvolge tutta l\u2019umanit\u00e0. Lo immagina come un gesto univoco, una linea tracciata che chiama ogni persona a collaborare, a lavorare insieme come un unico popolo universale. Questa posizione collettiva si riflette nella sua descrizione del futuro. Parla dell\u2019umanit\u00e0 come di una \u201cfutura civilt\u00e0 cosmica\u201d, estendendo il significato del simbolo oltre i confini, le nazioni e persino il momento presente. \u00c8 un\u2019arte rivolta non solo al presente, ma anche al futuro.<\/p>\n<p>Per molti versi, l\u2019opera \u00e8 in contrasto con gran parte dell\u2019arte contemporanea. Non ricorre all\u2019ironia o alla critica. Non mira allo spettacolo o allo shock. Al contrario, cerca qualcosa di pi\u00f9 antico, qualcosa di elementare. I simboli sono sempre stati il modo in cui l\u2019umanit\u00e0 ha compresso idee vaste in forme che possiamo afferrare, ricordare e condividere. Il contributo di Mastroserio \u00e8 quello di offrire un simbolo non di una trib\u00f9, non di una nazione, ma di tutta la vita.<\/p>\n<p><a class=\"a2a_button_facebook\" href=\"https:\/\/www.addtoany.com\/add_to\/facebook?linkurl=https%3A%2F%2Fcassano.lavocedelpaese.info%2Fnicola-mastroserio-e-il-simbolo-universale-della-vita%2F&amp;linkname=Nicola%20Mastroserio%20e%20il%20Simbolo%20Universale%20della%20Vita\" title=\"Facebook\" rel=\"nofollow noopener\" target=\"_blank\"><\/a><a class=\"a2a_button_twitter\" href=\"https:\/\/www.addtoany.com\/add_to\/twitter?linkurl=https%3A%2F%2Fcassano.lavocedelpaese.info%2Fnicola-mastroserio-e-il-simbolo-universale-della-vita%2F&amp;linkname=Nicola%20Mastroserio%20e%20il%20Simbolo%20Universale%20della%20Vita\" title=\"Twitter\" rel=\"nofollow noopener\" target=\"_blank\"><\/a><a class=\"a2a_button_whatsapp\" href=\"https:\/\/www.addtoany.com\/add_to\/whatsapp?linkurl=https%3A%2F%2Fcassano.lavocedelpaese.info%2Fnicola-mastroserio-e-il-simbolo-universale-della-vita%2F&amp;linkname=Nicola%20Mastroserio%20e%20il%20Simbolo%20Universale%20della%20Vita\" title=\"WhatsApp\" rel=\"nofollow noopener\" target=\"_blank\"><\/a><a class=\"a2a_button_telegram\" href=\"https:\/\/www.addtoany.com\/add_to\/telegram?linkurl=https%3A%2F%2Fcassano.lavocedelpaese.info%2Fnicola-mastroserio-e-il-simbolo-universale-della-vita%2F&amp;linkname=Nicola%20Mastroserio%20e%20il%20Simbolo%20Universale%20della%20Vita\" title=\"Telegram\" rel=\"nofollow noopener\" target=\"_blank\"><\/a><a class=\"a2a_button_email\" href=\"https:\/\/www.addtoany.com\/add_to\/email?linkurl=https%3A%2F%2Fcassano.lavocedelpaese.info%2Fnicola-mastroserio-e-il-simbolo-universale-della-vita%2F&amp;linkname=Nicola%20Mastroserio%20e%20il%20Simbolo%20Universale%20della%20Vita\" title=\"Email\" rel=\"nofollow noopener\" target=\"_blank\"><\/a><\/p>\n<p>\u00a0<\/p>\n<p>\u00a0<\/p>\n<p>\u200b\u00a0\u00a0\u00a0<\/p>","protected":false},"excerpt":{"rendered":"<p>\u00a0 \u200b\u00a0 \u200b\u00a0 di Ann W. Nicola Mastroserio non insegue le tendenze. Non asseconda la fame di mercificazione del mercato<\/p>\n","protected":false},"author":6,"featured_media":730,"comment_status":"open","ping_status":"closed","sticky":false,"template":"","format":"standard","meta":{"colormag_page_container_layout":"default_layout","colormag_page_sidebar_layout":"default_layout","footnotes":""},"categories":[33],"tags":[],"class_list":["post-10061","post","type-post","status-publish","format-standard","has-post-thumbnail","hentry","category-network"],"yoast_head":"<!-- This site is optimized with the Yoast SEO plugin v27.5 - https:\/\/yoast.com\/product\/yoast-seo-wordpress\/ -->\n<title>Nicola Mastroserio e il Simbolo Universale della Vita\u00a0\u200b - La Voce del Paese<\/title>\n<meta name=\"robots\" content=\"index, follow, max-snippet:-1, max-image-preview:large, max-video-preview:-1\" \/>\n<link rel=\"canonical\" href=\"https:\/\/lavocedelpaese.info\/index.php\/2025\/10\/15\/nicola-mastroserio-e-il-simbolo-universale-della-vita\/\" \/>\n<meta property=\"og:locale\" content=\"it_IT\" \/>\n<meta property=\"og:type\" content=\"article\" \/>\n<meta property=\"og:title\" content=\"Nicola Mastroserio e il Simbolo Universale della Vita\u00a0\u200b - La Voce del Paese\" \/>\n<meta property=\"og:description\" content=\"\u00a0 \u200b\u00a0 \u200b\u00a0 di Ann W. Nicola Mastroserio non insegue le tendenze. Non asseconda la fame di mercificazione del mercato\" \/>\n<meta property=\"og:url\" content=\"https:\/\/lavocedelpaese.info\/index.php\/2025\/10\/15\/nicola-mastroserio-e-il-simbolo-universale-della-vita\/\" \/>\n<meta property=\"og:site_name\" content=\"La Voce del Paese\" \/>\n<meta property=\"article:publisher\" content=\"https:\/\/www.facebook.com\/lavocedelpaese.info\" \/>\n<meta property=\"article:published_time\" content=\"2025-10-15T07:15:13+00:00\" \/>\n<meta name=\"author\" content=\"admin\" \/>\n<meta name=\"twitter:card\" content=\"summary_large_image\" \/>\n<meta name=\"twitter:label1\" content=\"Scritto da\" \/>\n\t<meta name=\"twitter:data1\" content=\"admin\" \/>\n\t<meta name=\"twitter:label2\" content=\"Tempo di lettura stimato\" \/>\n\t<meta name=\"twitter:data2\" content=\"3 minuti\" \/>\n<script type=\"application\/ld+json\" class=\"yoast-schema-graph\">{\"@context\":\"https:\\\/\\\/schema.org\",\"@graph\":[{\"@type\":\"Article\",\"@id\":\"https:\\\/\\\/lavocedelpaese.info\\\/index.php\\\/2025\\\/10\\\/15\\\/nicola-mastroserio-e-il-simbolo-universale-della-vita\\\/#article\",\"isPartOf\":{\"@id\":\"https:\\\/\\\/lavocedelpaese.info\\\/index.php\\\/2025\\\/10\\\/15\\\/nicola-mastroserio-e-il-simbolo-universale-della-vita\\\/\"},\"author\":{\"name\":\"admin\",\"@id\":\"https:\\\/\\\/lavocedelpaese.info\\\/#\\\/schema\\\/person\\\/ec151d321306bd7591f7a061abf72d88\"},\"headline\":\"Nicola Mastroserio e il Simbolo Universale della Vita\u00a0\u200b\",\"datePublished\":\"2025-10-15T07:15:13+00:00\",\"mainEntityOfPage\":{\"@id\":\"https:\\\/\\\/lavocedelpaese.info\\\/index.php\\\/2025\\\/10\\\/15\\\/nicola-mastroserio-e-il-simbolo-universale-della-vita\\\/\"},\"wordCount\":654,\"commentCount\":0,\"publisher\":{\"@id\":\"https:\\\/\\\/lavocedelpaese.info\\\/#organization\"},\"image\":{\"@id\":\"https:\\\/\\\/lavocedelpaese.info\\\/index.php\\\/2025\\\/10\\\/15\\\/nicola-mastroserio-e-il-simbolo-universale-della-vita\\\/#primaryimage\"},\"thumbnailUrl\":\"https:\\\/\\\/lavocedelpaese.info\\\/wp-content\\\/uploads\\\/2023\\\/01\\\/logo-150-127.png\",\"articleSection\":[\"network\"],\"inLanguage\":\"it-IT\",\"potentialAction\":[{\"@type\":\"CommentAction\",\"name\":\"Comment\",\"target\":[\"https:\\\/\\\/lavocedelpaese.info\\\/index.php\\\/2025\\\/10\\\/15\\\/nicola-mastroserio-e-il-simbolo-universale-della-vita\\\/#respond\"]}]},{\"@type\":\"WebPage\",\"@id\":\"https:\\\/\\\/lavocedelpaese.info\\\/index.php\\\/2025\\\/10\\\/15\\\/nicola-mastroserio-e-il-simbolo-universale-della-vita\\\/\",\"url\":\"https:\\\/\\\/lavocedelpaese.info\\\/index.php\\\/2025\\\/10\\\/15\\\/nicola-mastroserio-e-il-simbolo-universale-della-vita\\\/\",\"name\":\"Nicola Mastroserio e il Simbolo Universale della Vita\u00a0\u200b - La Voce del Paese\",\"isPartOf\":{\"@id\":\"https:\\\/\\\/lavocedelpaese.info\\\/#website\"},\"primaryImageOfPage\":{\"@id\":\"https:\\\/\\\/lavocedelpaese.info\\\/index.php\\\/2025\\\/10\\\/15\\\/nicola-mastroserio-e-il-simbolo-universale-della-vita\\\/#primaryimage\"},\"image\":{\"@id\":\"https:\\\/\\\/lavocedelpaese.info\\\/index.php\\\/2025\\\/10\\\/15\\\/nicola-mastroserio-e-il-simbolo-universale-della-vita\\\/#primaryimage\"},\"thumbnailUrl\":\"https:\\\/\\\/lavocedelpaese.info\\\/wp-content\\\/uploads\\\/2023\\\/01\\\/logo-150-127.png\",\"datePublished\":\"2025-10-15T07:15:13+00:00\",\"breadcrumb\":{\"@id\":\"https:\\\/\\\/lavocedelpaese.info\\\/index.php\\\/2025\\\/10\\\/15\\\/nicola-mastroserio-e-il-simbolo-universale-della-vita\\\/#breadcrumb\"},\"inLanguage\":\"it-IT\",\"potentialAction\":[{\"@type\":\"ReadAction\",\"target\":[\"https:\\\/\\\/lavocedelpaese.info\\\/index.php\\\/2025\\\/10\\\/15\\\/nicola-mastroserio-e-il-simbolo-universale-della-vita\\\/\"]}]},{\"@type\":\"ImageObject\",\"inLanguage\":\"it-IT\",\"@id\":\"https:\\\/\\\/lavocedelpaese.info\\\/index.php\\\/2025\\\/10\\\/15\\\/nicola-mastroserio-e-il-simbolo-universale-della-vita\\\/#primaryimage\",\"url\":\"https:\\\/\\\/lavocedelpaese.info\\\/wp-content\\\/uploads\\\/2023\\\/01\\\/logo-150-127.png\",\"contentUrl\":\"https:\\\/\\\/lavocedelpaese.info\\\/wp-content\\\/uploads\\\/2023\\\/01\\\/logo-150-127.png\",\"width\":150,\"height\":127},{\"@type\":\"BreadcrumbList\",\"@id\":\"https:\\\/\\\/lavocedelpaese.info\\\/index.php\\\/2025\\\/10\\\/15\\\/nicola-mastroserio-e-il-simbolo-universale-della-vita\\\/#breadcrumb\",\"itemListElement\":[{\"@type\":\"ListItem\",\"position\":1,\"name\":\"Home\",\"item\":\"https:\\\/\\\/lavocedelpaese.info\\\/\"},{\"@type\":\"ListItem\",\"position\":2,\"name\":\"Nicola Mastroserio e il Simbolo Universale della Vita\u00a0\u200b\"}]},{\"@type\":\"WebSite\",\"@id\":\"https:\\\/\\\/lavocedelpaese.info\\\/#website\",\"url\":\"https:\\\/\\\/lavocedelpaese.info\\\/\",\"name\":\"La Voce del Paese\",\"description\":\"Un network di idee\",\"publisher\":{\"@id\":\"https:\\\/\\\/lavocedelpaese.info\\\/#organization\"},\"potentialAction\":[{\"@type\":\"SearchAction\",\"target\":{\"@type\":\"EntryPoint\",\"urlTemplate\":\"https:\\\/\\\/lavocedelpaese.info\\\/?s={search_term_string}\"},\"query-input\":{\"@type\":\"PropertyValueSpecification\",\"valueRequired\":true,\"valueName\":\"search_term_string\"}}],\"inLanguage\":\"it-IT\"},{\"@type\":\"Organization\",\"@id\":\"https:\\\/\\\/lavocedelpaese.info\\\/#organization\",\"name\":\"La Voce del Paese\",\"url\":\"https:\\\/\\\/lavocedelpaese.info\\\/\",\"logo\":{\"@type\":\"ImageObject\",\"inLanguage\":\"it-IT\",\"@id\":\"https:\\\/\\\/lavocedelpaese.info\\\/#\\\/schema\\\/logo\\\/image\\\/\",\"url\":\"https:\\\/\\\/lavocedelpaese.info\\\/wp-content\\\/uploads\\\/2023\\\/01\\\/cropped-logo-150-127.png\",\"contentUrl\":\"https:\\\/\\\/lavocedelpaese.info\\\/wp-content\\\/uploads\\\/2023\\\/01\\\/cropped-logo-150-127.png\",\"width\":137,\"height\":119,\"caption\":\"La Voce del Paese\"},\"image\":{\"@id\":\"https:\\\/\\\/lavocedelpaese.info\\\/#\\\/schema\\\/logo\\\/image\\\/\"},\"sameAs\":[\"https:\\\/\\\/www.facebook.com\\\/lavocedelpaese.info\"]},{\"@type\":\"Person\",\"@id\":\"https:\\\/\\\/lavocedelpaese.info\\\/#\\\/schema\\\/person\\\/ec151d321306bd7591f7a061abf72d88\",\"name\":\"admin\",\"image\":{\"@type\":\"ImageObject\",\"inLanguage\":\"it-IT\",\"@id\":\"https:\\\/\\\/secure.gravatar.com\\\/avatar\\\/af8f2caf0663124588de48a9380e07cbc95a74ef15b8062d0d39106c32fe3023?s=96&d=mm&r=g\",\"url\":\"https:\\\/\\\/secure.gravatar.com\\\/avatar\\\/af8f2caf0663124588de48a9380e07cbc95a74ef15b8062d0d39106c32fe3023?s=96&d=mm&r=g\",\"contentUrl\":\"https:\\\/\\\/secure.gravatar.com\\\/avatar\\\/af8f2caf0663124588de48a9380e07cbc95a74ef15b8062d0d39106c32fe3023?s=96&d=mm&r=g\",\"caption\":\"admin\"},\"sameAs\":[\"https:\\\/\\\/lavocedelpaese.info\"],\"url\":\"https:\\\/\\\/lavocedelpaese.info\\\/index.php\\\/author\\\/admin\\\/\"}]}<\/script>\n<!-- \/ Yoast SEO plugin. -->","yoast_head_json":{"title":"Nicola Mastroserio e il Simbolo Universale della Vita\u00a0\u200b - La Voce del Paese","robots":{"index":"index","follow":"follow","max-snippet":"max-snippet:-1","max-image-preview":"max-image-preview:large","max-video-preview":"max-video-preview:-1"},"canonical":"https:\/\/lavocedelpaese.info\/index.php\/2025\/10\/15\/nicola-mastroserio-e-il-simbolo-universale-della-vita\/","og_locale":"it_IT","og_type":"article","og_title":"Nicola Mastroserio e il Simbolo Universale della Vita\u00a0\u200b - La Voce del Paese","og_description":"\u00a0 \u200b\u00a0 \u200b\u00a0 di Ann W. Nicola Mastroserio non insegue le tendenze. Non asseconda la fame di mercificazione del mercato","og_url":"https:\/\/lavocedelpaese.info\/index.php\/2025\/10\/15\/nicola-mastroserio-e-il-simbolo-universale-della-vita\/","og_site_name":"La Voce del Paese","article_publisher":"https:\/\/www.facebook.com\/lavocedelpaese.info","article_published_time":"2025-10-15T07:15:13+00:00","author":"admin","twitter_card":"summary_large_image","twitter_misc":{"Scritto da":"admin","Tempo di lettura stimato":"3 minuti"},"schema":{"@context":"https:\/\/schema.org","@graph":[{"@type":"Article","@id":"https:\/\/lavocedelpaese.info\/index.php\/2025\/10\/15\/nicola-mastroserio-e-il-simbolo-universale-della-vita\/#article","isPartOf":{"@id":"https:\/\/lavocedelpaese.info\/index.php\/2025\/10\/15\/nicola-mastroserio-e-il-simbolo-universale-della-vita\/"},"author":{"name":"admin","@id":"https:\/\/lavocedelpaese.info\/#\/schema\/person\/ec151d321306bd7591f7a061abf72d88"},"headline":"Nicola Mastroserio e il Simbolo Universale della Vita\u00a0\u200b","datePublished":"2025-10-15T07:15:13+00:00","mainEntityOfPage":{"@id":"https:\/\/lavocedelpaese.info\/index.php\/2025\/10\/15\/nicola-mastroserio-e-il-simbolo-universale-della-vita\/"},"wordCount":654,"commentCount":0,"publisher":{"@id":"https:\/\/lavocedelpaese.info\/#organization"},"image":{"@id":"https:\/\/lavocedelpaese.info\/index.php\/2025\/10\/15\/nicola-mastroserio-e-il-simbolo-universale-della-vita\/#primaryimage"},"thumbnailUrl":"https:\/\/lavocedelpaese.info\/wp-content\/uploads\/2023\/01\/logo-150-127.png","articleSection":["network"],"inLanguage":"it-IT","potentialAction":[{"@type":"CommentAction","name":"Comment","target":["https:\/\/lavocedelpaese.info\/index.php\/2025\/10\/15\/nicola-mastroserio-e-il-simbolo-universale-della-vita\/#respond"]}]},{"@type":"WebPage","@id":"https:\/\/lavocedelpaese.info\/index.php\/2025\/10\/15\/nicola-mastroserio-e-il-simbolo-universale-della-vita\/","url":"https:\/\/lavocedelpaese.info\/index.php\/2025\/10\/15\/nicola-mastroserio-e-il-simbolo-universale-della-vita\/","name":"Nicola Mastroserio e il Simbolo Universale della Vita\u00a0\u200b - La Voce del Paese","isPartOf":{"@id":"https:\/\/lavocedelpaese.info\/#website"},"primaryImageOfPage":{"@id":"https:\/\/lavocedelpaese.info\/index.php\/2025\/10\/15\/nicola-mastroserio-e-il-simbolo-universale-della-vita\/#primaryimage"},"image":{"@id":"https:\/\/lavocedelpaese.info\/index.php\/2025\/10\/15\/nicola-mastroserio-e-il-simbolo-universale-della-vita\/#primaryimage"},"thumbnailUrl":"https:\/\/lavocedelpaese.info\/wp-content\/uploads\/2023\/01\/logo-150-127.png","datePublished":"2025-10-15T07:15:13+00:00","breadcrumb":{"@id":"https:\/\/lavocedelpaese.info\/index.php\/2025\/10\/15\/nicola-mastroserio-e-il-simbolo-universale-della-vita\/#breadcrumb"},"inLanguage":"it-IT","potentialAction":[{"@type":"ReadAction","target":["https:\/\/lavocedelpaese.info\/index.php\/2025\/10\/15\/nicola-mastroserio-e-il-simbolo-universale-della-vita\/"]}]},{"@type":"ImageObject","inLanguage":"it-IT","@id":"https:\/\/lavocedelpaese.info\/index.php\/2025\/10\/15\/nicola-mastroserio-e-il-simbolo-universale-della-vita\/#primaryimage","url":"https:\/\/lavocedelpaese.info\/wp-content\/uploads\/2023\/01\/logo-150-127.png","contentUrl":"https:\/\/lavocedelpaese.info\/wp-content\/uploads\/2023\/01\/logo-150-127.png","width":150,"height":127},{"@type":"BreadcrumbList","@id":"https:\/\/lavocedelpaese.info\/index.php\/2025\/10\/15\/nicola-mastroserio-e-il-simbolo-universale-della-vita\/#breadcrumb","itemListElement":[{"@type":"ListItem","position":1,"name":"Home","item":"https:\/\/lavocedelpaese.info\/"},{"@type":"ListItem","position":2,"name":"Nicola Mastroserio e il Simbolo Universale della Vita\u00a0\u200b"}]},{"@type":"WebSite","@id":"https:\/\/lavocedelpaese.info\/#website","url":"https:\/\/lavocedelpaese.info\/","name":"La Voce del Paese","description":"Un network di idee","publisher":{"@id":"https:\/\/lavocedelpaese.info\/#organization"},"potentialAction":[{"@type":"SearchAction","target":{"@type":"EntryPoint","urlTemplate":"https:\/\/lavocedelpaese.info\/?s={search_term_string}"},"query-input":{"@type":"PropertyValueSpecification","valueRequired":true,"valueName":"search_term_string"}}],"inLanguage":"it-IT"},{"@type":"Organization","@id":"https:\/\/lavocedelpaese.info\/#organization","name":"La Voce del Paese","url":"https:\/\/lavocedelpaese.info\/","logo":{"@type":"ImageObject","inLanguage":"it-IT","@id":"https:\/\/lavocedelpaese.info\/#\/schema\/logo\/image\/","url":"https:\/\/lavocedelpaese.info\/wp-content\/uploads\/2023\/01\/cropped-logo-150-127.png","contentUrl":"https:\/\/lavocedelpaese.info\/wp-content\/uploads\/2023\/01\/cropped-logo-150-127.png","width":137,"height":119,"caption":"La Voce del Paese"},"image":{"@id":"https:\/\/lavocedelpaese.info\/#\/schema\/logo\/image\/"},"sameAs":["https:\/\/www.facebook.com\/lavocedelpaese.info"]},{"@type":"Person","@id":"https:\/\/lavocedelpaese.info\/#\/schema\/person\/ec151d321306bd7591f7a061abf72d88","name":"admin","image":{"@type":"ImageObject","inLanguage":"it-IT","@id":"https:\/\/secure.gravatar.com\/avatar\/af8f2caf0663124588de48a9380e07cbc95a74ef15b8062d0d39106c32fe3023?s=96&d=mm&r=g","url":"https:\/\/secure.gravatar.com\/avatar\/af8f2caf0663124588de48a9380e07cbc95a74ef15b8062d0d39106c32fe3023?s=96&d=mm&r=g","contentUrl":"https:\/\/secure.gravatar.com\/avatar\/af8f2caf0663124588de48a9380e07cbc95a74ef15b8062d0d39106c32fe3023?s=96&d=mm&r=g","caption":"admin"},"sameAs":["https:\/\/lavocedelpaese.info"],"url":"https:\/\/lavocedelpaese.info\/index.php\/author\/admin\/"}]}},"_links":{"self":[{"href":"https:\/\/lavocedelpaese.info\/index.php\/wp-json\/wp\/v2\/posts\/10061","targetHints":{"allow":["GET"]}}],"collection":[{"href":"https:\/\/lavocedelpaese.info\/index.php\/wp-json\/wp\/v2\/posts"}],"about":[{"href":"https:\/\/lavocedelpaese.info\/index.php\/wp-json\/wp\/v2\/types\/post"}],"author":[{"embeddable":true,"href":"https:\/\/lavocedelpaese.info\/index.php\/wp-json\/wp\/v2\/users\/6"}],"replies":[{"embeddable":true,"href":"https:\/\/lavocedelpaese.info\/index.php\/wp-json\/wp\/v2\/comments?post=10061"}],"version-history":[{"count":0,"href":"https:\/\/lavocedelpaese.info\/index.php\/wp-json\/wp\/v2\/posts\/10061\/revisions"}],"wp:featuredmedia":[{"embeddable":true,"href":"https:\/\/lavocedelpaese.info\/index.php\/wp-json\/wp\/v2\/media\/730"}],"wp:attachment":[{"href":"https:\/\/lavocedelpaese.info\/index.php\/wp-json\/wp\/v2\/media?parent=10061"}],"wp:term":[{"taxonomy":"category","embeddable":true,"href":"https:\/\/lavocedelpaese.info\/index.php\/wp-json\/wp\/v2\/categories?post=10061"},{"taxonomy":"post_tag","embeddable":true,"href":"https:\/\/lavocedelpaese.info\/index.php\/wp-json\/wp\/v2\/tags?post=10061"}],"curies":[{"name":"wp","href":"https:\/\/api.w.org\/{rel}","templated":true}]}}