{"id":10054,"date":"2025-10-13T05:14:30","date_gmt":"2025-10-13T05:14:30","guid":{"rendered":"https:\/\/lavocedelpaese.info\/index.php\/2025\/10\/13\/a-turi-il-mistero-della-dama-di-fiori\/"},"modified":"2025-10-13T05:14:30","modified_gmt":"2025-10-13T05:14:30","slug":"a-turi-il-mistero-della-dama-di-fiori","status":"publish","type":"post","link":"https:\/\/lavocedelpaese.info\/index.php\/2025\/10\/13\/a-turi-il-mistero-della-dama-di-fiori\/","title":{"rendered":"A Turi il mistero della \u201cDama di fiori\u201d\u00a0\u200b"},"content":{"rendered":"<p>\u00a0<\/p>\n<p>\u200b\u00a0<\/p>\n<p>\u200b\u00a0<\/p>\n<div><\/div>\n<h4 class=\"wp-block-heading\"><strong>Maria Giuseppina Pagnotta presenta il suo nuovo romanzo \u201cIl segreto della Dama di fiori. Mistero a Selvatetra\u201d a Palazzo Cozzolongo<\/strong><\/h4>\n<p>Prosegue la stagione culturale \u201cCultura&amp;Armonia 2025\/2026\u201d con un nuovo appuntamento dedicato alla letteratura.<\/p>\n<p><strong>Sabato 18 ottobre <\/strong>alle <strong>ore 18:30<\/strong>, nella suggestiva cornice di <strong>Palazzo Cozzolongo<\/strong>, la scrittrice Maria Giuseppina Pagnotta presenter\u00e0 il suo ultimo libro, \u201c<strong>Il segreto della Dama di fiori. Mistero a Selvatetra<\/strong>\u201d, edito da <em>Dario Abate Editore<\/em>.<\/p>\n<p>Un romanzo avvincente, intriso di mistero e ispirato a storie vere, che conduce il lettore in un affascinante viaggio nel cuore di Turi durante il primo Novecento. Con una narrazione intensa e ricca di colpi di scena, l\u2019autrice intreccia realt\u00e0 e fantasia, restituendo un ritratto vivido di un\u2019epoca di passioni, segreti e identit\u00e0 in cerca di riscatto.<\/p>\n<p>A dialogare con l\u2019autrice sar\u00e0 <strong>Stefano De Carolis<\/strong>, che guider\u00e0 il pubblico alla scoperta delle atmosfere, dei personaggi e dei temi centrali del romanzo.<br \/>I saluti istituzionali saranno affidati al dott. <strong>Emanuele Ventura<\/strong>, presidente onorario dell\u2019APS \u201cCultura&amp;Armonia\u201d<\/p>\n<figure class=\"wp-block-image size-full\"><img decoding=\"async\" width=\"1024\" height=\"1280\" src=\"https:\/\/turi.lavocedelpaese.info\/wp-content\/uploads\/2025\/10\/WhatsApp-Image-2025-10-11-at-08.56.48.jpeg\" alt=\"\" class=\"wp-image-7712\"\/><\/figure>\n\n<h4 class=\"wp-block-heading\"><strong>IL ROMANZO<\/strong><\/h4>\n<p>Il ritrovamento di un vecchio diario segreto di Anna, una donna vissuta i primi del 900 a Turi, porter\u00e0 Stefano, giovane antiquario e collezionista di libri antichi, a tuffarsi in una storia del passato, che in qualche modo si intreccer\u00e0 alla sua vita.<\/p>\n<figure class=\"wp-block-image alignleft size-full is-resized\"><img decoding=\"async\" width=\"971\" height=\"1500\" src=\"https:\/\/turi.lavocedelpaese.info\/wp-content\/uploads\/2025\/10\/dama-di-fiori-copertina.jpg\" alt=\"\" class=\"wp-image-7714\"\/><\/figure>\n<p>In un panorama epocale ambientato nel duro sud Italia dove miseria, malattie, ingiustizie e soprusi, vengono accettati dal popolo affamato e sfruttato, come volont\u00e0 divina, si dipana la vicenda di un proprietario terriero vedovo e della sua unica giovane figlia, Anna, subordinata alla potest\u00e0 paterna, che si ribeller\u00e0 alla societ\u00e0 maschilista e patriarcale che la relega a un ruolo marginale di donna-oggetto, mentre gi\u00e0 fervono i primi moti femministi.<\/p>\n<p>Anna, diverr\u00e0 il triste bottino di una partita a poker persa da suo padre, accanito giocatore e componente di una potente Loggia massonica della quale lei, scoperta a spiare una riunione segreta, sar\u00e0 costretta a far parte e a sposarne il Gran Maestro, uomo potente e senza scrupoli, desideroso solo di possederla e domarla.<\/p>\n<p>La ragazza affider\u00e0 le sue inquietudini alle pagine di un diario, con cui, inconsapevolmente, contribuir\u00e0 a fornire uno spaccato di storia sugli albori dell\u2019emancipazione femminile.<\/p>\n<p>Tratto da una storia vera, il romanzo si tinger\u00e0 di pennellate di quotidianit\u00e0, fra retaggi, dolorosi segreti, depistaggi ed efferati omicidi fatti passare per suicidi, tra cui quello di Anna, morta per avvelenamento.<\/p>\n<p>L\u2019intenso profumo dei ciliegi in fiore, stemperer\u00e0 l\u2019acre polvere di un secolo di storia che si intreccia alla grande migrazione verso l\u2019America, alla Prima guerra mondiale filtrata dagli occhi della gente del sud, fino a giungere ai nostri giorni.<\/p>\n<p>Il vento fresco della Murgia che soffia fra gli alberi carichi di gravidandi ciliegi e la rigogliosa natura sempre presente, faranno da sfondo alle vicende, fino ad arrivare ai nostri giorni, con Stefano, che cercher\u00e0 di scoprire l\u2019intricato mistero di Anna, la cui presenza alegger\u00e0 in tutta la storia, riprendendo respiro fra vecchie carte e foto ingiallite dal tempo.<\/p>\n<h4 class=\"wp-block-heading\"><strong>L\u2019AUTRICE<\/strong><\/h4>\n<p>Maria Giuseppina Pagnotta si laurea con il massimo dei voti nel Campo del Disagio, della Devianza e della Marginalit\u00e0, presso l\u2019Universit\u00e0 degli Studi di Bari.<br \/>Premiata in vari Concorsi Letterari e Artistici Internazionali, tra cui \u201cPremio Leonardo Azzarita\u201d alla Carriera (2016), per sceneggiature teatrali, romanzi ed opere pittoriche, ha diretto eventi televisivi, culturali e legati alla moda.<br \/>\u00c8 autrice di testi teatrali come \u201cMemorie di Federico II\u201d (2009); \u201cMostri In Erba \u2013 Disamina di una Strage\u201d (Premio InediTO, 2010, Chieri); \u201cFederico II \u2013 Note D\u2019amore\u201d (2011); \u201cDue Uomini e Una Tata\u201d (2019); \u201cLe Morti Chiedono Giustizia\u201d (2019).<br \/>Romanzi pubblicati: \u201cGli Amori di Federico II\u201d (2004); \u201cLa Ragazza Senza Volto\u201d (2009); \u201cL\u2019Emozione d\u2019incontrarsi all\u2019improvviso\u201d (2012); \u201cProfumo di Bergamotto\u201d (2019).<\/p>\n<p><a class=\"a2a_button_facebook\" href=\"https:\/\/www.addtoany.com\/add_to\/facebook?linkurl=https%3A%2F%2Fturi.lavocedelpaese.info%2Fa-turi-il-mistero-della-dama-di-fiori%2F&amp;linkname=A%20Turi%20il%20mistero%20della%20%E2%80%9CDama%20di%20fiori%E2%80%9D\" title=\"Facebook\" rel=\"nofollow noopener\" target=\"_blank\"><\/a><a class=\"a2a_button_twitter\" href=\"https:\/\/www.addtoany.com\/add_to\/twitter?linkurl=https%3A%2F%2Fturi.lavocedelpaese.info%2Fa-turi-il-mistero-della-dama-di-fiori%2F&amp;linkname=A%20Turi%20il%20mistero%20della%20%E2%80%9CDama%20di%20fiori%E2%80%9D\" title=\"Twitter\" rel=\"nofollow noopener\" target=\"_blank\"><\/a><a class=\"a2a_button_whatsapp\" href=\"https:\/\/www.addtoany.com\/add_to\/whatsapp?linkurl=https%3A%2F%2Fturi.lavocedelpaese.info%2Fa-turi-il-mistero-della-dama-di-fiori%2F&amp;linkname=A%20Turi%20il%20mistero%20della%20%E2%80%9CDama%20di%20fiori%E2%80%9D\" title=\"WhatsApp\" rel=\"nofollow noopener\" target=\"_blank\"><\/a><a class=\"a2a_button_telegram\" href=\"https:\/\/www.addtoany.com\/add_to\/telegram?linkurl=https%3A%2F%2Fturi.lavocedelpaese.info%2Fa-turi-il-mistero-della-dama-di-fiori%2F&amp;linkname=A%20Turi%20il%20mistero%20della%20%E2%80%9CDama%20di%20fiori%E2%80%9D\" title=\"Telegram\" rel=\"nofollow noopener\" target=\"_blank\"><\/a><a class=\"a2a_button_email\" href=\"https:\/\/www.addtoany.com\/add_to\/email?linkurl=https%3A%2F%2Fturi.lavocedelpaese.info%2Fa-turi-il-mistero-della-dama-di-fiori%2F&amp;linkname=A%20Turi%20il%20mistero%20della%20%E2%80%9CDama%20di%20fiori%E2%80%9D\" title=\"Email\" rel=\"nofollow noopener\" target=\"_blank\"><\/a><\/p>\n<p>\u00a0<\/p>\n<p>\u00a0<\/p>\n<p>\u200b\u00a0\u00a0\u00a0<\/p>","protected":false},"excerpt":{"rendered":"<p>\u00a0 \u200b\u00a0 \u200b\u00a0 Maria Giuseppina Pagnotta presenta il suo nuovo romanzo \u201cIl segreto della Dama di fiori. Mistero a Selvatetra\u201d<\/p>\n","protected":false},"author":6,"featured_media":10055,"comment_status":"open","ping_status":"closed","sticky":false,"template":"","format":"standard","meta":{"colormag_page_container_layout":"default_layout","colormag_page_sidebar_layout":"default_layout","footnotes":""},"categories":[33],"tags":[],"class_list":["post-10054","post","type-post","status-publish","format-standard","has-post-thumbnail","hentry","category-network"],"yoast_head":"<!-- This site is optimized with the Yoast SEO plugin v27.5 - https:\/\/yoast.com\/product\/yoast-seo-wordpress\/ -->\n<title>A Turi il mistero della \u201cDama di fiori\u201d\u00a0\u200b - La Voce del Paese<\/title>\n<meta name=\"robots\" content=\"index, follow, max-snippet:-1, max-image-preview:large, max-video-preview:-1\" \/>\n<link rel=\"canonical\" href=\"https:\/\/lavocedelpaese.info\/index.php\/2025\/10\/13\/a-turi-il-mistero-della-dama-di-fiori\/\" \/>\n<meta property=\"og:locale\" content=\"it_IT\" \/>\n<meta property=\"og:type\" content=\"article\" \/>\n<meta property=\"og:title\" content=\"A Turi il mistero della \u201cDama di fiori\u201d\u00a0\u200b - La Voce del Paese\" \/>\n<meta property=\"og:description\" content=\"\u00a0 \u200b\u00a0 \u200b\u00a0 Maria Giuseppina Pagnotta presenta il suo nuovo romanzo \u201cIl segreto della Dama di fiori. Mistero a Selvatetra\u201d\" \/>\n<meta property=\"og:url\" content=\"https:\/\/lavocedelpaese.info\/index.php\/2025\/10\/13\/a-turi-il-mistero-della-dama-di-fiori\/\" \/>\n<meta property=\"og:site_name\" content=\"La Voce del Paese\" \/>\n<meta property=\"article:publisher\" content=\"https:\/\/www.facebook.com\/lavocedelpaese.info\" \/>\n<meta property=\"article:published_time\" content=\"2025-10-13T05:14:30+00:00\" \/>\n<meta name=\"author\" content=\"admin\" \/>\n<meta name=\"twitter:card\" content=\"summary_large_image\" \/>\n<meta name=\"twitter:label1\" content=\"Scritto da\" \/>\n\t<meta name=\"twitter:data1\" content=\"admin\" \/>\n\t<meta name=\"twitter:label2\" content=\"Tempo di lettura stimato\" \/>\n\t<meta name=\"twitter:data2\" content=\"3 minuti\" \/>\n<script type=\"application\/ld+json\" class=\"yoast-schema-graph\">{\"@context\":\"https:\\\/\\\/schema.org\",\"@graph\":[{\"@type\":\"Article\",\"@id\":\"https:\\\/\\\/lavocedelpaese.info\\\/index.php\\\/2025\\\/10\\\/13\\\/a-turi-il-mistero-della-dama-di-fiori\\\/#article\",\"isPartOf\":{\"@id\":\"https:\\\/\\\/lavocedelpaese.info\\\/index.php\\\/2025\\\/10\\\/13\\\/a-turi-il-mistero-della-dama-di-fiori\\\/\"},\"author\":{\"name\":\"admin\",\"@id\":\"https:\\\/\\\/lavocedelpaese.info\\\/#\\\/schema\\\/person\\\/ec151d321306bd7591f7a061abf72d88\"},\"headline\":\"A Turi il mistero della \u201cDama di fiori\u201d\u00a0\u200b\",\"datePublished\":\"2025-10-13T05:14:30+00:00\",\"mainEntityOfPage\":{\"@id\":\"https:\\\/\\\/lavocedelpaese.info\\\/index.php\\\/2025\\\/10\\\/13\\\/a-turi-il-mistero-della-dama-di-fiori\\\/\"},\"wordCount\":616,\"commentCount\":0,\"publisher\":{\"@id\":\"https:\\\/\\\/lavocedelpaese.info\\\/#organization\"},\"image\":{\"@id\":\"https:\\\/\\\/lavocedelpaese.info\\\/index.php\\\/2025\\\/10\\\/13\\\/a-turi-il-mistero-della-dama-di-fiori\\\/#primaryimage\"},\"thumbnailUrl\":\"https:\\\/\\\/lavocedelpaese.info\\\/wp-content\\\/uploads\\\/2025\\\/10\\\/WhatsApp-Image-2025-10-11-at-08.56.48-HjUnjA.jpg\",\"articleSection\":[\"network\"],\"inLanguage\":\"it-IT\",\"potentialAction\":[{\"@type\":\"CommentAction\",\"name\":\"Comment\",\"target\":[\"https:\\\/\\\/lavocedelpaese.info\\\/index.php\\\/2025\\\/10\\\/13\\\/a-turi-il-mistero-della-dama-di-fiori\\\/#respond\"]}]},{\"@type\":\"WebPage\",\"@id\":\"https:\\\/\\\/lavocedelpaese.info\\\/index.php\\\/2025\\\/10\\\/13\\\/a-turi-il-mistero-della-dama-di-fiori\\\/\",\"url\":\"https:\\\/\\\/lavocedelpaese.info\\\/index.php\\\/2025\\\/10\\\/13\\\/a-turi-il-mistero-della-dama-di-fiori\\\/\",\"name\":\"A Turi il mistero della \u201cDama di fiori\u201d\u00a0\u200b - La Voce del Paese\",\"isPartOf\":{\"@id\":\"https:\\\/\\\/lavocedelpaese.info\\\/#website\"},\"primaryImageOfPage\":{\"@id\":\"https:\\\/\\\/lavocedelpaese.info\\\/index.php\\\/2025\\\/10\\\/13\\\/a-turi-il-mistero-della-dama-di-fiori\\\/#primaryimage\"},\"image\":{\"@id\":\"https:\\\/\\\/lavocedelpaese.info\\\/index.php\\\/2025\\\/10\\\/13\\\/a-turi-il-mistero-della-dama-di-fiori\\\/#primaryimage\"},\"thumbnailUrl\":\"https:\\\/\\\/lavocedelpaese.info\\\/wp-content\\\/uploads\\\/2025\\\/10\\\/WhatsApp-Image-2025-10-11-at-08.56.48-HjUnjA.jpg\",\"datePublished\":\"2025-10-13T05:14:30+00:00\",\"breadcrumb\":{\"@id\":\"https:\\\/\\\/lavocedelpaese.info\\\/index.php\\\/2025\\\/10\\\/13\\\/a-turi-il-mistero-della-dama-di-fiori\\\/#breadcrumb\"},\"inLanguage\":\"it-IT\",\"potentialAction\":[{\"@type\":\"ReadAction\",\"target\":[\"https:\\\/\\\/lavocedelpaese.info\\\/index.php\\\/2025\\\/10\\\/13\\\/a-turi-il-mistero-della-dama-di-fiori\\\/\"]}]},{\"@type\":\"ImageObject\",\"inLanguage\":\"it-IT\",\"@id\":\"https:\\\/\\\/lavocedelpaese.info\\\/index.php\\\/2025\\\/10\\\/13\\\/a-turi-il-mistero-della-dama-di-fiori\\\/#primaryimage\",\"url\":\"https:\\\/\\\/lavocedelpaese.info\\\/wp-content\\\/uploads\\\/2025\\\/10\\\/WhatsApp-Image-2025-10-11-at-08.56.48-HjUnjA.jpg\",\"contentUrl\":\"https:\\\/\\\/lavocedelpaese.info\\\/wp-content\\\/uploads\\\/2025\\\/10\\\/WhatsApp-Image-2025-10-11-at-08.56.48-HjUnjA.jpg\",\"width\":640,\"height\":800},{\"@type\":\"BreadcrumbList\",\"@id\":\"https:\\\/\\\/lavocedelpaese.info\\\/index.php\\\/2025\\\/10\\\/13\\\/a-turi-il-mistero-della-dama-di-fiori\\\/#breadcrumb\",\"itemListElement\":[{\"@type\":\"ListItem\",\"position\":1,\"name\":\"Home\",\"item\":\"https:\\\/\\\/lavocedelpaese.info\\\/\"},{\"@type\":\"ListItem\",\"position\":2,\"name\":\"A Turi il mistero della \u201cDama di fiori\u201d\u00a0\u200b\"}]},{\"@type\":\"WebSite\",\"@id\":\"https:\\\/\\\/lavocedelpaese.info\\\/#website\",\"url\":\"https:\\\/\\\/lavocedelpaese.info\\\/\",\"name\":\"La Voce del Paese\",\"description\":\"Un network di idee\",\"publisher\":{\"@id\":\"https:\\\/\\\/lavocedelpaese.info\\\/#organization\"},\"potentialAction\":[{\"@type\":\"SearchAction\",\"target\":{\"@type\":\"EntryPoint\",\"urlTemplate\":\"https:\\\/\\\/lavocedelpaese.info\\\/?s={search_term_string}\"},\"query-input\":{\"@type\":\"PropertyValueSpecification\",\"valueRequired\":true,\"valueName\":\"search_term_string\"}}],\"inLanguage\":\"it-IT\"},{\"@type\":\"Organization\",\"@id\":\"https:\\\/\\\/lavocedelpaese.info\\\/#organization\",\"name\":\"La Voce del Paese\",\"url\":\"https:\\\/\\\/lavocedelpaese.info\\\/\",\"logo\":{\"@type\":\"ImageObject\",\"inLanguage\":\"it-IT\",\"@id\":\"https:\\\/\\\/lavocedelpaese.info\\\/#\\\/schema\\\/logo\\\/image\\\/\",\"url\":\"https:\\\/\\\/lavocedelpaese.info\\\/wp-content\\\/uploads\\\/2023\\\/01\\\/cropped-logo-150-127.png\",\"contentUrl\":\"https:\\\/\\\/lavocedelpaese.info\\\/wp-content\\\/uploads\\\/2023\\\/01\\\/cropped-logo-150-127.png\",\"width\":137,\"height\":119,\"caption\":\"La Voce del Paese\"},\"image\":{\"@id\":\"https:\\\/\\\/lavocedelpaese.info\\\/#\\\/schema\\\/logo\\\/image\\\/\"},\"sameAs\":[\"https:\\\/\\\/www.facebook.com\\\/lavocedelpaese.info\"]},{\"@type\":\"Person\",\"@id\":\"https:\\\/\\\/lavocedelpaese.info\\\/#\\\/schema\\\/person\\\/ec151d321306bd7591f7a061abf72d88\",\"name\":\"admin\",\"image\":{\"@type\":\"ImageObject\",\"inLanguage\":\"it-IT\",\"@id\":\"https:\\\/\\\/secure.gravatar.com\\\/avatar\\\/af8f2caf0663124588de48a9380e07cbc95a74ef15b8062d0d39106c32fe3023?s=96&d=mm&r=g\",\"url\":\"https:\\\/\\\/secure.gravatar.com\\\/avatar\\\/af8f2caf0663124588de48a9380e07cbc95a74ef15b8062d0d39106c32fe3023?s=96&d=mm&r=g\",\"contentUrl\":\"https:\\\/\\\/secure.gravatar.com\\\/avatar\\\/af8f2caf0663124588de48a9380e07cbc95a74ef15b8062d0d39106c32fe3023?s=96&d=mm&r=g\",\"caption\":\"admin\"},\"sameAs\":[\"https:\\\/\\\/lavocedelpaese.info\"],\"url\":\"https:\\\/\\\/lavocedelpaese.info\\\/index.php\\\/author\\\/admin\\\/\"}]}<\/script>\n<!-- \/ Yoast SEO plugin. -->","yoast_head_json":{"title":"A Turi il mistero della \u201cDama di fiori\u201d\u00a0\u200b - La Voce del Paese","robots":{"index":"index","follow":"follow","max-snippet":"max-snippet:-1","max-image-preview":"max-image-preview:large","max-video-preview":"max-video-preview:-1"},"canonical":"https:\/\/lavocedelpaese.info\/index.php\/2025\/10\/13\/a-turi-il-mistero-della-dama-di-fiori\/","og_locale":"it_IT","og_type":"article","og_title":"A Turi il mistero della \u201cDama di fiori\u201d\u00a0\u200b - La Voce del Paese","og_description":"\u00a0 \u200b\u00a0 \u200b\u00a0 Maria Giuseppina Pagnotta presenta il suo nuovo romanzo \u201cIl segreto della Dama di fiori. Mistero a Selvatetra\u201d","og_url":"https:\/\/lavocedelpaese.info\/index.php\/2025\/10\/13\/a-turi-il-mistero-della-dama-di-fiori\/","og_site_name":"La Voce del Paese","article_publisher":"https:\/\/www.facebook.com\/lavocedelpaese.info","article_published_time":"2025-10-13T05:14:30+00:00","author":"admin","twitter_card":"summary_large_image","twitter_misc":{"Scritto da":"admin","Tempo di lettura stimato":"3 minuti"},"schema":{"@context":"https:\/\/schema.org","@graph":[{"@type":"Article","@id":"https:\/\/lavocedelpaese.info\/index.php\/2025\/10\/13\/a-turi-il-mistero-della-dama-di-fiori\/#article","isPartOf":{"@id":"https:\/\/lavocedelpaese.info\/index.php\/2025\/10\/13\/a-turi-il-mistero-della-dama-di-fiori\/"},"author":{"name":"admin","@id":"https:\/\/lavocedelpaese.info\/#\/schema\/person\/ec151d321306bd7591f7a061abf72d88"},"headline":"A Turi il mistero della \u201cDama di fiori\u201d\u00a0\u200b","datePublished":"2025-10-13T05:14:30+00:00","mainEntityOfPage":{"@id":"https:\/\/lavocedelpaese.info\/index.php\/2025\/10\/13\/a-turi-il-mistero-della-dama-di-fiori\/"},"wordCount":616,"commentCount":0,"publisher":{"@id":"https:\/\/lavocedelpaese.info\/#organization"},"image":{"@id":"https:\/\/lavocedelpaese.info\/index.php\/2025\/10\/13\/a-turi-il-mistero-della-dama-di-fiori\/#primaryimage"},"thumbnailUrl":"https:\/\/lavocedelpaese.info\/wp-content\/uploads\/2025\/10\/WhatsApp-Image-2025-10-11-at-08.56.48-HjUnjA.jpg","articleSection":["network"],"inLanguage":"it-IT","potentialAction":[{"@type":"CommentAction","name":"Comment","target":["https:\/\/lavocedelpaese.info\/index.php\/2025\/10\/13\/a-turi-il-mistero-della-dama-di-fiori\/#respond"]}]},{"@type":"WebPage","@id":"https:\/\/lavocedelpaese.info\/index.php\/2025\/10\/13\/a-turi-il-mistero-della-dama-di-fiori\/","url":"https:\/\/lavocedelpaese.info\/index.php\/2025\/10\/13\/a-turi-il-mistero-della-dama-di-fiori\/","name":"A Turi il mistero della \u201cDama di fiori\u201d\u00a0\u200b - La Voce del Paese","isPartOf":{"@id":"https:\/\/lavocedelpaese.info\/#website"},"primaryImageOfPage":{"@id":"https:\/\/lavocedelpaese.info\/index.php\/2025\/10\/13\/a-turi-il-mistero-della-dama-di-fiori\/#primaryimage"},"image":{"@id":"https:\/\/lavocedelpaese.info\/index.php\/2025\/10\/13\/a-turi-il-mistero-della-dama-di-fiori\/#primaryimage"},"thumbnailUrl":"https:\/\/lavocedelpaese.info\/wp-content\/uploads\/2025\/10\/WhatsApp-Image-2025-10-11-at-08.56.48-HjUnjA.jpg","datePublished":"2025-10-13T05:14:30+00:00","breadcrumb":{"@id":"https:\/\/lavocedelpaese.info\/index.php\/2025\/10\/13\/a-turi-il-mistero-della-dama-di-fiori\/#breadcrumb"},"inLanguage":"it-IT","potentialAction":[{"@type":"ReadAction","target":["https:\/\/lavocedelpaese.info\/index.php\/2025\/10\/13\/a-turi-il-mistero-della-dama-di-fiori\/"]}]},{"@type":"ImageObject","inLanguage":"it-IT","@id":"https:\/\/lavocedelpaese.info\/index.php\/2025\/10\/13\/a-turi-il-mistero-della-dama-di-fiori\/#primaryimage","url":"https:\/\/lavocedelpaese.info\/wp-content\/uploads\/2025\/10\/WhatsApp-Image-2025-10-11-at-08.56.48-HjUnjA.jpg","contentUrl":"https:\/\/lavocedelpaese.info\/wp-content\/uploads\/2025\/10\/WhatsApp-Image-2025-10-11-at-08.56.48-HjUnjA.jpg","width":640,"height":800},{"@type":"BreadcrumbList","@id":"https:\/\/lavocedelpaese.info\/index.php\/2025\/10\/13\/a-turi-il-mistero-della-dama-di-fiori\/#breadcrumb","itemListElement":[{"@type":"ListItem","position":1,"name":"Home","item":"https:\/\/lavocedelpaese.info\/"},{"@type":"ListItem","position":2,"name":"A Turi il mistero della \u201cDama di fiori\u201d\u00a0\u200b"}]},{"@type":"WebSite","@id":"https:\/\/lavocedelpaese.info\/#website","url":"https:\/\/lavocedelpaese.info\/","name":"La Voce del Paese","description":"Un network di idee","publisher":{"@id":"https:\/\/lavocedelpaese.info\/#organization"},"potentialAction":[{"@type":"SearchAction","target":{"@type":"EntryPoint","urlTemplate":"https:\/\/lavocedelpaese.info\/?s={search_term_string}"},"query-input":{"@type":"PropertyValueSpecification","valueRequired":true,"valueName":"search_term_string"}}],"inLanguage":"it-IT"},{"@type":"Organization","@id":"https:\/\/lavocedelpaese.info\/#organization","name":"La Voce del Paese","url":"https:\/\/lavocedelpaese.info\/","logo":{"@type":"ImageObject","inLanguage":"it-IT","@id":"https:\/\/lavocedelpaese.info\/#\/schema\/logo\/image\/","url":"https:\/\/lavocedelpaese.info\/wp-content\/uploads\/2023\/01\/cropped-logo-150-127.png","contentUrl":"https:\/\/lavocedelpaese.info\/wp-content\/uploads\/2023\/01\/cropped-logo-150-127.png","width":137,"height":119,"caption":"La Voce del Paese"},"image":{"@id":"https:\/\/lavocedelpaese.info\/#\/schema\/logo\/image\/"},"sameAs":["https:\/\/www.facebook.com\/lavocedelpaese.info"]},{"@type":"Person","@id":"https:\/\/lavocedelpaese.info\/#\/schema\/person\/ec151d321306bd7591f7a061abf72d88","name":"admin","image":{"@type":"ImageObject","inLanguage":"it-IT","@id":"https:\/\/secure.gravatar.com\/avatar\/af8f2caf0663124588de48a9380e07cbc95a74ef15b8062d0d39106c32fe3023?s=96&d=mm&r=g","url":"https:\/\/secure.gravatar.com\/avatar\/af8f2caf0663124588de48a9380e07cbc95a74ef15b8062d0d39106c32fe3023?s=96&d=mm&r=g","contentUrl":"https:\/\/secure.gravatar.com\/avatar\/af8f2caf0663124588de48a9380e07cbc95a74ef15b8062d0d39106c32fe3023?s=96&d=mm&r=g","caption":"admin"},"sameAs":["https:\/\/lavocedelpaese.info"],"url":"https:\/\/lavocedelpaese.info\/index.php\/author\/admin\/"}]}},"_links":{"self":[{"href":"https:\/\/lavocedelpaese.info\/index.php\/wp-json\/wp\/v2\/posts\/10054","targetHints":{"allow":["GET"]}}],"collection":[{"href":"https:\/\/lavocedelpaese.info\/index.php\/wp-json\/wp\/v2\/posts"}],"about":[{"href":"https:\/\/lavocedelpaese.info\/index.php\/wp-json\/wp\/v2\/types\/post"}],"author":[{"embeddable":true,"href":"https:\/\/lavocedelpaese.info\/index.php\/wp-json\/wp\/v2\/users\/6"}],"replies":[{"embeddable":true,"href":"https:\/\/lavocedelpaese.info\/index.php\/wp-json\/wp\/v2\/comments?post=10054"}],"version-history":[{"count":0,"href":"https:\/\/lavocedelpaese.info\/index.php\/wp-json\/wp\/v2\/posts\/10054\/revisions"}],"wp:featuredmedia":[{"embeddable":true,"href":"https:\/\/lavocedelpaese.info\/index.php\/wp-json\/wp\/v2\/media\/10055"}],"wp:attachment":[{"href":"https:\/\/lavocedelpaese.info\/index.php\/wp-json\/wp\/v2\/media?parent=10054"}],"wp:term":[{"taxonomy":"category","embeddable":true,"href":"https:\/\/lavocedelpaese.info\/index.php\/wp-json\/wp\/v2\/categories?post=10054"},{"taxonomy":"post_tag","embeddable":true,"href":"https:\/\/lavocedelpaese.info\/index.php\/wp-json\/wp\/v2\/tags?post=10054"}],"curies":[{"name":"wp","href":"https:\/\/api.w.org\/{rel}","templated":true}]}}