{"id":10052,"date":"2025-10-11T06:14:02","date_gmt":"2025-10-11T06:14:02","guid":{"rendered":"https:\/\/lavocedelpaese.info\/index.php\/2025\/10\/11\/la-willy-green-technology-turi-ai-nastri-di-partenza\/"},"modified":"2025-10-11T06:14:02","modified_gmt":"2025-10-11T06:14:02","slug":"la-willy-green-technology-turi-ai-nastri-di-partenza","status":"publish","type":"post","link":"https:\/\/lavocedelpaese.info\/index.php\/2025\/10\/11\/la-willy-green-technology-turi-ai-nastri-di-partenza\/","title":{"rendered":"La Willy Green Technology Turi ai nastri di partenza\u00a0\u200b"},"content":{"rendered":"<p>\u00a0<\/p>\n<p>\u200b\u00a0<\/p>\n<p>\u200b\u00a0<\/p>\n<div><\/div>\n<h4 class=\"wp-block-heading\"><strong>Oggi il battesimo stagionale contro il Valenzano<\/strong><\/h4>\n<p>Sabato 11 ottobre si alza il sipario sulla stagione 2025\/2026 del volley turese con i biancoazzurri pronti a scendere in campo con grande determinazione e ambizione.\u00a0<\/p>\n<p>La squadra, guidata dall\u2019allenatore <strong>Vito Difino<\/strong>, ha lavorato duramente per arrivare preparata a questa nuova sfida: \u201c<em>Quest\u2019estate con la societ\u00e0 abbiamo ringiovanito la rosa inserendo dieci nuovi elementi rispetto alla scorsa stagione.<\/em> <em>I ragazzi sin da queste prime settimane di lavoro si sono mostrati collaborativi e volenterosi con lo staff tecnico ed il preparatore. Nella prima parte della preparazione abbiamo abbinato lavoro fisico e tecnica individuale per poi dare spazio alle intese e all\u2019organizzazione di gioco con tanto di lavoro sintetico sulle varie fasi di gioco. Il livello del campionato di serie C di quest\u2019anno \u00e8 molto buono nelle squadre che puntano al vertice, noi dobbiamo puntare ad avvicinarci il pi\u00f9 possibile a queste rose lavorando sulle nostre caratteristiche e sulla nostra idea di pallavolo, divertendoci a giocare seriamente contro tutti e provando anche a far divertire chi ci vorr\u00e0 seguire e sostenere, augurandoci che siano numerosi, sportivi e rumorosi.\u201d<\/em><\/p>\n<p>In sintonia anche il pensiero della societ\u00e0 attraverso le parole del <strong>Domenico D\u2019Aprile<\/strong>: \u201c<em>Inizia una stagione con tante novit\u00e0, a partire dal nuovo title sponsor la Willy Green Technology di Emanuele Ventura e Giovanna Giannandrea che hanno rafforzato con la nostra societ\u00e0 un legame iniziato nell\u2019estate 2023 con il progetto del settore giovanile.<\/em> <em>Ripartendo da mister Difino e dall\u2019intero staff tecnico abbiamo allestito un team giovane con qualche giocatore di esperienza, un gruppo motivato nel dimostrare il proprio valore e pronto a ritagliarsi il proprio ruolo in un girone molto competitivo e dall\u2019alto tasso tecnico<\/em>.<em> La nostra forza \u00e8 nel gruppo e siamo pronti a lottare partita dopo partita per raggiungere i nostri obiettivi che ci guadagneremo sul campo. La stagione sar\u00e0 lunga e impegnativa, ma la squadra \u00e8 pronta a divertirsi e a far divertire il suo pubblico che anche quest\u2019anno \u00e8 chiamato a sostenerci con l\u2019entusiasmo e l\u2019affetto di sempre\u201d.<\/em><\/p>\n<p>Il battesimo stagionale avverr\u00e0 sul parquet del Palazzetto di via Cisterna contro il Valenzano in una delle tante sfide da ex che il girone A proporr\u00e0 in questa stagione. La squadra ospite neopromossa ma ambiziosa e con le idee chiare \u00e8 guidata da mister Giovanniello che ha a disposizione un roster esperto di categoria in cui spiccano molti ex biancoazzurri, su tutti il centrale Antonio Furio che ha indossato la casacca turese per otto stagioni consecutive sino allo scorso campionato (cinque in serie B e tre in C per lui), il regista Ventrella (due campionati di B), l\u2019opposto Fortunato (serie B 2023-2024), il laterale G. El Moudden (un campionato di C) e giovani promettenti.\u00a0<\/p>\n<p>Pronti via c\u2019\u00e8 gi\u00e0 una gara impegnativa per capitan Atene e compagni chiamati a dare il massimo sin da subito.<\/p>\n<p>Appuntamento per <strong>sabato 11 alle ore 18:30 al Palazzetto dello Sport di Turi<\/strong>, vi aspettiamo numerosi sugli spalti a sostenerci.<\/p>\n\n<p><a class=\"a2a_button_facebook\" href=\"https:\/\/www.addtoany.com\/add_to\/facebook?linkurl=https%3A%2F%2Fturi.lavocedelpaese.info%2Fla-willy-green-technology-turi-ai-nastri-di-partenza%2F&amp;linkname=La%20Willy%20Green%20Technology%20Turi%20ai%20nastri%20di%20partenza\" title=\"Facebook\" rel=\"nofollow noopener\" target=\"_blank\"><\/a><a class=\"a2a_button_twitter\" href=\"https:\/\/www.addtoany.com\/add_to\/twitter?linkurl=https%3A%2F%2Fturi.lavocedelpaese.info%2Fla-willy-green-technology-turi-ai-nastri-di-partenza%2F&amp;linkname=La%20Willy%20Green%20Technology%20Turi%20ai%20nastri%20di%20partenza\" title=\"Twitter\" rel=\"nofollow noopener\" target=\"_blank\"><\/a><a class=\"a2a_button_whatsapp\" href=\"https:\/\/www.addtoany.com\/add_to\/whatsapp?linkurl=https%3A%2F%2Fturi.lavocedelpaese.info%2Fla-willy-green-technology-turi-ai-nastri-di-partenza%2F&amp;linkname=La%20Willy%20Green%20Technology%20Turi%20ai%20nastri%20di%20partenza\" title=\"WhatsApp\" rel=\"nofollow noopener\" target=\"_blank\"><\/a><a class=\"a2a_button_telegram\" href=\"https:\/\/www.addtoany.com\/add_to\/telegram?linkurl=https%3A%2F%2Fturi.lavocedelpaese.info%2Fla-willy-green-technology-turi-ai-nastri-di-partenza%2F&amp;linkname=La%20Willy%20Green%20Technology%20Turi%20ai%20nastri%20di%20partenza\" title=\"Telegram\" rel=\"nofollow noopener\" target=\"_blank\"><\/a><a class=\"a2a_button_email\" href=\"https:\/\/www.addtoany.com\/add_to\/email?linkurl=https%3A%2F%2Fturi.lavocedelpaese.info%2Fla-willy-green-technology-turi-ai-nastri-di-partenza%2F&amp;linkname=La%20Willy%20Green%20Technology%20Turi%20ai%20nastri%20di%20partenza\" title=\"Email\" rel=\"nofollow noopener\" target=\"_blank\"><\/a><\/p>\n<p>\u00a0<\/p>\n<p>\u00a0<\/p>\n<p>\u200b\u00a0\u00a0\u00a0<\/p>","protected":false},"excerpt":{"rendered":"<p>\u00a0 \u200b\u00a0 \u200b\u00a0 Oggi il battesimo stagionale contro il Valenzano Sabato 11 ottobre si alza il sipario sulla stagione 2025\/2026<\/p>\n","protected":false},"author":6,"featured_media":730,"comment_status":"open","ping_status":"closed","sticky":false,"template":"","format":"standard","meta":{"colormag_page_container_layout":"default_layout","colormag_page_sidebar_layout":"default_layout","footnotes":""},"categories":[33],"tags":[],"class_list":["post-10052","post","type-post","status-publish","format-standard","has-post-thumbnail","hentry","category-network"],"yoast_head":"<!-- This site is optimized with the Yoast SEO plugin v27.5 - https:\/\/yoast.com\/product\/yoast-seo-wordpress\/ -->\n<title>La Willy Green Technology Turi ai nastri di partenza\u00a0\u200b - La Voce del Paese<\/title>\n<meta name=\"robots\" content=\"index, follow, max-snippet:-1, max-image-preview:large, max-video-preview:-1\" \/>\n<link rel=\"canonical\" href=\"https:\/\/lavocedelpaese.info\/index.php\/2025\/10\/11\/la-willy-green-technology-turi-ai-nastri-di-partenza\/\" \/>\n<meta property=\"og:locale\" content=\"it_IT\" \/>\n<meta property=\"og:type\" content=\"article\" \/>\n<meta property=\"og:title\" content=\"La Willy Green Technology Turi ai nastri di partenza\u00a0\u200b - La Voce del Paese\" \/>\n<meta property=\"og:description\" content=\"\u00a0 \u200b\u00a0 \u200b\u00a0 Oggi il battesimo stagionale contro il Valenzano Sabato 11 ottobre si alza il sipario sulla stagione 2025\/2026\" \/>\n<meta property=\"og:url\" content=\"https:\/\/lavocedelpaese.info\/index.php\/2025\/10\/11\/la-willy-green-technology-turi-ai-nastri-di-partenza\/\" \/>\n<meta property=\"og:site_name\" content=\"La Voce del Paese\" \/>\n<meta property=\"article:publisher\" content=\"https:\/\/www.facebook.com\/lavocedelpaese.info\" \/>\n<meta property=\"article:published_time\" content=\"2025-10-11T06:14:02+00:00\" \/>\n<meta name=\"author\" content=\"admin\" \/>\n<meta name=\"twitter:card\" content=\"summary_large_image\" \/>\n<meta name=\"twitter:label1\" content=\"Scritto da\" \/>\n\t<meta name=\"twitter:data1\" content=\"admin\" \/>\n\t<meta name=\"twitter:label2\" content=\"Tempo di lettura stimato\" \/>\n\t<meta name=\"twitter:data2\" content=\"2 minuti\" \/>\n<script type=\"application\/ld+json\" class=\"yoast-schema-graph\">{\"@context\":\"https:\\\/\\\/schema.org\",\"@graph\":[{\"@type\":\"Article\",\"@id\":\"https:\\\/\\\/lavocedelpaese.info\\\/index.php\\\/2025\\\/10\\\/11\\\/la-willy-green-technology-turi-ai-nastri-di-partenza\\\/#article\",\"isPartOf\":{\"@id\":\"https:\\\/\\\/lavocedelpaese.info\\\/index.php\\\/2025\\\/10\\\/11\\\/la-willy-green-technology-turi-ai-nastri-di-partenza\\\/\"},\"author\":{\"name\":\"admin\",\"@id\":\"https:\\\/\\\/lavocedelpaese.info\\\/#\\\/schema\\\/person\\\/ec151d321306bd7591f7a061abf72d88\"},\"headline\":\"La Willy Green Technology Turi ai nastri di partenza\u00a0\u200b\",\"datePublished\":\"2025-10-11T06:14:02+00:00\",\"mainEntityOfPage\":{\"@id\":\"https:\\\/\\\/lavocedelpaese.info\\\/index.php\\\/2025\\\/10\\\/11\\\/la-willy-green-technology-turi-ai-nastri-di-partenza\\\/\"},\"wordCount\":500,\"commentCount\":0,\"publisher\":{\"@id\":\"https:\\\/\\\/lavocedelpaese.info\\\/#organization\"},\"image\":{\"@id\":\"https:\\\/\\\/lavocedelpaese.info\\\/index.php\\\/2025\\\/10\\\/11\\\/la-willy-green-technology-turi-ai-nastri-di-partenza\\\/#primaryimage\"},\"thumbnailUrl\":\"https:\\\/\\\/lavocedelpaese.info\\\/wp-content\\\/uploads\\\/2023\\\/01\\\/logo-150-127.png\",\"articleSection\":[\"network\"],\"inLanguage\":\"it-IT\",\"potentialAction\":[{\"@type\":\"CommentAction\",\"name\":\"Comment\",\"target\":[\"https:\\\/\\\/lavocedelpaese.info\\\/index.php\\\/2025\\\/10\\\/11\\\/la-willy-green-technology-turi-ai-nastri-di-partenza\\\/#respond\"]}]},{\"@type\":\"WebPage\",\"@id\":\"https:\\\/\\\/lavocedelpaese.info\\\/index.php\\\/2025\\\/10\\\/11\\\/la-willy-green-technology-turi-ai-nastri-di-partenza\\\/\",\"url\":\"https:\\\/\\\/lavocedelpaese.info\\\/index.php\\\/2025\\\/10\\\/11\\\/la-willy-green-technology-turi-ai-nastri-di-partenza\\\/\",\"name\":\"La Willy Green Technology Turi ai nastri di partenza\u00a0\u200b - La Voce del Paese\",\"isPartOf\":{\"@id\":\"https:\\\/\\\/lavocedelpaese.info\\\/#website\"},\"primaryImageOfPage\":{\"@id\":\"https:\\\/\\\/lavocedelpaese.info\\\/index.php\\\/2025\\\/10\\\/11\\\/la-willy-green-technology-turi-ai-nastri-di-partenza\\\/#primaryimage\"},\"image\":{\"@id\":\"https:\\\/\\\/lavocedelpaese.info\\\/index.php\\\/2025\\\/10\\\/11\\\/la-willy-green-technology-turi-ai-nastri-di-partenza\\\/#primaryimage\"},\"thumbnailUrl\":\"https:\\\/\\\/lavocedelpaese.info\\\/wp-content\\\/uploads\\\/2023\\\/01\\\/logo-150-127.png\",\"datePublished\":\"2025-10-11T06:14:02+00:00\",\"breadcrumb\":{\"@id\":\"https:\\\/\\\/lavocedelpaese.info\\\/index.php\\\/2025\\\/10\\\/11\\\/la-willy-green-technology-turi-ai-nastri-di-partenza\\\/#breadcrumb\"},\"inLanguage\":\"it-IT\",\"potentialAction\":[{\"@type\":\"ReadAction\",\"target\":[\"https:\\\/\\\/lavocedelpaese.info\\\/index.php\\\/2025\\\/10\\\/11\\\/la-willy-green-technology-turi-ai-nastri-di-partenza\\\/\"]}]},{\"@type\":\"ImageObject\",\"inLanguage\":\"it-IT\",\"@id\":\"https:\\\/\\\/lavocedelpaese.info\\\/index.php\\\/2025\\\/10\\\/11\\\/la-willy-green-technology-turi-ai-nastri-di-partenza\\\/#primaryimage\",\"url\":\"https:\\\/\\\/lavocedelpaese.info\\\/wp-content\\\/uploads\\\/2023\\\/01\\\/logo-150-127.png\",\"contentUrl\":\"https:\\\/\\\/lavocedelpaese.info\\\/wp-content\\\/uploads\\\/2023\\\/01\\\/logo-150-127.png\",\"width\":150,\"height\":127},{\"@type\":\"BreadcrumbList\",\"@id\":\"https:\\\/\\\/lavocedelpaese.info\\\/index.php\\\/2025\\\/10\\\/11\\\/la-willy-green-technology-turi-ai-nastri-di-partenza\\\/#breadcrumb\",\"itemListElement\":[{\"@type\":\"ListItem\",\"position\":1,\"name\":\"Home\",\"item\":\"https:\\\/\\\/lavocedelpaese.info\\\/\"},{\"@type\":\"ListItem\",\"position\":2,\"name\":\"La Willy Green Technology Turi ai nastri di partenza\u00a0\u200b\"}]},{\"@type\":\"WebSite\",\"@id\":\"https:\\\/\\\/lavocedelpaese.info\\\/#website\",\"url\":\"https:\\\/\\\/lavocedelpaese.info\\\/\",\"name\":\"La Voce del Paese\",\"description\":\"Un network di idee\",\"publisher\":{\"@id\":\"https:\\\/\\\/lavocedelpaese.info\\\/#organization\"},\"potentialAction\":[{\"@type\":\"SearchAction\",\"target\":{\"@type\":\"EntryPoint\",\"urlTemplate\":\"https:\\\/\\\/lavocedelpaese.info\\\/?s={search_term_string}\"},\"query-input\":{\"@type\":\"PropertyValueSpecification\",\"valueRequired\":true,\"valueName\":\"search_term_string\"}}],\"inLanguage\":\"it-IT\"},{\"@type\":\"Organization\",\"@id\":\"https:\\\/\\\/lavocedelpaese.info\\\/#organization\",\"name\":\"La Voce del Paese\",\"url\":\"https:\\\/\\\/lavocedelpaese.info\\\/\",\"logo\":{\"@type\":\"ImageObject\",\"inLanguage\":\"it-IT\",\"@id\":\"https:\\\/\\\/lavocedelpaese.info\\\/#\\\/schema\\\/logo\\\/image\\\/\",\"url\":\"https:\\\/\\\/lavocedelpaese.info\\\/wp-content\\\/uploads\\\/2023\\\/01\\\/cropped-logo-150-127.png\",\"contentUrl\":\"https:\\\/\\\/lavocedelpaese.info\\\/wp-content\\\/uploads\\\/2023\\\/01\\\/cropped-logo-150-127.png\",\"width\":137,\"height\":119,\"caption\":\"La Voce del Paese\"},\"image\":{\"@id\":\"https:\\\/\\\/lavocedelpaese.info\\\/#\\\/schema\\\/logo\\\/image\\\/\"},\"sameAs\":[\"https:\\\/\\\/www.facebook.com\\\/lavocedelpaese.info\"]},{\"@type\":\"Person\",\"@id\":\"https:\\\/\\\/lavocedelpaese.info\\\/#\\\/schema\\\/person\\\/ec151d321306bd7591f7a061abf72d88\",\"name\":\"admin\",\"image\":{\"@type\":\"ImageObject\",\"inLanguage\":\"it-IT\",\"@id\":\"https:\\\/\\\/secure.gravatar.com\\\/avatar\\\/af8f2caf0663124588de48a9380e07cbc95a74ef15b8062d0d39106c32fe3023?s=96&d=mm&r=g\",\"url\":\"https:\\\/\\\/secure.gravatar.com\\\/avatar\\\/af8f2caf0663124588de48a9380e07cbc95a74ef15b8062d0d39106c32fe3023?s=96&d=mm&r=g\",\"contentUrl\":\"https:\\\/\\\/secure.gravatar.com\\\/avatar\\\/af8f2caf0663124588de48a9380e07cbc95a74ef15b8062d0d39106c32fe3023?s=96&d=mm&r=g\",\"caption\":\"admin\"},\"sameAs\":[\"https:\\\/\\\/lavocedelpaese.info\"],\"url\":\"https:\\\/\\\/lavocedelpaese.info\\\/index.php\\\/author\\\/admin\\\/\"}]}<\/script>\n<!-- \/ Yoast SEO plugin. -->","yoast_head_json":{"title":"La Willy Green Technology Turi ai nastri di partenza\u00a0\u200b - La Voce del Paese","robots":{"index":"index","follow":"follow","max-snippet":"max-snippet:-1","max-image-preview":"max-image-preview:large","max-video-preview":"max-video-preview:-1"},"canonical":"https:\/\/lavocedelpaese.info\/index.php\/2025\/10\/11\/la-willy-green-technology-turi-ai-nastri-di-partenza\/","og_locale":"it_IT","og_type":"article","og_title":"La Willy Green Technology Turi ai nastri di partenza\u00a0\u200b - La Voce del Paese","og_description":"\u00a0 \u200b\u00a0 \u200b\u00a0 Oggi il battesimo stagionale contro il Valenzano Sabato 11 ottobre si alza il sipario sulla stagione 2025\/2026","og_url":"https:\/\/lavocedelpaese.info\/index.php\/2025\/10\/11\/la-willy-green-technology-turi-ai-nastri-di-partenza\/","og_site_name":"La Voce del Paese","article_publisher":"https:\/\/www.facebook.com\/lavocedelpaese.info","article_published_time":"2025-10-11T06:14:02+00:00","author":"admin","twitter_card":"summary_large_image","twitter_misc":{"Scritto da":"admin","Tempo di lettura stimato":"2 minuti"},"schema":{"@context":"https:\/\/schema.org","@graph":[{"@type":"Article","@id":"https:\/\/lavocedelpaese.info\/index.php\/2025\/10\/11\/la-willy-green-technology-turi-ai-nastri-di-partenza\/#article","isPartOf":{"@id":"https:\/\/lavocedelpaese.info\/index.php\/2025\/10\/11\/la-willy-green-technology-turi-ai-nastri-di-partenza\/"},"author":{"name":"admin","@id":"https:\/\/lavocedelpaese.info\/#\/schema\/person\/ec151d321306bd7591f7a061abf72d88"},"headline":"La Willy Green Technology Turi ai nastri di partenza\u00a0\u200b","datePublished":"2025-10-11T06:14:02+00:00","mainEntityOfPage":{"@id":"https:\/\/lavocedelpaese.info\/index.php\/2025\/10\/11\/la-willy-green-technology-turi-ai-nastri-di-partenza\/"},"wordCount":500,"commentCount":0,"publisher":{"@id":"https:\/\/lavocedelpaese.info\/#organization"},"image":{"@id":"https:\/\/lavocedelpaese.info\/index.php\/2025\/10\/11\/la-willy-green-technology-turi-ai-nastri-di-partenza\/#primaryimage"},"thumbnailUrl":"https:\/\/lavocedelpaese.info\/wp-content\/uploads\/2023\/01\/logo-150-127.png","articleSection":["network"],"inLanguage":"it-IT","potentialAction":[{"@type":"CommentAction","name":"Comment","target":["https:\/\/lavocedelpaese.info\/index.php\/2025\/10\/11\/la-willy-green-technology-turi-ai-nastri-di-partenza\/#respond"]}]},{"@type":"WebPage","@id":"https:\/\/lavocedelpaese.info\/index.php\/2025\/10\/11\/la-willy-green-technology-turi-ai-nastri-di-partenza\/","url":"https:\/\/lavocedelpaese.info\/index.php\/2025\/10\/11\/la-willy-green-technology-turi-ai-nastri-di-partenza\/","name":"La Willy Green Technology Turi ai nastri di partenza\u00a0\u200b - La Voce del Paese","isPartOf":{"@id":"https:\/\/lavocedelpaese.info\/#website"},"primaryImageOfPage":{"@id":"https:\/\/lavocedelpaese.info\/index.php\/2025\/10\/11\/la-willy-green-technology-turi-ai-nastri-di-partenza\/#primaryimage"},"image":{"@id":"https:\/\/lavocedelpaese.info\/index.php\/2025\/10\/11\/la-willy-green-technology-turi-ai-nastri-di-partenza\/#primaryimage"},"thumbnailUrl":"https:\/\/lavocedelpaese.info\/wp-content\/uploads\/2023\/01\/logo-150-127.png","datePublished":"2025-10-11T06:14:02+00:00","breadcrumb":{"@id":"https:\/\/lavocedelpaese.info\/index.php\/2025\/10\/11\/la-willy-green-technology-turi-ai-nastri-di-partenza\/#breadcrumb"},"inLanguage":"it-IT","potentialAction":[{"@type":"ReadAction","target":["https:\/\/lavocedelpaese.info\/index.php\/2025\/10\/11\/la-willy-green-technology-turi-ai-nastri-di-partenza\/"]}]},{"@type":"ImageObject","inLanguage":"it-IT","@id":"https:\/\/lavocedelpaese.info\/index.php\/2025\/10\/11\/la-willy-green-technology-turi-ai-nastri-di-partenza\/#primaryimage","url":"https:\/\/lavocedelpaese.info\/wp-content\/uploads\/2023\/01\/logo-150-127.png","contentUrl":"https:\/\/lavocedelpaese.info\/wp-content\/uploads\/2023\/01\/logo-150-127.png","width":150,"height":127},{"@type":"BreadcrumbList","@id":"https:\/\/lavocedelpaese.info\/index.php\/2025\/10\/11\/la-willy-green-technology-turi-ai-nastri-di-partenza\/#breadcrumb","itemListElement":[{"@type":"ListItem","position":1,"name":"Home","item":"https:\/\/lavocedelpaese.info\/"},{"@type":"ListItem","position":2,"name":"La Willy Green Technology Turi ai nastri di partenza\u00a0\u200b"}]},{"@type":"WebSite","@id":"https:\/\/lavocedelpaese.info\/#website","url":"https:\/\/lavocedelpaese.info\/","name":"La Voce del Paese","description":"Un network di idee","publisher":{"@id":"https:\/\/lavocedelpaese.info\/#organization"},"potentialAction":[{"@type":"SearchAction","target":{"@type":"EntryPoint","urlTemplate":"https:\/\/lavocedelpaese.info\/?s={search_term_string}"},"query-input":{"@type":"PropertyValueSpecification","valueRequired":true,"valueName":"search_term_string"}}],"inLanguage":"it-IT"},{"@type":"Organization","@id":"https:\/\/lavocedelpaese.info\/#organization","name":"La Voce del Paese","url":"https:\/\/lavocedelpaese.info\/","logo":{"@type":"ImageObject","inLanguage":"it-IT","@id":"https:\/\/lavocedelpaese.info\/#\/schema\/logo\/image\/","url":"https:\/\/lavocedelpaese.info\/wp-content\/uploads\/2023\/01\/cropped-logo-150-127.png","contentUrl":"https:\/\/lavocedelpaese.info\/wp-content\/uploads\/2023\/01\/cropped-logo-150-127.png","width":137,"height":119,"caption":"La Voce del Paese"},"image":{"@id":"https:\/\/lavocedelpaese.info\/#\/schema\/logo\/image\/"},"sameAs":["https:\/\/www.facebook.com\/lavocedelpaese.info"]},{"@type":"Person","@id":"https:\/\/lavocedelpaese.info\/#\/schema\/person\/ec151d321306bd7591f7a061abf72d88","name":"admin","image":{"@type":"ImageObject","inLanguage":"it-IT","@id":"https:\/\/secure.gravatar.com\/avatar\/af8f2caf0663124588de48a9380e07cbc95a74ef15b8062d0d39106c32fe3023?s=96&d=mm&r=g","url":"https:\/\/secure.gravatar.com\/avatar\/af8f2caf0663124588de48a9380e07cbc95a74ef15b8062d0d39106c32fe3023?s=96&d=mm&r=g","contentUrl":"https:\/\/secure.gravatar.com\/avatar\/af8f2caf0663124588de48a9380e07cbc95a74ef15b8062d0d39106c32fe3023?s=96&d=mm&r=g","caption":"admin"},"sameAs":["https:\/\/lavocedelpaese.info"],"url":"https:\/\/lavocedelpaese.info\/index.php\/author\/admin\/"}]}},"_links":{"self":[{"href":"https:\/\/lavocedelpaese.info\/index.php\/wp-json\/wp\/v2\/posts\/10052","targetHints":{"allow":["GET"]}}],"collection":[{"href":"https:\/\/lavocedelpaese.info\/index.php\/wp-json\/wp\/v2\/posts"}],"about":[{"href":"https:\/\/lavocedelpaese.info\/index.php\/wp-json\/wp\/v2\/types\/post"}],"author":[{"embeddable":true,"href":"https:\/\/lavocedelpaese.info\/index.php\/wp-json\/wp\/v2\/users\/6"}],"replies":[{"embeddable":true,"href":"https:\/\/lavocedelpaese.info\/index.php\/wp-json\/wp\/v2\/comments?post=10052"}],"version-history":[{"count":0,"href":"https:\/\/lavocedelpaese.info\/index.php\/wp-json\/wp\/v2\/posts\/10052\/revisions"}],"wp:featuredmedia":[{"embeddable":true,"href":"https:\/\/lavocedelpaese.info\/index.php\/wp-json\/wp\/v2\/media\/730"}],"wp:attachment":[{"href":"https:\/\/lavocedelpaese.info\/index.php\/wp-json\/wp\/v2\/media?parent=10052"}],"wp:term":[{"taxonomy":"category","embeddable":true,"href":"https:\/\/lavocedelpaese.info\/index.php\/wp-json\/wp\/v2\/categories?post=10052"},{"taxonomy":"post_tag","embeddable":true,"href":"https:\/\/lavocedelpaese.info\/index.php\/wp-json\/wp\/v2\/tags?post=10052"}],"curies":[{"name":"wp","href":"https:\/\/api.w.org\/{rel}","templated":true}]}}