{"id":10051,"date":"2025-10-11T06:14:02","date_gmt":"2025-10-11T06:14:02","guid":{"rendered":"https:\/\/lavocedelpaese.info\/index.php\/2025\/10\/11\/willy-thuriae-doppia-vittoria-su-bisceglie-e-conversano\/"},"modified":"2025-10-11T06:14:02","modified_gmt":"2025-10-11T06:14:02","slug":"willy-thuriae-doppia-vittoria-su-bisceglie-e-conversano","status":"publish","type":"post","link":"https:\/\/lavocedelpaese.info\/index.php\/2025\/10\/11\/willy-thuriae-doppia-vittoria-su-bisceglie-e-conversano\/","title":{"rendered":"Willy Thuriae, doppia vittoria su Bisceglie e Conversano\u00a0\u00a0\u200b"},"content":{"rendered":"<p>\u00a0<\/p>\n<p>\u200b\u00a0<\/p>\n<p>\u200b\u00a0<\/p>\n<div><\/div>\n<p><strong>Dopo i successi contro Futbol Cinco e Azzurri Conversano, i rossogranata volano sulle ali dell\u2019entusiasmo e ora puntano il big match di sabato sul campo del Futsal Andria\u00a0<\/strong><\/p>\n<p>Willy Thuriae, settimana perfetta! Dopo il largo successo esterno di Bisceglie, i rossogranata concedono il bis anche tra le mura amiche, superando gli Azzurri Conversano in un Palazzetto gremito e festante. Due vittorie consecutive, 10 gol realizzati e tanto entusiasmo per la squadra di mister Di Bari, che si conferma in crescita costante e pronta a recitare un ruolo da protagonista in questo avvio di stagione.<\/p>\n<p>Il primo squillo arriva sabato al PalaCosmai di Bisceglie, dove la Willy Thuriae si impone con un netto 1-7 contro la Futbol Cinco, ancora a caccia dei primi punti stagionali. Mattatore assoluto capitan Balena, autore di cinque reti e autentico trascinatore dei suoi. Dopo il pareggio amaro con l\u2019Ostuni, i turesi scendono in campo determinati e concentrati: Campagna inventa, Balena finalizza. \u00c8 proprio il tandem offensivo a fare la differenza, con tre combinazioni vincenti gi\u00e0 nel primo tempo che valgono l\u20191-3 all\u2019intervallo. Nella ripresa la musica non cambia: Balena allunga ancora, Ritorno firma addirittura il gol del 1-5 direttamente dalla propria porta e, nel finale, Valentini e lo stesso capitano chiudono i conti. Prestazione solida, concreta e convincente, che restituisce fiducia e consapevolezza al gruppo.<\/p>\n<p>Il bis arriva appena tre giorni dopo, marted\u00ec 7 ottobre, nel derby del sud-est barese contro gli Azzurri Conversano. In un Palazzetto sold-out, la Willy Thuriae conquista la prima vittoria stagionale tra le mura amiche con un sofferto ma meritato 3-2. I ragazzi di mister Di Bari approcciano la gara con attenzione e determinazione, consapevoli delle insidie di un avversario esperto. Dopo una fase iniziale di studio, sono i rossogranata a prendere il controllo del match: Corriero sblocca il risultato con una bella azione personale, poi Banegas raddoppia su punizione, mandando le squadre al riposo sul 2-0. Nella ripresa, nonostante il tentativo di rimonta ospite con Renna e Cannone, \u00e8 ancora Corriero \u2013 servito da Campagna \u2013 a mettere la firma sul gol decisivo. Gli ultimi minuti sono di pura sofferenza, ma la difesa tiene e al triplice fischio esplode la festa per altri tre punti fondamentali.<\/p>\n<p>Due vittorie, sette marcatori diversi e un gruppo sempre pi\u00f9 compatto: la Willy Thuriae dimostra di essere una squadra quadrata, capace di adattarsi alle diverse situazioni di gioco e di colpire nei momenti chiave. Ora lo sguardo \u00e8 gi\u00e0 rivolto alla prossima sfida, sabato sul campo del Futsal Andria, una delle formazioni pi\u00f9 in forma del campionato e attualmente appaiata ai rossogranata in classifica. Sar\u00e0 un altro test importante per misurare le ambizioni di una squadra che, settimana dopo settimana, continua a crescere.<\/p>\n<p><a class=\"a2a_button_facebook\" href=\"https:\/\/www.addtoany.com\/add_to\/facebook?linkurl=https%3A%2F%2Fturi.lavocedelpaese.info%2Fwilly-thuriae-doppia-vittoria-su-bisceglie-e-conversano%2F&amp;linkname=Willy%20Thuriae%2C%20doppia%20vittoria%20su%20Bisceglie%20e%20Conversano%C2%A0\" title=\"Facebook\" rel=\"nofollow noopener\" target=\"_blank\"><\/a><a class=\"a2a_button_twitter\" href=\"https:\/\/www.addtoany.com\/add_to\/twitter?linkurl=https%3A%2F%2Fturi.lavocedelpaese.info%2Fwilly-thuriae-doppia-vittoria-su-bisceglie-e-conversano%2F&amp;linkname=Willy%20Thuriae%2C%20doppia%20vittoria%20su%20Bisceglie%20e%20Conversano%C2%A0\" title=\"Twitter\" rel=\"nofollow noopener\" target=\"_blank\"><\/a><a class=\"a2a_button_whatsapp\" href=\"https:\/\/www.addtoany.com\/add_to\/whatsapp?linkurl=https%3A%2F%2Fturi.lavocedelpaese.info%2Fwilly-thuriae-doppia-vittoria-su-bisceglie-e-conversano%2F&amp;linkname=Willy%20Thuriae%2C%20doppia%20vittoria%20su%20Bisceglie%20e%20Conversano%C2%A0\" title=\"WhatsApp\" rel=\"nofollow noopener\" target=\"_blank\"><\/a><a class=\"a2a_button_telegram\" href=\"https:\/\/www.addtoany.com\/add_to\/telegram?linkurl=https%3A%2F%2Fturi.lavocedelpaese.info%2Fwilly-thuriae-doppia-vittoria-su-bisceglie-e-conversano%2F&amp;linkname=Willy%20Thuriae%2C%20doppia%20vittoria%20su%20Bisceglie%20e%20Conversano%C2%A0\" title=\"Telegram\" rel=\"nofollow noopener\" target=\"_blank\"><\/a><a class=\"a2a_button_email\" href=\"https:\/\/www.addtoany.com\/add_to\/email?linkurl=https%3A%2F%2Fturi.lavocedelpaese.info%2Fwilly-thuriae-doppia-vittoria-su-bisceglie-e-conversano%2F&amp;linkname=Willy%20Thuriae%2C%20doppia%20vittoria%20su%20Bisceglie%20e%20Conversano%C2%A0\" title=\"Email\" rel=\"nofollow noopener\" target=\"_blank\"><\/a><\/p>\n<p>\u00a0<\/p>\n<p>\u00a0<\/p>\n<p>\u200b\u00a0\u00a0\u00a0<\/p>","protected":false},"excerpt":{"rendered":"<p>\u00a0 \u200b\u00a0 \u200b\u00a0 Dopo i successi contro Futbol Cinco e Azzurri Conversano, i rossogranata volano sulle ali dell\u2019entusiasmo e ora<\/p>\n","protected":false},"author":6,"featured_media":730,"comment_status":"open","ping_status":"closed","sticky":false,"template":"","format":"standard","meta":{"colormag_page_container_layout":"default_layout","colormag_page_sidebar_layout":"default_layout","footnotes":""},"categories":[33],"tags":[],"class_list":["post-10051","post","type-post","status-publish","format-standard","has-post-thumbnail","hentry","category-network"],"yoast_head":"<!-- This site is optimized with the Yoast SEO plugin v27.5 - https:\/\/yoast.com\/product\/yoast-seo-wordpress\/ -->\n<title>Willy Thuriae, doppia vittoria su Bisceglie e Conversano\u00a0\u00a0\u200b - La Voce del Paese<\/title>\n<meta name=\"robots\" content=\"index, follow, max-snippet:-1, max-image-preview:large, max-video-preview:-1\" \/>\n<link rel=\"canonical\" href=\"https:\/\/lavocedelpaese.info\/index.php\/2025\/10\/11\/willy-thuriae-doppia-vittoria-su-bisceglie-e-conversano\/\" \/>\n<meta property=\"og:locale\" content=\"it_IT\" \/>\n<meta property=\"og:type\" content=\"article\" \/>\n<meta property=\"og:title\" content=\"Willy Thuriae, doppia vittoria su Bisceglie e Conversano\u00a0\u00a0\u200b - La Voce del Paese\" \/>\n<meta property=\"og:description\" content=\"\u00a0 \u200b\u00a0 \u200b\u00a0 Dopo i successi contro Futbol Cinco e Azzurri Conversano, i rossogranata volano sulle ali dell\u2019entusiasmo e ora\" \/>\n<meta property=\"og:url\" content=\"https:\/\/lavocedelpaese.info\/index.php\/2025\/10\/11\/willy-thuriae-doppia-vittoria-su-bisceglie-e-conversano\/\" \/>\n<meta property=\"og:site_name\" content=\"La Voce del Paese\" \/>\n<meta property=\"article:publisher\" content=\"https:\/\/www.facebook.com\/lavocedelpaese.info\" \/>\n<meta property=\"article:published_time\" content=\"2025-10-11T06:14:02+00:00\" \/>\n<meta name=\"author\" content=\"admin\" \/>\n<meta name=\"twitter:card\" content=\"summary_large_image\" \/>\n<meta name=\"twitter:label1\" content=\"Scritto da\" \/>\n\t<meta name=\"twitter:data1\" content=\"admin\" \/>\n\t<meta name=\"twitter:label2\" content=\"Tempo di lettura stimato\" \/>\n\t<meta name=\"twitter:data2\" content=\"2 minuti\" \/>\n<script type=\"application\/ld+json\" class=\"yoast-schema-graph\">{\"@context\":\"https:\\\/\\\/schema.org\",\"@graph\":[{\"@type\":\"Article\",\"@id\":\"https:\\\/\\\/lavocedelpaese.info\\\/index.php\\\/2025\\\/10\\\/11\\\/willy-thuriae-doppia-vittoria-su-bisceglie-e-conversano\\\/#article\",\"isPartOf\":{\"@id\":\"https:\\\/\\\/lavocedelpaese.info\\\/index.php\\\/2025\\\/10\\\/11\\\/willy-thuriae-doppia-vittoria-su-bisceglie-e-conversano\\\/\"},\"author\":{\"name\":\"admin\",\"@id\":\"https:\\\/\\\/lavocedelpaese.info\\\/#\\\/schema\\\/person\\\/ec151d321306bd7591f7a061abf72d88\"},\"headline\":\"Willy Thuriae, doppia vittoria su Bisceglie e Conversano\u00a0\u00a0\u200b\",\"datePublished\":\"2025-10-11T06:14:02+00:00\",\"mainEntityOfPage\":{\"@id\":\"https:\\\/\\\/lavocedelpaese.info\\\/index.php\\\/2025\\\/10\\\/11\\\/willy-thuriae-doppia-vittoria-su-bisceglie-e-conversano\\\/\"},\"wordCount\":454,\"commentCount\":0,\"publisher\":{\"@id\":\"https:\\\/\\\/lavocedelpaese.info\\\/#organization\"},\"image\":{\"@id\":\"https:\\\/\\\/lavocedelpaese.info\\\/index.php\\\/2025\\\/10\\\/11\\\/willy-thuriae-doppia-vittoria-su-bisceglie-e-conversano\\\/#primaryimage\"},\"thumbnailUrl\":\"https:\\\/\\\/lavocedelpaese.info\\\/wp-content\\\/uploads\\\/2023\\\/01\\\/logo-150-127.png\",\"articleSection\":[\"network\"],\"inLanguage\":\"it-IT\",\"potentialAction\":[{\"@type\":\"CommentAction\",\"name\":\"Comment\",\"target\":[\"https:\\\/\\\/lavocedelpaese.info\\\/index.php\\\/2025\\\/10\\\/11\\\/willy-thuriae-doppia-vittoria-su-bisceglie-e-conversano\\\/#respond\"]}]},{\"@type\":\"WebPage\",\"@id\":\"https:\\\/\\\/lavocedelpaese.info\\\/index.php\\\/2025\\\/10\\\/11\\\/willy-thuriae-doppia-vittoria-su-bisceglie-e-conversano\\\/\",\"url\":\"https:\\\/\\\/lavocedelpaese.info\\\/index.php\\\/2025\\\/10\\\/11\\\/willy-thuriae-doppia-vittoria-su-bisceglie-e-conversano\\\/\",\"name\":\"Willy Thuriae, doppia vittoria su Bisceglie e Conversano\u00a0\u00a0\u200b - La Voce del Paese\",\"isPartOf\":{\"@id\":\"https:\\\/\\\/lavocedelpaese.info\\\/#website\"},\"primaryImageOfPage\":{\"@id\":\"https:\\\/\\\/lavocedelpaese.info\\\/index.php\\\/2025\\\/10\\\/11\\\/willy-thuriae-doppia-vittoria-su-bisceglie-e-conversano\\\/#primaryimage\"},\"image\":{\"@id\":\"https:\\\/\\\/lavocedelpaese.info\\\/index.php\\\/2025\\\/10\\\/11\\\/willy-thuriae-doppia-vittoria-su-bisceglie-e-conversano\\\/#primaryimage\"},\"thumbnailUrl\":\"https:\\\/\\\/lavocedelpaese.info\\\/wp-content\\\/uploads\\\/2023\\\/01\\\/logo-150-127.png\",\"datePublished\":\"2025-10-11T06:14:02+00:00\",\"breadcrumb\":{\"@id\":\"https:\\\/\\\/lavocedelpaese.info\\\/index.php\\\/2025\\\/10\\\/11\\\/willy-thuriae-doppia-vittoria-su-bisceglie-e-conversano\\\/#breadcrumb\"},\"inLanguage\":\"it-IT\",\"potentialAction\":[{\"@type\":\"ReadAction\",\"target\":[\"https:\\\/\\\/lavocedelpaese.info\\\/index.php\\\/2025\\\/10\\\/11\\\/willy-thuriae-doppia-vittoria-su-bisceglie-e-conversano\\\/\"]}]},{\"@type\":\"ImageObject\",\"inLanguage\":\"it-IT\",\"@id\":\"https:\\\/\\\/lavocedelpaese.info\\\/index.php\\\/2025\\\/10\\\/11\\\/willy-thuriae-doppia-vittoria-su-bisceglie-e-conversano\\\/#primaryimage\",\"url\":\"https:\\\/\\\/lavocedelpaese.info\\\/wp-content\\\/uploads\\\/2023\\\/01\\\/logo-150-127.png\",\"contentUrl\":\"https:\\\/\\\/lavocedelpaese.info\\\/wp-content\\\/uploads\\\/2023\\\/01\\\/logo-150-127.png\",\"width\":150,\"height\":127},{\"@type\":\"BreadcrumbList\",\"@id\":\"https:\\\/\\\/lavocedelpaese.info\\\/index.php\\\/2025\\\/10\\\/11\\\/willy-thuriae-doppia-vittoria-su-bisceglie-e-conversano\\\/#breadcrumb\",\"itemListElement\":[{\"@type\":\"ListItem\",\"position\":1,\"name\":\"Home\",\"item\":\"https:\\\/\\\/lavocedelpaese.info\\\/\"},{\"@type\":\"ListItem\",\"position\":2,\"name\":\"Willy Thuriae, doppia vittoria su Bisceglie e Conversano\u00a0\u00a0\u200b\"}]},{\"@type\":\"WebSite\",\"@id\":\"https:\\\/\\\/lavocedelpaese.info\\\/#website\",\"url\":\"https:\\\/\\\/lavocedelpaese.info\\\/\",\"name\":\"La Voce del Paese\",\"description\":\"Un network di idee\",\"publisher\":{\"@id\":\"https:\\\/\\\/lavocedelpaese.info\\\/#organization\"},\"potentialAction\":[{\"@type\":\"SearchAction\",\"target\":{\"@type\":\"EntryPoint\",\"urlTemplate\":\"https:\\\/\\\/lavocedelpaese.info\\\/?s={search_term_string}\"},\"query-input\":{\"@type\":\"PropertyValueSpecification\",\"valueRequired\":true,\"valueName\":\"search_term_string\"}}],\"inLanguage\":\"it-IT\"},{\"@type\":\"Organization\",\"@id\":\"https:\\\/\\\/lavocedelpaese.info\\\/#organization\",\"name\":\"La Voce del Paese\",\"url\":\"https:\\\/\\\/lavocedelpaese.info\\\/\",\"logo\":{\"@type\":\"ImageObject\",\"inLanguage\":\"it-IT\",\"@id\":\"https:\\\/\\\/lavocedelpaese.info\\\/#\\\/schema\\\/logo\\\/image\\\/\",\"url\":\"https:\\\/\\\/lavocedelpaese.info\\\/wp-content\\\/uploads\\\/2023\\\/01\\\/cropped-logo-150-127.png\",\"contentUrl\":\"https:\\\/\\\/lavocedelpaese.info\\\/wp-content\\\/uploads\\\/2023\\\/01\\\/cropped-logo-150-127.png\",\"width\":137,\"height\":119,\"caption\":\"La Voce del Paese\"},\"image\":{\"@id\":\"https:\\\/\\\/lavocedelpaese.info\\\/#\\\/schema\\\/logo\\\/image\\\/\"},\"sameAs\":[\"https:\\\/\\\/www.facebook.com\\\/lavocedelpaese.info\"]},{\"@type\":\"Person\",\"@id\":\"https:\\\/\\\/lavocedelpaese.info\\\/#\\\/schema\\\/person\\\/ec151d321306bd7591f7a061abf72d88\",\"name\":\"admin\",\"image\":{\"@type\":\"ImageObject\",\"inLanguage\":\"it-IT\",\"@id\":\"https:\\\/\\\/secure.gravatar.com\\\/avatar\\\/af8f2caf0663124588de48a9380e07cbc95a74ef15b8062d0d39106c32fe3023?s=96&d=mm&r=g\",\"url\":\"https:\\\/\\\/secure.gravatar.com\\\/avatar\\\/af8f2caf0663124588de48a9380e07cbc95a74ef15b8062d0d39106c32fe3023?s=96&d=mm&r=g\",\"contentUrl\":\"https:\\\/\\\/secure.gravatar.com\\\/avatar\\\/af8f2caf0663124588de48a9380e07cbc95a74ef15b8062d0d39106c32fe3023?s=96&d=mm&r=g\",\"caption\":\"admin\"},\"sameAs\":[\"https:\\\/\\\/lavocedelpaese.info\"],\"url\":\"https:\\\/\\\/lavocedelpaese.info\\\/index.php\\\/author\\\/admin\\\/\"}]}<\/script>\n<!-- \/ Yoast SEO plugin. -->","yoast_head_json":{"title":"Willy Thuriae, doppia vittoria su Bisceglie e Conversano\u00a0\u00a0\u200b - La Voce del Paese","robots":{"index":"index","follow":"follow","max-snippet":"max-snippet:-1","max-image-preview":"max-image-preview:large","max-video-preview":"max-video-preview:-1"},"canonical":"https:\/\/lavocedelpaese.info\/index.php\/2025\/10\/11\/willy-thuriae-doppia-vittoria-su-bisceglie-e-conversano\/","og_locale":"it_IT","og_type":"article","og_title":"Willy Thuriae, doppia vittoria su Bisceglie e Conversano\u00a0\u00a0\u200b - La Voce del Paese","og_description":"\u00a0 \u200b\u00a0 \u200b\u00a0 Dopo i successi contro Futbol Cinco e Azzurri Conversano, i rossogranata volano sulle ali dell\u2019entusiasmo e ora","og_url":"https:\/\/lavocedelpaese.info\/index.php\/2025\/10\/11\/willy-thuriae-doppia-vittoria-su-bisceglie-e-conversano\/","og_site_name":"La Voce del Paese","article_publisher":"https:\/\/www.facebook.com\/lavocedelpaese.info","article_published_time":"2025-10-11T06:14:02+00:00","author":"admin","twitter_card":"summary_large_image","twitter_misc":{"Scritto da":"admin","Tempo di lettura stimato":"2 minuti"},"schema":{"@context":"https:\/\/schema.org","@graph":[{"@type":"Article","@id":"https:\/\/lavocedelpaese.info\/index.php\/2025\/10\/11\/willy-thuriae-doppia-vittoria-su-bisceglie-e-conversano\/#article","isPartOf":{"@id":"https:\/\/lavocedelpaese.info\/index.php\/2025\/10\/11\/willy-thuriae-doppia-vittoria-su-bisceglie-e-conversano\/"},"author":{"name":"admin","@id":"https:\/\/lavocedelpaese.info\/#\/schema\/person\/ec151d321306bd7591f7a061abf72d88"},"headline":"Willy Thuriae, doppia vittoria su Bisceglie e Conversano\u00a0\u00a0\u200b","datePublished":"2025-10-11T06:14:02+00:00","mainEntityOfPage":{"@id":"https:\/\/lavocedelpaese.info\/index.php\/2025\/10\/11\/willy-thuriae-doppia-vittoria-su-bisceglie-e-conversano\/"},"wordCount":454,"commentCount":0,"publisher":{"@id":"https:\/\/lavocedelpaese.info\/#organization"},"image":{"@id":"https:\/\/lavocedelpaese.info\/index.php\/2025\/10\/11\/willy-thuriae-doppia-vittoria-su-bisceglie-e-conversano\/#primaryimage"},"thumbnailUrl":"https:\/\/lavocedelpaese.info\/wp-content\/uploads\/2023\/01\/logo-150-127.png","articleSection":["network"],"inLanguage":"it-IT","potentialAction":[{"@type":"CommentAction","name":"Comment","target":["https:\/\/lavocedelpaese.info\/index.php\/2025\/10\/11\/willy-thuriae-doppia-vittoria-su-bisceglie-e-conversano\/#respond"]}]},{"@type":"WebPage","@id":"https:\/\/lavocedelpaese.info\/index.php\/2025\/10\/11\/willy-thuriae-doppia-vittoria-su-bisceglie-e-conversano\/","url":"https:\/\/lavocedelpaese.info\/index.php\/2025\/10\/11\/willy-thuriae-doppia-vittoria-su-bisceglie-e-conversano\/","name":"Willy Thuriae, doppia vittoria su Bisceglie e Conversano\u00a0\u00a0\u200b - La Voce del Paese","isPartOf":{"@id":"https:\/\/lavocedelpaese.info\/#website"},"primaryImageOfPage":{"@id":"https:\/\/lavocedelpaese.info\/index.php\/2025\/10\/11\/willy-thuriae-doppia-vittoria-su-bisceglie-e-conversano\/#primaryimage"},"image":{"@id":"https:\/\/lavocedelpaese.info\/index.php\/2025\/10\/11\/willy-thuriae-doppia-vittoria-su-bisceglie-e-conversano\/#primaryimage"},"thumbnailUrl":"https:\/\/lavocedelpaese.info\/wp-content\/uploads\/2023\/01\/logo-150-127.png","datePublished":"2025-10-11T06:14:02+00:00","breadcrumb":{"@id":"https:\/\/lavocedelpaese.info\/index.php\/2025\/10\/11\/willy-thuriae-doppia-vittoria-su-bisceglie-e-conversano\/#breadcrumb"},"inLanguage":"it-IT","potentialAction":[{"@type":"ReadAction","target":["https:\/\/lavocedelpaese.info\/index.php\/2025\/10\/11\/willy-thuriae-doppia-vittoria-su-bisceglie-e-conversano\/"]}]},{"@type":"ImageObject","inLanguage":"it-IT","@id":"https:\/\/lavocedelpaese.info\/index.php\/2025\/10\/11\/willy-thuriae-doppia-vittoria-su-bisceglie-e-conversano\/#primaryimage","url":"https:\/\/lavocedelpaese.info\/wp-content\/uploads\/2023\/01\/logo-150-127.png","contentUrl":"https:\/\/lavocedelpaese.info\/wp-content\/uploads\/2023\/01\/logo-150-127.png","width":150,"height":127},{"@type":"BreadcrumbList","@id":"https:\/\/lavocedelpaese.info\/index.php\/2025\/10\/11\/willy-thuriae-doppia-vittoria-su-bisceglie-e-conversano\/#breadcrumb","itemListElement":[{"@type":"ListItem","position":1,"name":"Home","item":"https:\/\/lavocedelpaese.info\/"},{"@type":"ListItem","position":2,"name":"Willy Thuriae, doppia vittoria su Bisceglie e Conversano\u00a0\u00a0\u200b"}]},{"@type":"WebSite","@id":"https:\/\/lavocedelpaese.info\/#website","url":"https:\/\/lavocedelpaese.info\/","name":"La Voce del Paese","description":"Un network di idee","publisher":{"@id":"https:\/\/lavocedelpaese.info\/#organization"},"potentialAction":[{"@type":"SearchAction","target":{"@type":"EntryPoint","urlTemplate":"https:\/\/lavocedelpaese.info\/?s={search_term_string}"},"query-input":{"@type":"PropertyValueSpecification","valueRequired":true,"valueName":"search_term_string"}}],"inLanguage":"it-IT"},{"@type":"Organization","@id":"https:\/\/lavocedelpaese.info\/#organization","name":"La Voce del Paese","url":"https:\/\/lavocedelpaese.info\/","logo":{"@type":"ImageObject","inLanguage":"it-IT","@id":"https:\/\/lavocedelpaese.info\/#\/schema\/logo\/image\/","url":"https:\/\/lavocedelpaese.info\/wp-content\/uploads\/2023\/01\/cropped-logo-150-127.png","contentUrl":"https:\/\/lavocedelpaese.info\/wp-content\/uploads\/2023\/01\/cropped-logo-150-127.png","width":137,"height":119,"caption":"La Voce del Paese"},"image":{"@id":"https:\/\/lavocedelpaese.info\/#\/schema\/logo\/image\/"},"sameAs":["https:\/\/www.facebook.com\/lavocedelpaese.info"]},{"@type":"Person","@id":"https:\/\/lavocedelpaese.info\/#\/schema\/person\/ec151d321306bd7591f7a061abf72d88","name":"admin","image":{"@type":"ImageObject","inLanguage":"it-IT","@id":"https:\/\/secure.gravatar.com\/avatar\/af8f2caf0663124588de48a9380e07cbc95a74ef15b8062d0d39106c32fe3023?s=96&d=mm&r=g","url":"https:\/\/secure.gravatar.com\/avatar\/af8f2caf0663124588de48a9380e07cbc95a74ef15b8062d0d39106c32fe3023?s=96&d=mm&r=g","contentUrl":"https:\/\/secure.gravatar.com\/avatar\/af8f2caf0663124588de48a9380e07cbc95a74ef15b8062d0d39106c32fe3023?s=96&d=mm&r=g","caption":"admin"},"sameAs":["https:\/\/lavocedelpaese.info"],"url":"https:\/\/lavocedelpaese.info\/index.php\/author\/admin\/"}]}},"_links":{"self":[{"href":"https:\/\/lavocedelpaese.info\/index.php\/wp-json\/wp\/v2\/posts\/10051","targetHints":{"allow":["GET"]}}],"collection":[{"href":"https:\/\/lavocedelpaese.info\/index.php\/wp-json\/wp\/v2\/posts"}],"about":[{"href":"https:\/\/lavocedelpaese.info\/index.php\/wp-json\/wp\/v2\/types\/post"}],"author":[{"embeddable":true,"href":"https:\/\/lavocedelpaese.info\/index.php\/wp-json\/wp\/v2\/users\/6"}],"replies":[{"embeddable":true,"href":"https:\/\/lavocedelpaese.info\/index.php\/wp-json\/wp\/v2\/comments?post=10051"}],"version-history":[{"count":0,"href":"https:\/\/lavocedelpaese.info\/index.php\/wp-json\/wp\/v2\/posts\/10051\/revisions"}],"wp:featuredmedia":[{"embeddable":true,"href":"https:\/\/lavocedelpaese.info\/index.php\/wp-json\/wp\/v2\/media\/730"}],"wp:attachment":[{"href":"https:\/\/lavocedelpaese.info\/index.php\/wp-json\/wp\/v2\/media?parent=10051"}],"wp:term":[{"taxonomy":"category","embeddable":true,"href":"https:\/\/lavocedelpaese.info\/index.php\/wp-json\/wp\/v2\/categories?post=10051"},{"taxonomy":"post_tag","embeddable":true,"href":"https:\/\/lavocedelpaese.info\/index.php\/wp-json\/wp\/v2\/tags?post=10051"}],"curies":[{"name":"wp","href":"https:\/\/api.w.org\/{rel}","templated":true}]}}