{"id":10022,"date":"2025-10-03T14:15:21","date_gmt":"2025-10-03T14:15:21","guid":{"rendered":"https:\/\/lavocedelpaese.info\/index.php\/2025\/10\/03\/giorgia-barbone-e-anna-donofrio-gli-ultimi-colpi-di-mercato\/"},"modified":"2025-10-03T14:15:21","modified_gmt":"2025-10-03T14:15:21","slug":"giorgia-barbone-e-anna-donofrio-gli-ultimi-colpi-di-mercato","status":"publish","type":"post","link":"https:\/\/lavocedelpaese.info\/index.php\/2025\/10\/03\/giorgia-barbone-e-anna-donofrio-gli-ultimi-colpi-di-mercato\/","title":{"rendered":"Giorgia Barbone e Anna D\u2019Onofrio, gli ultimi colpi di mercato\u00a0\u200b"},"content":{"rendered":"<p>\u00a0<\/p>\n<p>\u200b\u00a0<\/p>\n<p>\u200b\u00a0<\/p>\n<div><\/div>\n<p>Si completa la rosa della Farmacia Mastrolonardo Turi che da sabato prossimo 11 ottobre sar\u00e0 impegnata nel Campionato Nazionale di serie C femminile.<\/p>\n<figure class=\"wp-block-image alignleft size-large is-resized\"><img decoding=\"async\" width=\"1535\" height=\"2048\" src=\"https:\/\/turi.lavocedelpaese.info\/wp-content\/uploads\/2025\/10\/Giorgia-Barbone-1535x2048.jpg\" alt=\"\" class=\"wp-image-7651\"\/><figcaption class=\"wp-element-caption\"><strong><em>Giorgia Barbone<\/em><\/strong><\/figcaption><\/figure>\n<p>Grazie all\u2019incessante lavoro estivo del direttore generale Daniele Marotta, approda a Turi infatti un altro giovane e promettente talento, <strong>Giorgia Barbone<\/strong>, laterale classe 2008, figlia d\u2019arte di Giuseppe Barbone ex centrale ed attuale tecnico della Materdomini in A3 e di Rosita Marzullo ex atleta della Florens Castellana, che ha indossato anche la maglia del Turi una ventina d\u2019anni or sono. Spinta dalla passione per la pallavolo, Giorgia ha iniziato nel 2020 con la Grotte Volley Castellana, conquistando gi\u00e0 nel 2022 il titolo provinciale Under 14. Nello stesso anno ha partecipato al Trofeo delle Province e al suo primo Trofeo delle Regioni, oltre a ricevere la prima convocazione al collegiale del Club Italia del Sud.<\/p>\n<p>Dopo le prime esperienze in Serie D con la Uisp\u201980 Putignano, Giorgia Barbone ha continuato a collezionare titoli provinciali e convocazioni regionali, fino alla scorsa stagione in cui ha vestito la maglia della Volley Up Acquaviva in Serie C.<br \/>Tecnica, entusiasmo e voglia di crescere fanno di lei una delle novit\u00e0 pi\u00f9 interessanti del nostro roster, andando cos\u00ec a completare il pacchetto delle schiacciatrici assieme ad Alejandra Rodriguez, Eleonora Malerba e Stefania Cazzetta.<\/p>\n<p>Novit\u00e0 anche nel reparto centrali con la new entry di <strong>Anna D\u2019Onofrio<\/strong>. Classe 1994, 191 centimetri di altezza, Anna porta in biancoazzurro tutta la sua esperienza maturata negli anni tra Serie C e B2. Nel corso della sua carriera ha indossato le maglie di Podio Fasano, New Volley Polignano, Fenix Monopoli e Pallavolo Ostuni, distinguendosi sempre per presenza fisica, grinta e capacit\u00e0 di incidere a muro e in attacco.<br \/>Con il suo arrivo, il nostro roster guadagna solidit\u00e0, qualit\u00e0 e un punto di riferimento importante al centro della rete.<\/p>\n<p>Il quartetto delle centrali, che oltre la D\u2019Onofrio vede anche Isa D\u2019Aprile e Miriana Pernice si completa con <strong>Lucia Mancino<\/strong>, classe 2007 cresciuta nel nostro settore giovanile, mostrando fin da subito talento e determinazione. Tre anni fa ha vissuto una parentesi formativa con la UISP Putignano, esperienza che le ha permesso di arricchire il proprio bagaglio tecnico e maturare ulteriormente.<\/p>\n<p>Nella scorsa stagione ha coronato il suo percorso con l\u2019esordio in Serie C, dimostrando di essere pronta a mettersi in gioco anche nei campionati senior. Lucia Mancino rappresenta uno dei volti pi\u00f9 promettenti del nostro vivaio, pronta a crescere ancora e a dare il proprio contributo alla squadra.<\/p>\n<figure class=\"wp-block-gallery has-nested-images columns-default is-cropped wp-block-gallery-1 is-layout-flex wp-block-gallery-is-layout-flex\">\n<figure class=\"wp-block-image size-large\"><img decoding=\"async\" width=\"1065\" height=\"1641\" data-id=\"7653\" src=\"https:\/\/turi.lavocedelpaese.info\/wp-content\/uploads\/2025\/10\/Anna-DOnofrio.jpeg\" alt=\"\" class=\"wp-image-7653\"\/><figcaption class=\"wp-element-caption\"><strong>Anna D\u2019Onofrio<\/strong><\/figcaption><\/figure>\n<figure class=\"wp-block-image size-large\"><img decoding=\"async\" width=\"1365\" height=\"2048\" data-id=\"7652\" src=\"https:\/\/turi.lavocedelpaese.info\/wp-content\/uploads\/2025\/10\/Lucia-Mancino.jpg\" alt=\"\" class=\"wp-image-7652\"\/><figcaption class=\"wp-element-caption\"><strong>Lucia Mancino<\/strong><\/figcaption><\/figure>\n<\/figure>\n<p><a class=\"a2a_button_facebook\" href=\"https:\/\/www.addtoany.com\/add_to\/facebook?linkurl=https%3A%2F%2Fturi.lavocedelpaese.info%2Fgiorgia-barbone-e-anna-donofrio-gli-ultimi-colpi-di-mercato%2F&amp;linkname=Giorgia%20Barbone%20e%20Anna%20D%E2%80%99Onofrio%2C%20gli%20ultimi%20colpi%20di%20mercato\" title=\"Facebook\" rel=\"nofollow noopener\" target=\"_blank\"><\/a><a class=\"a2a_button_twitter\" href=\"https:\/\/www.addtoany.com\/add_to\/twitter?linkurl=https%3A%2F%2Fturi.lavocedelpaese.info%2Fgiorgia-barbone-e-anna-donofrio-gli-ultimi-colpi-di-mercato%2F&amp;linkname=Giorgia%20Barbone%20e%20Anna%20D%E2%80%99Onofrio%2C%20gli%20ultimi%20colpi%20di%20mercato\" title=\"Twitter\" rel=\"nofollow noopener\" target=\"_blank\"><\/a><a class=\"a2a_button_whatsapp\" href=\"https:\/\/www.addtoany.com\/add_to\/whatsapp?linkurl=https%3A%2F%2Fturi.lavocedelpaese.info%2Fgiorgia-barbone-e-anna-donofrio-gli-ultimi-colpi-di-mercato%2F&amp;linkname=Giorgia%20Barbone%20e%20Anna%20D%E2%80%99Onofrio%2C%20gli%20ultimi%20colpi%20di%20mercato\" title=\"WhatsApp\" rel=\"nofollow noopener\" target=\"_blank\"><\/a><a class=\"a2a_button_telegram\" href=\"https:\/\/www.addtoany.com\/add_to\/telegram?linkurl=https%3A%2F%2Fturi.lavocedelpaese.info%2Fgiorgia-barbone-e-anna-donofrio-gli-ultimi-colpi-di-mercato%2F&amp;linkname=Giorgia%20Barbone%20e%20Anna%20D%E2%80%99Onofrio%2C%20gli%20ultimi%20colpi%20di%20mercato\" title=\"Telegram\" rel=\"nofollow noopener\" target=\"_blank\"><\/a><a class=\"a2a_button_email\" href=\"https:\/\/www.addtoany.com\/add_to\/email?linkurl=https%3A%2F%2Fturi.lavocedelpaese.info%2Fgiorgia-barbone-e-anna-donofrio-gli-ultimi-colpi-di-mercato%2F&amp;linkname=Giorgia%20Barbone%20e%20Anna%20D%E2%80%99Onofrio%2C%20gli%20ultimi%20colpi%20di%20mercato\" title=\"Email\" rel=\"nofollow noopener\" target=\"_blank\"><\/a><\/p>\n<p>\u00a0<\/p>\n<p>\u00a0<\/p>\n<p>\u200b\u00a0\u00a0\u00a0<\/p>","protected":false},"excerpt":{"rendered":"<p>\u00a0 \u200b\u00a0 \u200b\u00a0 Si completa la rosa della Farmacia Mastrolonardo Turi che da sabato prossimo 11 ottobre sar\u00e0 impegnata nel<\/p>\n","protected":false},"author":6,"featured_media":10023,"comment_status":"open","ping_status":"closed","sticky":false,"template":"","format":"standard","meta":{"colormag_page_container_layout":"default_layout","colormag_page_sidebar_layout":"default_layout","footnotes":""},"categories":[33],"tags":[],"class_list":["post-10022","post","type-post","status-publish","format-standard","has-post-thumbnail","hentry","category-network"],"yoast_head":"<!-- This site is optimized with the Yoast SEO plugin v27.5 - https:\/\/yoast.com\/product\/yoast-seo-wordpress\/ -->\n<title>Giorgia Barbone e Anna D\u2019Onofrio, gli ultimi colpi di mercato\u00a0\u200b - La Voce del Paese<\/title>\n<meta name=\"robots\" content=\"index, follow, max-snippet:-1, max-image-preview:large, max-video-preview:-1\" \/>\n<link rel=\"canonical\" href=\"https:\/\/lavocedelpaese.info\/index.php\/2025\/10\/03\/giorgia-barbone-e-anna-donofrio-gli-ultimi-colpi-di-mercato\/\" \/>\n<meta property=\"og:locale\" content=\"it_IT\" \/>\n<meta property=\"og:type\" content=\"article\" \/>\n<meta property=\"og:title\" content=\"Giorgia Barbone e Anna D\u2019Onofrio, gli ultimi colpi di mercato\u00a0\u200b - La Voce del Paese\" \/>\n<meta property=\"og:description\" content=\"\u00a0 \u200b\u00a0 \u200b\u00a0 Si completa la rosa della Farmacia Mastrolonardo Turi che da sabato prossimo 11 ottobre sar\u00e0 impegnata nel\" \/>\n<meta property=\"og:url\" content=\"https:\/\/lavocedelpaese.info\/index.php\/2025\/10\/03\/giorgia-barbone-e-anna-donofrio-gli-ultimi-colpi-di-mercato\/\" \/>\n<meta property=\"og:site_name\" content=\"La Voce del Paese\" \/>\n<meta property=\"article:publisher\" content=\"https:\/\/www.facebook.com\/lavocedelpaese.info\" \/>\n<meta property=\"article:published_time\" content=\"2025-10-03T14:15:21+00:00\" \/>\n<meta name=\"author\" content=\"admin\" \/>\n<meta name=\"twitter:card\" content=\"summary_large_image\" \/>\n<meta name=\"twitter:label1\" content=\"Scritto da\" \/>\n\t<meta name=\"twitter:data1\" content=\"admin\" \/>\n\t<meta name=\"twitter:label2\" content=\"Tempo di lettura stimato\" \/>\n\t<meta name=\"twitter:data2\" content=\"2 minuti\" \/>\n<script type=\"application\/ld+json\" class=\"yoast-schema-graph\">{\"@context\":\"https:\\\/\\\/schema.org\",\"@graph\":[{\"@type\":\"Article\",\"@id\":\"https:\\\/\\\/lavocedelpaese.info\\\/index.php\\\/2025\\\/10\\\/03\\\/giorgia-barbone-e-anna-donofrio-gli-ultimi-colpi-di-mercato\\\/#article\",\"isPartOf\":{\"@id\":\"https:\\\/\\\/lavocedelpaese.info\\\/index.php\\\/2025\\\/10\\\/03\\\/giorgia-barbone-e-anna-donofrio-gli-ultimi-colpi-di-mercato\\\/\"},\"author\":{\"name\":\"admin\",\"@id\":\"https:\\\/\\\/lavocedelpaese.info\\\/#\\\/schema\\\/person\\\/ec151d321306bd7591f7a061abf72d88\"},\"headline\":\"Giorgia Barbone e Anna D\u2019Onofrio, gli ultimi colpi di mercato\u00a0\u200b\",\"datePublished\":\"2025-10-03T14:15:21+00:00\",\"mainEntityOfPage\":{\"@id\":\"https:\\\/\\\/lavocedelpaese.info\\\/index.php\\\/2025\\\/10\\\/03\\\/giorgia-barbone-e-anna-donofrio-gli-ultimi-colpi-di-mercato\\\/\"},\"wordCount\":424,\"commentCount\":0,\"publisher\":{\"@id\":\"https:\\\/\\\/lavocedelpaese.info\\\/#organization\"},\"image\":{\"@id\":\"https:\\\/\\\/lavocedelpaese.info\\\/index.php\\\/2025\\\/10\\\/03\\\/giorgia-barbone-e-anna-donofrio-gli-ultimi-colpi-di-mercato\\\/#primaryimage\"},\"thumbnailUrl\":\"https:\\\/\\\/lavocedelpaese.info\\\/wp-content\\\/uploads\\\/2025\\\/10\\\/Giorgia-Barbone-1535x2048-oHHD3J.jpg\",\"articleSection\":[\"network\"],\"inLanguage\":\"it-IT\",\"potentialAction\":[{\"@type\":\"CommentAction\",\"name\":\"Comment\",\"target\":[\"https:\\\/\\\/lavocedelpaese.info\\\/index.php\\\/2025\\\/10\\\/03\\\/giorgia-barbone-e-anna-donofrio-gli-ultimi-colpi-di-mercato\\\/#respond\"]}]},{\"@type\":\"WebPage\",\"@id\":\"https:\\\/\\\/lavocedelpaese.info\\\/index.php\\\/2025\\\/10\\\/03\\\/giorgia-barbone-e-anna-donofrio-gli-ultimi-colpi-di-mercato\\\/\",\"url\":\"https:\\\/\\\/lavocedelpaese.info\\\/index.php\\\/2025\\\/10\\\/03\\\/giorgia-barbone-e-anna-donofrio-gli-ultimi-colpi-di-mercato\\\/\",\"name\":\"Giorgia Barbone e Anna D\u2019Onofrio, gli ultimi colpi di mercato\u00a0\u200b - La Voce del Paese\",\"isPartOf\":{\"@id\":\"https:\\\/\\\/lavocedelpaese.info\\\/#website\"},\"primaryImageOfPage\":{\"@id\":\"https:\\\/\\\/lavocedelpaese.info\\\/index.php\\\/2025\\\/10\\\/03\\\/giorgia-barbone-e-anna-donofrio-gli-ultimi-colpi-di-mercato\\\/#primaryimage\"},\"image\":{\"@id\":\"https:\\\/\\\/lavocedelpaese.info\\\/index.php\\\/2025\\\/10\\\/03\\\/giorgia-barbone-e-anna-donofrio-gli-ultimi-colpi-di-mercato\\\/#primaryimage\"},\"thumbnailUrl\":\"https:\\\/\\\/lavocedelpaese.info\\\/wp-content\\\/uploads\\\/2025\\\/10\\\/Giorgia-Barbone-1535x2048-oHHD3J.jpg\",\"datePublished\":\"2025-10-03T14:15:21+00:00\",\"breadcrumb\":{\"@id\":\"https:\\\/\\\/lavocedelpaese.info\\\/index.php\\\/2025\\\/10\\\/03\\\/giorgia-barbone-e-anna-donofrio-gli-ultimi-colpi-di-mercato\\\/#breadcrumb\"},\"inLanguage\":\"it-IT\",\"potentialAction\":[{\"@type\":\"ReadAction\",\"target\":[\"https:\\\/\\\/lavocedelpaese.info\\\/index.php\\\/2025\\\/10\\\/03\\\/giorgia-barbone-e-anna-donofrio-gli-ultimi-colpi-di-mercato\\\/\"]}]},{\"@type\":\"ImageObject\",\"inLanguage\":\"it-IT\",\"@id\":\"https:\\\/\\\/lavocedelpaese.info\\\/index.php\\\/2025\\\/10\\\/03\\\/giorgia-barbone-e-anna-donofrio-gli-ultimi-colpi-di-mercato\\\/#primaryimage\",\"url\":\"https:\\\/\\\/lavocedelpaese.info\\\/wp-content\\\/uploads\\\/2025\\\/10\\\/Giorgia-Barbone-1535x2048-oHHD3J.jpg\",\"contentUrl\":\"https:\\\/\\\/lavocedelpaese.info\\\/wp-content\\\/uploads\\\/2025\\\/10\\\/Giorgia-Barbone-1535x2048-oHHD3J.jpg\",\"width\":600,\"height\":800},{\"@type\":\"BreadcrumbList\",\"@id\":\"https:\\\/\\\/lavocedelpaese.info\\\/index.php\\\/2025\\\/10\\\/03\\\/giorgia-barbone-e-anna-donofrio-gli-ultimi-colpi-di-mercato\\\/#breadcrumb\",\"itemListElement\":[{\"@type\":\"ListItem\",\"position\":1,\"name\":\"Home\",\"item\":\"https:\\\/\\\/lavocedelpaese.info\\\/\"},{\"@type\":\"ListItem\",\"position\":2,\"name\":\"Giorgia Barbone e Anna D\u2019Onofrio, gli ultimi colpi di mercato\u00a0\u200b\"}]},{\"@type\":\"WebSite\",\"@id\":\"https:\\\/\\\/lavocedelpaese.info\\\/#website\",\"url\":\"https:\\\/\\\/lavocedelpaese.info\\\/\",\"name\":\"La Voce del Paese\",\"description\":\"Un network di idee\",\"publisher\":{\"@id\":\"https:\\\/\\\/lavocedelpaese.info\\\/#organization\"},\"potentialAction\":[{\"@type\":\"SearchAction\",\"target\":{\"@type\":\"EntryPoint\",\"urlTemplate\":\"https:\\\/\\\/lavocedelpaese.info\\\/?s={search_term_string}\"},\"query-input\":{\"@type\":\"PropertyValueSpecification\",\"valueRequired\":true,\"valueName\":\"search_term_string\"}}],\"inLanguage\":\"it-IT\"},{\"@type\":\"Organization\",\"@id\":\"https:\\\/\\\/lavocedelpaese.info\\\/#organization\",\"name\":\"La Voce del Paese\",\"url\":\"https:\\\/\\\/lavocedelpaese.info\\\/\",\"logo\":{\"@type\":\"ImageObject\",\"inLanguage\":\"it-IT\",\"@id\":\"https:\\\/\\\/lavocedelpaese.info\\\/#\\\/schema\\\/logo\\\/image\\\/\",\"url\":\"https:\\\/\\\/lavocedelpaese.info\\\/wp-content\\\/uploads\\\/2023\\\/01\\\/cropped-logo-150-127.png\",\"contentUrl\":\"https:\\\/\\\/lavocedelpaese.info\\\/wp-content\\\/uploads\\\/2023\\\/01\\\/cropped-logo-150-127.png\",\"width\":137,\"height\":119,\"caption\":\"La Voce del Paese\"},\"image\":{\"@id\":\"https:\\\/\\\/lavocedelpaese.info\\\/#\\\/schema\\\/logo\\\/image\\\/\"},\"sameAs\":[\"https:\\\/\\\/www.facebook.com\\\/lavocedelpaese.info\"]},{\"@type\":\"Person\",\"@id\":\"https:\\\/\\\/lavocedelpaese.info\\\/#\\\/schema\\\/person\\\/ec151d321306bd7591f7a061abf72d88\",\"name\":\"admin\",\"image\":{\"@type\":\"ImageObject\",\"inLanguage\":\"it-IT\",\"@id\":\"https:\\\/\\\/secure.gravatar.com\\\/avatar\\\/af8f2caf0663124588de48a9380e07cbc95a74ef15b8062d0d39106c32fe3023?s=96&d=mm&r=g\",\"url\":\"https:\\\/\\\/secure.gravatar.com\\\/avatar\\\/af8f2caf0663124588de48a9380e07cbc95a74ef15b8062d0d39106c32fe3023?s=96&d=mm&r=g\",\"contentUrl\":\"https:\\\/\\\/secure.gravatar.com\\\/avatar\\\/af8f2caf0663124588de48a9380e07cbc95a74ef15b8062d0d39106c32fe3023?s=96&d=mm&r=g\",\"caption\":\"admin\"},\"sameAs\":[\"https:\\\/\\\/lavocedelpaese.info\"],\"url\":\"https:\\\/\\\/lavocedelpaese.info\\\/index.php\\\/author\\\/admin\\\/\"}]}<\/script>\n<!-- \/ Yoast SEO plugin. -->","yoast_head_json":{"title":"Giorgia Barbone e Anna D\u2019Onofrio, gli ultimi colpi di mercato\u00a0\u200b - La Voce del Paese","robots":{"index":"index","follow":"follow","max-snippet":"max-snippet:-1","max-image-preview":"max-image-preview:large","max-video-preview":"max-video-preview:-1"},"canonical":"https:\/\/lavocedelpaese.info\/index.php\/2025\/10\/03\/giorgia-barbone-e-anna-donofrio-gli-ultimi-colpi-di-mercato\/","og_locale":"it_IT","og_type":"article","og_title":"Giorgia Barbone e Anna D\u2019Onofrio, gli ultimi colpi di mercato\u00a0\u200b - La Voce del Paese","og_description":"\u00a0 \u200b\u00a0 \u200b\u00a0 Si completa la rosa della Farmacia Mastrolonardo Turi che da sabato prossimo 11 ottobre sar\u00e0 impegnata nel","og_url":"https:\/\/lavocedelpaese.info\/index.php\/2025\/10\/03\/giorgia-barbone-e-anna-donofrio-gli-ultimi-colpi-di-mercato\/","og_site_name":"La Voce del Paese","article_publisher":"https:\/\/www.facebook.com\/lavocedelpaese.info","article_published_time":"2025-10-03T14:15:21+00:00","author":"admin","twitter_card":"summary_large_image","twitter_misc":{"Scritto da":"admin","Tempo di lettura stimato":"2 minuti"},"schema":{"@context":"https:\/\/schema.org","@graph":[{"@type":"Article","@id":"https:\/\/lavocedelpaese.info\/index.php\/2025\/10\/03\/giorgia-barbone-e-anna-donofrio-gli-ultimi-colpi-di-mercato\/#article","isPartOf":{"@id":"https:\/\/lavocedelpaese.info\/index.php\/2025\/10\/03\/giorgia-barbone-e-anna-donofrio-gli-ultimi-colpi-di-mercato\/"},"author":{"name":"admin","@id":"https:\/\/lavocedelpaese.info\/#\/schema\/person\/ec151d321306bd7591f7a061abf72d88"},"headline":"Giorgia Barbone e Anna D\u2019Onofrio, gli ultimi colpi di mercato\u00a0\u200b","datePublished":"2025-10-03T14:15:21+00:00","mainEntityOfPage":{"@id":"https:\/\/lavocedelpaese.info\/index.php\/2025\/10\/03\/giorgia-barbone-e-anna-donofrio-gli-ultimi-colpi-di-mercato\/"},"wordCount":424,"commentCount":0,"publisher":{"@id":"https:\/\/lavocedelpaese.info\/#organization"},"image":{"@id":"https:\/\/lavocedelpaese.info\/index.php\/2025\/10\/03\/giorgia-barbone-e-anna-donofrio-gli-ultimi-colpi-di-mercato\/#primaryimage"},"thumbnailUrl":"https:\/\/lavocedelpaese.info\/wp-content\/uploads\/2025\/10\/Giorgia-Barbone-1535x2048-oHHD3J.jpg","articleSection":["network"],"inLanguage":"it-IT","potentialAction":[{"@type":"CommentAction","name":"Comment","target":["https:\/\/lavocedelpaese.info\/index.php\/2025\/10\/03\/giorgia-barbone-e-anna-donofrio-gli-ultimi-colpi-di-mercato\/#respond"]}]},{"@type":"WebPage","@id":"https:\/\/lavocedelpaese.info\/index.php\/2025\/10\/03\/giorgia-barbone-e-anna-donofrio-gli-ultimi-colpi-di-mercato\/","url":"https:\/\/lavocedelpaese.info\/index.php\/2025\/10\/03\/giorgia-barbone-e-anna-donofrio-gli-ultimi-colpi-di-mercato\/","name":"Giorgia Barbone e Anna D\u2019Onofrio, gli ultimi colpi di mercato\u00a0\u200b - La Voce del Paese","isPartOf":{"@id":"https:\/\/lavocedelpaese.info\/#website"},"primaryImageOfPage":{"@id":"https:\/\/lavocedelpaese.info\/index.php\/2025\/10\/03\/giorgia-barbone-e-anna-donofrio-gli-ultimi-colpi-di-mercato\/#primaryimage"},"image":{"@id":"https:\/\/lavocedelpaese.info\/index.php\/2025\/10\/03\/giorgia-barbone-e-anna-donofrio-gli-ultimi-colpi-di-mercato\/#primaryimage"},"thumbnailUrl":"https:\/\/lavocedelpaese.info\/wp-content\/uploads\/2025\/10\/Giorgia-Barbone-1535x2048-oHHD3J.jpg","datePublished":"2025-10-03T14:15:21+00:00","breadcrumb":{"@id":"https:\/\/lavocedelpaese.info\/index.php\/2025\/10\/03\/giorgia-barbone-e-anna-donofrio-gli-ultimi-colpi-di-mercato\/#breadcrumb"},"inLanguage":"it-IT","potentialAction":[{"@type":"ReadAction","target":["https:\/\/lavocedelpaese.info\/index.php\/2025\/10\/03\/giorgia-barbone-e-anna-donofrio-gli-ultimi-colpi-di-mercato\/"]}]},{"@type":"ImageObject","inLanguage":"it-IT","@id":"https:\/\/lavocedelpaese.info\/index.php\/2025\/10\/03\/giorgia-barbone-e-anna-donofrio-gli-ultimi-colpi-di-mercato\/#primaryimage","url":"https:\/\/lavocedelpaese.info\/wp-content\/uploads\/2025\/10\/Giorgia-Barbone-1535x2048-oHHD3J.jpg","contentUrl":"https:\/\/lavocedelpaese.info\/wp-content\/uploads\/2025\/10\/Giorgia-Barbone-1535x2048-oHHD3J.jpg","width":600,"height":800},{"@type":"BreadcrumbList","@id":"https:\/\/lavocedelpaese.info\/index.php\/2025\/10\/03\/giorgia-barbone-e-anna-donofrio-gli-ultimi-colpi-di-mercato\/#breadcrumb","itemListElement":[{"@type":"ListItem","position":1,"name":"Home","item":"https:\/\/lavocedelpaese.info\/"},{"@type":"ListItem","position":2,"name":"Giorgia Barbone e Anna D\u2019Onofrio, gli ultimi colpi di mercato\u00a0\u200b"}]},{"@type":"WebSite","@id":"https:\/\/lavocedelpaese.info\/#website","url":"https:\/\/lavocedelpaese.info\/","name":"La Voce del Paese","description":"Un network di idee","publisher":{"@id":"https:\/\/lavocedelpaese.info\/#organization"},"potentialAction":[{"@type":"SearchAction","target":{"@type":"EntryPoint","urlTemplate":"https:\/\/lavocedelpaese.info\/?s={search_term_string}"},"query-input":{"@type":"PropertyValueSpecification","valueRequired":true,"valueName":"search_term_string"}}],"inLanguage":"it-IT"},{"@type":"Organization","@id":"https:\/\/lavocedelpaese.info\/#organization","name":"La Voce del Paese","url":"https:\/\/lavocedelpaese.info\/","logo":{"@type":"ImageObject","inLanguage":"it-IT","@id":"https:\/\/lavocedelpaese.info\/#\/schema\/logo\/image\/","url":"https:\/\/lavocedelpaese.info\/wp-content\/uploads\/2023\/01\/cropped-logo-150-127.png","contentUrl":"https:\/\/lavocedelpaese.info\/wp-content\/uploads\/2023\/01\/cropped-logo-150-127.png","width":137,"height":119,"caption":"La Voce del Paese"},"image":{"@id":"https:\/\/lavocedelpaese.info\/#\/schema\/logo\/image\/"},"sameAs":["https:\/\/www.facebook.com\/lavocedelpaese.info"]},{"@type":"Person","@id":"https:\/\/lavocedelpaese.info\/#\/schema\/person\/ec151d321306bd7591f7a061abf72d88","name":"admin","image":{"@type":"ImageObject","inLanguage":"it-IT","@id":"https:\/\/secure.gravatar.com\/avatar\/af8f2caf0663124588de48a9380e07cbc95a74ef15b8062d0d39106c32fe3023?s=96&d=mm&r=g","url":"https:\/\/secure.gravatar.com\/avatar\/af8f2caf0663124588de48a9380e07cbc95a74ef15b8062d0d39106c32fe3023?s=96&d=mm&r=g","contentUrl":"https:\/\/secure.gravatar.com\/avatar\/af8f2caf0663124588de48a9380e07cbc95a74ef15b8062d0d39106c32fe3023?s=96&d=mm&r=g","caption":"admin"},"sameAs":["https:\/\/lavocedelpaese.info"],"url":"https:\/\/lavocedelpaese.info\/index.php\/author\/admin\/"}]}},"_links":{"self":[{"href":"https:\/\/lavocedelpaese.info\/index.php\/wp-json\/wp\/v2\/posts\/10022","targetHints":{"allow":["GET"]}}],"collection":[{"href":"https:\/\/lavocedelpaese.info\/index.php\/wp-json\/wp\/v2\/posts"}],"about":[{"href":"https:\/\/lavocedelpaese.info\/index.php\/wp-json\/wp\/v2\/types\/post"}],"author":[{"embeddable":true,"href":"https:\/\/lavocedelpaese.info\/index.php\/wp-json\/wp\/v2\/users\/6"}],"replies":[{"embeddable":true,"href":"https:\/\/lavocedelpaese.info\/index.php\/wp-json\/wp\/v2\/comments?post=10022"}],"version-history":[{"count":0,"href":"https:\/\/lavocedelpaese.info\/index.php\/wp-json\/wp\/v2\/posts\/10022\/revisions"}],"wp:featuredmedia":[{"embeddable":true,"href":"https:\/\/lavocedelpaese.info\/index.php\/wp-json\/wp\/v2\/media\/10023"}],"wp:attachment":[{"href":"https:\/\/lavocedelpaese.info\/index.php\/wp-json\/wp\/v2\/media?parent=10022"}],"wp:term":[{"taxonomy":"category","embeddable":true,"href":"https:\/\/lavocedelpaese.info\/index.php\/wp-json\/wp\/v2\/categories?post=10022"},{"taxonomy":"post_tag","embeddable":true,"href":"https:\/\/lavocedelpaese.info\/index.php\/wp-json\/wp\/v2\/tags?post=10022"}],"curies":[{"name":"wp","href":"https:\/\/api.w.org\/{rel}","templated":true}]}}