{"id":10017,"date":"2025-10-02T06:14:50","date_gmt":"2025-10-02T06:14:50","guid":{"rendered":"https:\/\/lavocedelpaese.info\/index.php\/2025\/10\/02\/madonna-degli-angeli-bilancio-in-attivo-per-una-festa-patronale-che-e-piaciuta\/"},"modified":"2025-10-02T06:14:50","modified_gmt":"2025-10-02T06:14:50","slug":"madonna-degli-angeli-bilancio-in-attivo-per-una-festa-patronale-che-e-piaciuta","status":"publish","type":"post","link":"https:\/\/lavocedelpaese.info\/index.php\/2025\/10\/02\/madonna-degli-angeli-bilancio-in-attivo-per-una-festa-patronale-che-e-piaciuta\/","title":{"rendered":"Madonna degli Angeli: bilancio in attivo per una Festa Patronale che \u00e8 piaciuta\u00a0\u200b"},"content":{"rendered":"<p>\u00a0<\/p>\n<p>\u200b\u00a0<\/p>\n<p>\u200b\u00a0<\/p>\n<p>Foto: Angelo Donato Stano<\/p>\n<p>Risulta in attivo di oltre 4mila euro il Bilancio economico della Festa Patronale 2025, cos\u00ec come comunicato dal Presidente delegato del Comitato, Michele Larato nella verifica pubblica dello scorso 17 settembre. Accanto al Presidente don Francesco Gramegna, nella Chiesa madre anche le diverse componenti della societ\u00e0 civile e religiosa, dal Sindaco Davide Del Re a rappresentanti di confraternite, associazioni e cittadini. Le maxi-aree di spesa sono quelle tradizionali: luminarie, bande e fuochi cui occorre aggiungere circa il 5% in opere di carit\u00e0 e assistenza ai pi\u00f9 bisognosi, come indicato dai vescovi pugliesi in pi\u00f9 documenti inerenti le feste patronali. Le entrate, invece, sono prevalentemente costituite dalle sponsorizzazioni grazie all\u2019impegno di commercianti e imprenditori, quest\u2019anno incanalati con un sistema che ha dato maggiore partecipazione, anche economica mentre risultano in calo le offerte dei fedeli nel corso delle processioni.<\/p>\n<p>\u201cUn bilancio positivo \u2013 ha detto Larato \u2013 che nasconde dietro un enorme lavoro da parte dei componenti del Comitato, fatti di sacrifici, tempo, risorse per cui voglio ringraziare ciascuno di loro e invitare chi se la sente ed ha a cuore il paese e la Festa ad unirsi a noi\u201d.<\/p>\n<p>Sono state poi illustrate alcune novit\u00e0 apportate quest\u2019anno: il percorso della processione nel tratto finale, la sera del 2 agosto, la rinuncia ad una banda a favore di musica pop la sera del 1\u00b0 agosto e altre variazioni, in parte apprezzate in parte discusse nel corso del dibattito, durante il quale si \u00e8 tornati su un argomento vecchio di 37 anni, da quando, cio\u00e8, la Festa patronale per volere degli allora parroci fu allungata di un giorno (dal 3 al 4 agosto), argomento che ancora appassiona e divide. C\u2019\u00e8 chi ha fatto notare la scarsa partecipazione alle processioni, innanzitutto dalle componenti ecclesiali (associazioni e confraternite), chi ha duramente criticato i permessi concessi ai commercianti in pizza Rossani che spesso \u201ccoprivano\u201d la festa di piazza Moro, alla base di uno screzio fra un macellaio e le forze dell\u2019ordine (e prima ancora del Comitato), la sera del 3 agosto.<\/p>\n<p>Positiva, poi, la partecipazione ai riti pi\u00f9 sentiti, dalla consegna delle chiavi la sera del 2 agosto alla processione del 4 sera quando \u2013 senza banda e altre distrazioni \u2013 il popolo fedele accompagna la Madonna al ritorno a casa, al Convento.<\/p>\n<p>\u201cSu questi spunti lavoreremo \u2013 ha detto in conclusione don Francesco \u2013 assieme al Comitato e ascoltando tutte le componenti cittadine perch\u00e9 la Festa \u00e8 di tutti e tutti ne dobbiamo godere ma dobbiamo tener conto le diverse maniera, rispetto al passato, di vivere la festa, l\u2019ascolto delle bande e la vita religiosa in generale\u201d.<\/p>\n<p>Impossibile non innovare, insomma, pur mantenendo lo spirito della tradizione.<\/p>\n<div data-wp-interactive=\"core\/file\" class=\"wp-block-file\"><a href=\"https:\/\/cassano.lavocedelpaese.info\/wp-content\/uploads\/2025\/10\/BIL.FESTA-PATRONALE-2025.pdf\">BIL.FESTA PATRONALE 2025<\/a><a href=\"https:\/\/cassano.lavocedelpaese.info\/wp-content\/uploads\/2025\/10\/BIL.FESTA-PATRONALE-2025.pdf\" class=\"wp-block-file__button wp-element-button\" download aria-describedby=\"wp-block-file--media-792cb065-9997-4c54-ba22-6f424542d6b0\">Download<\/a><\/div>\n<p><a class=\"a2a_button_facebook\" href=\"https:\/\/www.addtoany.com\/add_to\/facebook?linkurl=https%3A%2F%2Fcassano.lavocedelpaese.info%2Fmadonna-degli-angeli-bilancio-in-attivo-per-una-festa-patronale-che-e-piaciuta%2F&amp;linkname=Madonna%20degli%20Angeli%3A%20bilancio%20in%20attivo%20per%20una%20Festa%20Patronale%20che%20%C3%A8%20piaciuta\" title=\"Facebook\" rel=\"nofollow noopener\" target=\"_blank\"><\/a><a class=\"a2a_button_twitter\" href=\"https:\/\/www.addtoany.com\/add_to\/twitter?linkurl=https%3A%2F%2Fcassano.lavocedelpaese.info%2Fmadonna-degli-angeli-bilancio-in-attivo-per-una-festa-patronale-che-e-piaciuta%2F&amp;linkname=Madonna%20degli%20Angeli%3A%20bilancio%20in%20attivo%20per%20una%20Festa%20Patronale%20che%20%C3%A8%20piaciuta\" title=\"Twitter\" rel=\"nofollow noopener\" target=\"_blank\"><\/a><a class=\"a2a_button_whatsapp\" href=\"https:\/\/www.addtoany.com\/add_to\/whatsapp?linkurl=https%3A%2F%2Fcassano.lavocedelpaese.info%2Fmadonna-degli-angeli-bilancio-in-attivo-per-una-festa-patronale-che-e-piaciuta%2F&amp;linkname=Madonna%20degli%20Angeli%3A%20bilancio%20in%20attivo%20per%20una%20Festa%20Patronale%20che%20%C3%A8%20piaciuta\" title=\"WhatsApp\" rel=\"nofollow noopener\" target=\"_blank\"><\/a><a class=\"a2a_button_telegram\" href=\"https:\/\/www.addtoany.com\/add_to\/telegram?linkurl=https%3A%2F%2Fcassano.lavocedelpaese.info%2Fmadonna-degli-angeli-bilancio-in-attivo-per-una-festa-patronale-che-e-piaciuta%2F&amp;linkname=Madonna%20degli%20Angeli%3A%20bilancio%20in%20attivo%20per%20una%20Festa%20Patronale%20che%20%C3%A8%20piaciuta\" title=\"Telegram\" rel=\"nofollow noopener\" target=\"_blank\"><\/a><a class=\"a2a_button_email\" href=\"https:\/\/www.addtoany.com\/add_to\/email?linkurl=https%3A%2F%2Fcassano.lavocedelpaese.info%2Fmadonna-degli-angeli-bilancio-in-attivo-per-una-festa-patronale-che-e-piaciuta%2F&amp;linkname=Madonna%20degli%20Angeli%3A%20bilancio%20in%20attivo%20per%20una%20Festa%20Patronale%20che%20%C3%A8%20piaciuta\" title=\"Email\" rel=\"nofollow noopener\" target=\"_blank\"><\/a><\/p>\n<p>\u00a0<\/p>\n<p>\u00a0<\/p>\n<p>\u200b\u00a0\u00a0\u00a0<\/p>","protected":false},"excerpt":{"rendered":"<p>\u00a0 \u200b\u00a0 \u200b\u00a0 Foto: Angelo Donato Stano Risulta in attivo di oltre 4mila euro il Bilancio economico della Festa Patronale<\/p>\n","protected":false},"author":6,"featured_media":730,"comment_status":"open","ping_status":"closed","sticky":false,"template":"","format":"standard","meta":{"colormag_page_container_layout":"default_layout","colormag_page_sidebar_layout":"default_layout","footnotes":""},"categories":[33],"tags":[],"class_list":["post-10017","post","type-post","status-publish","format-standard","has-post-thumbnail","hentry","category-network"],"yoast_head":"<!-- This site is optimized with the Yoast SEO plugin v27.5 - https:\/\/yoast.com\/product\/yoast-seo-wordpress\/ -->\n<title>Madonna degli Angeli: bilancio in attivo per una Festa Patronale che \u00e8 piaciuta\u00a0\u200b - La Voce del Paese<\/title>\n<meta name=\"robots\" content=\"index, follow, max-snippet:-1, max-image-preview:large, max-video-preview:-1\" \/>\n<link rel=\"canonical\" href=\"https:\/\/lavocedelpaese.info\/index.php\/2025\/10\/02\/madonna-degli-angeli-bilancio-in-attivo-per-una-festa-patronale-che-e-piaciuta\/\" \/>\n<meta property=\"og:locale\" content=\"it_IT\" \/>\n<meta property=\"og:type\" content=\"article\" \/>\n<meta property=\"og:title\" content=\"Madonna degli Angeli: bilancio in attivo per una Festa Patronale che \u00e8 piaciuta\u00a0\u200b - La Voce del Paese\" \/>\n<meta property=\"og:description\" content=\"\u00a0 \u200b\u00a0 \u200b\u00a0 Foto: Angelo Donato Stano Risulta in attivo di oltre 4mila euro il Bilancio economico della Festa Patronale\" \/>\n<meta property=\"og:url\" content=\"https:\/\/lavocedelpaese.info\/index.php\/2025\/10\/02\/madonna-degli-angeli-bilancio-in-attivo-per-una-festa-patronale-che-e-piaciuta\/\" \/>\n<meta property=\"og:site_name\" content=\"La Voce del Paese\" \/>\n<meta property=\"article:publisher\" content=\"https:\/\/www.facebook.com\/lavocedelpaese.info\" \/>\n<meta property=\"article:published_time\" content=\"2025-10-02T06:14:50+00:00\" \/>\n<meta name=\"author\" content=\"admin\" \/>\n<meta name=\"twitter:card\" content=\"summary_large_image\" \/>\n<meta name=\"twitter:label1\" content=\"Scritto da\" \/>\n\t<meta name=\"twitter:data1\" content=\"admin\" \/>\n\t<meta name=\"twitter:label2\" content=\"Tempo di lettura stimato\" \/>\n\t<meta name=\"twitter:data2\" content=\"2 minuti\" \/>\n<script type=\"application\/ld+json\" class=\"yoast-schema-graph\">{\"@context\":\"https:\\\/\\\/schema.org\",\"@graph\":[{\"@type\":\"Article\",\"@id\":\"https:\\\/\\\/lavocedelpaese.info\\\/index.php\\\/2025\\\/10\\\/02\\\/madonna-degli-angeli-bilancio-in-attivo-per-una-festa-patronale-che-e-piaciuta\\\/#article\",\"isPartOf\":{\"@id\":\"https:\\\/\\\/lavocedelpaese.info\\\/index.php\\\/2025\\\/10\\\/02\\\/madonna-degli-angeli-bilancio-in-attivo-per-una-festa-patronale-che-e-piaciuta\\\/\"},\"author\":{\"name\":\"admin\",\"@id\":\"https:\\\/\\\/lavocedelpaese.info\\\/#\\\/schema\\\/person\\\/ec151d321306bd7591f7a061abf72d88\"},\"headline\":\"Madonna degli Angeli: bilancio in attivo per una Festa Patronale che \u00e8 piaciuta\u00a0\u200b\",\"datePublished\":\"2025-10-02T06:14:50+00:00\",\"mainEntityOfPage\":{\"@id\":\"https:\\\/\\\/lavocedelpaese.info\\\/index.php\\\/2025\\\/10\\\/02\\\/madonna-degli-angeli-bilancio-in-attivo-per-una-festa-patronale-che-e-piaciuta\\\/\"},\"wordCount\":448,\"commentCount\":0,\"publisher\":{\"@id\":\"https:\\\/\\\/lavocedelpaese.info\\\/#organization\"},\"image\":{\"@id\":\"https:\\\/\\\/lavocedelpaese.info\\\/index.php\\\/2025\\\/10\\\/02\\\/madonna-degli-angeli-bilancio-in-attivo-per-una-festa-patronale-che-e-piaciuta\\\/#primaryimage\"},\"thumbnailUrl\":\"https:\\\/\\\/lavocedelpaese.info\\\/wp-content\\\/uploads\\\/2023\\\/01\\\/logo-150-127.png\",\"articleSection\":[\"network\"],\"inLanguage\":\"it-IT\",\"potentialAction\":[{\"@type\":\"CommentAction\",\"name\":\"Comment\",\"target\":[\"https:\\\/\\\/lavocedelpaese.info\\\/index.php\\\/2025\\\/10\\\/02\\\/madonna-degli-angeli-bilancio-in-attivo-per-una-festa-patronale-che-e-piaciuta\\\/#respond\"]}]},{\"@type\":\"WebPage\",\"@id\":\"https:\\\/\\\/lavocedelpaese.info\\\/index.php\\\/2025\\\/10\\\/02\\\/madonna-degli-angeli-bilancio-in-attivo-per-una-festa-patronale-che-e-piaciuta\\\/\",\"url\":\"https:\\\/\\\/lavocedelpaese.info\\\/index.php\\\/2025\\\/10\\\/02\\\/madonna-degli-angeli-bilancio-in-attivo-per-una-festa-patronale-che-e-piaciuta\\\/\",\"name\":\"Madonna degli Angeli: bilancio in attivo per una Festa Patronale che \u00e8 piaciuta\u00a0\u200b - La Voce del Paese\",\"isPartOf\":{\"@id\":\"https:\\\/\\\/lavocedelpaese.info\\\/#website\"},\"primaryImageOfPage\":{\"@id\":\"https:\\\/\\\/lavocedelpaese.info\\\/index.php\\\/2025\\\/10\\\/02\\\/madonna-degli-angeli-bilancio-in-attivo-per-una-festa-patronale-che-e-piaciuta\\\/#primaryimage\"},\"image\":{\"@id\":\"https:\\\/\\\/lavocedelpaese.info\\\/index.php\\\/2025\\\/10\\\/02\\\/madonna-degli-angeli-bilancio-in-attivo-per-una-festa-patronale-che-e-piaciuta\\\/#primaryimage\"},\"thumbnailUrl\":\"https:\\\/\\\/lavocedelpaese.info\\\/wp-content\\\/uploads\\\/2023\\\/01\\\/logo-150-127.png\",\"datePublished\":\"2025-10-02T06:14:50+00:00\",\"breadcrumb\":{\"@id\":\"https:\\\/\\\/lavocedelpaese.info\\\/index.php\\\/2025\\\/10\\\/02\\\/madonna-degli-angeli-bilancio-in-attivo-per-una-festa-patronale-che-e-piaciuta\\\/#breadcrumb\"},\"inLanguage\":\"it-IT\",\"potentialAction\":[{\"@type\":\"ReadAction\",\"target\":[\"https:\\\/\\\/lavocedelpaese.info\\\/index.php\\\/2025\\\/10\\\/02\\\/madonna-degli-angeli-bilancio-in-attivo-per-una-festa-patronale-che-e-piaciuta\\\/\"]}]},{\"@type\":\"ImageObject\",\"inLanguage\":\"it-IT\",\"@id\":\"https:\\\/\\\/lavocedelpaese.info\\\/index.php\\\/2025\\\/10\\\/02\\\/madonna-degli-angeli-bilancio-in-attivo-per-una-festa-patronale-che-e-piaciuta\\\/#primaryimage\",\"url\":\"https:\\\/\\\/lavocedelpaese.info\\\/wp-content\\\/uploads\\\/2023\\\/01\\\/logo-150-127.png\",\"contentUrl\":\"https:\\\/\\\/lavocedelpaese.info\\\/wp-content\\\/uploads\\\/2023\\\/01\\\/logo-150-127.png\",\"width\":150,\"height\":127},{\"@type\":\"BreadcrumbList\",\"@id\":\"https:\\\/\\\/lavocedelpaese.info\\\/index.php\\\/2025\\\/10\\\/02\\\/madonna-degli-angeli-bilancio-in-attivo-per-una-festa-patronale-che-e-piaciuta\\\/#breadcrumb\",\"itemListElement\":[{\"@type\":\"ListItem\",\"position\":1,\"name\":\"Home\",\"item\":\"https:\\\/\\\/lavocedelpaese.info\\\/\"},{\"@type\":\"ListItem\",\"position\":2,\"name\":\"Madonna degli Angeli: bilancio in attivo per una Festa Patronale che \u00e8 piaciuta\u00a0\u200b\"}]},{\"@type\":\"WebSite\",\"@id\":\"https:\\\/\\\/lavocedelpaese.info\\\/#website\",\"url\":\"https:\\\/\\\/lavocedelpaese.info\\\/\",\"name\":\"La Voce del Paese\",\"description\":\"Un network di idee\",\"publisher\":{\"@id\":\"https:\\\/\\\/lavocedelpaese.info\\\/#organization\"},\"potentialAction\":[{\"@type\":\"SearchAction\",\"target\":{\"@type\":\"EntryPoint\",\"urlTemplate\":\"https:\\\/\\\/lavocedelpaese.info\\\/?s={search_term_string}\"},\"query-input\":{\"@type\":\"PropertyValueSpecification\",\"valueRequired\":true,\"valueName\":\"search_term_string\"}}],\"inLanguage\":\"it-IT\"},{\"@type\":\"Organization\",\"@id\":\"https:\\\/\\\/lavocedelpaese.info\\\/#organization\",\"name\":\"La Voce del Paese\",\"url\":\"https:\\\/\\\/lavocedelpaese.info\\\/\",\"logo\":{\"@type\":\"ImageObject\",\"inLanguage\":\"it-IT\",\"@id\":\"https:\\\/\\\/lavocedelpaese.info\\\/#\\\/schema\\\/logo\\\/image\\\/\",\"url\":\"https:\\\/\\\/lavocedelpaese.info\\\/wp-content\\\/uploads\\\/2023\\\/01\\\/cropped-logo-150-127.png\",\"contentUrl\":\"https:\\\/\\\/lavocedelpaese.info\\\/wp-content\\\/uploads\\\/2023\\\/01\\\/cropped-logo-150-127.png\",\"width\":137,\"height\":119,\"caption\":\"La Voce del Paese\"},\"image\":{\"@id\":\"https:\\\/\\\/lavocedelpaese.info\\\/#\\\/schema\\\/logo\\\/image\\\/\"},\"sameAs\":[\"https:\\\/\\\/www.facebook.com\\\/lavocedelpaese.info\"]},{\"@type\":\"Person\",\"@id\":\"https:\\\/\\\/lavocedelpaese.info\\\/#\\\/schema\\\/person\\\/ec151d321306bd7591f7a061abf72d88\",\"name\":\"admin\",\"image\":{\"@type\":\"ImageObject\",\"inLanguage\":\"it-IT\",\"@id\":\"https:\\\/\\\/secure.gravatar.com\\\/avatar\\\/af8f2caf0663124588de48a9380e07cbc95a74ef15b8062d0d39106c32fe3023?s=96&d=mm&r=g\",\"url\":\"https:\\\/\\\/secure.gravatar.com\\\/avatar\\\/af8f2caf0663124588de48a9380e07cbc95a74ef15b8062d0d39106c32fe3023?s=96&d=mm&r=g\",\"contentUrl\":\"https:\\\/\\\/secure.gravatar.com\\\/avatar\\\/af8f2caf0663124588de48a9380e07cbc95a74ef15b8062d0d39106c32fe3023?s=96&d=mm&r=g\",\"caption\":\"admin\"},\"sameAs\":[\"https:\\\/\\\/lavocedelpaese.info\"],\"url\":\"https:\\\/\\\/lavocedelpaese.info\\\/index.php\\\/author\\\/admin\\\/\"}]}<\/script>\n<!-- \/ Yoast SEO plugin. -->","yoast_head_json":{"title":"Madonna degli Angeli: bilancio in attivo per una Festa Patronale che \u00e8 piaciuta\u00a0\u200b - La Voce del Paese","robots":{"index":"index","follow":"follow","max-snippet":"max-snippet:-1","max-image-preview":"max-image-preview:large","max-video-preview":"max-video-preview:-1"},"canonical":"https:\/\/lavocedelpaese.info\/index.php\/2025\/10\/02\/madonna-degli-angeli-bilancio-in-attivo-per-una-festa-patronale-che-e-piaciuta\/","og_locale":"it_IT","og_type":"article","og_title":"Madonna degli Angeli: bilancio in attivo per una Festa Patronale che \u00e8 piaciuta\u00a0\u200b - La Voce del Paese","og_description":"\u00a0 \u200b\u00a0 \u200b\u00a0 Foto: Angelo Donato Stano Risulta in attivo di oltre 4mila euro il Bilancio economico della Festa Patronale","og_url":"https:\/\/lavocedelpaese.info\/index.php\/2025\/10\/02\/madonna-degli-angeli-bilancio-in-attivo-per-una-festa-patronale-che-e-piaciuta\/","og_site_name":"La Voce del Paese","article_publisher":"https:\/\/www.facebook.com\/lavocedelpaese.info","article_published_time":"2025-10-02T06:14:50+00:00","author":"admin","twitter_card":"summary_large_image","twitter_misc":{"Scritto da":"admin","Tempo di lettura stimato":"2 minuti"},"schema":{"@context":"https:\/\/schema.org","@graph":[{"@type":"Article","@id":"https:\/\/lavocedelpaese.info\/index.php\/2025\/10\/02\/madonna-degli-angeli-bilancio-in-attivo-per-una-festa-patronale-che-e-piaciuta\/#article","isPartOf":{"@id":"https:\/\/lavocedelpaese.info\/index.php\/2025\/10\/02\/madonna-degli-angeli-bilancio-in-attivo-per-una-festa-patronale-che-e-piaciuta\/"},"author":{"name":"admin","@id":"https:\/\/lavocedelpaese.info\/#\/schema\/person\/ec151d321306bd7591f7a061abf72d88"},"headline":"Madonna degli Angeli: bilancio in attivo per una Festa Patronale che \u00e8 piaciuta\u00a0\u200b","datePublished":"2025-10-02T06:14:50+00:00","mainEntityOfPage":{"@id":"https:\/\/lavocedelpaese.info\/index.php\/2025\/10\/02\/madonna-degli-angeli-bilancio-in-attivo-per-una-festa-patronale-che-e-piaciuta\/"},"wordCount":448,"commentCount":0,"publisher":{"@id":"https:\/\/lavocedelpaese.info\/#organization"},"image":{"@id":"https:\/\/lavocedelpaese.info\/index.php\/2025\/10\/02\/madonna-degli-angeli-bilancio-in-attivo-per-una-festa-patronale-che-e-piaciuta\/#primaryimage"},"thumbnailUrl":"https:\/\/lavocedelpaese.info\/wp-content\/uploads\/2023\/01\/logo-150-127.png","articleSection":["network"],"inLanguage":"it-IT","potentialAction":[{"@type":"CommentAction","name":"Comment","target":["https:\/\/lavocedelpaese.info\/index.php\/2025\/10\/02\/madonna-degli-angeli-bilancio-in-attivo-per-una-festa-patronale-che-e-piaciuta\/#respond"]}]},{"@type":"WebPage","@id":"https:\/\/lavocedelpaese.info\/index.php\/2025\/10\/02\/madonna-degli-angeli-bilancio-in-attivo-per-una-festa-patronale-che-e-piaciuta\/","url":"https:\/\/lavocedelpaese.info\/index.php\/2025\/10\/02\/madonna-degli-angeli-bilancio-in-attivo-per-una-festa-patronale-che-e-piaciuta\/","name":"Madonna degli Angeli: bilancio in attivo per una Festa Patronale che \u00e8 piaciuta\u00a0\u200b - La Voce del Paese","isPartOf":{"@id":"https:\/\/lavocedelpaese.info\/#website"},"primaryImageOfPage":{"@id":"https:\/\/lavocedelpaese.info\/index.php\/2025\/10\/02\/madonna-degli-angeli-bilancio-in-attivo-per-una-festa-patronale-che-e-piaciuta\/#primaryimage"},"image":{"@id":"https:\/\/lavocedelpaese.info\/index.php\/2025\/10\/02\/madonna-degli-angeli-bilancio-in-attivo-per-una-festa-patronale-che-e-piaciuta\/#primaryimage"},"thumbnailUrl":"https:\/\/lavocedelpaese.info\/wp-content\/uploads\/2023\/01\/logo-150-127.png","datePublished":"2025-10-02T06:14:50+00:00","breadcrumb":{"@id":"https:\/\/lavocedelpaese.info\/index.php\/2025\/10\/02\/madonna-degli-angeli-bilancio-in-attivo-per-una-festa-patronale-che-e-piaciuta\/#breadcrumb"},"inLanguage":"it-IT","potentialAction":[{"@type":"ReadAction","target":["https:\/\/lavocedelpaese.info\/index.php\/2025\/10\/02\/madonna-degli-angeli-bilancio-in-attivo-per-una-festa-patronale-che-e-piaciuta\/"]}]},{"@type":"ImageObject","inLanguage":"it-IT","@id":"https:\/\/lavocedelpaese.info\/index.php\/2025\/10\/02\/madonna-degli-angeli-bilancio-in-attivo-per-una-festa-patronale-che-e-piaciuta\/#primaryimage","url":"https:\/\/lavocedelpaese.info\/wp-content\/uploads\/2023\/01\/logo-150-127.png","contentUrl":"https:\/\/lavocedelpaese.info\/wp-content\/uploads\/2023\/01\/logo-150-127.png","width":150,"height":127},{"@type":"BreadcrumbList","@id":"https:\/\/lavocedelpaese.info\/index.php\/2025\/10\/02\/madonna-degli-angeli-bilancio-in-attivo-per-una-festa-patronale-che-e-piaciuta\/#breadcrumb","itemListElement":[{"@type":"ListItem","position":1,"name":"Home","item":"https:\/\/lavocedelpaese.info\/"},{"@type":"ListItem","position":2,"name":"Madonna degli Angeli: bilancio in attivo per una Festa Patronale che \u00e8 piaciuta\u00a0\u200b"}]},{"@type":"WebSite","@id":"https:\/\/lavocedelpaese.info\/#website","url":"https:\/\/lavocedelpaese.info\/","name":"La Voce del Paese","description":"Un network di idee","publisher":{"@id":"https:\/\/lavocedelpaese.info\/#organization"},"potentialAction":[{"@type":"SearchAction","target":{"@type":"EntryPoint","urlTemplate":"https:\/\/lavocedelpaese.info\/?s={search_term_string}"},"query-input":{"@type":"PropertyValueSpecification","valueRequired":true,"valueName":"search_term_string"}}],"inLanguage":"it-IT"},{"@type":"Organization","@id":"https:\/\/lavocedelpaese.info\/#organization","name":"La Voce del Paese","url":"https:\/\/lavocedelpaese.info\/","logo":{"@type":"ImageObject","inLanguage":"it-IT","@id":"https:\/\/lavocedelpaese.info\/#\/schema\/logo\/image\/","url":"https:\/\/lavocedelpaese.info\/wp-content\/uploads\/2023\/01\/cropped-logo-150-127.png","contentUrl":"https:\/\/lavocedelpaese.info\/wp-content\/uploads\/2023\/01\/cropped-logo-150-127.png","width":137,"height":119,"caption":"La Voce del Paese"},"image":{"@id":"https:\/\/lavocedelpaese.info\/#\/schema\/logo\/image\/"},"sameAs":["https:\/\/www.facebook.com\/lavocedelpaese.info"]},{"@type":"Person","@id":"https:\/\/lavocedelpaese.info\/#\/schema\/person\/ec151d321306bd7591f7a061abf72d88","name":"admin","image":{"@type":"ImageObject","inLanguage":"it-IT","@id":"https:\/\/secure.gravatar.com\/avatar\/af8f2caf0663124588de48a9380e07cbc95a74ef15b8062d0d39106c32fe3023?s=96&d=mm&r=g","url":"https:\/\/secure.gravatar.com\/avatar\/af8f2caf0663124588de48a9380e07cbc95a74ef15b8062d0d39106c32fe3023?s=96&d=mm&r=g","contentUrl":"https:\/\/secure.gravatar.com\/avatar\/af8f2caf0663124588de48a9380e07cbc95a74ef15b8062d0d39106c32fe3023?s=96&d=mm&r=g","caption":"admin"},"sameAs":["https:\/\/lavocedelpaese.info"],"url":"https:\/\/lavocedelpaese.info\/index.php\/author\/admin\/"}]}},"_links":{"self":[{"href":"https:\/\/lavocedelpaese.info\/index.php\/wp-json\/wp\/v2\/posts\/10017","targetHints":{"allow":["GET"]}}],"collection":[{"href":"https:\/\/lavocedelpaese.info\/index.php\/wp-json\/wp\/v2\/posts"}],"about":[{"href":"https:\/\/lavocedelpaese.info\/index.php\/wp-json\/wp\/v2\/types\/post"}],"author":[{"embeddable":true,"href":"https:\/\/lavocedelpaese.info\/index.php\/wp-json\/wp\/v2\/users\/6"}],"replies":[{"embeddable":true,"href":"https:\/\/lavocedelpaese.info\/index.php\/wp-json\/wp\/v2\/comments?post=10017"}],"version-history":[{"count":0,"href":"https:\/\/lavocedelpaese.info\/index.php\/wp-json\/wp\/v2\/posts\/10017\/revisions"}],"wp:featuredmedia":[{"embeddable":true,"href":"https:\/\/lavocedelpaese.info\/index.php\/wp-json\/wp\/v2\/media\/730"}],"wp:attachment":[{"href":"https:\/\/lavocedelpaese.info\/index.php\/wp-json\/wp\/v2\/media?parent=10017"}],"wp:term":[{"taxonomy":"category","embeddable":true,"href":"https:\/\/lavocedelpaese.info\/index.php\/wp-json\/wp\/v2\/categories?post=10017"},{"taxonomy":"post_tag","embeddable":true,"href":"https:\/\/lavocedelpaese.info\/index.php\/wp-json\/wp\/v2\/tags?post=10017"}],"curies":[{"name":"wp","href":"https:\/\/api.w.org\/{rel}","templated":true}]}}