{"id":1001,"date":"2023-02-09T07:11:58","date_gmt":"2023-02-09T07:11:58","guid":{"rendered":"https:\/\/lavocedelpaese.info\/?p=1001"},"modified":"2023-02-10T03:10:55","modified_gmt":"2023-02-10T03:10:55","slug":"bonus-edilizi-tutolo-presenta-un-progetto-di-legge","status":"publish","type":"post","link":"https:\/\/lavocedelpaese.info\/index.php\/2023\/02\/09\/bonus-edilizi-tutolo-presenta-un-progetto-di-legge\/","title":{"rendered":"Bonus edilizi, Tutolo presenta un progetto di legge"},"content":{"rendered":"\n<p><\/p>\n\n\n\n<p>\u201cCi sono centinaia di aziende pugliesi che hanno i crediti derivanti dai vari bonus edilizi bloccati negli istituti di credito, in attesa che siano resi materialmente disponibili, a seguito delle verifiche degli organi preposti (Guardia di Finanza e Agenzia delle Entrate) che abbiano accertato la regolarit\u00e0 delle operazioni effettuate&#8221;: lo afferma in  una nota il Consigliere&nbsp;regionale Antonio Tutolo (Gruppo Misto), presidente della II Commissione.<\/p>\n\n\n\n<p>&#8220;Si calcola che a livello nazionale &#8211; spiega Tutolo &#8211;  siano \u2018fermi\u2019&nbsp;almeno 15 miliardi di euro, con risvolti negativi sul mercato e sulla operativit\u00e0 di 25 mila imprese che impiegano 130 mila lavoratori a rischio licenziamento.<\/p>\n\n\n\n<p>Per questo ho&nbsp;presentato una proposta di legge che prevede un intervento della Regione, tramite Puglia Sviluppo, stipulando specifici contratti di durata pluriennale con la banche, cos\u00ec da acquistare direttamente i crediti, limitatamente alle rate immediatamente utilizzabili in compensazione con modello F24 nel corso dello stesso anno.&nbsp;<\/p>\n\n\n\n<p>E\u2019 una cosa che si pu\u00f2 fare, basta solo la volont\u00e0 politica&nbsp;perch\u00e9 l&#8217;intervento \u00e8 compatibile con il quadro ordinamentale in vigore, in quanto l&#8217;ente Regione non \u00e8 inserito tra i soggetti esclusi dalla possibilit\u00e0 di acquistare dalle banche crediti di imposta relativi ai bonus edilizi. E che si possa fare lo dimostra il fatto che la valutazione \u00e8 gi\u00e0 in corso anche in altre regioni, oltre alla Provincia di Treviso, che \u00e8 stata la prima a ipotizzare una forma di difesa concreta delle sue aziende edilizie che sono spesso la spina dorsale di molti territori. Con questa mia proposta si pu\u00f2 ottenere il duplice obiettivo di dare respiro a chi oggi sta lavorando quasi al buio finanziario, e aiutare le banche a distribuire i crediti al momento inesigibili, cos\u00ec da rilanciare l\u2019intera economia regionale.<\/p>\n\n\n\n<p>A questo si aggiunge una situazione negativa che si ripercuote su migliaia di famiglie che hanno visto iniziare gli interventi e oggi si ritrovano con i cantieri bloccati in casa propria per chiss\u00e0 quanto tempo, oltre a quelli che avevano contato sulla cessione del credito, ma non hanno sufficiente capienza fiscale.<\/p>\n\n\n\n<p>\u201cNella mia proposta, che \u00e8 stata la prima ad essere stata presentata in Puglia,&nbsp;ho volutamente fissato il limite massimo a 500 mila euro, proprio per favorire il ristoro dei piccoli interventi, e non di quelli di grosse dimensioni che spesso sono i privilegiati dagli istituti di credito che per\u00f2 non aiutano gli imprenditori che hanno maggiori difficolt\u00e0 a uscire da questo stallo\u201d.<\/p>\n","protected":false},"excerpt":{"rendered":"<p>\u201cCi sono centinaia di aziende pugliesi che hanno i crediti derivanti dai vari bonus edilizi bloccati negli istituti di credito,<\/p>\n","protected":false},"author":4,"featured_media":1002,"comment_status":"open","ping_status":"closed","sticky":false,"template":"","format":"standard","meta":{"colormag_page_container_layout":"default_layout","colormag_page_sidebar_layout":"default_layout","footnotes":""},"categories":[2,28],"tags":[],"class_list":["post-1001","post","type-post","status-publish","format-standard","has-post-thumbnail","hentry","category-attualita","category-primo-piano"],"yoast_head":"<!-- This site is optimized with the Yoast SEO plugin v27.5 - https:\/\/yoast.com\/product\/yoast-seo-wordpress\/ -->\n<title>Bonus edilizi, Tutolo presenta un progetto di legge - La Voce del Paese<\/title>\n<meta name=\"robots\" content=\"index, follow, max-snippet:-1, max-image-preview:large, max-video-preview:-1\" \/>\n<link rel=\"canonical\" href=\"https:\/\/lavocedelpaese.info\/index.php\/2023\/02\/09\/bonus-edilizi-tutolo-presenta-un-progetto-di-legge\/\" \/>\n<meta property=\"og:locale\" content=\"it_IT\" \/>\n<meta property=\"og:type\" content=\"article\" \/>\n<meta property=\"og:title\" content=\"Bonus edilizi, Tutolo presenta un progetto di legge - La Voce del Paese\" \/>\n<meta property=\"og:description\" content=\"\u201cCi sono centinaia di aziende pugliesi che hanno i crediti derivanti dai vari bonus edilizi bloccati negli istituti di credito,\" \/>\n<meta property=\"og:url\" content=\"https:\/\/lavocedelpaese.info\/index.php\/2023\/02\/09\/bonus-edilizi-tutolo-presenta-un-progetto-di-legge\/\" \/>\n<meta property=\"og:site_name\" content=\"La Voce del Paese\" \/>\n<meta property=\"article:publisher\" content=\"https:\/\/www.facebook.com\/lavocedelpaese.info\" \/>\n<meta property=\"article:published_time\" content=\"2023-02-09T07:11:58+00:00\" \/>\n<meta property=\"article:modified_time\" content=\"2023-02-10T03:10:55+00:00\" \/>\n<meta property=\"og:image\" content=\"https:\/\/lavocedelpaese.info\/wp-content\/uploads\/2023\/02\/antonio-Tutolo_facebook-e1675998612582.jpg\" \/>\n\t<meta property=\"og:image:width\" content=\"700\" \/>\n\t<meta property=\"og:image:height\" content=\"421\" \/>\n\t<meta property=\"og:image:type\" content=\"image\/jpeg\" \/>\n<meta name=\"author\" content=\"admin_voce\" \/>\n<meta name=\"twitter:card\" content=\"summary_large_image\" \/>\n<meta name=\"twitter:label1\" content=\"Scritto da\" \/>\n\t<meta name=\"twitter:data1\" content=\"admin_voce\" \/>\n\t<meta name=\"twitter:label2\" content=\"Tempo di lettura stimato\" \/>\n\t<meta name=\"twitter:data2\" content=\"2 minuti\" \/>\n<script type=\"application\/ld+json\" class=\"yoast-schema-graph\">{\"@context\":\"https:\\\/\\\/schema.org\",\"@graph\":[{\"@type\":\"Article\",\"@id\":\"https:\\\/\\\/lavocedelpaese.info\\\/index.php\\\/2023\\\/02\\\/09\\\/bonus-edilizi-tutolo-presenta-un-progetto-di-legge\\\/#article\",\"isPartOf\":{\"@id\":\"https:\\\/\\\/lavocedelpaese.info\\\/index.php\\\/2023\\\/02\\\/09\\\/bonus-edilizi-tutolo-presenta-un-progetto-di-legge\\\/\"},\"author\":{\"name\":\"admin_voce\",\"@id\":\"https:\\\/\\\/lavocedelpaese.info\\\/#\\\/schema\\\/person\\\/ab94aca56f9d1bb6fc898990a7998bda\"},\"headline\":\"Bonus edilizi, Tutolo presenta un progetto di legge\",\"datePublished\":\"2023-02-09T07:11:58+00:00\",\"dateModified\":\"2023-02-10T03:10:55+00:00\",\"mainEntityOfPage\":{\"@id\":\"https:\\\/\\\/lavocedelpaese.info\\\/index.php\\\/2023\\\/02\\\/09\\\/bonus-edilizi-tutolo-presenta-un-progetto-di-legge\\\/\"},\"wordCount\":406,\"commentCount\":0,\"publisher\":{\"@id\":\"https:\\\/\\\/lavocedelpaese.info\\\/#organization\"},\"image\":{\"@id\":\"https:\\\/\\\/lavocedelpaese.info\\\/index.php\\\/2023\\\/02\\\/09\\\/bonus-edilizi-tutolo-presenta-un-progetto-di-legge\\\/#primaryimage\"},\"thumbnailUrl\":\"https:\\\/\\\/lavocedelpaese.info\\\/wp-content\\\/uploads\\\/2023\\\/02\\\/antonio-Tutolo_facebook-e1675998612582.jpg\",\"articleSection\":[\"Attualit\u00e0\",\"Primo Piano\"],\"inLanguage\":\"it-IT\",\"potentialAction\":[{\"@type\":\"CommentAction\",\"name\":\"Comment\",\"target\":[\"https:\\\/\\\/lavocedelpaese.info\\\/index.php\\\/2023\\\/02\\\/09\\\/bonus-edilizi-tutolo-presenta-un-progetto-di-legge\\\/#respond\"]}]},{\"@type\":\"WebPage\",\"@id\":\"https:\\\/\\\/lavocedelpaese.info\\\/index.php\\\/2023\\\/02\\\/09\\\/bonus-edilizi-tutolo-presenta-un-progetto-di-legge\\\/\",\"url\":\"https:\\\/\\\/lavocedelpaese.info\\\/index.php\\\/2023\\\/02\\\/09\\\/bonus-edilizi-tutolo-presenta-un-progetto-di-legge\\\/\",\"name\":\"Bonus edilizi, Tutolo presenta un progetto di legge - La Voce del Paese\",\"isPartOf\":{\"@id\":\"https:\\\/\\\/lavocedelpaese.info\\\/#website\"},\"primaryImageOfPage\":{\"@id\":\"https:\\\/\\\/lavocedelpaese.info\\\/index.php\\\/2023\\\/02\\\/09\\\/bonus-edilizi-tutolo-presenta-un-progetto-di-legge\\\/#primaryimage\"},\"image\":{\"@id\":\"https:\\\/\\\/lavocedelpaese.info\\\/index.php\\\/2023\\\/02\\\/09\\\/bonus-edilizi-tutolo-presenta-un-progetto-di-legge\\\/#primaryimage\"},\"thumbnailUrl\":\"https:\\\/\\\/lavocedelpaese.info\\\/wp-content\\\/uploads\\\/2023\\\/02\\\/antonio-Tutolo_facebook-e1675998612582.jpg\",\"datePublished\":\"2023-02-09T07:11:58+00:00\",\"dateModified\":\"2023-02-10T03:10:55+00:00\",\"breadcrumb\":{\"@id\":\"https:\\\/\\\/lavocedelpaese.info\\\/index.php\\\/2023\\\/02\\\/09\\\/bonus-edilizi-tutolo-presenta-un-progetto-di-legge\\\/#breadcrumb\"},\"inLanguage\":\"it-IT\",\"potentialAction\":[{\"@type\":\"ReadAction\",\"target\":[\"https:\\\/\\\/lavocedelpaese.info\\\/index.php\\\/2023\\\/02\\\/09\\\/bonus-edilizi-tutolo-presenta-un-progetto-di-legge\\\/\"]}]},{\"@type\":\"ImageObject\",\"inLanguage\":\"it-IT\",\"@id\":\"https:\\\/\\\/lavocedelpaese.info\\\/index.php\\\/2023\\\/02\\\/09\\\/bonus-edilizi-tutolo-presenta-un-progetto-di-legge\\\/#primaryimage\",\"url\":\"https:\\\/\\\/lavocedelpaese.info\\\/wp-content\\\/uploads\\\/2023\\\/02\\\/antonio-Tutolo_facebook-e1675998612582.jpg\",\"contentUrl\":\"https:\\\/\\\/lavocedelpaese.info\\\/wp-content\\\/uploads\\\/2023\\\/02\\\/antonio-Tutolo_facebook-e1675998612582.jpg\",\"width\":700,\"height\":421},{\"@type\":\"BreadcrumbList\",\"@id\":\"https:\\\/\\\/lavocedelpaese.info\\\/index.php\\\/2023\\\/02\\\/09\\\/bonus-edilizi-tutolo-presenta-un-progetto-di-legge\\\/#breadcrumb\",\"itemListElement\":[{\"@type\":\"ListItem\",\"position\":1,\"name\":\"Home\",\"item\":\"https:\\\/\\\/lavocedelpaese.info\\\/\"},{\"@type\":\"ListItem\",\"position\":2,\"name\":\"Bonus edilizi, Tutolo presenta un progetto di legge\"}]},{\"@type\":\"WebSite\",\"@id\":\"https:\\\/\\\/lavocedelpaese.info\\\/#website\",\"url\":\"https:\\\/\\\/lavocedelpaese.info\\\/\",\"name\":\"La Voce del Paese\",\"description\":\"Un network di idee\",\"publisher\":{\"@id\":\"https:\\\/\\\/lavocedelpaese.info\\\/#organization\"},\"potentialAction\":[{\"@type\":\"SearchAction\",\"target\":{\"@type\":\"EntryPoint\",\"urlTemplate\":\"https:\\\/\\\/lavocedelpaese.info\\\/?s={search_term_string}\"},\"query-input\":{\"@type\":\"PropertyValueSpecification\",\"valueRequired\":true,\"valueName\":\"search_term_string\"}}],\"inLanguage\":\"it-IT\"},{\"@type\":\"Organization\",\"@id\":\"https:\\\/\\\/lavocedelpaese.info\\\/#organization\",\"name\":\"La Voce del Paese\",\"url\":\"https:\\\/\\\/lavocedelpaese.info\\\/\",\"logo\":{\"@type\":\"ImageObject\",\"inLanguage\":\"it-IT\",\"@id\":\"https:\\\/\\\/lavocedelpaese.info\\\/#\\\/schema\\\/logo\\\/image\\\/\",\"url\":\"https:\\\/\\\/lavocedelpaese.info\\\/wp-content\\\/uploads\\\/2023\\\/01\\\/cropped-logo-150-127.png\",\"contentUrl\":\"https:\\\/\\\/lavocedelpaese.info\\\/wp-content\\\/uploads\\\/2023\\\/01\\\/cropped-logo-150-127.png\",\"width\":137,\"height\":119,\"caption\":\"La Voce del Paese\"},\"image\":{\"@id\":\"https:\\\/\\\/lavocedelpaese.info\\\/#\\\/schema\\\/logo\\\/image\\\/\"},\"sameAs\":[\"https:\\\/\\\/www.facebook.com\\\/lavocedelpaese.info\"]},{\"@type\":\"Person\",\"@id\":\"https:\\\/\\\/lavocedelpaese.info\\\/#\\\/schema\\\/person\\\/ab94aca56f9d1bb6fc898990a7998bda\",\"name\":\"admin_voce\",\"image\":{\"@type\":\"ImageObject\",\"inLanguage\":\"it-IT\",\"@id\":\"https:\\\/\\\/secure.gravatar.com\\\/avatar\\\/0389d2e4ee5fe5beea65785e1b739e8791eb8fb05bff0baad8409158664db351?s=96&d=mm&r=g\",\"url\":\"https:\\\/\\\/secure.gravatar.com\\\/avatar\\\/0389d2e4ee5fe5beea65785e1b739e8791eb8fb05bff0baad8409158664db351?s=96&d=mm&r=g\",\"contentUrl\":\"https:\\\/\\\/secure.gravatar.com\\\/avatar\\\/0389d2e4ee5fe5beea65785e1b739e8791eb8fb05bff0baad8409158664db351?s=96&d=mm&r=g\",\"caption\":\"admin_voce\"},\"url\":\"https:\\\/\\\/lavocedelpaese.info\\\/index.php\\\/author\\\/admin_voce\\\/\"}]}<\/script>\n<!-- \/ Yoast SEO plugin. -->","yoast_head_json":{"title":"Bonus edilizi, Tutolo presenta un progetto di legge - La Voce del Paese","robots":{"index":"index","follow":"follow","max-snippet":"max-snippet:-1","max-image-preview":"max-image-preview:large","max-video-preview":"max-video-preview:-1"},"canonical":"https:\/\/lavocedelpaese.info\/index.php\/2023\/02\/09\/bonus-edilizi-tutolo-presenta-un-progetto-di-legge\/","og_locale":"it_IT","og_type":"article","og_title":"Bonus edilizi, Tutolo presenta un progetto di legge - La Voce del Paese","og_description":"\u201cCi sono centinaia di aziende pugliesi che hanno i crediti derivanti dai vari bonus edilizi bloccati negli istituti di credito,","og_url":"https:\/\/lavocedelpaese.info\/index.php\/2023\/02\/09\/bonus-edilizi-tutolo-presenta-un-progetto-di-legge\/","og_site_name":"La Voce del Paese","article_publisher":"https:\/\/www.facebook.com\/lavocedelpaese.info","article_published_time":"2023-02-09T07:11:58+00:00","article_modified_time":"2023-02-10T03:10:55+00:00","og_image":[{"width":700,"height":421,"url":"https:\/\/lavocedelpaese.info\/wp-content\/uploads\/2023\/02\/antonio-Tutolo_facebook-e1675998612582.jpg","type":"image\/jpeg"}],"author":"admin_voce","twitter_card":"summary_large_image","twitter_misc":{"Scritto da":"admin_voce","Tempo di lettura stimato":"2 minuti"},"schema":{"@context":"https:\/\/schema.org","@graph":[{"@type":"Article","@id":"https:\/\/lavocedelpaese.info\/index.php\/2023\/02\/09\/bonus-edilizi-tutolo-presenta-un-progetto-di-legge\/#article","isPartOf":{"@id":"https:\/\/lavocedelpaese.info\/index.php\/2023\/02\/09\/bonus-edilizi-tutolo-presenta-un-progetto-di-legge\/"},"author":{"name":"admin_voce","@id":"https:\/\/lavocedelpaese.info\/#\/schema\/person\/ab94aca56f9d1bb6fc898990a7998bda"},"headline":"Bonus edilizi, Tutolo presenta un progetto di legge","datePublished":"2023-02-09T07:11:58+00:00","dateModified":"2023-02-10T03:10:55+00:00","mainEntityOfPage":{"@id":"https:\/\/lavocedelpaese.info\/index.php\/2023\/02\/09\/bonus-edilizi-tutolo-presenta-un-progetto-di-legge\/"},"wordCount":406,"commentCount":0,"publisher":{"@id":"https:\/\/lavocedelpaese.info\/#organization"},"image":{"@id":"https:\/\/lavocedelpaese.info\/index.php\/2023\/02\/09\/bonus-edilizi-tutolo-presenta-un-progetto-di-legge\/#primaryimage"},"thumbnailUrl":"https:\/\/lavocedelpaese.info\/wp-content\/uploads\/2023\/02\/antonio-Tutolo_facebook-e1675998612582.jpg","articleSection":["Attualit\u00e0","Primo Piano"],"inLanguage":"it-IT","potentialAction":[{"@type":"CommentAction","name":"Comment","target":["https:\/\/lavocedelpaese.info\/index.php\/2023\/02\/09\/bonus-edilizi-tutolo-presenta-un-progetto-di-legge\/#respond"]}]},{"@type":"WebPage","@id":"https:\/\/lavocedelpaese.info\/index.php\/2023\/02\/09\/bonus-edilizi-tutolo-presenta-un-progetto-di-legge\/","url":"https:\/\/lavocedelpaese.info\/index.php\/2023\/02\/09\/bonus-edilizi-tutolo-presenta-un-progetto-di-legge\/","name":"Bonus edilizi, Tutolo presenta un progetto di legge - La Voce del Paese","isPartOf":{"@id":"https:\/\/lavocedelpaese.info\/#website"},"primaryImageOfPage":{"@id":"https:\/\/lavocedelpaese.info\/index.php\/2023\/02\/09\/bonus-edilizi-tutolo-presenta-un-progetto-di-legge\/#primaryimage"},"image":{"@id":"https:\/\/lavocedelpaese.info\/index.php\/2023\/02\/09\/bonus-edilizi-tutolo-presenta-un-progetto-di-legge\/#primaryimage"},"thumbnailUrl":"https:\/\/lavocedelpaese.info\/wp-content\/uploads\/2023\/02\/antonio-Tutolo_facebook-e1675998612582.jpg","datePublished":"2023-02-09T07:11:58+00:00","dateModified":"2023-02-10T03:10:55+00:00","breadcrumb":{"@id":"https:\/\/lavocedelpaese.info\/index.php\/2023\/02\/09\/bonus-edilizi-tutolo-presenta-un-progetto-di-legge\/#breadcrumb"},"inLanguage":"it-IT","potentialAction":[{"@type":"ReadAction","target":["https:\/\/lavocedelpaese.info\/index.php\/2023\/02\/09\/bonus-edilizi-tutolo-presenta-un-progetto-di-legge\/"]}]},{"@type":"ImageObject","inLanguage":"it-IT","@id":"https:\/\/lavocedelpaese.info\/index.php\/2023\/02\/09\/bonus-edilizi-tutolo-presenta-un-progetto-di-legge\/#primaryimage","url":"https:\/\/lavocedelpaese.info\/wp-content\/uploads\/2023\/02\/antonio-Tutolo_facebook-e1675998612582.jpg","contentUrl":"https:\/\/lavocedelpaese.info\/wp-content\/uploads\/2023\/02\/antonio-Tutolo_facebook-e1675998612582.jpg","width":700,"height":421},{"@type":"BreadcrumbList","@id":"https:\/\/lavocedelpaese.info\/index.php\/2023\/02\/09\/bonus-edilizi-tutolo-presenta-un-progetto-di-legge\/#breadcrumb","itemListElement":[{"@type":"ListItem","position":1,"name":"Home","item":"https:\/\/lavocedelpaese.info\/"},{"@type":"ListItem","position":2,"name":"Bonus edilizi, Tutolo presenta un progetto di legge"}]},{"@type":"WebSite","@id":"https:\/\/lavocedelpaese.info\/#website","url":"https:\/\/lavocedelpaese.info\/","name":"La Voce del Paese","description":"Un network di idee","publisher":{"@id":"https:\/\/lavocedelpaese.info\/#organization"},"potentialAction":[{"@type":"SearchAction","target":{"@type":"EntryPoint","urlTemplate":"https:\/\/lavocedelpaese.info\/?s={search_term_string}"},"query-input":{"@type":"PropertyValueSpecification","valueRequired":true,"valueName":"search_term_string"}}],"inLanguage":"it-IT"},{"@type":"Organization","@id":"https:\/\/lavocedelpaese.info\/#organization","name":"La Voce del Paese","url":"https:\/\/lavocedelpaese.info\/","logo":{"@type":"ImageObject","inLanguage":"it-IT","@id":"https:\/\/lavocedelpaese.info\/#\/schema\/logo\/image\/","url":"https:\/\/lavocedelpaese.info\/wp-content\/uploads\/2023\/01\/cropped-logo-150-127.png","contentUrl":"https:\/\/lavocedelpaese.info\/wp-content\/uploads\/2023\/01\/cropped-logo-150-127.png","width":137,"height":119,"caption":"La Voce del Paese"},"image":{"@id":"https:\/\/lavocedelpaese.info\/#\/schema\/logo\/image\/"},"sameAs":["https:\/\/www.facebook.com\/lavocedelpaese.info"]},{"@type":"Person","@id":"https:\/\/lavocedelpaese.info\/#\/schema\/person\/ab94aca56f9d1bb6fc898990a7998bda","name":"admin_voce","image":{"@type":"ImageObject","inLanguage":"it-IT","@id":"https:\/\/secure.gravatar.com\/avatar\/0389d2e4ee5fe5beea65785e1b739e8791eb8fb05bff0baad8409158664db351?s=96&d=mm&r=g","url":"https:\/\/secure.gravatar.com\/avatar\/0389d2e4ee5fe5beea65785e1b739e8791eb8fb05bff0baad8409158664db351?s=96&d=mm&r=g","contentUrl":"https:\/\/secure.gravatar.com\/avatar\/0389d2e4ee5fe5beea65785e1b739e8791eb8fb05bff0baad8409158664db351?s=96&d=mm&r=g","caption":"admin_voce"},"url":"https:\/\/lavocedelpaese.info\/index.php\/author\/admin_voce\/"}]}},"_links":{"self":[{"href":"https:\/\/lavocedelpaese.info\/index.php\/wp-json\/wp\/v2\/posts\/1001","targetHints":{"allow":["GET"]}}],"collection":[{"href":"https:\/\/lavocedelpaese.info\/index.php\/wp-json\/wp\/v2\/posts"}],"about":[{"href":"https:\/\/lavocedelpaese.info\/index.php\/wp-json\/wp\/v2\/types\/post"}],"author":[{"embeddable":true,"href":"https:\/\/lavocedelpaese.info\/index.php\/wp-json\/wp\/v2\/users\/4"}],"replies":[{"embeddable":true,"href":"https:\/\/lavocedelpaese.info\/index.php\/wp-json\/wp\/v2\/comments?post=1001"}],"version-history":[{"count":2,"href":"https:\/\/lavocedelpaese.info\/index.php\/wp-json\/wp\/v2\/posts\/1001\/revisions"}],"predecessor-version":[{"id":1031,"href":"https:\/\/lavocedelpaese.info\/index.php\/wp-json\/wp\/v2\/posts\/1001\/revisions\/1031"}],"wp:featuredmedia":[{"embeddable":true,"href":"https:\/\/lavocedelpaese.info\/index.php\/wp-json\/wp\/v2\/media\/1002"}],"wp:attachment":[{"href":"https:\/\/lavocedelpaese.info\/index.php\/wp-json\/wp\/v2\/media?parent=1001"}],"wp:term":[{"taxonomy":"category","embeddable":true,"href":"https:\/\/lavocedelpaese.info\/index.php\/wp-json\/wp\/v2\/categories?post=1001"},{"taxonomy":"post_tag","embeddable":true,"href":"https:\/\/lavocedelpaese.info\/index.php\/wp-json\/wp\/v2\/tags?post=1001"}],"curies":[{"name":"wp","href":"https:\/\/api.w.org\/{rel}","templated":true}]}}