{"id":10000,"date":"2025-09-28T17:15:48","date_gmt":"2025-09-28T17:15:48","guid":{"rendered":"https:\/\/lavocedelpaese.info\/index.php\/2025\/09\/28\/pace-staffetta-civica-venerdi-3-ottobre\/"},"modified":"2025-09-28T17:15:48","modified_gmt":"2025-09-28T17:15:48","slug":"pace-staffetta-civica-venerdi-3-ottobre","status":"publish","type":"post","link":"https:\/\/lavocedelpaese.info\/index.php\/2025\/09\/28\/pace-staffetta-civica-venerdi-3-ottobre\/","title":{"rendered":"Pace: staffetta civica venerd\u00ec 3 ottobre\u00a0\u200b"},"content":{"rendered":"<p>\u00a0<\/p>\n<p>\u200b\u00a0<\/p>\n<p>\u200b\u00a0<\/p>\n<p><em>\u201cNon possiamo ignorare \u00a0il \u00a0dolore, \u00a0\u00a0l a sofferenza za, la perdita. Non possiamo e non vogliamo restare indifferenti.<\/em><strong><em> <\/em><\/strong><em>Ma possiamo scegliere come rispondere: con gesti di pace, con parole che uniscono e con iniziative che generino speranza\u201d.<\/em><\/p>\n<p>Cassano delle Murge non resta indifferente dinanzi alle tragedie umanitarie che si consumano in terre a noi vicine e ancora una volta chiama a raccolta tutti coloro che hanno a cuore la pace.<\/p>\n<p><strong>L\u2019Associazione Guide e Scout Cattolici Italiani \u201cCassano 1\u00b0\u201d<\/strong> chiama donne, uomini, bambine e bambini, ragazze e ragazzi di ogni et\u00e0 ad una testimonianza diretta del desiderio di pace, un gesto solo all\u2019apparenza inutile ma potente e veritiero, come la pace vera.<\/p>\n<p><em>\u201cCi<\/em><em> <\/em><em>sono<\/em><em> <\/em><em>diversi<\/em><em> <\/em><em>motivi<\/em><em> <\/em><em>per<\/em><em> <\/em><em>vegliare.<\/em><em> <\/em><em>Alcuni<\/em><em> <\/em><em>sono<\/em><em> <\/em><em>molto<\/em><em> <\/em><em>belli<\/em><em> <\/em><em>come quando<\/em><em> <\/em><em>si<\/em><em> <\/em><em>attende<\/em><em> <\/em><em>qualcosa<\/em><em> <\/em><em>di<\/em><em> <\/em><em>nuovo<\/em><em> <\/em><em>che<\/em><em> <\/em><em>cambia<\/em><em> <\/em><em>la<\/em><em> <\/em><em>propria<\/em><em> <\/em><em>vita. <\/em><em>Altri sono terribili segnati dalla preoccupazione e dall\u2019angoscia <\/em><em>per una male imminente o per un dolore che ci ha travolto<\/em> \u2013 si legge in una nota dell\u2019Agesci \u2013 <em>Con questa veglia vogliamo scegliere di condividere la situazione che vive chi \u00e8 stato svegliato dagli allarmi dei bombardamenti o di chi piange per la fame, il freddo, la paura; di chi non pu\u00f2 dormire perch\u00e9 deve camminare per raggiungere un luogo dove spera di trovare qualcosa per sfamare i propri figli; di chi \u00e8 accanto ad una persona malata o ferita che non ha la possibilit\u00e0 di essere curata per mancanza di mezzi e il cui unico piccolo sollievo \u00e8 sentire accanto le persone da cui \u00e8 amata. Vogliamo vegliare insieme a chi per l\u2019ennesima volta ha fatto i bagagli perch\u00e9 non pu\u00f2 rimanere nel luogo che aveva scelto per mettere in sicurezza la propria famiglia. Vogliamo vegliare insieme a chi \u00e8 afflitto per l\u2019angoscia di pensare ai propri cari che da molti mesi sono stati rapiti e tenuti ostaggio in gallerie scavate sotto terra o imprigionati in condizioni terribili e seviziati da torture; per la preoccupazione per i propri figli e figlie, nipoti, mariti e mogli, fidanzati o fidanzate, fratelli o sorelle, amici e conoscenti che sono al fronte, vittime o attori di atti di violenza che non li lasceranno indenni\u201d.<\/em><\/p>\n<p>Programma della veglia:<\/p>\n<p><strong>Venerd\u00ec 3 ottobre Ore 18.30<\/strong><\/p>\n<p>\u2022\u00a0\u00a0\u00a0\u00a0\u00a0\u00a0\u00a0\u00a0\u00a0 Appuntamento in Piazza Dante per un breve momento introduttivo sulla veglia e spiegazione della sacralit\u00e0 del luogo a cura del gruppo scout e del Sindaco.<\/p>\n<p>\u2022\u00a0\u00a0\u00a0\u00a0\u00a0\u00a0\u00a0\u00a0\u00a0 Sosta in Piazza Aldo Moro.<\/p>\n<p>\u2022\u00a0\u00a0\u00a0\u00a0\u00a0\u00a0\u00a0\u00a0\u00a0 Sosta in Piazza Garibaldi.<\/p>\n<p>\u2022\u00a0\u00a0\u00a0\u00a0\u00a0\u00a0\u00a0\u00a0\u00a0 Sosta in Piazzale Chiesa S. Maria delle Grazie.<\/p>\n<p>\u2022\u00a0\u00a0\u00a0\u00a0\u00a0\u00a0\u00a0\u00a0\u00a0 Arrivo alla Cava piccola per la conclusione della Veglia intorno al fuoco.<\/p>\n\n<figure class=\"wp-block-image size-large\"><img decoding=\"async\" width=\"724\" height=\"1024\" src=\"https:\/\/cassano.lavocedelpaese.info\/wp-content\/uploads\/2025\/09\/WhatsApp-Image-2025-09-24-at-08.02.57-724x1024.jpeg\" alt=\"\" class=\"wp-image-7408\"\/><\/figure>\n<p><a class=\"a2a_button_facebook\" href=\"https:\/\/www.addtoany.com\/add_to\/facebook?linkurl=https%3A%2F%2Fcassano.lavocedelpaese.info%2Fpace-staffetta-civica-venerdi-3-ottobre%2F&amp;linkname=Pace%3A%20staffetta%20civica%20venerd%C3%AC%203%20ottobre\" title=\"Facebook\" rel=\"nofollow noopener\" target=\"_blank\"><\/a><a class=\"a2a_button_twitter\" href=\"https:\/\/www.addtoany.com\/add_to\/twitter?linkurl=https%3A%2F%2Fcassano.lavocedelpaese.info%2Fpace-staffetta-civica-venerdi-3-ottobre%2F&amp;linkname=Pace%3A%20staffetta%20civica%20venerd%C3%AC%203%20ottobre\" title=\"Twitter\" rel=\"nofollow noopener\" target=\"_blank\"><\/a><a class=\"a2a_button_whatsapp\" href=\"https:\/\/www.addtoany.com\/add_to\/whatsapp?linkurl=https%3A%2F%2Fcassano.lavocedelpaese.info%2Fpace-staffetta-civica-venerdi-3-ottobre%2F&amp;linkname=Pace%3A%20staffetta%20civica%20venerd%C3%AC%203%20ottobre\" title=\"WhatsApp\" rel=\"nofollow noopener\" target=\"_blank\"><\/a><a class=\"a2a_button_telegram\" href=\"https:\/\/www.addtoany.com\/add_to\/telegram?linkurl=https%3A%2F%2Fcassano.lavocedelpaese.info%2Fpace-staffetta-civica-venerdi-3-ottobre%2F&amp;linkname=Pace%3A%20staffetta%20civica%20venerd%C3%AC%203%20ottobre\" title=\"Telegram\" rel=\"nofollow noopener\" target=\"_blank\"><\/a><a class=\"a2a_button_email\" href=\"https:\/\/www.addtoany.com\/add_to\/email?linkurl=https%3A%2F%2Fcassano.lavocedelpaese.info%2Fpace-staffetta-civica-venerdi-3-ottobre%2F&amp;linkname=Pace%3A%20staffetta%20civica%20venerd%C3%AC%203%20ottobre\" title=\"Email\" rel=\"nofollow noopener\" target=\"_blank\"><\/a><\/p>\n<p>\u00a0<\/p>\n<p>\u00a0<\/p>\n<p>\u200b\u00a0\u00a0\u00a0<\/p>","protected":false},"excerpt":{"rendered":"<p>\u00a0 \u200b\u00a0 \u200b\u00a0 \u201cNon possiamo ignorare \u00a0il \u00a0dolore, \u00a0\u00a0l a sofferenza za, la perdita. Non possiamo e non vogliamo restare<\/p>\n","protected":false},"author":6,"featured_media":10001,"comment_status":"open","ping_status":"closed","sticky":false,"template":"","format":"standard","meta":{"colormag_page_container_layout":"default_layout","colormag_page_sidebar_layout":"default_layout","footnotes":""},"categories":[33],"tags":[],"class_list":["post-10000","post","type-post","status-publish","format-standard","has-post-thumbnail","hentry","category-network"],"yoast_head":"<!-- This site is optimized with the Yoast SEO plugin v27.5 - https:\/\/yoast.com\/product\/yoast-seo-wordpress\/ -->\n<title>Pace: staffetta civica venerd\u00ec 3 ottobre\u00a0\u200b - La Voce del Paese<\/title>\n<meta name=\"robots\" content=\"index, follow, max-snippet:-1, max-image-preview:large, max-video-preview:-1\" \/>\n<link rel=\"canonical\" href=\"https:\/\/lavocedelpaese.info\/index.php\/2025\/09\/28\/pace-staffetta-civica-venerdi-3-ottobre\/\" \/>\n<meta property=\"og:locale\" content=\"it_IT\" \/>\n<meta property=\"og:type\" content=\"article\" \/>\n<meta property=\"og:title\" content=\"Pace: staffetta civica venerd\u00ec 3 ottobre\u00a0\u200b - La Voce del Paese\" \/>\n<meta property=\"og:description\" content=\"\u00a0 \u200b\u00a0 \u200b\u00a0 \u201cNon possiamo ignorare \u00a0il \u00a0dolore, \u00a0\u00a0l a sofferenza za, la perdita. Non possiamo e non vogliamo restare\" \/>\n<meta property=\"og:url\" content=\"https:\/\/lavocedelpaese.info\/index.php\/2025\/09\/28\/pace-staffetta-civica-venerdi-3-ottobre\/\" \/>\n<meta property=\"og:site_name\" content=\"La Voce del Paese\" \/>\n<meta property=\"article:publisher\" content=\"https:\/\/www.facebook.com\/lavocedelpaese.info\" \/>\n<meta property=\"article:published_time\" content=\"2025-09-28T17:15:48+00:00\" \/>\n<meta name=\"author\" content=\"admin\" \/>\n<meta name=\"twitter:card\" content=\"summary_large_image\" \/>\n<meta name=\"twitter:label1\" content=\"Scritto da\" \/>\n\t<meta name=\"twitter:data1\" content=\"admin\" \/>\n\t<meta name=\"twitter:label2\" content=\"Tempo di lettura stimato\" \/>\n\t<meta name=\"twitter:data2\" content=\"2 minuti\" \/>\n<script type=\"application\/ld+json\" class=\"yoast-schema-graph\">{\"@context\":\"https:\\\/\\\/schema.org\",\"@graph\":[{\"@type\":\"Article\",\"@id\":\"https:\\\/\\\/lavocedelpaese.info\\\/index.php\\\/2025\\\/09\\\/28\\\/pace-staffetta-civica-venerdi-3-ottobre\\\/#article\",\"isPartOf\":{\"@id\":\"https:\\\/\\\/lavocedelpaese.info\\\/index.php\\\/2025\\\/09\\\/28\\\/pace-staffetta-civica-venerdi-3-ottobre\\\/\"},\"author\":{\"name\":\"admin\",\"@id\":\"https:\\\/\\\/lavocedelpaese.info\\\/#\\\/schema\\\/person\\\/ec151d321306bd7591f7a061abf72d88\"},\"headline\":\"Pace: staffetta civica venerd\u00ec 3 ottobre\u00a0\u200b\",\"datePublished\":\"2025-09-28T17:15:48+00:00\",\"mainEntityOfPage\":{\"@id\":\"https:\\\/\\\/lavocedelpaese.info\\\/index.php\\\/2025\\\/09\\\/28\\\/pace-staffetta-civica-venerdi-3-ottobre\\\/\"},\"wordCount\":417,\"commentCount\":0,\"publisher\":{\"@id\":\"https:\\\/\\\/lavocedelpaese.info\\\/#organization\"},\"image\":{\"@id\":\"https:\\\/\\\/lavocedelpaese.info\\\/index.php\\\/2025\\\/09\\\/28\\\/pace-staffetta-civica-venerdi-3-ottobre\\\/#primaryimage\"},\"thumbnailUrl\":\"https:\\\/\\\/lavocedelpaese.info\\\/wp-content\\\/uploads\\\/2025\\\/09\\\/WhatsApp-Image-2025-09-24-at-08.02.57-724x1024-WlUuOz.jpg\",\"articleSection\":[\"network\"],\"inLanguage\":\"it-IT\",\"potentialAction\":[{\"@type\":\"CommentAction\",\"name\":\"Comment\",\"target\":[\"https:\\\/\\\/lavocedelpaese.info\\\/index.php\\\/2025\\\/09\\\/28\\\/pace-staffetta-civica-venerdi-3-ottobre\\\/#respond\"]}]},{\"@type\":\"WebPage\",\"@id\":\"https:\\\/\\\/lavocedelpaese.info\\\/index.php\\\/2025\\\/09\\\/28\\\/pace-staffetta-civica-venerdi-3-ottobre\\\/\",\"url\":\"https:\\\/\\\/lavocedelpaese.info\\\/index.php\\\/2025\\\/09\\\/28\\\/pace-staffetta-civica-venerdi-3-ottobre\\\/\",\"name\":\"Pace: staffetta civica venerd\u00ec 3 ottobre\u00a0\u200b - La Voce del Paese\",\"isPartOf\":{\"@id\":\"https:\\\/\\\/lavocedelpaese.info\\\/#website\"},\"primaryImageOfPage\":{\"@id\":\"https:\\\/\\\/lavocedelpaese.info\\\/index.php\\\/2025\\\/09\\\/28\\\/pace-staffetta-civica-venerdi-3-ottobre\\\/#primaryimage\"},\"image\":{\"@id\":\"https:\\\/\\\/lavocedelpaese.info\\\/index.php\\\/2025\\\/09\\\/28\\\/pace-staffetta-civica-venerdi-3-ottobre\\\/#primaryimage\"},\"thumbnailUrl\":\"https:\\\/\\\/lavocedelpaese.info\\\/wp-content\\\/uploads\\\/2025\\\/09\\\/WhatsApp-Image-2025-09-24-at-08.02.57-724x1024-WlUuOz.jpg\",\"datePublished\":\"2025-09-28T17:15:48+00:00\",\"breadcrumb\":{\"@id\":\"https:\\\/\\\/lavocedelpaese.info\\\/index.php\\\/2025\\\/09\\\/28\\\/pace-staffetta-civica-venerdi-3-ottobre\\\/#breadcrumb\"},\"inLanguage\":\"it-IT\",\"potentialAction\":[{\"@type\":\"ReadAction\",\"target\":[\"https:\\\/\\\/lavocedelpaese.info\\\/index.php\\\/2025\\\/09\\\/28\\\/pace-staffetta-civica-venerdi-3-ottobre\\\/\"]}]},{\"@type\":\"ImageObject\",\"inLanguage\":\"it-IT\",\"@id\":\"https:\\\/\\\/lavocedelpaese.info\\\/index.php\\\/2025\\\/09\\\/28\\\/pace-staffetta-civica-venerdi-3-ottobre\\\/#primaryimage\",\"url\":\"https:\\\/\\\/lavocedelpaese.info\\\/wp-content\\\/uploads\\\/2025\\\/09\\\/WhatsApp-Image-2025-09-24-at-08.02.57-724x1024-WlUuOz.jpg\",\"contentUrl\":\"https:\\\/\\\/lavocedelpaese.info\\\/wp-content\\\/uploads\\\/2025\\\/09\\\/WhatsApp-Image-2025-09-24-at-08.02.57-724x1024-WlUuOz.jpg\",\"width\":566,\"height\":800},{\"@type\":\"BreadcrumbList\",\"@id\":\"https:\\\/\\\/lavocedelpaese.info\\\/index.php\\\/2025\\\/09\\\/28\\\/pace-staffetta-civica-venerdi-3-ottobre\\\/#breadcrumb\",\"itemListElement\":[{\"@type\":\"ListItem\",\"position\":1,\"name\":\"Home\",\"item\":\"https:\\\/\\\/lavocedelpaese.info\\\/\"},{\"@type\":\"ListItem\",\"position\":2,\"name\":\"Pace: staffetta civica venerd\u00ec 3 ottobre\u00a0\u200b\"}]},{\"@type\":\"WebSite\",\"@id\":\"https:\\\/\\\/lavocedelpaese.info\\\/#website\",\"url\":\"https:\\\/\\\/lavocedelpaese.info\\\/\",\"name\":\"La Voce del Paese\",\"description\":\"Un network di idee\",\"publisher\":{\"@id\":\"https:\\\/\\\/lavocedelpaese.info\\\/#organization\"},\"potentialAction\":[{\"@type\":\"SearchAction\",\"target\":{\"@type\":\"EntryPoint\",\"urlTemplate\":\"https:\\\/\\\/lavocedelpaese.info\\\/?s={search_term_string}\"},\"query-input\":{\"@type\":\"PropertyValueSpecification\",\"valueRequired\":true,\"valueName\":\"search_term_string\"}}],\"inLanguage\":\"it-IT\"},{\"@type\":\"Organization\",\"@id\":\"https:\\\/\\\/lavocedelpaese.info\\\/#organization\",\"name\":\"La Voce del Paese\",\"url\":\"https:\\\/\\\/lavocedelpaese.info\\\/\",\"logo\":{\"@type\":\"ImageObject\",\"inLanguage\":\"it-IT\",\"@id\":\"https:\\\/\\\/lavocedelpaese.info\\\/#\\\/schema\\\/logo\\\/image\\\/\",\"url\":\"https:\\\/\\\/lavocedelpaese.info\\\/wp-content\\\/uploads\\\/2023\\\/01\\\/cropped-logo-150-127.png\",\"contentUrl\":\"https:\\\/\\\/lavocedelpaese.info\\\/wp-content\\\/uploads\\\/2023\\\/01\\\/cropped-logo-150-127.png\",\"width\":137,\"height\":119,\"caption\":\"La Voce del Paese\"},\"image\":{\"@id\":\"https:\\\/\\\/lavocedelpaese.info\\\/#\\\/schema\\\/logo\\\/image\\\/\"},\"sameAs\":[\"https:\\\/\\\/www.facebook.com\\\/lavocedelpaese.info\"]},{\"@type\":\"Person\",\"@id\":\"https:\\\/\\\/lavocedelpaese.info\\\/#\\\/schema\\\/person\\\/ec151d321306bd7591f7a061abf72d88\",\"name\":\"admin\",\"image\":{\"@type\":\"ImageObject\",\"inLanguage\":\"it-IT\",\"@id\":\"https:\\\/\\\/secure.gravatar.com\\\/avatar\\\/af8f2caf0663124588de48a9380e07cbc95a74ef15b8062d0d39106c32fe3023?s=96&d=mm&r=g\",\"url\":\"https:\\\/\\\/secure.gravatar.com\\\/avatar\\\/af8f2caf0663124588de48a9380e07cbc95a74ef15b8062d0d39106c32fe3023?s=96&d=mm&r=g\",\"contentUrl\":\"https:\\\/\\\/secure.gravatar.com\\\/avatar\\\/af8f2caf0663124588de48a9380e07cbc95a74ef15b8062d0d39106c32fe3023?s=96&d=mm&r=g\",\"caption\":\"admin\"},\"sameAs\":[\"https:\\\/\\\/lavocedelpaese.info\"],\"url\":\"https:\\\/\\\/lavocedelpaese.info\\\/index.php\\\/author\\\/admin\\\/\"}]}<\/script>\n<!-- \/ Yoast SEO plugin. -->","yoast_head_json":{"title":"Pace: staffetta civica venerd\u00ec 3 ottobre\u00a0\u200b - La Voce del Paese","robots":{"index":"index","follow":"follow","max-snippet":"max-snippet:-1","max-image-preview":"max-image-preview:large","max-video-preview":"max-video-preview:-1"},"canonical":"https:\/\/lavocedelpaese.info\/index.php\/2025\/09\/28\/pace-staffetta-civica-venerdi-3-ottobre\/","og_locale":"it_IT","og_type":"article","og_title":"Pace: staffetta civica venerd\u00ec 3 ottobre\u00a0\u200b - La Voce del Paese","og_description":"\u00a0 \u200b\u00a0 \u200b\u00a0 \u201cNon possiamo ignorare \u00a0il \u00a0dolore, \u00a0\u00a0l a sofferenza za, la perdita. Non possiamo e non vogliamo restare","og_url":"https:\/\/lavocedelpaese.info\/index.php\/2025\/09\/28\/pace-staffetta-civica-venerdi-3-ottobre\/","og_site_name":"La Voce del Paese","article_publisher":"https:\/\/www.facebook.com\/lavocedelpaese.info","article_published_time":"2025-09-28T17:15:48+00:00","author":"admin","twitter_card":"summary_large_image","twitter_misc":{"Scritto da":"admin","Tempo di lettura stimato":"2 minuti"},"schema":{"@context":"https:\/\/schema.org","@graph":[{"@type":"Article","@id":"https:\/\/lavocedelpaese.info\/index.php\/2025\/09\/28\/pace-staffetta-civica-venerdi-3-ottobre\/#article","isPartOf":{"@id":"https:\/\/lavocedelpaese.info\/index.php\/2025\/09\/28\/pace-staffetta-civica-venerdi-3-ottobre\/"},"author":{"name":"admin","@id":"https:\/\/lavocedelpaese.info\/#\/schema\/person\/ec151d321306bd7591f7a061abf72d88"},"headline":"Pace: staffetta civica venerd\u00ec 3 ottobre\u00a0\u200b","datePublished":"2025-09-28T17:15:48+00:00","mainEntityOfPage":{"@id":"https:\/\/lavocedelpaese.info\/index.php\/2025\/09\/28\/pace-staffetta-civica-venerdi-3-ottobre\/"},"wordCount":417,"commentCount":0,"publisher":{"@id":"https:\/\/lavocedelpaese.info\/#organization"},"image":{"@id":"https:\/\/lavocedelpaese.info\/index.php\/2025\/09\/28\/pace-staffetta-civica-venerdi-3-ottobre\/#primaryimage"},"thumbnailUrl":"https:\/\/lavocedelpaese.info\/wp-content\/uploads\/2025\/09\/WhatsApp-Image-2025-09-24-at-08.02.57-724x1024-WlUuOz.jpg","articleSection":["network"],"inLanguage":"it-IT","potentialAction":[{"@type":"CommentAction","name":"Comment","target":["https:\/\/lavocedelpaese.info\/index.php\/2025\/09\/28\/pace-staffetta-civica-venerdi-3-ottobre\/#respond"]}]},{"@type":"WebPage","@id":"https:\/\/lavocedelpaese.info\/index.php\/2025\/09\/28\/pace-staffetta-civica-venerdi-3-ottobre\/","url":"https:\/\/lavocedelpaese.info\/index.php\/2025\/09\/28\/pace-staffetta-civica-venerdi-3-ottobre\/","name":"Pace: staffetta civica venerd\u00ec 3 ottobre\u00a0\u200b - La Voce del Paese","isPartOf":{"@id":"https:\/\/lavocedelpaese.info\/#website"},"primaryImageOfPage":{"@id":"https:\/\/lavocedelpaese.info\/index.php\/2025\/09\/28\/pace-staffetta-civica-venerdi-3-ottobre\/#primaryimage"},"image":{"@id":"https:\/\/lavocedelpaese.info\/index.php\/2025\/09\/28\/pace-staffetta-civica-venerdi-3-ottobre\/#primaryimage"},"thumbnailUrl":"https:\/\/lavocedelpaese.info\/wp-content\/uploads\/2025\/09\/WhatsApp-Image-2025-09-24-at-08.02.57-724x1024-WlUuOz.jpg","datePublished":"2025-09-28T17:15:48+00:00","breadcrumb":{"@id":"https:\/\/lavocedelpaese.info\/index.php\/2025\/09\/28\/pace-staffetta-civica-venerdi-3-ottobre\/#breadcrumb"},"inLanguage":"it-IT","potentialAction":[{"@type":"ReadAction","target":["https:\/\/lavocedelpaese.info\/index.php\/2025\/09\/28\/pace-staffetta-civica-venerdi-3-ottobre\/"]}]},{"@type":"ImageObject","inLanguage":"it-IT","@id":"https:\/\/lavocedelpaese.info\/index.php\/2025\/09\/28\/pace-staffetta-civica-venerdi-3-ottobre\/#primaryimage","url":"https:\/\/lavocedelpaese.info\/wp-content\/uploads\/2025\/09\/WhatsApp-Image-2025-09-24-at-08.02.57-724x1024-WlUuOz.jpg","contentUrl":"https:\/\/lavocedelpaese.info\/wp-content\/uploads\/2025\/09\/WhatsApp-Image-2025-09-24-at-08.02.57-724x1024-WlUuOz.jpg","width":566,"height":800},{"@type":"BreadcrumbList","@id":"https:\/\/lavocedelpaese.info\/index.php\/2025\/09\/28\/pace-staffetta-civica-venerdi-3-ottobre\/#breadcrumb","itemListElement":[{"@type":"ListItem","position":1,"name":"Home","item":"https:\/\/lavocedelpaese.info\/"},{"@type":"ListItem","position":2,"name":"Pace: staffetta civica venerd\u00ec 3 ottobre\u00a0\u200b"}]},{"@type":"WebSite","@id":"https:\/\/lavocedelpaese.info\/#website","url":"https:\/\/lavocedelpaese.info\/","name":"La Voce del Paese","description":"Un network di idee","publisher":{"@id":"https:\/\/lavocedelpaese.info\/#organization"},"potentialAction":[{"@type":"SearchAction","target":{"@type":"EntryPoint","urlTemplate":"https:\/\/lavocedelpaese.info\/?s={search_term_string}"},"query-input":{"@type":"PropertyValueSpecification","valueRequired":true,"valueName":"search_term_string"}}],"inLanguage":"it-IT"},{"@type":"Organization","@id":"https:\/\/lavocedelpaese.info\/#organization","name":"La Voce del Paese","url":"https:\/\/lavocedelpaese.info\/","logo":{"@type":"ImageObject","inLanguage":"it-IT","@id":"https:\/\/lavocedelpaese.info\/#\/schema\/logo\/image\/","url":"https:\/\/lavocedelpaese.info\/wp-content\/uploads\/2023\/01\/cropped-logo-150-127.png","contentUrl":"https:\/\/lavocedelpaese.info\/wp-content\/uploads\/2023\/01\/cropped-logo-150-127.png","width":137,"height":119,"caption":"La Voce del Paese"},"image":{"@id":"https:\/\/lavocedelpaese.info\/#\/schema\/logo\/image\/"},"sameAs":["https:\/\/www.facebook.com\/lavocedelpaese.info"]},{"@type":"Person","@id":"https:\/\/lavocedelpaese.info\/#\/schema\/person\/ec151d321306bd7591f7a061abf72d88","name":"admin","image":{"@type":"ImageObject","inLanguage":"it-IT","@id":"https:\/\/secure.gravatar.com\/avatar\/af8f2caf0663124588de48a9380e07cbc95a74ef15b8062d0d39106c32fe3023?s=96&d=mm&r=g","url":"https:\/\/secure.gravatar.com\/avatar\/af8f2caf0663124588de48a9380e07cbc95a74ef15b8062d0d39106c32fe3023?s=96&d=mm&r=g","contentUrl":"https:\/\/secure.gravatar.com\/avatar\/af8f2caf0663124588de48a9380e07cbc95a74ef15b8062d0d39106c32fe3023?s=96&d=mm&r=g","caption":"admin"},"sameAs":["https:\/\/lavocedelpaese.info"],"url":"https:\/\/lavocedelpaese.info\/index.php\/author\/admin\/"}]}},"_links":{"self":[{"href":"https:\/\/lavocedelpaese.info\/index.php\/wp-json\/wp\/v2\/posts\/10000","targetHints":{"allow":["GET"]}}],"collection":[{"href":"https:\/\/lavocedelpaese.info\/index.php\/wp-json\/wp\/v2\/posts"}],"about":[{"href":"https:\/\/lavocedelpaese.info\/index.php\/wp-json\/wp\/v2\/types\/post"}],"author":[{"embeddable":true,"href":"https:\/\/lavocedelpaese.info\/index.php\/wp-json\/wp\/v2\/users\/6"}],"replies":[{"embeddable":true,"href":"https:\/\/lavocedelpaese.info\/index.php\/wp-json\/wp\/v2\/comments?post=10000"}],"version-history":[{"count":0,"href":"https:\/\/lavocedelpaese.info\/index.php\/wp-json\/wp\/v2\/posts\/10000\/revisions"}],"wp:featuredmedia":[{"embeddable":true,"href":"https:\/\/lavocedelpaese.info\/index.php\/wp-json\/wp\/v2\/media\/10001"}],"wp:attachment":[{"href":"https:\/\/lavocedelpaese.info\/index.php\/wp-json\/wp\/v2\/media?parent=10000"}],"wp:term":[{"taxonomy":"category","embeddable":true,"href":"https:\/\/lavocedelpaese.info\/index.php\/wp-json\/wp\/v2\/categories?post=10000"},{"taxonomy":"post_tag","embeddable":true,"href":"https:\/\/lavocedelpaese.info\/index.php\/wp-json\/wp\/v2\/tags?post=10000"}],"curies":[{"name":"wp","href":"https:\/\/api.w.org\/{rel}","templated":true}]}}